{"id":5589,"date":"2019-10-01T22:52:23","date_gmt":"2019-10-02T04:52:23","guid":{"rendered":"http:\/\/volcanes.net\/?p=5589"},"modified":"2019-10-01T22:52:23","modified_gmt":"2019-10-02T04:52:23","slug":"realiza-proteccion-civil-de-amecameca-talleres-preventivos-en-escuelas","status":"publish","type":"post","link":"https:\/\/volcanes.net\/?p=5589","title":{"rendered":"Realiza Protecci\u00f3n Civil de Amecameca talleres  preventivos en escuelas"},"content":{"rendered":"<div style=\"margin-top: 0px; margin-bottom: 0px;\" class=\"sharethis-inline-share-buttons\" ><\/div><p>Amecameca de Ju\u00e1rez, Estado de M\u00e9xico.- \u00a0Con la realizaci\u00f3n de 128 talleres en escuelas de educaci\u00f3n b\u00e1sica, medio superior y superior, la Direcci\u00f3n de Protecci\u00f3n Civil y H. Cuerpo de Bomberos atiende uno de los ejes rectores de su \u00e1rea, que es la prevenci\u00f3n abordando\u00a0 temas como \u201cPrimeros Auxilios\u201d,\u00a0 \u201cControl y Combate de Incendios\u201d, \u201cB\u00fasqueda y Rescate\u201d y \u201cPlan Operativo Popocat\u00e9petl\u201d.<\/p>\n<p>Gonzalo Aguilar Carrasco, Director de Protecci\u00f3n Civil y H. Cuerpo de Bomberos, inform\u00f3 que se han dado a la tarea de iniciar en las escuelas de las delegaciones de San Pedro Nexapa, San Antonio Zoyatzingo, San Diego Huehuecalco y la Subdelegaci\u00f3n San Juan Grande, que est\u00e1n m\u00e1s pr\u00f3ximas al Volc\u00e1n Popocat\u00e9petl, as\u00ed como en la cabecera municipal.<\/p>\n<p>Dijo que en una segunda etapa se atender\u00e1n las delegaciones de Santa Isabel Chalma, San Francisco Zentlalpan, Santiago Cuauhtenco y la Aldea de Los Reyes.<\/p>\n<p>A\u00f1adi\u00f3 que en los talleres han sido enf\u00e1ticos en que los ciudadanos se auxilien \u00fanicamente de informaci\u00f3n oficial, \u201cen todos los temas que tratamos con estudiantes exponemos informaci\u00f3n que con facilidad se puede constatar, debemos brindar datos y cifras reales que ayuden a la comunidad a tomar buenas decisiones a la hora de prevenir\u201d.<\/p>\n","protected":false},"excerpt":{"rendered":"<p>Amecameca de Ju\u00e1rez, Estado de M\u00e9xico.- \u00a0Con la realizaci\u00f3n de 128 talleres en escuelas de<\/p>\n","protected":false},"author":1,"featured_media":5590,"comment_status":"open","ping_status":"open","sticky":false,"template":"","format":"standard","meta":{"footnotes":""},"categories":[1],"tags":[],"class_list":["post-5589","post","type-post","status-publish","format-standard","has-post-thumbnail","hentry","category-municipales"],"yoast_head":"<!-- This site is optimized with the Yoast SEO plugin v25.3 - https:\/\/yoast.com\/wordpress\/plugins\/seo\/ -->\n<title>Realiza Protecci\u00f3n Civil de Amecameca talleres preventivos en escuelas - Volcanes<\/title>\n<meta name=\"robots\" content=\"index, follow, max-snippet:-1, max-image-preview:large, max-video-preview:-1\" \/>\n<link rel=\"canonical\" href=\"https:\/\/volcanes.net\/?p=5589\" \/>\n<meta property=\"og:locale\" content=\"es_MX\" \/>\n<meta property=\"og:type\" content=\"article\" \/>\n<meta property=\"og:title\" content=\"Realiza Protecci\u00f3n Civil de Amecameca talleres preventivos en escuelas - Volcanes\" \/>\n<meta property=\"og:description\" content=\"Amecameca de Ju\u00e1rez, Estado de M\u00e9xico.- \u00a0Con la realizaci\u00f3n de 128 talleres en escuelas de\" \/>\n<meta property=\"og:url\" content=\"https:\/\/volcanes.net\/?p=5589\" \/>\n<meta property=\"og:site_name\" content=\"Volcanes\" \/>\n<meta property=\"article:publisher\" content=\"https:\/\/www.facebook.com\/volcanes.net\/\" \/>\n<meta property=\"article:published_time\" content=\"2019-10-02T04:52:23+00:00\" \/>\n<meta property=\"og:image\" content=\"https:\/\/volcanes.net\/wp-content\/uploads\/2019\/10\/ca00538a-2990-4bd6-ac15-8c9972d0f701.jpg\" \/>\n\t<meta property=\"og:image:width\" content=\"600\" \/>\n\t<meta property=\"og:image:height\" content=\"800\" \/>\n\t<meta property=\"og:image:type\" content=\"image\/jpeg\" \/>\n<meta name=\"author\" content=\"admin\" \/>\n<meta name=\"twitter:card\" content=\"summary_large_image\" \/>\n<meta name=\"twitter:label1\" content=\"Escrito por\" \/>\n\t<meta name=\"twitter:data1\" content=\"admin\" \/>\n\t<meta name=\"twitter:label2\" content=\"Tiempo de lectura\" \/>\n\t<meta name=\"twitter:data2\" content=\"1 minuto\" \/>\n<script type=\"application\/ld+json\" class=\"yoast-schema-graph\">{\"@context\":\"https:\/\/schema.org\",\"@graph\":[{\"@type\":\"Article\",\"@id\":\"https:\/\/volcanes.net\/?p=5589#article\",\"isPartOf\":{\"@id\":\"https:\/\/volcanes.net\/?p=5589\"},\"author\":{\"name\":\"admin\",\"@id\":\"https:\/\/volcanes.net\/#\/schema\/person\/4bf0f383940966a4abd53f5048c0e6b9\"},\"headline\":\"Realiza Protecci\u00f3n Civil de Amecameca talleres preventivos en escuelas\",\"datePublished\":\"2019-10-02T04:52:23+00:00\",\"mainEntityOfPage\":{\"@id\":\"https:\/\/volcanes.net\/?p=5589\"},\"wordCount\":229,\"commentCount\":0,\"publisher\":{\"@id\":\"https:\/\/volcanes.net\/#organization\"},\"image\":{\"@id\":\"https:\/\/volcanes.net\/?p=5589#primaryimage\"},\"thumbnailUrl\":\"https:\/\/volcanes.net\/wp-content\/uploads\/2019\/10\/ca00538a-2990-4bd6-ac15-8c9972d0f701.jpg\",\"articleSection\":[\"Municipales\"],\"inLanguage\":\"es\",\"potentialAction\":[{\"@type\":\"CommentAction\",\"name\":\"Comment\",\"target\":[\"https:\/\/volcanes.net\/?p=5589#respond\"]}]},{\"@type\":\"WebPage\",\"@id\":\"https:\/\/volcanes.net\/?p=5589\",\"url\":\"https:\/\/volcanes.net\/?p=5589\",\"name\":\"Realiza Protecci\u00f3n Civil de Amecameca talleres preventivos en escuelas - Volcanes\",\"isPartOf\":{\"@id\":\"https:\/\/volcanes.net\/#website\"},\"primaryImageOfPage\":{\"@id\":\"https:\/\/volcanes.net\/?p=5589#primaryimage\"},\"image\":{\"@id\":\"https:\/\/volcanes.net\/?p=5589#primaryimage\"},\"thumbnailUrl\":\"https:\/\/volcanes.net\/wp-content\/uploads\/2019\/10\/ca00538a-2990-4bd6-ac15-8c9972d0f701.jpg\",\"datePublished\":\"2019-10-02T04:52:23+00:00\",\"breadcrumb\":{\"@id\":\"https:\/\/volcanes.net\/?p=5589#breadcrumb\"},\"inLanguage\":\"es\",\"potentialAction\":[{\"@type\":\"ReadAction\",\"target\":[\"https:\/\/volcanes.net\/?p=5589\"]}]},{\"@type\":\"ImageObject\",\"inLanguage\":\"es\",\"@id\":\"https:\/\/volcanes.net\/?p=5589#primaryimage\",\"url\":\"https:\/\/volcanes.net\/wp-content\/uploads\/2019\/10\/ca00538a-2990-4bd6-ac15-8c9972d0f701.jpg\",\"contentUrl\":\"https:\/\/volcanes.net\/wp-content\/uploads\/2019\/10\/ca00538a-2990-4bd6-ac15-8c9972d0f701.jpg\",\"width\":600,\"height\":800},{\"@type\":\"BreadcrumbList\",\"@id\":\"https:\/\/volcanes.net\/?p=5589#breadcrumb\",\"itemListElement\":[{\"@type\":\"ListItem\",\"position\":1,\"name\":\"Portada\",\"item\":\"https:\/\/volcanes.net\/\"},{\"@type\":\"ListItem\",\"position\":2,\"name\":\"Realiza Protecci\u00f3n Civil de Amecameca talleres preventivos en escuelas\"}]},{\"@type\":\"WebSite\",\"@id\":\"https:\/\/volcanes.net\/#website\",\"url\":\"https:\/\/volcanes.net\/\",\"name\":\"Volcanes.Net\",\"description\":\"Periodismo Profesional\",\"publisher\":{\"@id\":\"https:\/\/volcanes.net\/#organization\"},\"potentialAction\":[{\"@type\":\"SearchAction\",\"target\":{\"@type\":\"EntryPoint\",\"urlTemplate\":\"https:\/\/volcanes.net\/?s={search_term_string}\"},\"query-input\":{\"@type\":\"PropertyValueSpecification\",\"valueRequired\":true,\"valueName\":\"search_term_string\"}}],\"inLanguage\":\"es\"},{\"@type\":\"Organization\",\"@id\":\"https:\/\/volcanes.net\/#organization\",\"name\":\"Grupo Volcanes\",\"url\":\"https:\/\/volcanes.net\/\",\"logo\":{\"@type\":\"ImageObject\",\"inLanguage\":\"es\",\"@id\":\"https:\/\/volcanes.net\/#\/schema\/logo\/image\/\",\"url\":\"http:\/\/volcanes.net\/wp-content\/uploads\/2017\/12\/Avatar2.jpg\",\"contentUrl\":\"http:\/\/volcanes.net\/wp-content\/uploads\/2017\/12\/Avatar2.jpg\",\"width\":378,\"height\":378,\"caption\":\"Grupo Volcanes\"},\"image\":{\"@id\":\"https:\/\/volcanes.net\/#\/schema\/logo\/image\/\"},\"sameAs\":[\"https:\/\/www.facebook.com\/volcanes.net\/\"]},{\"@type\":\"Person\",\"@id\":\"https:\/\/volcanes.net\/#\/schema\/person\/4bf0f383940966a4abd53f5048c0e6b9\",\"name\":\"admin\",\"image\":{\"@type\":\"ImageObject\",\"inLanguage\":\"es\",\"@id\":\"https:\/\/volcanes.net\/#\/schema\/person\/image\/\",\"url\":\"https:\/\/secure.gravatar.com\/avatar\/ca004e6cba8462b8cb7abc86e382930c?s=96&d=mm&r=g\",\"contentUrl\":\"https:\/\/secure.gravatar.com\/avatar\/ca004e6cba8462b8cb7abc86e382930c?s=96&d=mm&r=g\",\"caption\":\"admin\"}}]}<\/script>\n<!-- \/ Yoast SEO plugin. -->","yoast_head_json":{"title":"Realiza Protecci\u00f3n Civil de Amecameca talleres preventivos en escuelas - Volcanes","robots":{"index":"index","follow":"follow","max-snippet":"max-snippet:-1","max-image-preview":"max-image-preview:large","max-video-preview":"max-video-preview:-1"},"canonical":"https:\/\/volcanes.net\/?p=5589","og_locale":"es_MX","og_type":"article","og_title":"Realiza Protecci\u00f3n Civil de Amecameca talleres preventivos en escuelas - Volcanes","og_description":"Amecameca de Ju\u00e1rez, Estado de M\u00e9xico.- \u00a0Con la realizaci\u00f3n de 128 talleres en escuelas de","og_url":"https:\/\/volcanes.net\/?p=5589","og_site_name":"Volcanes","article_publisher":"https:\/\/www.facebook.com\/volcanes.net\/","article_published_time":"2019-10-02T04:52:23+00:00","og_image":[{"width":600,"height":800,"url":"https:\/\/volcanes.net\/wp-content\/uploads\/2019\/10\/ca00538a-2990-4bd6-ac15-8c9972d0f701.jpg","type":"image\/jpeg"}],"author":"admin","twitter_card":"summary_large_image","twitter_misc":{"Escrito por":"admin","Tiempo de lectura":"1 minuto"},"schema":{"@context":"https:\/\/schema.org","@graph":[{"@type":"Article","@id":"https:\/\/volcanes.net\/?p=5589#article","isPartOf":{"@id":"https:\/\/volcanes.net\/?p=5589"},"author":{"name":"admin","@id":"https:\/\/volcanes.net\/#\/schema\/person\/4bf0f383940966a4abd53f5048c0e6b9"},"headline":"Realiza Protecci\u00f3n Civil de Amecameca talleres preventivos en escuelas","datePublished":"2019-10-02T04:52:23+00:00","mainEntityOfPage":{"@id":"https:\/\/volcanes.net\/?p=5589"},"wordCount":229,"commentCount":0,"publisher":{"@id":"https:\/\/volcanes.net\/#organization"},"image":{"@id":"https:\/\/volcanes.net\/?p=5589#primaryimage"},"thumbnailUrl":"https:\/\/volcanes.net\/wp-content\/uploads\/2019\/10\/ca00538a-2990-4bd6-ac15-8c9972d0f701.jpg","articleSection":["Municipales"],"inLanguage":"es","potentialAction":[{"@type":"CommentAction","name":"Comment","target":["https:\/\/volcanes.net\/?p=5589#respond"]}]},{"@type":"WebPage","@id":"https:\/\/volcanes.net\/?p=5589","url":"https:\/\/volcanes.net\/?p=5589","name":"Realiza Protecci\u00f3n Civil de Amecameca talleres preventivos en escuelas - Volcanes","isPartOf":{"@id":"https:\/\/volcanes.net\/#website"},"primaryImageOfPage":{"@id":"https:\/\/volcanes.net\/?p=5589#primaryimage"},"image":{"@id":"https:\/\/volcanes.net\/?p=5589#primaryimage"},"thumbnailUrl":"https:\/\/volcanes.net\/wp-content\/uploads\/2019\/10\/ca00538a-2990-4bd6-ac15-8c9972d0f701.jpg","datePublished":"2019-10-02T04:52:23+00:00","breadcrumb":{"@id":"https:\/\/volcanes.net\/?p=5589#breadcrumb"},"inLanguage":"es","potentialAction":[{"@type":"ReadAction","target":["https:\/\/volcanes.net\/?p=5589"]}]},{"@type":"ImageObject","inLanguage":"es","@id":"https:\/\/volcanes.net\/?p=5589#primaryimage","url":"https:\/\/volcanes.net\/wp-content\/uploads\/2019\/10\/ca00538a-2990-4bd6-ac15-8c9972d0f701.jpg","contentUrl":"https:\/\/volcanes.net\/wp-content\/uploads\/2019\/10\/ca00538a-2990-4bd6-ac15-8c9972d0f701.jpg","width":600,"height":800},{"@type":"BreadcrumbList","@id":"https:\/\/volcanes.net\/?p=5589#breadcrumb","itemListElement":[{"@type":"ListItem","position":1,"name":"Portada","item":"https:\/\/volcanes.net\/"},{"@type":"ListItem","position":2,"name":"Realiza Protecci\u00f3n Civil de Amecameca talleres preventivos en escuelas"}]},{"@type":"WebSite","@id":"https:\/\/volcanes.net\/#website","url":"https:\/\/volcanes.net\/","name":"Volcanes.Net","description":"Periodismo Profesional","publisher":{"@id":"https:\/\/volcanes.net\/#organization"},"potentialAction":[{"@type":"SearchAction","target":{"@type":"EntryPoint","urlTemplate":"https:\/\/volcanes.net\/?s={search_term_string}"},"query-input":{"@type":"PropertyValueSpecification","valueRequired":true,"valueName":"search_term_string"}}],"inLanguage":"es"},{"@type":"Organization","@id":"https:\/\/volcanes.net\/#organization","name":"Grupo Volcanes","url":"https:\/\/volcanes.net\/","logo":{"@type":"ImageObject","inLanguage":"es","@id":"https:\/\/volcanes.net\/#\/schema\/logo\/image\/","url":"http:\/\/volcanes.net\/wp-content\/uploads\/2017\/12\/Avatar2.jpg","contentUrl":"http:\/\/volcanes.net\/wp-content\/uploads\/2017\/12\/Avatar2.jpg","width":378,"height":378,"caption":"Grupo Volcanes"},"image":{"@id":"https:\/\/volcanes.net\/#\/schema\/logo\/image\/"},"sameAs":["https:\/\/www.facebook.com\/volcanes.net\/"]},{"@type":"Person","@id":"https:\/\/volcanes.net\/#\/schema\/person\/4bf0f383940966a4abd53f5048c0e6b9","name":"admin","image":{"@type":"ImageObject","inLanguage":"es","@id":"https:\/\/volcanes.net\/#\/schema\/person\/image\/","url":"https:\/\/secure.gravatar.com\/avatar\/ca004e6cba8462b8cb7abc86e382930c?s=96&d=mm&r=g","contentUrl":"https:\/\/secure.gravatar.com\/avatar\/ca004e6cba8462b8cb7abc86e382930c?s=96&d=mm&r=g","caption":"admin"}}]}},"_links":{"self":[{"href":"https:\/\/volcanes.net\/index.php?rest_route=\/wp\/v2\/posts\/5589"}],"collection":[{"href":"https:\/\/volcanes.net\/index.php?rest_route=\/wp\/v2\/posts"}],"about":[{"href":"https:\/\/volcanes.net\/index.php?rest_route=\/wp\/v2\/types\/post"}],"author":[{"embeddable":true,"href":"https:\/\/volcanes.net\/index.php?rest_route=\/wp\/v2\/users\/1"}],"replies":[{"embeddable":true,"href":"https:\/\/volcanes.net\/index.php?rest_route=%2Fwp%2Fv2%2Fcomments&post=5589"}],"version-history":[{"count":1,"href":"https:\/\/volcanes.net\/index.php?rest_route=\/wp\/v2\/posts\/5589\/revisions"}],"predecessor-version":[{"id":5591,"href":"https:\/\/volcanes.net\/index.php?rest_route=\/wp\/v2\/posts\/5589\/revisions\/5591"}],"wp:featuredmedia":[{"embeddable":true,"href":"https:\/\/volcanes.net\/index.php?rest_route=\/wp\/v2\/media\/5590"}],"wp:attachment":[{"href":"https:\/\/volcanes.net\/index.php?rest_route=%2Fwp%2Fv2%2Fmedia&parent=5589"}],"wp:term":[{"taxonomy":"category","embeddable":true,"href":"https:\/\/volcanes.net\/index.php?rest_route=%2Fwp%2Fv2%2Fcategories&post=5589"},{"taxonomy":"post_tag","embeddable":true,"href":"https:\/\/volcanes.net\/index.php?rest_route=%2Fwp%2Fv2%2Ftags&post=5589"}],"curies":[{"name":"wp","href":"https:\/\/api.w.org\/{rel}","templated":true}]}}