{"id":5595,"date":"2019-10-03T18:02:21","date_gmt":"2019-10-04T00:02:21","guid":{"rendered":"http:\/\/volcanes.net\/?p=5595"},"modified":"2019-10-03T18:02:21","modified_gmt":"2019-10-04T00:02:21","slug":"presenta-edil-miguel-angel-salomon-cortes-la-nueva-policia-delegacional","status":"publish","type":"post","link":"https:\/\/volcanes.net\/?p=5595","title":{"rendered":"Presenta Edil Miguel \u00c1ngel Salom\u00f3n cort\u00e9s la  nueva polic\u00eda delegacional"},"content":{"rendered":"<div style=\"margin-top: 0px; margin-bottom: 0px;\" class=\"sharethis-inline-share-buttons\" ><\/div><ul>\n<li><strong>Para esta primera etapa se adquirieron dos nuevas patrullas<\/strong><\/li>\n<\/ul>\n<p>Amecameca de Ju\u00e1rez, Estado de M\u00e9xico.- El Presidente Municipal Miguel \u00c1ngel Salom\u00f3n Cort\u00e9s present\u00f3 la Nueva Polic\u00eda Delegacional, que tiene como objetivo la atenci\u00f3n inmediata a las necesidades de seguridad p\u00fablica de las delegaciones, tambi\u00e9n mostr\u00f3 las dos nuevas patrullas que se asignar\u00e1n a estas tareas, en esta primera etapa.<\/p>\n<p>Durante una gira de trabajo el Presidente Municipal, acompa\u00f1ado del Comisario de la Direcci\u00f3n de Seguridad P\u00fablica y Tr\u00e1nsito Vial, Armando Acebo Ort\u00edz, inform\u00f3 a los delegados municipales que las dos nuevas patrullas se adquirieron para que realicen recorridos de vigilancia y atiendan llamadas de emergencia \u00fanicamente en las delegaciones, \u201cy se apoyar\u00e1n de las que de manera regular recorren las delegaciones\u201d;\u00a0 adelant\u00f3 tambi\u00e9n que se comprar\u00e1n paulatinamente m\u00e1s unidades para el mismo fin.<\/p>\n<p>A\u00f1adi\u00f3 que ambas unidades equipadas con tecnolog\u00eda de punta recorrer\u00e1n las ocho delegaciones que integran el municipio. Para su vigilancia se formaron dos grupos uno en donde se encuentra San Pedro Nexapa, San Juan Grande, San Diego Huehuecalco y San Antonio Zoyatzingo, en el otro se brindar\u00e1 atenci\u00f3n a Santa Isabel Chalma, San Francisco Zentlalpan, Aldea de Los Reyes y Santiago Cuauhtenco, para darle celeridad a los llamados de emergencia.<\/p>\n<p>Asimismo precis\u00f3 que habr\u00e1 una comunicaci\u00f3n permanente entre los elementos policiacos asignados a la polic\u00eda delegacional y los delegados municipales, que permitir\u00e1 una reacci\u00f3n inmediata y un traslado sin contratiempos, sin embargo en caso de ser necesario toda la fuerza p\u00fablica estar\u00e1 para atender las emergencias de las ocho demarcaciones.<\/p>\n<p>Explic\u00f3 que fue un reclamo constante al inicio de la administraci\u00f3n que existieran patrullas asignadas a las delegaciones, \u201cme pidieron que descentralizara el servicio de seguridad p\u00fablica y hoy damos cumplimiento a esa demanda, adem\u00e1s de que invitamos a toda la comunidad a que se integre a las redes ciudadanas de seguridad a trav\u00e9s del whatsap\u201d, dijo el Mun\u00edcipe.<\/p>\n","protected":false},"excerpt":{"rendered":"<p>Para esta primera etapa se adquirieron dos nuevas patrullas Amecameca de Ju\u00e1rez, Estado de M\u00e9xico.-<\/p>\n","protected":false},"author":1,"featured_media":5596,"comment_status":"open","ping_status":"open","sticky":false,"template":"","format":"standard","meta":{"footnotes":""},"categories":[1],"tags":[7],"class_list":["post-5595","post","type-post","status-publish","format-standard","has-post-thumbnail","hentry","category-municipales","tag-amecameca"],"yoast_head":"<!-- This site is optimized with the Yoast SEO plugin v25.3 - https:\/\/yoast.com\/wordpress\/plugins\/seo\/ -->\n<title>Presenta Edil Miguel \u00c1ngel Salom\u00f3n cort\u00e9s la nueva polic\u00eda delegacional - Volcanes<\/title>\n<meta name=\"robots\" content=\"index, follow, max-snippet:-1, max-image-preview:large, max-video-preview:-1\" \/>\n<link rel=\"canonical\" href=\"https:\/\/volcanes.net\/?p=5595\" \/>\n<meta property=\"og:locale\" content=\"es_MX\" \/>\n<meta property=\"og:type\" content=\"article\" \/>\n<meta property=\"og:title\" content=\"Presenta Edil Miguel \u00c1ngel Salom\u00f3n cort\u00e9s la nueva polic\u00eda delegacional - Volcanes\" \/>\n<meta property=\"og:description\" content=\"Para esta primera etapa se adquirieron dos nuevas patrullas Amecameca de Ju\u00e1rez, Estado de M\u00e9xico.-\" \/>\n<meta property=\"og:url\" content=\"https:\/\/volcanes.net\/?p=5595\" \/>\n<meta property=\"og:site_name\" content=\"Volcanes\" \/>\n<meta property=\"article:publisher\" content=\"https:\/\/www.facebook.com\/volcanes.net\/\" \/>\n<meta property=\"article:published_time\" content=\"2019-10-04T00:02:21+00:00\" \/>\n<meta property=\"og:image\" content=\"https:\/\/volcanes.net\/wp-content\/uploads\/2019\/10\/7e67a70e-06fe-4ffa-8141-318068bac928.jpg\" \/>\n\t<meta property=\"og:image:width\" content=\"600\" \/>\n\t<meta property=\"og:image:height\" content=\"800\" \/>\n\t<meta property=\"og:image:type\" content=\"image\/jpeg\" \/>\n<meta name=\"author\" content=\"admin\" \/>\n<meta name=\"twitter:card\" content=\"summary_large_image\" \/>\n<meta name=\"twitter:label1\" content=\"Escrito por\" \/>\n\t<meta name=\"twitter:data1\" content=\"admin\" \/>\n\t<meta name=\"twitter:label2\" content=\"Tiempo de lectura\" \/>\n\t<meta name=\"twitter:data2\" content=\"2 minutos\" \/>\n<script type=\"application\/ld+json\" class=\"yoast-schema-graph\">{\"@context\":\"https:\/\/schema.org\",\"@graph\":[{\"@type\":\"Article\",\"@id\":\"https:\/\/volcanes.net\/?p=5595#article\",\"isPartOf\":{\"@id\":\"https:\/\/volcanes.net\/?p=5595\"},\"author\":{\"name\":\"admin\",\"@id\":\"https:\/\/volcanes.net\/#\/schema\/person\/4bf0f383940966a4abd53f5048c0e6b9\"},\"headline\":\"Presenta Edil Miguel \u00c1ngel Salom\u00f3n cort\u00e9s la nueva polic\u00eda delegacional\",\"datePublished\":\"2019-10-04T00:02:21+00:00\",\"mainEntityOfPage\":{\"@id\":\"https:\/\/volcanes.net\/?p=5595\"},\"wordCount\":357,\"commentCount\":0,\"publisher\":{\"@id\":\"https:\/\/volcanes.net\/#organization\"},\"image\":{\"@id\":\"https:\/\/volcanes.net\/?p=5595#primaryimage\"},\"thumbnailUrl\":\"https:\/\/volcanes.net\/wp-content\/uploads\/2019\/10\/7e67a70e-06fe-4ffa-8141-318068bac928.jpg\",\"keywords\":[\"Amecameca\"],\"articleSection\":[\"Municipales\"],\"inLanguage\":\"es\",\"potentialAction\":[{\"@type\":\"CommentAction\",\"name\":\"Comment\",\"target\":[\"https:\/\/volcanes.net\/?p=5595#respond\"]}]},{\"@type\":\"WebPage\",\"@id\":\"https:\/\/volcanes.net\/?p=5595\",\"url\":\"https:\/\/volcanes.net\/?p=5595\",\"name\":\"Presenta Edil Miguel \u00c1ngel Salom\u00f3n cort\u00e9s la nueva polic\u00eda delegacional - Volcanes\",\"isPartOf\":{\"@id\":\"https:\/\/volcanes.net\/#website\"},\"primaryImageOfPage\":{\"@id\":\"https:\/\/volcanes.net\/?p=5595#primaryimage\"},\"image\":{\"@id\":\"https:\/\/volcanes.net\/?p=5595#primaryimage\"},\"thumbnailUrl\":\"https:\/\/volcanes.net\/wp-content\/uploads\/2019\/10\/7e67a70e-06fe-4ffa-8141-318068bac928.jpg\",\"datePublished\":\"2019-10-04T00:02:21+00:00\",\"breadcrumb\":{\"@id\":\"https:\/\/volcanes.net\/?p=5595#breadcrumb\"},\"inLanguage\":\"es\",\"potentialAction\":[{\"@type\":\"ReadAction\",\"target\":[\"https:\/\/volcanes.net\/?p=5595\"]}]},{\"@type\":\"ImageObject\",\"inLanguage\":\"es\",\"@id\":\"https:\/\/volcanes.net\/?p=5595#primaryimage\",\"url\":\"https:\/\/volcanes.net\/wp-content\/uploads\/2019\/10\/7e67a70e-06fe-4ffa-8141-318068bac928.jpg\",\"contentUrl\":\"https:\/\/volcanes.net\/wp-content\/uploads\/2019\/10\/7e67a70e-06fe-4ffa-8141-318068bac928.jpg\",\"width\":600,\"height\":800},{\"@type\":\"BreadcrumbList\",\"@id\":\"https:\/\/volcanes.net\/?p=5595#breadcrumb\",\"itemListElement\":[{\"@type\":\"ListItem\",\"position\":1,\"name\":\"Portada\",\"item\":\"https:\/\/volcanes.net\/\"},{\"@type\":\"ListItem\",\"position\":2,\"name\":\"Presenta Edil Miguel \u00c1ngel Salom\u00f3n cort\u00e9s la nueva polic\u00eda delegacional\"}]},{\"@type\":\"WebSite\",\"@id\":\"https:\/\/volcanes.net\/#website\",\"url\":\"https:\/\/volcanes.net\/\",\"name\":\"Volcanes.Net\",\"description\":\"Periodismo Profesional\",\"publisher\":{\"@id\":\"https:\/\/volcanes.net\/#organization\"},\"potentialAction\":[{\"@type\":\"SearchAction\",\"target\":{\"@type\":\"EntryPoint\",\"urlTemplate\":\"https:\/\/volcanes.net\/?s={search_term_string}\"},\"query-input\":{\"@type\":\"PropertyValueSpecification\",\"valueRequired\":true,\"valueName\":\"search_term_string\"}}],\"inLanguage\":\"es\"},{\"@type\":\"Organization\",\"@id\":\"https:\/\/volcanes.net\/#organization\",\"name\":\"Grupo Volcanes\",\"url\":\"https:\/\/volcanes.net\/\",\"logo\":{\"@type\":\"ImageObject\",\"inLanguage\":\"es\",\"@id\":\"https:\/\/volcanes.net\/#\/schema\/logo\/image\/\",\"url\":\"http:\/\/volcanes.net\/wp-content\/uploads\/2017\/12\/Avatar2.jpg\",\"contentUrl\":\"http:\/\/volcanes.net\/wp-content\/uploads\/2017\/12\/Avatar2.jpg\",\"width\":378,\"height\":378,\"caption\":\"Grupo Volcanes\"},\"image\":{\"@id\":\"https:\/\/volcanes.net\/#\/schema\/logo\/image\/\"},\"sameAs\":[\"https:\/\/www.facebook.com\/volcanes.net\/\"]},{\"@type\":\"Person\",\"@id\":\"https:\/\/volcanes.net\/#\/schema\/person\/4bf0f383940966a4abd53f5048c0e6b9\",\"name\":\"admin\",\"image\":{\"@type\":\"ImageObject\",\"inLanguage\":\"es\",\"@id\":\"https:\/\/volcanes.net\/#\/schema\/person\/image\/\",\"url\":\"https:\/\/secure.gravatar.com\/avatar\/ca004e6cba8462b8cb7abc86e382930c?s=96&d=mm&r=g\",\"contentUrl\":\"https:\/\/secure.gravatar.com\/avatar\/ca004e6cba8462b8cb7abc86e382930c?s=96&d=mm&r=g\",\"caption\":\"admin\"}}]}<\/script>\n<!-- \/ Yoast SEO plugin. -->","yoast_head_json":{"title":"Presenta Edil Miguel \u00c1ngel Salom\u00f3n cort\u00e9s la nueva polic\u00eda delegacional - Volcanes","robots":{"index":"index","follow":"follow","max-snippet":"max-snippet:-1","max-image-preview":"max-image-preview:large","max-video-preview":"max-video-preview:-1"},"canonical":"https:\/\/volcanes.net\/?p=5595","og_locale":"es_MX","og_type":"article","og_title":"Presenta Edil Miguel \u00c1ngel Salom\u00f3n cort\u00e9s la nueva polic\u00eda delegacional - Volcanes","og_description":"Para esta primera etapa se adquirieron dos nuevas patrullas Amecameca de Ju\u00e1rez, Estado de M\u00e9xico.-","og_url":"https:\/\/volcanes.net\/?p=5595","og_site_name":"Volcanes","article_publisher":"https:\/\/www.facebook.com\/volcanes.net\/","article_published_time":"2019-10-04T00:02:21+00:00","og_image":[{"width":600,"height":800,"url":"https:\/\/volcanes.net\/wp-content\/uploads\/2019\/10\/7e67a70e-06fe-4ffa-8141-318068bac928.jpg","type":"image\/jpeg"}],"author":"admin","twitter_card":"summary_large_image","twitter_misc":{"Escrito por":"admin","Tiempo de lectura":"2 minutos"},"schema":{"@context":"https:\/\/schema.org","@graph":[{"@type":"Article","@id":"https:\/\/volcanes.net\/?p=5595#article","isPartOf":{"@id":"https:\/\/volcanes.net\/?p=5595"},"author":{"name":"admin","@id":"https:\/\/volcanes.net\/#\/schema\/person\/4bf0f383940966a4abd53f5048c0e6b9"},"headline":"Presenta Edil Miguel \u00c1ngel Salom\u00f3n cort\u00e9s la nueva polic\u00eda delegacional","datePublished":"2019-10-04T00:02:21+00:00","mainEntityOfPage":{"@id":"https:\/\/volcanes.net\/?p=5595"},"wordCount":357,"commentCount":0,"publisher":{"@id":"https:\/\/volcanes.net\/#organization"},"image":{"@id":"https:\/\/volcanes.net\/?p=5595#primaryimage"},"thumbnailUrl":"https:\/\/volcanes.net\/wp-content\/uploads\/2019\/10\/7e67a70e-06fe-4ffa-8141-318068bac928.jpg","keywords":["Amecameca"],"articleSection":["Municipales"],"inLanguage":"es","potentialAction":[{"@type":"CommentAction","name":"Comment","target":["https:\/\/volcanes.net\/?p=5595#respond"]}]},{"@type":"WebPage","@id":"https:\/\/volcanes.net\/?p=5595","url":"https:\/\/volcanes.net\/?p=5595","name":"Presenta Edil Miguel \u00c1ngel Salom\u00f3n cort\u00e9s la nueva polic\u00eda delegacional - Volcanes","isPartOf":{"@id":"https:\/\/volcanes.net\/#website"},"primaryImageOfPage":{"@id":"https:\/\/volcanes.net\/?p=5595#primaryimage"},"image":{"@id":"https:\/\/volcanes.net\/?p=5595#primaryimage"},"thumbnailUrl":"https:\/\/volcanes.net\/wp-content\/uploads\/2019\/10\/7e67a70e-06fe-4ffa-8141-318068bac928.jpg","datePublished":"2019-10-04T00:02:21+00:00","breadcrumb":{"@id":"https:\/\/volcanes.net\/?p=5595#breadcrumb"},"inLanguage":"es","potentialAction":[{"@type":"ReadAction","target":["https:\/\/volcanes.net\/?p=5595"]}]},{"@type":"ImageObject","inLanguage":"es","@id":"https:\/\/volcanes.net\/?p=5595#primaryimage","url":"https:\/\/volcanes.net\/wp-content\/uploads\/2019\/10\/7e67a70e-06fe-4ffa-8141-318068bac928.jpg","contentUrl":"https:\/\/volcanes.net\/wp-content\/uploads\/2019\/10\/7e67a70e-06fe-4ffa-8141-318068bac928.jpg","width":600,"height":800},{"@type":"BreadcrumbList","@id":"https:\/\/volcanes.net\/?p=5595#breadcrumb","itemListElement":[{"@type":"ListItem","position":1,"name":"Portada","item":"https:\/\/volcanes.net\/"},{"@type":"ListItem","position":2,"name":"Presenta Edil Miguel \u00c1ngel Salom\u00f3n cort\u00e9s la nueva polic\u00eda delegacional"}]},{"@type":"WebSite","@id":"https:\/\/volcanes.net\/#website","url":"https:\/\/volcanes.net\/","name":"Volcanes.Net","description":"Periodismo Profesional","publisher":{"@id":"https:\/\/volcanes.net\/#organization"},"potentialAction":[{"@type":"SearchAction","target":{"@type":"EntryPoint","urlTemplate":"https:\/\/volcanes.net\/?s={search_term_string}"},"query-input":{"@type":"PropertyValueSpecification","valueRequired":true,"valueName":"search_term_string"}}],"inLanguage":"es"},{"@type":"Organization","@id":"https:\/\/volcanes.net\/#organization","name":"Grupo Volcanes","url":"https:\/\/volcanes.net\/","logo":{"@type":"ImageObject","inLanguage":"es","@id":"https:\/\/volcanes.net\/#\/schema\/logo\/image\/","url":"http:\/\/volcanes.net\/wp-content\/uploads\/2017\/12\/Avatar2.jpg","contentUrl":"http:\/\/volcanes.net\/wp-content\/uploads\/2017\/12\/Avatar2.jpg","width":378,"height":378,"caption":"Grupo Volcanes"},"image":{"@id":"https:\/\/volcanes.net\/#\/schema\/logo\/image\/"},"sameAs":["https:\/\/www.facebook.com\/volcanes.net\/"]},{"@type":"Person","@id":"https:\/\/volcanes.net\/#\/schema\/person\/4bf0f383940966a4abd53f5048c0e6b9","name":"admin","image":{"@type":"ImageObject","inLanguage":"es","@id":"https:\/\/volcanes.net\/#\/schema\/person\/image\/","url":"https:\/\/secure.gravatar.com\/avatar\/ca004e6cba8462b8cb7abc86e382930c?s=96&d=mm&r=g","contentUrl":"https:\/\/secure.gravatar.com\/avatar\/ca004e6cba8462b8cb7abc86e382930c?s=96&d=mm&r=g","caption":"admin"}}]}},"_links":{"self":[{"href":"https:\/\/volcanes.net\/index.php?rest_route=\/wp\/v2\/posts\/5595"}],"collection":[{"href":"https:\/\/volcanes.net\/index.php?rest_route=\/wp\/v2\/posts"}],"about":[{"href":"https:\/\/volcanes.net\/index.php?rest_route=\/wp\/v2\/types\/post"}],"author":[{"embeddable":true,"href":"https:\/\/volcanes.net\/index.php?rest_route=\/wp\/v2\/users\/1"}],"replies":[{"embeddable":true,"href":"https:\/\/volcanes.net\/index.php?rest_route=%2Fwp%2Fv2%2Fcomments&post=5595"}],"version-history":[{"count":1,"href":"https:\/\/volcanes.net\/index.php?rest_route=\/wp\/v2\/posts\/5595\/revisions"}],"predecessor-version":[{"id":5597,"href":"https:\/\/volcanes.net\/index.php?rest_route=\/wp\/v2\/posts\/5595\/revisions\/5597"}],"wp:featuredmedia":[{"embeddable":true,"href":"https:\/\/volcanes.net\/index.php?rest_route=\/wp\/v2\/media\/5596"}],"wp:attachment":[{"href":"https:\/\/volcanes.net\/index.php?rest_route=%2Fwp%2Fv2%2Fmedia&parent=5595"}],"wp:term":[{"taxonomy":"category","embeddable":true,"href":"https:\/\/volcanes.net\/index.php?rest_route=%2Fwp%2Fv2%2Fcategories&post=5595"},{"taxonomy":"post_tag","embeddable":true,"href":"https:\/\/volcanes.net\/index.php?rest_route=%2Fwp%2Fv2%2Ftags&post=5595"}],"curies":[{"name":"wp","href":"https:\/\/api.w.org\/{rel}","templated":true}]}}