{"id":5602,"date":"2019-10-05T21:26:40","date_gmt":"2019-10-06T03:26:40","guid":{"rendered":"http:\/\/volcanes.net\/?p=5602"},"modified":"2019-10-05T21:26:40","modified_gmt":"2019-10-06T03:26:40","slug":"inauguran-el-primer-centro-territorio-joven-de-la-region-de-los-volcanes-en-chalco","status":"publish","type":"post","link":"https:\/\/volcanes.net\/?p=5602","title":{"rendered":"Inauguran  el primer centro territorio\u00a0\u00a0joven de la regi\u00f3n de los volcanes en #Chalco"},"content":{"rendered":"<div style=\"margin-top: 0px; margin-bottom: 0px;\" class=\"sharethis-inline-share-buttons\" ><\/div><p>Chalco, Estado de M\u00e9xico, En el municipio de Chalco se inaugur\u00f3 el primer centro territorio\u00a0\u00a0 joven de la regi\u00f3n de los volcanes por la direcci\u00f3n de bienestar, en coordinaci\u00f3n con el IMJUVE del gobierno de M\u00e9xico<\/p>\n<p>Indic\u00f3 Xochitl \u00a0Mejia \u00a0Pacheco\u00a0 quien es encargada\u00a0 de territorio\u00a0 joven del IMJUVE\u00a0 que Chaclco es uno de los municipios\u00a0 a nivel nacional\u00a0 es ser beneficiado\u00a0 con el programa.<\/p>\n<p>Mencion\u00f3 que tiene un gran alto de porcentaje juvenil y sobre todo que principalmente sus pol\u00edticas p\u00fablicas a los j\u00f3venes son realmente eficaces y exitosos.<\/p>\n<p>A la vez mencion\u00f3 que principalmente los centros se enfocan en la formaci\u00f3n de la educaci\u00f3n y formaci\u00f3n educativa, contra las adicciones, derechos humanos entre otros.<\/p>\n<p>Finaliz\u00f3 Mireya preciado romero quien es la representante de la Comisi\u00f3n de los Derechos Humanos \u00a0\u00a0que hay un compromiso con los municipios para la defensa de los derechos humanos<\/p>\n","protected":false},"excerpt":{"rendered":"<p>Chalco, Estado de M\u00e9xico, En el municipio de Chalco se inaugur\u00f3 el primer centro territorio\u00a0\u00a0<\/p>\n","protected":false},"author":1,"featured_media":5603,"comment_status":"open","ping_status":"open","sticky":false,"template":"","format":"standard","meta":{"footnotes":""},"categories":[1],"tags":[4],"class_list":["post-5602","post","type-post","status-publish","format-standard","has-post-thumbnail","hentry","category-municipales","tag-gobierno-del-estado-de-mexico"],"yoast_head":"<!-- This site is optimized with the Yoast SEO plugin v25.3 - https:\/\/yoast.com\/wordpress\/plugins\/seo\/ -->\n<title>Inauguran el primer centro territorio\u00a0\u00a0joven de la regi\u00f3n de los volcanes en #Chalco - Volcanes<\/title>\n<meta name=\"robots\" content=\"index, follow, max-snippet:-1, max-image-preview:large, max-video-preview:-1\" \/>\n<link rel=\"canonical\" href=\"https:\/\/volcanes.net\/?p=5602\" \/>\n<meta property=\"og:locale\" content=\"es_MX\" \/>\n<meta property=\"og:type\" content=\"article\" \/>\n<meta property=\"og:title\" content=\"Inauguran el primer centro territorio\u00a0\u00a0joven de la regi\u00f3n de los volcanes en #Chalco - Volcanes\" \/>\n<meta property=\"og:description\" content=\"Chalco, Estado de M\u00e9xico, En el municipio de Chalco se inaugur\u00f3 el primer centro territorio\u00a0\u00a0\" \/>\n<meta property=\"og:url\" content=\"https:\/\/volcanes.net\/?p=5602\" \/>\n<meta property=\"og:site_name\" content=\"Volcanes\" \/>\n<meta property=\"article:publisher\" content=\"https:\/\/www.facebook.com\/volcanes.net\/\" \/>\n<meta property=\"article:published_time\" content=\"2019-10-06T03:26:40+00:00\" \/>\n<meta property=\"og:image\" content=\"https:\/\/volcanes.net\/wp-content\/uploads\/2019\/10\/safe_image-1.jpg\" \/>\n\t<meta property=\"og:image:width\" content=\"600\" \/>\n\t<meta property=\"og:image:height\" content=\"312\" \/>\n\t<meta property=\"og:image:type\" content=\"image\/jpeg\" \/>\n<meta name=\"author\" content=\"admin\" \/>\n<meta name=\"twitter:card\" content=\"summary_large_image\" \/>\n<meta name=\"twitter:label1\" content=\"Escrito por\" \/>\n\t<meta name=\"twitter:data1\" content=\"admin\" \/>\n\t<meta name=\"twitter:label2\" content=\"Tiempo de lectura\" \/>\n\t<meta name=\"twitter:data2\" content=\"1 minuto\" \/>\n<script type=\"application\/ld+json\" class=\"yoast-schema-graph\">{\"@context\":\"https:\/\/schema.org\",\"@graph\":[{\"@type\":\"Article\",\"@id\":\"https:\/\/volcanes.net\/?p=5602#article\",\"isPartOf\":{\"@id\":\"https:\/\/volcanes.net\/?p=5602\"},\"author\":{\"name\":\"admin\",\"@id\":\"https:\/\/volcanes.net\/#\/schema\/person\/4bf0f383940966a4abd53f5048c0e6b9\"},\"headline\":\"Inauguran el primer centro territorio\u00a0\u00a0joven de la regi\u00f3n de los volcanes en #Chalco\",\"datePublished\":\"2019-10-06T03:26:40+00:00\",\"mainEntityOfPage\":{\"@id\":\"https:\/\/volcanes.net\/?p=5602\"},\"wordCount\":171,\"commentCount\":0,\"publisher\":{\"@id\":\"https:\/\/volcanes.net\/#organization\"},\"image\":{\"@id\":\"https:\/\/volcanes.net\/?p=5602#primaryimage\"},\"thumbnailUrl\":\"https:\/\/volcanes.net\/wp-content\/uploads\/2019\/10\/safe_image-1.jpg\",\"keywords\":[\"Gobierno del Estado de M\u00e9xico\"],\"articleSection\":[\"Municipales\"],\"inLanguage\":\"es\",\"potentialAction\":[{\"@type\":\"CommentAction\",\"name\":\"Comment\",\"target\":[\"https:\/\/volcanes.net\/?p=5602#respond\"]}]},{\"@type\":\"WebPage\",\"@id\":\"https:\/\/volcanes.net\/?p=5602\",\"url\":\"https:\/\/volcanes.net\/?p=5602\",\"name\":\"Inauguran el primer centro territorio\u00a0\u00a0joven de la regi\u00f3n de los volcanes en #Chalco - Volcanes\",\"isPartOf\":{\"@id\":\"https:\/\/volcanes.net\/#website\"},\"primaryImageOfPage\":{\"@id\":\"https:\/\/volcanes.net\/?p=5602#primaryimage\"},\"image\":{\"@id\":\"https:\/\/volcanes.net\/?p=5602#primaryimage\"},\"thumbnailUrl\":\"https:\/\/volcanes.net\/wp-content\/uploads\/2019\/10\/safe_image-1.jpg\",\"datePublished\":\"2019-10-06T03:26:40+00:00\",\"breadcrumb\":{\"@id\":\"https:\/\/volcanes.net\/?p=5602#breadcrumb\"},\"inLanguage\":\"es\",\"potentialAction\":[{\"@type\":\"ReadAction\",\"target\":[\"https:\/\/volcanes.net\/?p=5602\"]}]},{\"@type\":\"ImageObject\",\"inLanguage\":\"es\",\"@id\":\"https:\/\/volcanes.net\/?p=5602#primaryimage\",\"url\":\"https:\/\/volcanes.net\/wp-content\/uploads\/2019\/10\/safe_image-1.jpg\",\"contentUrl\":\"https:\/\/volcanes.net\/wp-content\/uploads\/2019\/10\/safe_image-1.jpg\",\"width\":600,\"height\":312},{\"@type\":\"BreadcrumbList\",\"@id\":\"https:\/\/volcanes.net\/?p=5602#breadcrumb\",\"itemListElement\":[{\"@type\":\"ListItem\",\"position\":1,\"name\":\"Portada\",\"item\":\"https:\/\/volcanes.net\/\"},{\"@type\":\"ListItem\",\"position\":2,\"name\":\"Inauguran el primer centro territorio\u00a0\u00a0joven de la regi\u00f3n de los volcanes en #Chalco\"}]},{\"@type\":\"WebSite\",\"@id\":\"https:\/\/volcanes.net\/#website\",\"url\":\"https:\/\/volcanes.net\/\",\"name\":\"Volcanes.Net\",\"description\":\"Periodismo Profesional\",\"publisher\":{\"@id\":\"https:\/\/volcanes.net\/#organization\"},\"potentialAction\":[{\"@type\":\"SearchAction\",\"target\":{\"@type\":\"EntryPoint\",\"urlTemplate\":\"https:\/\/volcanes.net\/?s={search_term_string}\"},\"query-input\":{\"@type\":\"PropertyValueSpecification\",\"valueRequired\":true,\"valueName\":\"search_term_string\"}}],\"inLanguage\":\"es\"},{\"@type\":\"Organization\",\"@id\":\"https:\/\/volcanes.net\/#organization\",\"name\":\"Grupo Volcanes\",\"url\":\"https:\/\/volcanes.net\/\",\"logo\":{\"@type\":\"ImageObject\",\"inLanguage\":\"es\",\"@id\":\"https:\/\/volcanes.net\/#\/schema\/logo\/image\/\",\"url\":\"http:\/\/volcanes.net\/wp-content\/uploads\/2017\/12\/Avatar2.jpg\",\"contentUrl\":\"http:\/\/volcanes.net\/wp-content\/uploads\/2017\/12\/Avatar2.jpg\",\"width\":378,\"height\":378,\"caption\":\"Grupo Volcanes\"},\"image\":{\"@id\":\"https:\/\/volcanes.net\/#\/schema\/logo\/image\/\"},\"sameAs\":[\"https:\/\/www.facebook.com\/volcanes.net\/\"]},{\"@type\":\"Person\",\"@id\":\"https:\/\/volcanes.net\/#\/schema\/person\/4bf0f383940966a4abd53f5048c0e6b9\",\"name\":\"admin\",\"image\":{\"@type\":\"ImageObject\",\"inLanguage\":\"es\",\"@id\":\"https:\/\/volcanes.net\/#\/schema\/person\/image\/\",\"url\":\"https:\/\/secure.gravatar.com\/avatar\/ca004e6cba8462b8cb7abc86e382930c?s=96&d=mm&r=g\",\"contentUrl\":\"https:\/\/secure.gravatar.com\/avatar\/ca004e6cba8462b8cb7abc86e382930c?s=96&d=mm&r=g\",\"caption\":\"admin\"}}]}<\/script>\n<!-- \/ Yoast SEO plugin. -->","yoast_head_json":{"title":"Inauguran el primer centro territorio\u00a0\u00a0joven de la regi\u00f3n de los volcanes en #Chalco - Volcanes","robots":{"index":"index","follow":"follow","max-snippet":"max-snippet:-1","max-image-preview":"max-image-preview:large","max-video-preview":"max-video-preview:-1"},"canonical":"https:\/\/volcanes.net\/?p=5602","og_locale":"es_MX","og_type":"article","og_title":"Inauguran el primer centro territorio\u00a0\u00a0joven de la regi\u00f3n de los volcanes en #Chalco - Volcanes","og_description":"Chalco, Estado de M\u00e9xico, En el municipio de Chalco se inaugur\u00f3 el primer centro territorio\u00a0\u00a0","og_url":"https:\/\/volcanes.net\/?p=5602","og_site_name":"Volcanes","article_publisher":"https:\/\/www.facebook.com\/volcanes.net\/","article_published_time":"2019-10-06T03:26:40+00:00","og_image":[{"width":600,"height":312,"url":"https:\/\/volcanes.net\/wp-content\/uploads\/2019\/10\/safe_image-1.jpg","type":"image\/jpeg"}],"author":"admin","twitter_card":"summary_large_image","twitter_misc":{"Escrito por":"admin","Tiempo de lectura":"1 minuto"},"schema":{"@context":"https:\/\/schema.org","@graph":[{"@type":"Article","@id":"https:\/\/volcanes.net\/?p=5602#article","isPartOf":{"@id":"https:\/\/volcanes.net\/?p=5602"},"author":{"name":"admin","@id":"https:\/\/volcanes.net\/#\/schema\/person\/4bf0f383940966a4abd53f5048c0e6b9"},"headline":"Inauguran el primer centro territorio\u00a0\u00a0joven de la regi\u00f3n de los volcanes en #Chalco","datePublished":"2019-10-06T03:26:40+00:00","mainEntityOfPage":{"@id":"https:\/\/volcanes.net\/?p=5602"},"wordCount":171,"commentCount":0,"publisher":{"@id":"https:\/\/volcanes.net\/#organization"},"image":{"@id":"https:\/\/volcanes.net\/?p=5602#primaryimage"},"thumbnailUrl":"https:\/\/volcanes.net\/wp-content\/uploads\/2019\/10\/safe_image-1.jpg","keywords":["Gobierno del Estado de M\u00e9xico"],"articleSection":["Municipales"],"inLanguage":"es","potentialAction":[{"@type":"CommentAction","name":"Comment","target":["https:\/\/volcanes.net\/?p=5602#respond"]}]},{"@type":"WebPage","@id":"https:\/\/volcanes.net\/?p=5602","url":"https:\/\/volcanes.net\/?p=5602","name":"Inauguran el primer centro territorio\u00a0\u00a0joven de la regi\u00f3n de los volcanes en #Chalco - Volcanes","isPartOf":{"@id":"https:\/\/volcanes.net\/#website"},"primaryImageOfPage":{"@id":"https:\/\/volcanes.net\/?p=5602#primaryimage"},"image":{"@id":"https:\/\/volcanes.net\/?p=5602#primaryimage"},"thumbnailUrl":"https:\/\/volcanes.net\/wp-content\/uploads\/2019\/10\/safe_image-1.jpg","datePublished":"2019-10-06T03:26:40+00:00","breadcrumb":{"@id":"https:\/\/volcanes.net\/?p=5602#breadcrumb"},"inLanguage":"es","potentialAction":[{"@type":"ReadAction","target":["https:\/\/volcanes.net\/?p=5602"]}]},{"@type":"ImageObject","inLanguage":"es","@id":"https:\/\/volcanes.net\/?p=5602#primaryimage","url":"https:\/\/volcanes.net\/wp-content\/uploads\/2019\/10\/safe_image-1.jpg","contentUrl":"https:\/\/volcanes.net\/wp-content\/uploads\/2019\/10\/safe_image-1.jpg","width":600,"height":312},{"@type":"BreadcrumbList","@id":"https:\/\/volcanes.net\/?p=5602#breadcrumb","itemListElement":[{"@type":"ListItem","position":1,"name":"Portada","item":"https:\/\/volcanes.net\/"},{"@type":"ListItem","position":2,"name":"Inauguran el primer centro territorio\u00a0\u00a0joven de la regi\u00f3n de los volcanes en #Chalco"}]},{"@type":"WebSite","@id":"https:\/\/volcanes.net\/#website","url":"https:\/\/volcanes.net\/","name":"Volcanes.Net","description":"Periodismo Profesional","publisher":{"@id":"https:\/\/volcanes.net\/#organization"},"potentialAction":[{"@type":"SearchAction","target":{"@type":"EntryPoint","urlTemplate":"https:\/\/volcanes.net\/?s={search_term_string}"},"query-input":{"@type":"PropertyValueSpecification","valueRequired":true,"valueName":"search_term_string"}}],"inLanguage":"es"},{"@type":"Organization","@id":"https:\/\/volcanes.net\/#organization","name":"Grupo Volcanes","url":"https:\/\/volcanes.net\/","logo":{"@type":"ImageObject","inLanguage":"es","@id":"https:\/\/volcanes.net\/#\/schema\/logo\/image\/","url":"http:\/\/volcanes.net\/wp-content\/uploads\/2017\/12\/Avatar2.jpg","contentUrl":"http:\/\/volcanes.net\/wp-content\/uploads\/2017\/12\/Avatar2.jpg","width":378,"height":378,"caption":"Grupo Volcanes"},"image":{"@id":"https:\/\/volcanes.net\/#\/schema\/logo\/image\/"},"sameAs":["https:\/\/www.facebook.com\/volcanes.net\/"]},{"@type":"Person","@id":"https:\/\/volcanes.net\/#\/schema\/person\/4bf0f383940966a4abd53f5048c0e6b9","name":"admin","image":{"@type":"ImageObject","inLanguage":"es","@id":"https:\/\/volcanes.net\/#\/schema\/person\/image\/","url":"https:\/\/secure.gravatar.com\/avatar\/ca004e6cba8462b8cb7abc86e382930c?s=96&d=mm&r=g","contentUrl":"https:\/\/secure.gravatar.com\/avatar\/ca004e6cba8462b8cb7abc86e382930c?s=96&d=mm&r=g","caption":"admin"}}]}},"_links":{"self":[{"href":"https:\/\/volcanes.net\/index.php?rest_route=\/wp\/v2\/posts\/5602"}],"collection":[{"href":"https:\/\/volcanes.net\/index.php?rest_route=\/wp\/v2\/posts"}],"about":[{"href":"https:\/\/volcanes.net\/index.php?rest_route=\/wp\/v2\/types\/post"}],"author":[{"embeddable":true,"href":"https:\/\/volcanes.net\/index.php?rest_route=\/wp\/v2\/users\/1"}],"replies":[{"embeddable":true,"href":"https:\/\/volcanes.net\/index.php?rest_route=%2Fwp%2Fv2%2Fcomments&post=5602"}],"version-history":[{"count":1,"href":"https:\/\/volcanes.net\/index.php?rest_route=\/wp\/v2\/posts\/5602\/revisions"}],"predecessor-version":[{"id":5604,"href":"https:\/\/volcanes.net\/index.php?rest_route=\/wp\/v2\/posts\/5602\/revisions\/5604"}],"wp:featuredmedia":[{"embeddable":true,"href":"https:\/\/volcanes.net\/index.php?rest_route=\/wp\/v2\/media\/5603"}],"wp:attachment":[{"href":"https:\/\/volcanes.net\/index.php?rest_route=%2Fwp%2Fv2%2Fmedia&parent=5602"}],"wp:term":[{"taxonomy":"category","embeddable":true,"href":"https:\/\/volcanes.net\/index.php?rest_route=%2Fwp%2Fv2%2Fcategories&post=5602"},{"taxonomy":"post_tag","embeddable":true,"href":"https:\/\/volcanes.net\/index.php?rest_route=%2Fwp%2Fv2%2Ftags&post=5602"}],"curies":[{"name":"wp","href":"https:\/\/api.w.org\/{rel}","templated":true}]}}