{"id":5605,"date":"2019-10-07T06:31:48","date_gmt":"2019-10-07T12:31:48","guid":{"rendered":"http:\/\/volcanes.net\/?p=5605"},"modified":"2019-10-07T06:31:48","modified_gmt":"2019-10-07T12:31:48","slug":"pavimentan-calles-de-ixtapaluca","status":"publish","type":"post","link":"https:\/\/volcanes.net\/?p=5605","title":{"rendered":"Pavimentan calles de Ixtapaluca"},"content":{"rendered":"<div style=\"margin-top: 0px; margin-bottom: 0px;\" class=\"sharethis-inline-share-buttons\" ><\/div><div id=\"ppPrt7-8uz_SinglePostMediaTop_MediaPost__0_0__type_MediaPost\" class=\" flex_vbox\">\n<div id=\"5d9ad889af574a4a1492649bppPrt7-8uz_SinglePostMediaTop_MediaPost__0_0_mediaText\" class=\"s_usaAWRichTextClickableSkin\" data-packed=\"false\" data-proxy-name=\"MediaLabel\" data-width=\"675\">\n<div id=\"5d9ad889af574a4a1492649bppPrt7-8uz_SinglePostMediaTop_MediaPost__0_0_mediaTextrichTextContainer\" class=\"s_usaAWRichTextClickableSkin_richTextContainer s_usaAWRichTextClickableSkinrichTextContainer\">\n<p class=\"font_8\">\u00a0Se dio inicio a los trabajos de mejoramiento de las calles Aurelio Alvarado y Pl\u00e1tano, en la colonia Lomas de Ayotla y Pl\u00e1tano en Hornos de Santa B\u00e1rbara<\/p>\n<p class=\"font_8\">IXTAPALUCA, M\u00e9x.- Pese a los recortes presupuestales federales, el Ayuntamiento contin\u00faa favoreciendo a los y las ixtapaluquenses con los servicios b\u00e1sicos, por lo que se dio el banderazo de inicio a la pavimentaci\u00f3n de la calles Aurelio Alvarado en la colonia Lomas de Ayotla y Pl\u00e1tano en Hornos de Santa B\u00e1rbara.<\/p>\n<p class=\"font_8\">En la calle Aurelio Alvarado se pavimentar\u00e1 una superficie de cuatro mil 875 metros cuadrados, mientras que en la calle Pl\u00e1tano 806 metros cuadrados, beneficiando a tres mil 700 habitantes que viven en esas comunidades, adem\u00e1s de automovilistas que permanentemente circular\u00e1n por ah\u00ed.<\/p>\n<p class=\"font_8\">En tres meses se realizar\u00e1n los trabajos de la construcci\u00f3n de descargas sanitarias, guarniciones, banquetas, coladeras pluviales, colocaci\u00f3n de tuber\u00eda de concreto, as\u00ed como la instalaci\u00f3n de tomas domiciliarias.<\/p>\n<div id=\"innercomp_txtMedia13sp\" class=\"s_heNoSkinPhoto\" title=\"\" data-is-responsive=\"false\" data-display-mode=\"fitWidthStrict\" data-content-padding-horizontal=\"0\" data-content-padding-vertical=\"0\" data-exact-height=\"347.9220000000001\">\n<div id=\"innercomp_txtMedia13splink\" class=\"s_heNoSkinPhotolink\"><\/div>\n<\/div>\n<p class=\"font_8\"><span class=\"inherit-font-size\">\u00a0<\/span><\/p>\n<p class=\"font_8\">En representaci\u00f3n de la alcaldesa Maricela Serrano, el secretario del Ayuntamiento, Armando Ram\u00edrez, dijo que la tarea de no detener la realizaci\u00f3n de obras sociales no ha sido f\u00e1cil toda vez que no se cuentan con los recursos que requiere Ixtapaluca por los recortes federales.<\/p>\n<p class=\"font_8\">Sin embargo, enfatiz\u00f3, se sigue en la lucha de tener un mejor municipio con hombres y mujeres de bien que cuenten con obras, servicios, espacios de esparcimiento y programas que mejoren su calidad de vida.<\/p>\n<p class=\"font_8\">Por lo que invit\u00f3 a los y las asistentes a que sigan confiando en este gobierno de continuidad que tiene el compromiso de mejorar el entorno e impulsar el desarrollo social de Ixtapaluca, siempre de la mano de la gente.<\/p>\n<p class=\"font_8\">Los vecinos Sergio Ram\u00edrez y Felipe Ordaz agradecieron las gestiones realizadas por la presidenta municipal Serrano Hern\u00e1ndez, para mejorar estas calles que son esenciales para transitar seguros, ya sin polvo y lodo.<\/p>\n<\/div>\n<\/div>\n<\/div>\n<div id=\"ppPrt7-8uz_SinglePostMediaTop_MediaPost__0_0_def_22_true\" class=\" flex_vbox\"><\/div>\n","protected":false},"excerpt":{"rendered":"<p>\u00a0Se dio inicio a los trabajos de mejoramiento de las calles Aurelio Alvarado y Pl\u00e1tano,<\/p>\n","protected":false},"author":1,"featured_media":5606,"comment_status":"open","ping_status":"open","sticky":false,"template":"","format":"standard","meta":{"footnotes":""},"categories":[1],"tags":[6],"class_list":["post-5605","post","type-post","status-publish","format-standard","has-post-thumbnail","hentry","category-municipales","tag-ixtapaluca"],"yoast_head":"<!-- This site is optimized with the Yoast SEO plugin v25.3 - https:\/\/yoast.com\/wordpress\/plugins\/seo\/ -->\n<title>Pavimentan calles de Ixtapaluca - Volcanes<\/title>\n<meta name=\"robots\" content=\"index, follow, max-snippet:-1, max-image-preview:large, max-video-preview:-1\" \/>\n<link rel=\"canonical\" href=\"https:\/\/volcanes.net\/?p=5605\" \/>\n<meta property=\"og:locale\" content=\"es_MX\" \/>\n<meta property=\"og:type\" content=\"article\" \/>\n<meta property=\"og:title\" content=\"Pavimentan calles de Ixtapaluca - Volcanes\" \/>\n<meta property=\"og:description\" content=\"\u00a0Se dio inicio a los trabajos de mejoramiento de las calles Aurelio Alvarado y Pl\u00e1tano,\" \/>\n<meta property=\"og:url\" content=\"https:\/\/volcanes.net\/?p=5605\" \/>\n<meta property=\"og:site_name\" content=\"Volcanes\" \/>\n<meta property=\"article:publisher\" content=\"https:\/\/www.facebook.com\/volcanes.net\/\" \/>\n<meta property=\"article:published_time\" content=\"2019-10-07T12:31:48+00:00\" \/>\n<meta property=\"og:image\" content=\"https:\/\/volcanes.net\/wp-content\/uploads\/2019\/10\/safe_image-1-1.jpg\" \/>\n\t<meta property=\"og:image:width\" content=\"600\" \/>\n\t<meta property=\"og:image:height\" content=\"312\" \/>\n\t<meta property=\"og:image:type\" content=\"image\/jpeg\" \/>\n<meta name=\"author\" content=\"admin\" \/>\n<meta name=\"twitter:card\" content=\"summary_large_image\" \/>\n<meta name=\"twitter:label1\" content=\"Escrito por\" \/>\n\t<meta name=\"twitter:data1\" content=\"admin\" \/>\n\t<meta name=\"twitter:label2\" content=\"Tiempo de lectura\" \/>\n\t<meta name=\"twitter:data2\" content=\"2 minutos\" \/>\n<script type=\"application\/ld+json\" class=\"yoast-schema-graph\">{\"@context\":\"https:\/\/schema.org\",\"@graph\":[{\"@type\":\"Article\",\"@id\":\"https:\/\/volcanes.net\/?p=5605#article\",\"isPartOf\":{\"@id\":\"https:\/\/volcanes.net\/?p=5605\"},\"author\":{\"name\":\"admin\",\"@id\":\"https:\/\/volcanes.net\/#\/schema\/person\/4bf0f383940966a4abd53f5048c0e6b9\"},\"headline\":\"Pavimentan calles de Ixtapaluca\",\"datePublished\":\"2019-10-07T12:31:48+00:00\",\"mainEntityOfPage\":{\"@id\":\"https:\/\/volcanes.net\/?p=5605\"},\"wordCount\":328,\"commentCount\":0,\"publisher\":{\"@id\":\"https:\/\/volcanes.net\/#organization\"},\"image\":{\"@id\":\"https:\/\/volcanes.net\/?p=5605#primaryimage\"},\"thumbnailUrl\":\"https:\/\/volcanes.net\/wp-content\/uploads\/2019\/10\/safe_image-1-1.jpg\",\"keywords\":[\"Ixtapaluca\"],\"articleSection\":[\"Municipales\"],\"inLanguage\":\"es\",\"potentialAction\":[{\"@type\":\"CommentAction\",\"name\":\"Comment\",\"target\":[\"https:\/\/volcanes.net\/?p=5605#respond\"]}]},{\"@type\":\"WebPage\",\"@id\":\"https:\/\/volcanes.net\/?p=5605\",\"url\":\"https:\/\/volcanes.net\/?p=5605\",\"name\":\"Pavimentan calles de Ixtapaluca - Volcanes\",\"isPartOf\":{\"@id\":\"https:\/\/volcanes.net\/#website\"},\"primaryImageOfPage\":{\"@id\":\"https:\/\/volcanes.net\/?p=5605#primaryimage\"},\"image\":{\"@id\":\"https:\/\/volcanes.net\/?p=5605#primaryimage\"},\"thumbnailUrl\":\"https:\/\/volcanes.net\/wp-content\/uploads\/2019\/10\/safe_image-1-1.jpg\",\"datePublished\":\"2019-10-07T12:31:48+00:00\",\"breadcrumb\":{\"@id\":\"https:\/\/volcanes.net\/?p=5605#breadcrumb\"},\"inLanguage\":\"es\",\"potentialAction\":[{\"@type\":\"ReadAction\",\"target\":[\"https:\/\/volcanes.net\/?p=5605\"]}]},{\"@type\":\"ImageObject\",\"inLanguage\":\"es\",\"@id\":\"https:\/\/volcanes.net\/?p=5605#primaryimage\",\"url\":\"https:\/\/volcanes.net\/wp-content\/uploads\/2019\/10\/safe_image-1-1.jpg\",\"contentUrl\":\"https:\/\/volcanes.net\/wp-content\/uploads\/2019\/10\/safe_image-1-1.jpg\",\"width\":600,\"height\":312},{\"@type\":\"BreadcrumbList\",\"@id\":\"https:\/\/volcanes.net\/?p=5605#breadcrumb\",\"itemListElement\":[{\"@type\":\"ListItem\",\"position\":1,\"name\":\"Portada\",\"item\":\"https:\/\/volcanes.net\/\"},{\"@type\":\"ListItem\",\"position\":2,\"name\":\"Pavimentan calles de Ixtapaluca\"}]},{\"@type\":\"WebSite\",\"@id\":\"https:\/\/volcanes.net\/#website\",\"url\":\"https:\/\/volcanes.net\/\",\"name\":\"Volcanes.Net\",\"description\":\"Periodismo Profesional\",\"publisher\":{\"@id\":\"https:\/\/volcanes.net\/#organization\"},\"potentialAction\":[{\"@type\":\"SearchAction\",\"target\":{\"@type\":\"EntryPoint\",\"urlTemplate\":\"https:\/\/volcanes.net\/?s={search_term_string}\"},\"query-input\":{\"@type\":\"PropertyValueSpecification\",\"valueRequired\":true,\"valueName\":\"search_term_string\"}}],\"inLanguage\":\"es\"},{\"@type\":\"Organization\",\"@id\":\"https:\/\/volcanes.net\/#organization\",\"name\":\"Grupo Volcanes\",\"url\":\"https:\/\/volcanes.net\/\",\"logo\":{\"@type\":\"ImageObject\",\"inLanguage\":\"es\",\"@id\":\"https:\/\/volcanes.net\/#\/schema\/logo\/image\/\",\"url\":\"http:\/\/volcanes.net\/wp-content\/uploads\/2017\/12\/Avatar2.jpg\",\"contentUrl\":\"http:\/\/volcanes.net\/wp-content\/uploads\/2017\/12\/Avatar2.jpg\",\"width\":378,\"height\":378,\"caption\":\"Grupo Volcanes\"},\"image\":{\"@id\":\"https:\/\/volcanes.net\/#\/schema\/logo\/image\/\"},\"sameAs\":[\"https:\/\/www.facebook.com\/volcanes.net\/\"]},{\"@type\":\"Person\",\"@id\":\"https:\/\/volcanes.net\/#\/schema\/person\/4bf0f383940966a4abd53f5048c0e6b9\",\"name\":\"admin\",\"image\":{\"@type\":\"ImageObject\",\"inLanguage\":\"es\",\"@id\":\"https:\/\/volcanes.net\/#\/schema\/person\/image\/\",\"url\":\"https:\/\/secure.gravatar.com\/avatar\/ca004e6cba8462b8cb7abc86e382930c?s=96&d=mm&r=g\",\"contentUrl\":\"https:\/\/secure.gravatar.com\/avatar\/ca004e6cba8462b8cb7abc86e382930c?s=96&d=mm&r=g\",\"caption\":\"admin\"}}]}<\/script>\n<!-- \/ Yoast SEO plugin. -->","yoast_head_json":{"title":"Pavimentan calles de Ixtapaluca - Volcanes","robots":{"index":"index","follow":"follow","max-snippet":"max-snippet:-1","max-image-preview":"max-image-preview:large","max-video-preview":"max-video-preview:-1"},"canonical":"https:\/\/volcanes.net\/?p=5605","og_locale":"es_MX","og_type":"article","og_title":"Pavimentan calles de Ixtapaluca - Volcanes","og_description":"\u00a0Se dio inicio a los trabajos de mejoramiento de las calles Aurelio Alvarado y Pl\u00e1tano,","og_url":"https:\/\/volcanes.net\/?p=5605","og_site_name":"Volcanes","article_publisher":"https:\/\/www.facebook.com\/volcanes.net\/","article_published_time":"2019-10-07T12:31:48+00:00","og_image":[{"width":600,"height":312,"url":"https:\/\/volcanes.net\/wp-content\/uploads\/2019\/10\/safe_image-1-1.jpg","type":"image\/jpeg"}],"author":"admin","twitter_card":"summary_large_image","twitter_misc":{"Escrito por":"admin","Tiempo de lectura":"2 minutos"},"schema":{"@context":"https:\/\/schema.org","@graph":[{"@type":"Article","@id":"https:\/\/volcanes.net\/?p=5605#article","isPartOf":{"@id":"https:\/\/volcanes.net\/?p=5605"},"author":{"name":"admin","@id":"https:\/\/volcanes.net\/#\/schema\/person\/4bf0f383940966a4abd53f5048c0e6b9"},"headline":"Pavimentan calles de Ixtapaluca","datePublished":"2019-10-07T12:31:48+00:00","mainEntityOfPage":{"@id":"https:\/\/volcanes.net\/?p=5605"},"wordCount":328,"commentCount":0,"publisher":{"@id":"https:\/\/volcanes.net\/#organization"},"image":{"@id":"https:\/\/volcanes.net\/?p=5605#primaryimage"},"thumbnailUrl":"https:\/\/volcanes.net\/wp-content\/uploads\/2019\/10\/safe_image-1-1.jpg","keywords":["Ixtapaluca"],"articleSection":["Municipales"],"inLanguage":"es","potentialAction":[{"@type":"CommentAction","name":"Comment","target":["https:\/\/volcanes.net\/?p=5605#respond"]}]},{"@type":"WebPage","@id":"https:\/\/volcanes.net\/?p=5605","url":"https:\/\/volcanes.net\/?p=5605","name":"Pavimentan calles de Ixtapaluca - Volcanes","isPartOf":{"@id":"https:\/\/volcanes.net\/#website"},"primaryImageOfPage":{"@id":"https:\/\/volcanes.net\/?p=5605#primaryimage"},"image":{"@id":"https:\/\/volcanes.net\/?p=5605#primaryimage"},"thumbnailUrl":"https:\/\/volcanes.net\/wp-content\/uploads\/2019\/10\/safe_image-1-1.jpg","datePublished":"2019-10-07T12:31:48+00:00","breadcrumb":{"@id":"https:\/\/volcanes.net\/?p=5605#breadcrumb"},"inLanguage":"es","potentialAction":[{"@type":"ReadAction","target":["https:\/\/volcanes.net\/?p=5605"]}]},{"@type":"ImageObject","inLanguage":"es","@id":"https:\/\/volcanes.net\/?p=5605#primaryimage","url":"https:\/\/volcanes.net\/wp-content\/uploads\/2019\/10\/safe_image-1-1.jpg","contentUrl":"https:\/\/volcanes.net\/wp-content\/uploads\/2019\/10\/safe_image-1-1.jpg","width":600,"height":312},{"@type":"BreadcrumbList","@id":"https:\/\/volcanes.net\/?p=5605#breadcrumb","itemListElement":[{"@type":"ListItem","position":1,"name":"Portada","item":"https:\/\/volcanes.net\/"},{"@type":"ListItem","position":2,"name":"Pavimentan calles de Ixtapaluca"}]},{"@type":"WebSite","@id":"https:\/\/volcanes.net\/#website","url":"https:\/\/volcanes.net\/","name":"Volcanes.Net","description":"Periodismo Profesional","publisher":{"@id":"https:\/\/volcanes.net\/#organization"},"potentialAction":[{"@type":"SearchAction","target":{"@type":"EntryPoint","urlTemplate":"https:\/\/volcanes.net\/?s={search_term_string}"},"query-input":{"@type":"PropertyValueSpecification","valueRequired":true,"valueName":"search_term_string"}}],"inLanguage":"es"},{"@type":"Organization","@id":"https:\/\/volcanes.net\/#organization","name":"Grupo Volcanes","url":"https:\/\/volcanes.net\/","logo":{"@type":"ImageObject","inLanguage":"es","@id":"https:\/\/volcanes.net\/#\/schema\/logo\/image\/","url":"http:\/\/volcanes.net\/wp-content\/uploads\/2017\/12\/Avatar2.jpg","contentUrl":"http:\/\/volcanes.net\/wp-content\/uploads\/2017\/12\/Avatar2.jpg","width":378,"height":378,"caption":"Grupo Volcanes"},"image":{"@id":"https:\/\/volcanes.net\/#\/schema\/logo\/image\/"},"sameAs":["https:\/\/www.facebook.com\/volcanes.net\/"]},{"@type":"Person","@id":"https:\/\/volcanes.net\/#\/schema\/person\/4bf0f383940966a4abd53f5048c0e6b9","name":"admin","image":{"@type":"ImageObject","inLanguage":"es","@id":"https:\/\/volcanes.net\/#\/schema\/person\/image\/","url":"https:\/\/secure.gravatar.com\/avatar\/ca004e6cba8462b8cb7abc86e382930c?s=96&d=mm&r=g","contentUrl":"https:\/\/secure.gravatar.com\/avatar\/ca004e6cba8462b8cb7abc86e382930c?s=96&d=mm&r=g","caption":"admin"}}]}},"_links":{"self":[{"href":"https:\/\/volcanes.net\/index.php?rest_route=\/wp\/v2\/posts\/5605"}],"collection":[{"href":"https:\/\/volcanes.net\/index.php?rest_route=\/wp\/v2\/posts"}],"about":[{"href":"https:\/\/volcanes.net\/index.php?rest_route=\/wp\/v2\/types\/post"}],"author":[{"embeddable":true,"href":"https:\/\/volcanes.net\/index.php?rest_route=\/wp\/v2\/users\/1"}],"replies":[{"embeddable":true,"href":"https:\/\/volcanes.net\/index.php?rest_route=%2Fwp%2Fv2%2Fcomments&post=5605"}],"version-history":[{"count":1,"href":"https:\/\/volcanes.net\/index.php?rest_route=\/wp\/v2\/posts\/5605\/revisions"}],"predecessor-version":[{"id":5607,"href":"https:\/\/volcanes.net\/index.php?rest_route=\/wp\/v2\/posts\/5605\/revisions\/5607"}],"wp:featuredmedia":[{"embeddable":true,"href":"https:\/\/volcanes.net\/index.php?rest_route=\/wp\/v2\/media\/5606"}],"wp:attachment":[{"href":"https:\/\/volcanes.net\/index.php?rest_route=%2Fwp%2Fv2%2Fmedia&parent=5605"}],"wp:term":[{"taxonomy":"category","embeddable":true,"href":"https:\/\/volcanes.net\/index.php?rest_route=%2Fwp%2Fv2%2Fcategories&post=5605"},{"taxonomy":"post_tag","embeddable":true,"href":"https:\/\/volcanes.net\/index.php?rest_route=%2Fwp%2Fv2%2Ftags&post=5605"}],"curies":[{"name":"wp","href":"https:\/\/api.w.org\/{rel}","templated":true}]}}