{"id":5612,"date":"2019-10-09T23:25:52","date_gmt":"2019-10-10T05:25:52","guid":{"rendered":"http:\/\/volcanes.net\/?p=5612"},"modified":"2019-10-09T23:25:52","modified_gmt":"2019-10-10T05:25:52","slug":"aprueban-la-desincorporacion-del-predio-denominado-el-cantilpara-la-construccion-de-la-universidad-intercultural-de-tepetlixpa","status":"publish","type":"post","link":"https:\/\/volcanes.net\/?p=5612","title":{"rendered":"Aprueban  la desincorporaci\u00f3n del predio denominado &#8220;El Cantil&#8221;para la construcci\u00f3n de la Universidad Intercultural de #Tepetlixpa."},"content":{"rendered":"<div style=\"margin-top: 0px; margin-bottom: 0px;\" class=\"sharethis-inline-share-buttons\" ><\/div><p>Tepetlixpa, Estado de M\u00e9xico. &#8211; El d\u00eda de ayer la comisi\u00f3n Legislativa de Patrimonio Estatal y Municipal discuti\u00f3 la aprobaci\u00f3n de la desincorporaci\u00f3n del predio denominado &#8220;El Cantil&#8221; a favor del gobierno del Estado de M\u00e9xico para la construcci\u00f3n de la Universidad Intercultural de #Tepetlixpa.<\/p>\n<p>Estuvieron presentes el Presidente Municipal, Armando Mel\u00e9ndez Soriano, el rector de la universidad y los integrantes del cabildo para dar seguimiento a la actividad legislativa.<\/p>\n<p>Los d\u00edas pasados los alumnos realizaron una solicitud por la falta de instalaciones inadecuadas para el desarrollo de su educaci\u00f3n, en el cual las autoridades municipales y \u00a0\u00a0las disputas realizaron un compromiso a dar seguimiento adecuado al tema, para que pronto tengan unas instalaciones adecuadas.<\/p>\n<p>Por unanimidad se aprob\u00f3 el dictamen, que en pr\u00f3ximos d\u00edas subir\u00e1 a pleno<\/p>\n","protected":false},"excerpt":{"rendered":"<p>Tepetlixpa, Estado de M\u00e9xico. &#8211; El d\u00eda de ayer la comisi\u00f3n Legislativa de Patrimonio Estatal<\/p>\n","protected":false},"author":1,"featured_media":5613,"comment_status":"open","ping_status":"open","sticky":false,"template":"","format":"standard","meta":{"footnotes":""},"categories":[1],"tags":[16],"class_list":["post-5612","post","type-post","status-publish","format-standard","has-post-thumbnail","hentry","category-municipales","tag-tepetlixpa"],"yoast_head":"<!-- This site is optimized with the Yoast SEO plugin v25.3 - https:\/\/yoast.com\/wordpress\/plugins\/seo\/ -->\n<title>Aprueban la desincorporaci\u00f3n del predio denominado &quot;El Cantil&quot;para la construcci\u00f3n de la Universidad Intercultural de #Tepetlixpa. - Volcanes<\/title>\n<meta name=\"robots\" content=\"index, follow, max-snippet:-1, max-image-preview:large, max-video-preview:-1\" \/>\n<link rel=\"canonical\" href=\"https:\/\/volcanes.net\/?p=5612\" \/>\n<meta property=\"og:locale\" content=\"es_MX\" \/>\n<meta property=\"og:type\" content=\"article\" \/>\n<meta property=\"og:title\" content=\"Aprueban la desincorporaci\u00f3n del predio denominado &quot;El Cantil&quot;para la construcci\u00f3n de la Universidad Intercultural de #Tepetlixpa. - Volcanes\" \/>\n<meta property=\"og:description\" content=\"Tepetlixpa, Estado de M\u00e9xico. &#8211; El d\u00eda de ayer la comisi\u00f3n Legislativa de Patrimonio Estatal\" \/>\n<meta property=\"og:url\" content=\"https:\/\/volcanes.net\/?p=5612\" \/>\n<meta property=\"og:site_name\" content=\"Volcanes\" \/>\n<meta property=\"article:publisher\" content=\"https:\/\/www.facebook.com\/volcanes.net\/\" \/>\n<meta property=\"article:published_time\" content=\"2019-10-10T05:25:52+00:00\" \/>\n<meta property=\"og:image\" content=\"https:\/\/volcanes.net\/wp-content\/uploads\/2019\/10\/safe_image-3.jpg\" \/>\n\t<meta property=\"og:image:width\" content=\"600\" \/>\n\t<meta property=\"og:image:height\" content=\"312\" \/>\n\t<meta property=\"og:image:type\" content=\"image\/jpeg\" \/>\n<meta name=\"author\" content=\"admin\" \/>\n<meta name=\"twitter:card\" content=\"summary_large_image\" \/>\n<meta name=\"twitter:label1\" content=\"Escrito por\" \/>\n\t<meta name=\"twitter:data1\" content=\"admin\" \/>\n\t<meta name=\"twitter:label2\" content=\"Tiempo de lectura\" \/>\n\t<meta name=\"twitter:data2\" content=\"1 minuto\" \/>\n<script type=\"application\/ld+json\" class=\"yoast-schema-graph\">{\"@context\":\"https:\/\/schema.org\",\"@graph\":[{\"@type\":\"Article\",\"@id\":\"https:\/\/volcanes.net\/?p=5612#article\",\"isPartOf\":{\"@id\":\"https:\/\/volcanes.net\/?p=5612\"},\"author\":{\"name\":\"admin\",\"@id\":\"https:\/\/volcanes.net\/#\/schema\/person\/4bf0f383940966a4abd53f5048c0e6b9\"},\"headline\":\"Aprueban la desincorporaci\u00f3n del predio denominado &#8220;El Cantil&#8221;para la construcci\u00f3n de la Universidad Intercultural de #Tepetlixpa.\",\"datePublished\":\"2019-10-10T05:25:52+00:00\",\"mainEntityOfPage\":{\"@id\":\"https:\/\/volcanes.net\/?p=5612\"},\"wordCount\":159,\"commentCount\":0,\"publisher\":{\"@id\":\"https:\/\/volcanes.net\/#organization\"},\"image\":{\"@id\":\"https:\/\/volcanes.net\/?p=5612#primaryimage\"},\"thumbnailUrl\":\"https:\/\/volcanes.net\/wp-content\/uploads\/2019\/10\/safe_image-3.jpg\",\"keywords\":[\"Tepetlixpa\"],\"articleSection\":[\"Municipales\"],\"inLanguage\":\"es\",\"potentialAction\":[{\"@type\":\"CommentAction\",\"name\":\"Comment\",\"target\":[\"https:\/\/volcanes.net\/?p=5612#respond\"]}]},{\"@type\":\"WebPage\",\"@id\":\"https:\/\/volcanes.net\/?p=5612\",\"url\":\"https:\/\/volcanes.net\/?p=5612\",\"name\":\"Aprueban la desincorporaci\u00f3n del predio denominado \\\"El Cantil\\\"para la construcci\u00f3n de la Universidad Intercultural de #Tepetlixpa. - Volcanes\",\"isPartOf\":{\"@id\":\"https:\/\/volcanes.net\/#website\"},\"primaryImageOfPage\":{\"@id\":\"https:\/\/volcanes.net\/?p=5612#primaryimage\"},\"image\":{\"@id\":\"https:\/\/volcanes.net\/?p=5612#primaryimage\"},\"thumbnailUrl\":\"https:\/\/volcanes.net\/wp-content\/uploads\/2019\/10\/safe_image-3.jpg\",\"datePublished\":\"2019-10-10T05:25:52+00:00\",\"breadcrumb\":{\"@id\":\"https:\/\/volcanes.net\/?p=5612#breadcrumb\"},\"inLanguage\":\"es\",\"potentialAction\":[{\"@type\":\"ReadAction\",\"target\":[\"https:\/\/volcanes.net\/?p=5612\"]}]},{\"@type\":\"ImageObject\",\"inLanguage\":\"es\",\"@id\":\"https:\/\/volcanes.net\/?p=5612#primaryimage\",\"url\":\"https:\/\/volcanes.net\/wp-content\/uploads\/2019\/10\/safe_image-3.jpg\",\"contentUrl\":\"https:\/\/volcanes.net\/wp-content\/uploads\/2019\/10\/safe_image-3.jpg\",\"width\":600,\"height\":312},{\"@type\":\"BreadcrumbList\",\"@id\":\"https:\/\/volcanes.net\/?p=5612#breadcrumb\",\"itemListElement\":[{\"@type\":\"ListItem\",\"position\":1,\"name\":\"Portada\",\"item\":\"https:\/\/volcanes.net\/\"},{\"@type\":\"ListItem\",\"position\":2,\"name\":\"Aprueban la desincorporaci\u00f3n del predio denominado &#8220;El Cantil&#8221;para la construcci\u00f3n de la Universidad Intercultural de #Tepetlixpa.\"}]},{\"@type\":\"WebSite\",\"@id\":\"https:\/\/volcanes.net\/#website\",\"url\":\"https:\/\/volcanes.net\/\",\"name\":\"Volcanes.Net\",\"description\":\"Periodismo Profesional\",\"publisher\":{\"@id\":\"https:\/\/volcanes.net\/#organization\"},\"potentialAction\":[{\"@type\":\"SearchAction\",\"target\":{\"@type\":\"EntryPoint\",\"urlTemplate\":\"https:\/\/volcanes.net\/?s={search_term_string}\"},\"query-input\":{\"@type\":\"PropertyValueSpecification\",\"valueRequired\":true,\"valueName\":\"search_term_string\"}}],\"inLanguage\":\"es\"},{\"@type\":\"Organization\",\"@id\":\"https:\/\/volcanes.net\/#organization\",\"name\":\"Grupo Volcanes\",\"url\":\"https:\/\/volcanes.net\/\",\"logo\":{\"@type\":\"ImageObject\",\"inLanguage\":\"es\",\"@id\":\"https:\/\/volcanes.net\/#\/schema\/logo\/image\/\",\"url\":\"http:\/\/volcanes.net\/wp-content\/uploads\/2017\/12\/Avatar2.jpg\",\"contentUrl\":\"http:\/\/volcanes.net\/wp-content\/uploads\/2017\/12\/Avatar2.jpg\",\"width\":378,\"height\":378,\"caption\":\"Grupo Volcanes\"},\"image\":{\"@id\":\"https:\/\/volcanes.net\/#\/schema\/logo\/image\/\"},\"sameAs\":[\"https:\/\/www.facebook.com\/volcanes.net\/\"]},{\"@type\":\"Person\",\"@id\":\"https:\/\/volcanes.net\/#\/schema\/person\/4bf0f383940966a4abd53f5048c0e6b9\",\"name\":\"admin\",\"image\":{\"@type\":\"ImageObject\",\"inLanguage\":\"es\",\"@id\":\"https:\/\/volcanes.net\/#\/schema\/person\/image\/\",\"url\":\"https:\/\/secure.gravatar.com\/avatar\/ca004e6cba8462b8cb7abc86e382930c?s=96&d=mm&r=g\",\"contentUrl\":\"https:\/\/secure.gravatar.com\/avatar\/ca004e6cba8462b8cb7abc86e382930c?s=96&d=mm&r=g\",\"caption\":\"admin\"}}]}<\/script>\n<!-- \/ Yoast SEO plugin. -->","yoast_head_json":{"title":"Aprueban la desincorporaci\u00f3n del predio denominado \"El Cantil\"para la construcci\u00f3n de la Universidad Intercultural de #Tepetlixpa. - Volcanes","robots":{"index":"index","follow":"follow","max-snippet":"max-snippet:-1","max-image-preview":"max-image-preview:large","max-video-preview":"max-video-preview:-1"},"canonical":"https:\/\/volcanes.net\/?p=5612","og_locale":"es_MX","og_type":"article","og_title":"Aprueban la desincorporaci\u00f3n del predio denominado \"El Cantil\"para la construcci\u00f3n de la Universidad Intercultural de #Tepetlixpa. - Volcanes","og_description":"Tepetlixpa, Estado de M\u00e9xico. &#8211; El d\u00eda de ayer la comisi\u00f3n Legislativa de Patrimonio Estatal","og_url":"https:\/\/volcanes.net\/?p=5612","og_site_name":"Volcanes","article_publisher":"https:\/\/www.facebook.com\/volcanes.net\/","article_published_time":"2019-10-10T05:25:52+00:00","og_image":[{"width":600,"height":312,"url":"https:\/\/volcanes.net\/wp-content\/uploads\/2019\/10\/safe_image-3.jpg","type":"image\/jpeg"}],"author":"admin","twitter_card":"summary_large_image","twitter_misc":{"Escrito por":"admin","Tiempo de lectura":"1 minuto"},"schema":{"@context":"https:\/\/schema.org","@graph":[{"@type":"Article","@id":"https:\/\/volcanes.net\/?p=5612#article","isPartOf":{"@id":"https:\/\/volcanes.net\/?p=5612"},"author":{"name":"admin","@id":"https:\/\/volcanes.net\/#\/schema\/person\/4bf0f383940966a4abd53f5048c0e6b9"},"headline":"Aprueban la desincorporaci\u00f3n del predio denominado &#8220;El Cantil&#8221;para la construcci\u00f3n de la Universidad Intercultural de #Tepetlixpa.","datePublished":"2019-10-10T05:25:52+00:00","mainEntityOfPage":{"@id":"https:\/\/volcanes.net\/?p=5612"},"wordCount":159,"commentCount":0,"publisher":{"@id":"https:\/\/volcanes.net\/#organization"},"image":{"@id":"https:\/\/volcanes.net\/?p=5612#primaryimage"},"thumbnailUrl":"https:\/\/volcanes.net\/wp-content\/uploads\/2019\/10\/safe_image-3.jpg","keywords":["Tepetlixpa"],"articleSection":["Municipales"],"inLanguage":"es","potentialAction":[{"@type":"CommentAction","name":"Comment","target":["https:\/\/volcanes.net\/?p=5612#respond"]}]},{"@type":"WebPage","@id":"https:\/\/volcanes.net\/?p=5612","url":"https:\/\/volcanes.net\/?p=5612","name":"Aprueban la desincorporaci\u00f3n del predio denominado \"El Cantil\"para la construcci\u00f3n de la Universidad Intercultural de #Tepetlixpa. - Volcanes","isPartOf":{"@id":"https:\/\/volcanes.net\/#website"},"primaryImageOfPage":{"@id":"https:\/\/volcanes.net\/?p=5612#primaryimage"},"image":{"@id":"https:\/\/volcanes.net\/?p=5612#primaryimage"},"thumbnailUrl":"https:\/\/volcanes.net\/wp-content\/uploads\/2019\/10\/safe_image-3.jpg","datePublished":"2019-10-10T05:25:52+00:00","breadcrumb":{"@id":"https:\/\/volcanes.net\/?p=5612#breadcrumb"},"inLanguage":"es","potentialAction":[{"@type":"ReadAction","target":["https:\/\/volcanes.net\/?p=5612"]}]},{"@type":"ImageObject","inLanguage":"es","@id":"https:\/\/volcanes.net\/?p=5612#primaryimage","url":"https:\/\/volcanes.net\/wp-content\/uploads\/2019\/10\/safe_image-3.jpg","contentUrl":"https:\/\/volcanes.net\/wp-content\/uploads\/2019\/10\/safe_image-3.jpg","width":600,"height":312},{"@type":"BreadcrumbList","@id":"https:\/\/volcanes.net\/?p=5612#breadcrumb","itemListElement":[{"@type":"ListItem","position":1,"name":"Portada","item":"https:\/\/volcanes.net\/"},{"@type":"ListItem","position":2,"name":"Aprueban la desincorporaci\u00f3n del predio denominado &#8220;El Cantil&#8221;para la construcci\u00f3n de la Universidad Intercultural de #Tepetlixpa."}]},{"@type":"WebSite","@id":"https:\/\/volcanes.net\/#website","url":"https:\/\/volcanes.net\/","name":"Volcanes.Net","description":"Periodismo Profesional","publisher":{"@id":"https:\/\/volcanes.net\/#organization"},"potentialAction":[{"@type":"SearchAction","target":{"@type":"EntryPoint","urlTemplate":"https:\/\/volcanes.net\/?s={search_term_string}"},"query-input":{"@type":"PropertyValueSpecification","valueRequired":true,"valueName":"search_term_string"}}],"inLanguage":"es"},{"@type":"Organization","@id":"https:\/\/volcanes.net\/#organization","name":"Grupo Volcanes","url":"https:\/\/volcanes.net\/","logo":{"@type":"ImageObject","inLanguage":"es","@id":"https:\/\/volcanes.net\/#\/schema\/logo\/image\/","url":"http:\/\/volcanes.net\/wp-content\/uploads\/2017\/12\/Avatar2.jpg","contentUrl":"http:\/\/volcanes.net\/wp-content\/uploads\/2017\/12\/Avatar2.jpg","width":378,"height":378,"caption":"Grupo Volcanes"},"image":{"@id":"https:\/\/volcanes.net\/#\/schema\/logo\/image\/"},"sameAs":["https:\/\/www.facebook.com\/volcanes.net\/"]},{"@type":"Person","@id":"https:\/\/volcanes.net\/#\/schema\/person\/4bf0f383940966a4abd53f5048c0e6b9","name":"admin","image":{"@type":"ImageObject","inLanguage":"es","@id":"https:\/\/volcanes.net\/#\/schema\/person\/image\/","url":"https:\/\/secure.gravatar.com\/avatar\/ca004e6cba8462b8cb7abc86e382930c?s=96&d=mm&r=g","contentUrl":"https:\/\/secure.gravatar.com\/avatar\/ca004e6cba8462b8cb7abc86e382930c?s=96&d=mm&r=g","caption":"admin"}}]}},"_links":{"self":[{"href":"https:\/\/volcanes.net\/index.php?rest_route=\/wp\/v2\/posts\/5612"}],"collection":[{"href":"https:\/\/volcanes.net\/index.php?rest_route=\/wp\/v2\/posts"}],"about":[{"href":"https:\/\/volcanes.net\/index.php?rest_route=\/wp\/v2\/types\/post"}],"author":[{"embeddable":true,"href":"https:\/\/volcanes.net\/index.php?rest_route=\/wp\/v2\/users\/1"}],"replies":[{"embeddable":true,"href":"https:\/\/volcanes.net\/index.php?rest_route=%2Fwp%2Fv2%2Fcomments&post=5612"}],"version-history":[{"count":1,"href":"https:\/\/volcanes.net\/index.php?rest_route=\/wp\/v2\/posts\/5612\/revisions"}],"predecessor-version":[{"id":5614,"href":"https:\/\/volcanes.net\/index.php?rest_route=\/wp\/v2\/posts\/5612\/revisions\/5614"}],"wp:featuredmedia":[{"embeddable":true,"href":"https:\/\/volcanes.net\/index.php?rest_route=\/wp\/v2\/media\/5613"}],"wp:attachment":[{"href":"https:\/\/volcanes.net\/index.php?rest_route=%2Fwp%2Fv2%2Fmedia&parent=5612"}],"wp:term":[{"taxonomy":"category","embeddable":true,"href":"https:\/\/volcanes.net\/index.php?rest_route=%2Fwp%2Fv2%2Fcategories&post=5612"},{"taxonomy":"post_tag","embeddable":true,"href":"https:\/\/volcanes.net\/index.php?rest_route=%2Fwp%2Fv2%2Ftags&post=5612"}],"curies":[{"name":"wp","href":"https:\/\/api.w.org\/{rel}","templated":true}]}}