{"id":5627,"date":"2019-10-14T20:07:37","date_gmt":"2019-10-15T02:07:37","guid":{"rendered":"http:\/\/volcanes.net\/?p=5627"},"modified":"2019-10-15T08:45:33","modified_gmt":"2019-10-15T14:45:33","slug":"arranca-edil-miguel-angel-salomon-cortes-8-obras-con-una-inversion-superior-a-los-14-millones-de-pesos-2","status":"publish","type":"post","link":"https:\/\/volcanes.net\/?p=5627","title":{"rendered":"Arranca Edil Miguel \u00c1ngel Salom\u00f3n Cort\u00e9s 8 obras con una inversi\u00f3n superior a los 14 millones de pesos"},"content":{"rendered":"<div style=\"margin-top: 0px; margin-bottom: 0px;\" class=\"sharethis-inline-share-buttons\" ><\/div><p>Amecameca de Ju\u00e1rez, Estado de M\u00e9xico a 14 de octubre de 2019.- Con una inversi\u00f3n superior a los 14 millones de pesos, el Ayuntamiento de Amecameca 2019-2021, que encabeza el Presidente Municipal Miguel \u00c1ngel Salom\u00f3n Cort\u00e9s, dio el banderazo de arranque a 8 obras en beneficio de 7 mil habitantes.<\/p>\n<p>Acompa\u00f1ado de la S\u00edndico y los Regidores, de la Subsecretaria de Desarrollo Regional, Licenciada Roc\u00edo D\u00edaz Montoya y la Presidenta del sistema DIF Municipal, Licenciada Patricia Tufi\u00f1o Carranza, el Mun\u00edcipe asegur\u00f3 que continuar\u00e1 siendo un gestor permanente y sostuvo que los recursos provienen del FISMDF, PAD y propios.<\/p>\n<p>Durante los banderazos de inicio el Presidente Municipal agradeci\u00f3 la confianza de la ciudadan\u00eda, y refrend\u00f3 la palabra empe\u00f1ada de que hombro con hombro, gobierno y comunidad, lograr\u00e1n transformar Amecameca.<\/p>\n<p>El Mun\u00edcipe precis\u00f3 que entre los trabajos se encuentran la construcci\u00f3n de techado, en la Primaria \u201cInsurgentes\u201d, en San Francisco Zentlalpan; construcci\u00f3n de barda perimetral en el Jard\u00edn de Ni\u00f1os \u201cMiguel Hidalgo\u201d, en San Antonio Zoyatzingo; adem\u00e1s de la construcci\u00f3n de drenajes sanitarios en Primer Callej\u00f3n de Allende, Prolongaci\u00f3n Madero y Prolongaci\u00f3n Morelos; as\u00ed como la remodelaci\u00f3n de la Cancha de Basquetbol \u201cFray Mart\u00edn de Valencia\u201d. Tambi\u00e9n la adecuaci\u00f3n funcional de oficinas del Palacio Municipal.<\/p>\n<p>Finalmente precis\u00f3 que \u201ciniciar\u00e1n los trabajos en la calle El Rosario, que contemplan la renovaci\u00f3n del drenaje y las l\u00edneas de agua, banquetas, carpeta de rodamiento y luminarias solares; la inversi\u00f3n de esta obra es casi de 8 millones de pesos, pero esta calle es emblem\u00e1tica para los amecamequenses y vital para el desarrollo econ\u00f3mico y comercial del municipio\u201d, dijo el Alcalde.<\/p>\n<p>En su oportunidad la Subsecretaria de Desarrollo Regional reconoci\u00f3 el trabajo del Presidente Municipal de quien dijo \u201ces evidente que el Alcalde es un hombre de campo, que conoce las necesidades de su municipio y por eso gestiona obras incansablemente para llevarlas hasta el \u00faltimo rinc\u00f3n de Amecameca\u201d, concluy\u00f3.<\/p>\n","protected":false},"excerpt":{"rendered":"<p>Amecameca de Ju\u00e1rez, Estado de M\u00e9xico a 14 de octubre de 2019.- Con una inversi\u00f3n<\/p>\n","protected":false},"author":1,"featured_media":5623,"comment_status":"open","ping_status":"open","sticky":false,"template":"","format":"standard","meta":{"footnotes":""},"categories":[1],"tags":[7],"class_list":["post-5627","post","type-post","status-publish","format-standard","has-post-thumbnail","hentry","category-municipales","tag-amecameca"],"yoast_head":"<!-- This site is optimized with the Yoast SEO plugin v25.3 - https:\/\/yoast.com\/wordpress\/plugins\/seo\/ -->\n<title>Arranca Edil Miguel \u00c1ngel Salom\u00f3n Cort\u00e9s 8 obras con una inversi\u00f3n superior a los 14 millones de pesos - Volcanes<\/title>\n<meta name=\"robots\" content=\"index, follow, max-snippet:-1, max-image-preview:large, max-video-preview:-1\" \/>\n<link rel=\"canonical\" href=\"https:\/\/volcanes.net\/?p=5627\" \/>\n<meta property=\"og:locale\" content=\"es_MX\" \/>\n<meta property=\"og:type\" content=\"article\" \/>\n<meta property=\"og:title\" content=\"Arranca Edil Miguel \u00c1ngel Salom\u00f3n Cort\u00e9s 8 obras con una inversi\u00f3n superior a los 14 millones de pesos - Volcanes\" \/>\n<meta property=\"og:description\" content=\"Amecameca de Ju\u00e1rez, Estado de M\u00e9xico a 14 de octubre de 2019.- Con una inversi\u00f3n\" \/>\n<meta property=\"og:url\" content=\"https:\/\/volcanes.net\/?p=5627\" \/>\n<meta property=\"og:site_name\" content=\"Volcanes\" \/>\n<meta property=\"article:publisher\" content=\"https:\/\/www.facebook.com\/volcanes.net\/\" \/>\n<meta property=\"article:published_time\" content=\"2019-10-15T02:07:37+00:00\" \/>\n<meta property=\"article:modified_time\" content=\"2019-10-15T14:45:33+00:00\" \/>\n<meta property=\"og:image\" content=\"https:\/\/volcanes.net\/wp-content\/uploads\/2019\/10\/72406422_700441567118500_5464890299799044096_n.jpg\" \/>\n\t<meta property=\"og:image:width\" content=\"600\" \/>\n\t<meta property=\"og:image:height\" content=\"450\" \/>\n\t<meta property=\"og:image:type\" content=\"image\/jpeg\" \/>\n<meta name=\"author\" content=\"admin\" \/>\n<meta name=\"twitter:card\" content=\"summary_large_image\" \/>\n<meta name=\"twitter:label1\" content=\"Escrito por\" \/>\n\t<meta name=\"twitter:data1\" content=\"admin\" \/>\n\t<meta name=\"twitter:label2\" content=\"Tiempo de lectura\" \/>\n\t<meta name=\"twitter:data2\" content=\"2 minutos\" \/>\n<script type=\"application\/ld+json\" class=\"yoast-schema-graph\">{\"@context\":\"https:\/\/schema.org\",\"@graph\":[{\"@type\":\"Article\",\"@id\":\"https:\/\/volcanes.net\/?p=5627#article\",\"isPartOf\":{\"@id\":\"https:\/\/volcanes.net\/?p=5627\"},\"author\":{\"name\":\"admin\",\"@id\":\"https:\/\/volcanes.net\/#\/schema\/person\/4bf0f383940966a4abd53f5048c0e6b9\"},\"headline\":\"Arranca Edil Miguel \u00c1ngel Salom\u00f3n Cort\u00e9s 8 obras con una inversi\u00f3n superior a los 14 millones de pesos\",\"datePublished\":\"2019-10-15T02:07:37+00:00\",\"dateModified\":\"2019-10-15T14:45:33+00:00\",\"mainEntityOfPage\":{\"@id\":\"https:\/\/volcanes.net\/?p=5627\"},\"wordCount\":363,\"commentCount\":0,\"publisher\":{\"@id\":\"https:\/\/volcanes.net\/#organization\"},\"image\":{\"@id\":\"https:\/\/volcanes.net\/?p=5627#primaryimage\"},\"thumbnailUrl\":\"https:\/\/volcanes.net\/wp-content\/uploads\/2019\/10\/72406422_700441567118500_5464890299799044096_n.jpg\",\"keywords\":[\"Amecameca\"],\"articleSection\":[\"Municipales\"],\"inLanguage\":\"es\",\"potentialAction\":[{\"@type\":\"CommentAction\",\"name\":\"Comment\",\"target\":[\"https:\/\/volcanes.net\/?p=5627#respond\"]}]},{\"@type\":\"WebPage\",\"@id\":\"https:\/\/volcanes.net\/?p=5627\",\"url\":\"https:\/\/volcanes.net\/?p=5627\",\"name\":\"Arranca Edil Miguel \u00c1ngel Salom\u00f3n Cort\u00e9s 8 obras con una inversi\u00f3n superior a los 14 millones de pesos - Volcanes\",\"isPartOf\":{\"@id\":\"https:\/\/volcanes.net\/#website\"},\"primaryImageOfPage\":{\"@id\":\"https:\/\/volcanes.net\/?p=5627#primaryimage\"},\"image\":{\"@id\":\"https:\/\/volcanes.net\/?p=5627#primaryimage\"},\"thumbnailUrl\":\"https:\/\/volcanes.net\/wp-content\/uploads\/2019\/10\/72406422_700441567118500_5464890299799044096_n.jpg\",\"datePublished\":\"2019-10-15T02:07:37+00:00\",\"dateModified\":\"2019-10-15T14:45:33+00:00\",\"breadcrumb\":{\"@id\":\"https:\/\/volcanes.net\/?p=5627#breadcrumb\"},\"inLanguage\":\"es\",\"potentialAction\":[{\"@type\":\"ReadAction\",\"target\":[\"https:\/\/volcanes.net\/?p=5627\"]}]},{\"@type\":\"ImageObject\",\"inLanguage\":\"es\",\"@id\":\"https:\/\/volcanes.net\/?p=5627#primaryimage\",\"url\":\"https:\/\/volcanes.net\/wp-content\/uploads\/2019\/10\/72406422_700441567118500_5464890299799044096_n.jpg\",\"contentUrl\":\"https:\/\/volcanes.net\/wp-content\/uploads\/2019\/10\/72406422_700441567118500_5464890299799044096_n.jpg\",\"width\":600,\"height\":450},{\"@type\":\"BreadcrumbList\",\"@id\":\"https:\/\/volcanes.net\/?p=5627#breadcrumb\",\"itemListElement\":[{\"@type\":\"ListItem\",\"position\":1,\"name\":\"Portada\",\"item\":\"https:\/\/volcanes.net\/\"},{\"@type\":\"ListItem\",\"position\":2,\"name\":\"Arranca Edil Miguel \u00c1ngel Salom\u00f3n Cort\u00e9s 8 obras con una inversi\u00f3n superior a los 14 millones de pesos\"}]},{\"@type\":\"WebSite\",\"@id\":\"https:\/\/volcanes.net\/#website\",\"url\":\"https:\/\/volcanes.net\/\",\"name\":\"Volcanes.Net\",\"description\":\"Periodismo Profesional\",\"publisher\":{\"@id\":\"https:\/\/volcanes.net\/#organization\"},\"potentialAction\":[{\"@type\":\"SearchAction\",\"target\":{\"@type\":\"EntryPoint\",\"urlTemplate\":\"https:\/\/volcanes.net\/?s={search_term_string}\"},\"query-input\":{\"@type\":\"PropertyValueSpecification\",\"valueRequired\":true,\"valueName\":\"search_term_string\"}}],\"inLanguage\":\"es\"},{\"@type\":\"Organization\",\"@id\":\"https:\/\/volcanes.net\/#organization\",\"name\":\"Grupo Volcanes\",\"url\":\"https:\/\/volcanes.net\/\",\"logo\":{\"@type\":\"ImageObject\",\"inLanguage\":\"es\",\"@id\":\"https:\/\/volcanes.net\/#\/schema\/logo\/image\/\",\"url\":\"http:\/\/volcanes.net\/wp-content\/uploads\/2017\/12\/Avatar2.jpg\",\"contentUrl\":\"http:\/\/volcanes.net\/wp-content\/uploads\/2017\/12\/Avatar2.jpg\",\"width\":378,\"height\":378,\"caption\":\"Grupo Volcanes\"},\"image\":{\"@id\":\"https:\/\/volcanes.net\/#\/schema\/logo\/image\/\"},\"sameAs\":[\"https:\/\/www.facebook.com\/volcanes.net\/\"]},{\"@type\":\"Person\",\"@id\":\"https:\/\/volcanes.net\/#\/schema\/person\/4bf0f383940966a4abd53f5048c0e6b9\",\"name\":\"admin\",\"image\":{\"@type\":\"ImageObject\",\"inLanguage\":\"es\",\"@id\":\"https:\/\/volcanes.net\/#\/schema\/person\/image\/\",\"url\":\"https:\/\/secure.gravatar.com\/avatar\/ca004e6cba8462b8cb7abc86e382930c?s=96&d=mm&r=g\",\"contentUrl\":\"https:\/\/secure.gravatar.com\/avatar\/ca004e6cba8462b8cb7abc86e382930c?s=96&d=mm&r=g\",\"caption\":\"admin\"}}]}<\/script>\n<!-- \/ Yoast SEO plugin. -->","yoast_head_json":{"title":"Arranca Edil Miguel \u00c1ngel Salom\u00f3n Cort\u00e9s 8 obras con una inversi\u00f3n superior a los 14 millones de pesos - Volcanes","robots":{"index":"index","follow":"follow","max-snippet":"max-snippet:-1","max-image-preview":"max-image-preview:large","max-video-preview":"max-video-preview:-1"},"canonical":"https:\/\/volcanes.net\/?p=5627","og_locale":"es_MX","og_type":"article","og_title":"Arranca Edil Miguel \u00c1ngel Salom\u00f3n Cort\u00e9s 8 obras con una inversi\u00f3n superior a los 14 millones de pesos - Volcanes","og_description":"Amecameca de Ju\u00e1rez, Estado de M\u00e9xico a 14 de octubre de 2019.- Con una inversi\u00f3n","og_url":"https:\/\/volcanes.net\/?p=5627","og_site_name":"Volcanes","article_publisher":"https:\/\/www.facebook.com\/volcanes.net\/","article_published_time":"2019-10-15T02:07:37+00:00","article_modified_time":"2019-10-15T14:45:33+00:00","og_image":[{"width":600,"height":450,"url":"https:\/\/volcanes.net\/wp-content\/uploads\/2019\/10\/72406422_700441567118500_5464890299799044096_n.jpg","type":"image\/jpeg"}],"author":"admin","twitter_card":"summary_large_image","twitter_misc":{"Escrito por":"admin","Tiempo de lectura":"2 minutos"},"schema":{"@context":"https:\/\/schema.org","@graph":[{"@type":"Article","@id":"https:\/\/volcanes.net\/?p=5627#article","isPartOf":{"@id":"https:\/\/volcanes.net\/?p=5627"},"author":{"name":"admin","@id":"https:\/\/volcanes.net\/#\/schema\/person\/4bf0f383940966a4abd53f5048c0e6b9"},"headline":"Arranca Edil Miguel \u00c1ngel Salom\u00f3n Cort\u00e9s 8 obras con una inversi\u00f3n superior a los 14 millones de pesos","datePublished":"2019-10-15T02:07:37+00:00","dateModified":"2019-10-15T14:45:33+00:00","mainEntityOfPage":{"@id":"https:\/\/volcanes.net\/?p=5627"},"wordCount":363,"commentCount":0,"publisher":{"@id":"https:\/\/volcanes.net\/#organization"},"image":{"@id":"https:\/\/volcanes.net\/?p=5627#primaryimage"},"thumbnailUrl":"https:\/\/volcanes.net\/wp-content\/uploads\/2019\/10\/72406422_700441567118500_5464890299799044096_n.jpg","keywords":["Amecameca"],"articleSection":["Municipales"],"inLanguage":"es","potentialAction":[{"@type":"CommentAction","name":"Comment","target":["https:\/\/volcanes.net\/?p=5627#respond"]}]},{"@type":"WebPage","@id":"https:\/\/volcanes.net\/?p=5627","url":"https:\/\/volcanes.net\/?p=5627","name":"Arranca Edil Miguel \u00c1ngel Salom\u00f3n Cort\u00e9s 8 obras con una inversi\u00f3n superior a los 14 millones de pesos - Volcanes","isPartOf":{"@id":"https:\/\/volcanes.net\/#website"},"primaryImageOfPage":{"@id":"https:\/\/volcanes.net\/?p=5627#primaryimage"},"image":{"@id":"https:\/\/volcanes.net\/?p=5627#primaryimage"},"thumbnailUrl":"https:\/\/volcanes.net\/wp-content\/uploads\/2019\/10\/72406422_700441567118500_5464890299799044096_n.jpg","datePublished":"2019-10-15T02:07:37+00:00","dateModified":"2019-10-15T14:45:33+00:00","breadcrumb":{"@id":"https:\/\/volcanes.net\/?p=5627#breadcrumb"},"inLanguage":"es","potentialAction":[{"@type":"ReadAction","target":["https:\/\/volcanes.net\/?p=5627"]}]},{"@type":"ImageObject","inLanguage":"es","@id":"https:\/\/volcanes.net\/?p=5627#primaryimage","url":"https:\/\/volcanes.net\/wp-content\/uploads\/2019\/10\/72406422_700441567118500_5464890299799044096_n.jpg","contentUrl":"https:\/\/volcanes.net\/wp-content\/uploads\/2019\/10\/72406422_700441567118500_5464890299799044096_n.jpg","width":600,"height":450},{"@type":"BreadcrumbList","@id":"https:\/\/volcanes.net\/?p=5627#breadcrumb","itemListElement":[{"@type":"ListItem","position":1,"name":"Portada","item":"https:\/\/volcanes.net\/"},{"@type":"ListItem","position":2,"name":"Arranca Edil Miguel \u00c1ngel Salom\u00f3n Cort\u00e9s 8 obras con una inversi\u00f3n superior a los 14 millones de pesos"}]},{"@type":"WebSite","@id":"https:\/\/volcanes.net\/#website","url":"https:\/\/volcanes.net\/","name":"Volcanes.Net","description":"Periodismo Profesional","publisher":{"@id":"https:\/\/volcanes.net\/#organization"},"potentialAction":[{"@type":"SearchAction","target":{"@type":"EntryPoint","urlTemplate":"https:\/\/volcanes.net\/?s={search_term_string}"},"query-input":{"@type":"PropertyValueSpecification","valueRequired":true,"valueName":"search_term_string"}}],"inLanguage":"es"},{"@type":"Organization","@id":"https:\/\/volcanes.net\/#organization","name":"Grupo Volcanes","url":"https:\/\/volcanes.net\/","logo":{"@type":"ImageObject","inLanguage":"es","@id":"https:\/\/volcanes.net\/#\/schema\/logo\/image\/","url":"http:\/\/volcanes.net\/wp-content\/uploads\/2017\/12\/Avatar2.jpg","contentUrl":"http:\/\/volcanes.net\/wp-content\/uploads\/2017\/12\/Avatar2.jpg","width":378,"height":378,"caption":"Grupo Volcanes"},"image":{"@id":"https:\/\/volcanes.net\/#\/schema\/logo\/image\/"},"sameAs":["https:\/\/www.facebook.com\/volcanes.net\/"]},{"@type":"Person","@id":"https:\/\/volcanes.net\/#\/schema\/person\/4bf0f383940966a4abd53f5048c0e6b9","name":"admin","image":{"@type":"ImageObject","inLanguage":"es","@id":"https:\/\/volcanes.net\/#\/schema\/person\/image\/","url":"https:\/\/secure.gravatar.com\/avatar\/ca004e6cba8462b8cb7abc86e382930c?s=96&d=mm&r=g","contentUrl":"https:\/\/secure.gravatar.com\/avatar\/ca004e6cba8462b8cb7abc86e382930c?s=96&d=mm&r=g","caption":"admin"}}]}},"_links":{"self":[{"href":"https:\/\/volcanes.net\/index.php?rest_route=\/wp\/v2\/posts\/5627"}],"collection":[{"href":"https:\/\/volcanes.net\/index.php?rest_route=\/wp\/v2\/posts"}],"about":[{"href":"https:\/\/volcanes.net\/index.php?rest_route=\/wp\/v2\/types\/post"}],"author":[{"embeddable":true,"href":"https:\/\/volcanes.net\/index.php?rest_route=\/wp\/v2\/users\/1"}],"replies":[{"embeddable":true,"href":"https:\/\/volcanes.net\/index.php?rest_route=%2Fwp%2Fv2%2Fcomments&post=5627"}],"version-history":[{"count":2,"href":"https:\/\/volcanes.net\/index.php?rest_route=\/wp\/v2\/posts\/5627\/revisions"}],"predecessor-version":[{"id":5637,"href":"https:\/\/volcanes.net\/index.php?rest_route=\/wp\/v2\/posts\/5627\/revisions\/5637"}],"wp:featuredmedia":[{"embeddable":true,"href":"https:\/\/volcanes.net\/index.php?rest_route=\/wp\/v2\/media\/5623"}],"wp:attachment":[{"href":"https:\/\/volcanes.net\/index.php?rest_route=%2Fwp%2Fv2%2Fmedia&parent=5627"}],"wp:term":[{"taxonomy":"category","embeddable":true,"href":"https:\/\/volcanes.net\/index.php?rest_route=%2Fwp%2Fv2%2Fcategories&post=5627"},{"taxonomy":"post_tag","embeddable":true,"href":"https:\/\/volcanes.net\/index.php?rest_route=%2Fwp%2Fv2%2Ftags&post=5627"}],"curies":[{"name":"wp","href":"https:\/\/api.w.org\/{rel}","templated":true}]}}