{"id":5632,"date":"2019-10-15T06:17:05","date_gmt":"2019-10-15T12:17:05","guid":{"rendered":"http:\/\/volcanes.net\/?p=5632"},"modified":"2019-10-15T06:17:05","modified_gmt":"2019-10-15T12:17:05","slug":"celebran-25-aniversario-de-casa-de-cultura-en-ayapango","status":"publish","type":"post","link":"https:\/\/volcanes.net\/?p=5632","title":{"rendered":"Celebran 25 aniversario de casa de cultura en #Ayapango"},"content":{"rendered":"<div style=\"margin-top: 0px; margin-bottom: 0px;\" class=\"sharethis-inline-share-buttons\" ><\/div><p>Ayapango, Estado de M\u00e9xico. &#8211; En el municipio de Ayapango celebro el Vig\u00e9simo Quinto Aniversario de Casa de Cultura \u201cAquiauhtzin\u201d encabezado por el presidente municipal Martin Vel\u00e1zquez Soriano.<\/p>\n<p>mencion\u00f3 que un espacio dedicado a la cultura y las artes, reconociendo a aquel hombre ind\u00edgena llamado Aquiauhtzin, autor del canto a las mujeres de Chalco, conocido tambi\u00e9n con el nombre de La Enemiga<\/p>\n<p>indic\u00f3 que se implementan diferentes talleres entre ellos, danza, pintura en madera, m\u00fasica, corte de cabello Geometria en madera<\/p>\n<p>A la vez mencion\u00f3 que desde sus inicios ha buscado otorgar a la poblaci\u00f3n un\u00a0lugar de potencializar sus talentos y habilidades y que cada uno de los que asisten y han asistido a este recinto puedan crecer y desarrollarse en un ambiente sano, en la cultura y las artes.<\/p>\n<p>&nbsp;<\/p>\n<p>Finaliz\u00f3 \u00a0Comprometi\u00e9ndose \u00a0a seguir transformando Ayapango, implementando este tipo de actividades culturales, donde cada sector de la poblaci\u00f3n puedan seguir participando y hacer de Ayapango una verdadera\u00a0<a href=\"https:\/\/www.facebook.com\/hashtag\/tierraquecrece?source=feed_text&amp;epa=HASHTAG&amp;__xts__%5B0%5D=68.ARB0P-u2o4lT5q5_SnJl0nKOg9AzfAeqHYVzFEmiY8rhfQkyH_ZLtPS-HgaRc9DGDKlnjvfY9WN-jALmEp0upPNAPcZKe8H477kvHqOHC7Yuv6tgofErwg9O6y-AB2HW4A4bCNkb4gztXq9bx1s-rRQK4_A3YHNpEvTxYnxYJu1CDIgiMF3ovymHtnEnF3YOM9XaE5RB480pla7_KlydUBEPikkfgimMYSi3yih8wKwU_Nn2kbZqyXD22foTqO9ySyJjUPUSrpMyZZOvRcw-6E0BJYq1_0YHjwvkBRx8MXkXLp-7DzCPzBSKBnuxlgbxcn8CPN6HrKMwa54LzcSg5W9KiYWrV_eKrmoT22OwQZ5pHSPYFtgqRHntVCRWgL1vtdQFRCqIIr0Nu0uTpkTQLZzwO1jww8EJ2p5iC0qhbJY4kZAxN3v37-imrkpPCp8QkL9u3YZ2IhgoEnVX9A&amp;__tn__=%2ANK-R\" data-ft=\"{&quot;type&quot;:104,&quot;tn&quot;:&quot;*N&quot;}\"><span aria-label=\"hashtag\">Tierra que Crece<\/span><\/a>.<\/p>\n","protected":false},"excerpt":{"rendered":"<p>Ayapango, Estado de M\u00e9xico. &#8211; En el municipio de Ayapango celebro el Vig\u00e9simo Quinto Aniversario<\/p>\n","protected":false},"author":1,"featured_media":5633,"comment_status":"open","ping_status":"open","sticky":false,"template":"","format":"standard","meta":{"footnotes":""},"categories":[1],"tags":[57],"class_list":["post-5632","post","type-post","status-publish","format-standard","has-post-thumbnail","hentry","category-municipales","tag-ayapango"],"yoast_head":"<!-- This site is optimized with the Yoast SEO plugin v25.3 - https:\/\/yoast.com\/wordpress\/plugins\/seo\/ -->\n<title>Celebran 25 aniversario de casa de cultura en #Ayapango - Volcanes<\/title>\n<meta name=\"robots\" content=\"index, follow, max-snippet:-1, max-image-preview:large, max-video-preview:-1\" \/>\n<link rel=\"canonical\" href=\"https:\/\/volcanes.net\/?p=5632\" \/>\n<meta property=\"og:locale\" content=\"es_MX\" \/>\n<meta property=\"og:type\" content=\"article\" \/>\n<meta property=\"og:title\" content=\"Celebran 25 aniversario de casa de cultura en #Ayapango - Volcanes\" \/>\n<meta property=\"og:description\" content=\"Ayapango, Estado de M\u00e9xico. &#8211; En el municipio de Ayapango celebro el Vig\u00e9simo Quinto Aniversario\" \/>\n<meta property=\"og:url\" content=\"https:\/\/volcanes.net\/?p=5632\" \/>\n<meta property=\"og:site_name\" content=\"Volcanes\" \/>\n<meta property=\"article:publisher\" content=\"https:\/\/www.facebook.com\/volcanes.net\/\" \/>\n<meta property=\"article:published_time\" content=\"2019-10-15T12:17:05+00:00\" \/>\n<meta property=\"og:image\" content=\"https:\/\/volcanes.net\/wp-content\/uploads\/2019\/10\/72767522_948071988905951_8942634523208712192_n.jpg\" \/>\n\t<meta property=\"og:image:width\" content=\"600\" \/>\n\t<meta property=\"og:image:height\" content=\"339\" \/>\n\t<meta property=\"og:image:type\" content=\"image\/jpeg\" \/>\n<meta name=\"author\" content=\"admin\" \/>\n<meta name=\"twitter:card\" content=\"summary_large_image\" \/>\n<meta name=\"twitter:label1\" content=\"Escrito por\" \/>\n\t<meta name=\"twitter:data1\" content=\"admin\" \/>\n\t<meta name=\"twitter:label2\" content=\"Tiempo de lectura\" \/>\n\t<meta name=\"twitter:data2\" content=\"1 minuto\" \/>\n<script type=\"application\/ld+json\" class=\"yoast-schema-graph\">{\"@context\":\"https:\/\/schema.org\",\"@graph\":[{\"@type\":\"Article\",\"@id\":\"https:\/\/volcanes.net\/?p=5632#article\",\"isPartOf\":{\"@id\":\"https:\/\/volcanes.net\/?p=5632\"},\"author\":{\"name\":\"admin\",\"@id\":\"https:\/\/volcanes.net\/#\/schema\/person\/4bf0f383940966a4abd53f5048c0e6b9\"},\"headline\":\"Celebran 25 aniversario de casa de cultura en #Ayapango\",\"datePublished\":\"2019-10-15T12:17:05+00:00\",\"mainEntityOfPage\":{\"@id\":\"https:\/\/volcanes.net\/?p=5632\"},\"wordCount\":179,\"commentCount\":0,\"publisher\":{\"@id\":\"https:\/\/volcanes.net\/#organization\"},\"image\":{\"@id\":\"https:\/\/volcanes.net\/?p=5632#primaryimage\"},\"thumbnailUrl\":\"https:\/\/volcanes.net\/wp-content\/uploads\/2019\/10\/72767522_948071988905951_8942634523208712192_n.jpg\",\"keywords\":[\"Ayapango\"],\"articleSection\":[\"Municipales\"],\"inLanguage\":\"es\",\"potentialAction\":[{\"@type\":\"CommentAction\",\"name\":\"Comment\",\"target\":[\"https:\/\/volcanes.net\/?p=5632#respond\"]}]},{\"@type\":\"WebPage\",\"@id\":\"https:\/\/volcanes.net\/?p=5632\",\"url\":\"https:\/\/volcanes.net\/?p=5632\",\"name\":\"Celebran 25 aniversario de casa de cultura en #Ayapango - Volcanes\",\"isPartOf\":{\"@id\":\"https:\/\/volcanes.net\/#website\"},\"primaryImageOfPage\":{\"@id\":\"https:\/\/volcanes.net\/?p=5632#primaryimage\"},\"image\":{\"@id\":\"https:\/\/volcanes.net\/?p=5632#primaryimage\"},\"thumbnailUrl\":\"https:\/\/volcanes.net\/wp-content\/uploads\/2019\/10\/72767522_948071988905951_8942634523208712192_n.jpg\",\"datePublished\":\"2019-10-15T12:17:05+00:00\",\"breadcrumb\":{\"@id\":\"https:\/\/volcanes.net\/?p=5632#breadcrumb\"},\"inLanguage\":\"es\",\"potentialAction\":[{\"@type\":\"ReadAction\",\"target\":[\"https:\/\/volcanes.net\/?p=5632\"]}]},{\"@type\":\"ImageObject\",\"inLanguage\":\"es\",\"@id\":\"https:\/\/volcanes.net\/?p=5632#primaryimage\",\"url\":\"https:\/\/volcanes.net\/wp-content\/uploads\/2019\/10\/72767522_948071988905951_8942634523208712192_n.jpg\",\"contentUrl\":\"https:\/\/volcanes.net\/wp-content\/uploads\/2019\/10\/72767522_948071988905951_8942634523208712192_n.jpg\",\"width\":600,\"height\":339},{\"@type\":\"BreadcrumbList\",\"@id\":\"https:\/\/volcanes.net\/?p=5632#breadcrumb\",\"itemListElement\":[{\"@type\":\"ListItem\",\"position\":1,\"name\":\"Portada\",\"item\":\"https:\/\/volcanes.net\/\"},{\"@type\":\"ListItem\",\"position\":2,\"name\":\"Celebran 25 aniversario de casa de cultura en #Ayapango\"}]},{\"@type\":\"WebSite\",\"@id\":\"https:\/\/volcanes.net\/#website\",\"url\":\"https:\/\/volcanes.net\/\",\"name\":\"Volcanes.Net\",\"description\":\"Periodismo Profesional\",\"publisher\":{\"@id\":\"https:\/\/volcanes.net\/#organization\"},\"potentialAction\":[{\"@type\":\"SearchAction\",\"target\":{\"@type\":\"EntryPoint\",\"urlTemplate\":\"https:\/\/volcanes.net\/?s={search_term_string}\"},\"query-input\":{\"@type\":\"PropertyValueSpecification\",\"valueRequired\":true,\"valueName\":\"search_term_string\"}}],\"inLanguage\":\"es\"},{\"@type\":\"Organization\",\"@id\":\"https:\/\/volcanes.net\/#organization\",\"name\":\"Grupo Volcanes\",\"url\":\"https:\/\/volcanes.net\/\",\"logo\":{\"@type\":\"ImageObject\",\"inLanguage\":\"es\",\"@id\":\"https:\/\/volcanes.net\/#\/schema\/logo\/image\/\",\"url\":\"http:\/\/volcanes.net\/wp-content\/uploads\/2017\/12\/Avatar2.jpg\",\"contentUrl\":\"http:\/\/volcanes.net\/wp-content\/uploads\/2017\/12\/Avatar2.jpg\",\"width\":378,\"height\":378,\"caption\":\"Grupo Volcanes\"},\"image\":{\"@id\":\"https:\/\/volcanes.net\/#\/schema\/logo\/image\/\"},\"sameAs\":[\"https:\/\/www.facebook.com\/volcanes.net\/\"]},{\"@type\":\"Person\",\"@id\":\"https:\/\/volcanes.net\/#\/schema\/person\/4bf0f383940966a4abd53f5048c0e6b9\",\"name\":\"admin\",\"image\":{\"@type\":\"ImageObject\",\"inLanguage\":\"es\",\"@id\":\"https:\/\/volcanes.net\/#\/schema\/person\/image\/\",\"url\":\"https:\/\/secure.gravatar.com\/avatar\/ca004e6cba8462b8cb7abc86e382930c?s=96&d=mm&r=g\",\"contentUrl\":\"https:\/\/secure.gravatar.com\/avatar\/ca004e6cba8462b8cb7abc86e382930c?s=96&d=mm&r=g\",\"caption\":\"admin\"}}]}<\/script>\n<!-- \/ Yoast SEO plugin. -->","yoast_head_json":{"title":"Celebran 25 aniversario de casa de cultura en #Ayapango - Volcanes","robots":{"index":"index","follow":"follow","max-snippet":"max-snippet:-1","max-image-preview":"max-image-preview:large","max-video-preview":"max-video-preview:-1"},"canonical":"https:\/\/volcanes.net\/?p=5632","og_locale":"es_MX","og_type":"article","og_title":"Celebran 25 aniversario de casa de cultura en #Ayapango - Volcanes","og_description":"Ayapango, Estado de M\u00e9xico. &#8211; En el municipio de Ayapango celebro el Vig\u00e9simo Quinto Aniversario","og_url":"https:\/\/volcanes.net\/?p=5632","og_site_name":"Volcanes","article_publisher":"https:\/\/www.facebook.com\/volcanes.net\/","article_published_time":"2019-10-15T12:17:05+00:00","og_image":[{"width":600,"height":339,"url":"https:\/\/volcanes.net\/wp-content\/uploads\/2019\/10\/72767522_948071988905951_8942634523208712192_n.jpg","type":"image\/jpeg"}],"author":"admin","twitter_card":"summary_large_image","twitter_misc":{"Escrito por":"admin","Tiempo de lectura":"1 minuto"},"schema":{"@context":"https:\/\/schema.org","@graph":[{"@type":"Article","@id":"https:\/\/volcanes.net\/?p=5632#article","isPartOf":{"@id":"https:\/\/volcanes.net\/?p=5632"},"author":{"name":"admin","@id":"https:\/\/volcanes.net\/#\/schema\/person\/4bf0f383940966a4abd53f5048c0e6b9"},"headline":"Celebran 25 aniversario de casa de cultura en #Ayapango","datePublished":"2019-10-15T12:17:05+00:00","mainEntityOfPage":{"@id":"https:\/\/volcanes.net\/?p=5632"},"wordCount":179,"commentCount":0,"publisher":{"@id":"https:\/\/volcanes.net\/#organization"},"image":{"@id":"https:\/\/volcanes.net\/?p=5632#primaryimage"},"thumbnailUrl":"https:\/\/volcanes.net\/wp-content\/uploads\/2019\/10\/72767522_948071988905951_8942634523208712192_n.jpg","keywords":["Ayapango"],"articleSection":["Municipales"],"inLanguage":"es","potentialAction":[{"@type":"CommentAction","name":"Comment","target":["https:\/\/volcanes.net\/?p=5632#respond"]}]},{"@type":"WebPage","@id":"https:\/\/volcanes.net\/?p=5632","url":"https:\/\/volcanes.net\/?p=5632","name":"Celebran 25 aniversario de casa de cultura en #Ayapango - Volcanes","isPartOf":{"@id":"https:\/\/volcanes.net\/#website"},"primaryImageOfPage":{"@id":"https:\/\/volcanes.net\/?p=5632#primaryimage"},"image":{"@id":"https:\/\/volcanes.net\/?p=5632#primaryimage"},"thumbnailUrl":"https:\/\/volcanes.net\/wp-content\/uploads\/2019\/10\/72767522_948071988905951_8942634523208712192_n.jpg","datePublished":"2019-10-15T12:17:05+00:00","breadcrumb":{"@id":"https:\/\/volcanes.net\/?p=5632#breadcrumb"},"inLanguage":"es","potentialAction":[{"@type":"ReadAction","target":["https:\/\/volcanes.net\/?p=5632"]}]},{"@type":"ImageObject","inLanguage":"es","@id":"https:\/\/volcanes.net\/?p=5632#primaryimage","url":"https:\/\/volcanes.net\/wp-content\/uploads\/2019\/10\/72767522_948071988905951_8942634523208712192_n.jpg","contentUrl":"https:\/\/volcanes.net\/wp-content\/uploads\/2019\/10\/72767522_948071988905951_8942634523208712192_n.jpg","width":600,"height":339},{"@type":"BreadcrumbList","@id":"https:\/\/volcanes.net\/?p=5632#breadcrumb","itemListElement":[{"@type":"ListItem","position":1,"name":"Portada","item":"https:\/\/volcanes.net\/"},{"@type":"ListItem","position":2,"name":"Celebran 25 aniversario de casa de cultura en #Ayapango"}]},{"@type":"WebSite","@id":"https:\/\/volcanes.net\/#website","url":"https:\/\/volcanes.net\/","name":"Volcanes.Net","description":"Periodismo Profesional","publisher":{"@id":"https:\/\/volcanes.net\/#organization"},"potentialAction":[{"@type":"SearchAction","target":{"@type":"EntryPoint","urlTemplate":"https:\/\/volcanes.net\/?s={search_term_string}"},"query-input":{"@type":"PropertyValueSpecification","valueRequired":true,"valueName":"search_term_string"}}],"inLanguage":"es"},{"@type":"Organization","@id":"https:\/\/volcanes.net\/#organization","name":"Grupo Volcanes","url":"https:\/\/volcanes.net\/","logo":{"@type":"ImageObject","inLanguage":"es","@id":"https:\/\/volcanes.net\/#\/schema\/logo\/image\/","url":"http:\/\/volcanes.net\/wp-content\/uploads\/2017\/12\/Avatar2.jpg","contentUrl":"http:\/\/volcanes.net\/wp-content\/uploads\/2017\/12\/Avatar2.jpg","width":378,"height":378,"caption":"Grupo Volcanes"},"image":{"@id":"https:\/\/volcanes.net\/#\/schema\/logo\/image\/"},"sameAs":["https:\/\/www.facebook.com\/volcanes.net\/"]},{"@type":"Person","@id":"https:\/\/volcanes.net\/#\/schema\/person\/4bf0f383940966a4abd53f5048c0e6b9","name":"admin","image":{"@type":"ImageObject","inLanguage":"es","@id":"https:\/\/volcanes.net\/#\/schema\/person\/image\/","url":"https:\/\/secure.gravatar.com\/avatar\/ca004e6cba8462b8cb7abc86e382930c?s=96&d=mm&r=g","contentUrl":"https:\/\/secure.gravatar.com\/avatar\/ca004e6cba8462b8cb7abc86e382930c?s=96&d=mm&r=g","caption":"admin"}}]}},"_links":{"self":[{"href":"https:\/\/volcanes.net\/index.php?rest_route=\/wp\/v2\/posts\/5632"}],"collection":[{"href":"https:\/\/volcanes.net\/index.php?rest_route=\/wp\/v2\/posts"}],"about":[{"href":"https:\/\/volcanes.net\/index.php?rest_route=\/wp\/v2\/types\/post"}],"author":[{"embeddable":true,"href":"https:\/\/volcanes.net\/index.php?rest_route=\/wp\/v2\/users\/1"}],"replies":[{"embeddable":true,"href":"https:\/\/volcanes.net\/index.php?rest_route=%2Fwp%2Fv2%2Fcomments&post=5632"}],"version-history":[{"count":1,"href":"https:\/\/volcanes.net\/index.php?rest_route=\/wp\/v2\/posts\/5632\/revisions"}],"predecessor-version":[{"id":5634,"href":"https:\/\/volcanes.net\/index.php?rest_route=\/wp\/v2\/posts\/5632\/revisions\/5634"}],"wp:featuredmedia":[{"embeddable":true,"href":"https:\/\/volcanes.net\/index.php?rest_route=\/wp\/v2\/media\/5633"}],"wp:attachment":[{"href":"https:\/\/volcanes.net\/index.php?rest_route=%2Fwp%2Fv2%2Fmedia&parent=5632"}],"wp:term":[{"taxonomy":"category","embeddable":true,"href":"https:\/\/volcanes.net\/index.php?rest_route=%2Fwp%2Fv2%2Fcategories&post=5632"},{"taxonomy":"post_tag","embeddable":true,"href":"https:\/\/volcanes.net\/index.php?rest_route=%2Fwp%2Fv2%2Ftags&post=5632"}],"curies":[{"name":"wp","href":"https:\/\/api.w.org\/{rel}","templated":true}]}}