{"id":5644,"date":"2019-10-17T05:48:24","date_gmt":"2019-10-17T11:48:24","guid":{"rendered":"http:\/\/volcanes.net\/?p=5644"},"modified":"2019-10-17T05:48:24","modified_gmt":"2019-10-17T11:48:24","slug":"realizan-en-amecameca-feria-integral-de-servicios-para-personas-adultas-mayores","status":"publish","type":"post","link":"https:\/\/volcanes.net\/?p=5644","title":{"rendered":"Realizan en #Amecameca Feria Integral de Servicios para Personas Adultas Mayores"},"content":{"rendered":"<div style=\"margin-top: 0px; margin-bottom: 0px;\" class=\"sharethis-inline-share-buttons\" ><\/div><p>Amecameca,Estado de M\u00e9xico.- En el municipio\u00a0 de Amecameca se realizo la inauguraci\u00f3n de la \u201cFeria Integral de Servicios para Personas Adultas Mayores\u201d, encabezada por el Comisionado Ejecutivo Rolando Castellanos Hern\u00e1ndez, el Presidente Municipal Miguel \u00c1ngel Salom\u00f3n Cort\u00e9s.<\/p>\n<p>Mencion\u00f3 el presidente municipal agradeci\u00f3 al Gobernador Alfredo Del Mazo Maza, por su visionaria atenci\u00f3n a los adultos mayores, al concentrar en un solo lugar muchos de los servicios que ellos necesitan.<\/p>\n<p>En su intervenci\u00f3n Betshabe Amparo Reza Cort\u00e9s, Directora de Bienestar Social para Adultos Mayores del Consejo Estatal de la Mujer y el Bienestar Social, reconoci\u00f3 la necesidad de recuperar los principios y valores para atender de mejor manera a nuestros abuelitos, velar por ellos y protegerlos.<\/p>\n<p>A la vez\u00a0 la Presidenta del sistema DIF municipal, Patricia Mayola Tufi\u00f1o Carranza, reconoci\u00f3 el apoyo que el gobierno municipal brinda a los Adultos Mayores y refrend\u00f3 su compromiso por realizar m\u00e1s gestiones a favor de este sector de la poblaci\u00f3n.<br \/>\nRolando Castellanos Hern\u00e1ndez, Comisionado Ejecutivo y representante del Gobernador Alfredo del Mazo Maza, reconoci\u00f3 el trabajo de todas las instituciones participantes y agradeci\u00f3 la participaci\u00f3n de los adultos mayores de quienes dijo \u201cson una prioridad para el gobierno del Estado de M\u00e9xico\u201d.<\/p>\n<p>Antes de realizar el tradicional corte de list\u00f3n, entregaron a 3 personas igual n\u00famero de aparatos funcionales, posteriormente recorrieron los stands donde se brindaban consultas m\u00e9dicas, gerontol\u00f3gicas y psicol\u00f3gicas; adem\u00e1s de asesor\u00edas por IMEVIS, el Registro Civil, Atenci\u00f3n a V\u00edctimas, informaci\u00f3n tur\u00edsticas, entre otras.<\/p>\n","protected":false},"excerpt":{"rendered":"<p>Amecameca,Estado de M\u00e9xico.- En el municipio\u00a0 de Amecameca se realizo la inauguraci\u00f3n de la \u201cFeria<\/p>\n","protected":false},"author":1,"featured_media":5645,"comment_status":"open","ping_status":"open","sticky":false,"template":"","format":"standard","meta":{"footnotes":""},"categories":[1],"tags":[],"class_list":["post-5644","post","type-post","status-publish","format-standard","has-post-thumbnail","hentry","category-municipales"],"yoast_head":"<!-- This site is optimized with the Yoast SEO plugin v25.3 - https:\/\/yoast.com\/wordpress\/plugins\/seo\/ -->\n<title>Realizan en #Amecameca Feria Integral de Servicios para Personas Adultas Mayores - Volcanes<\/title>\n<meta name=\"robots\" content=\"index, follow, max-snippet:-1, max-image-preview:large, max-video-preview:-1\" \/>\n<link rel=\"canonical\" href=\"https:\/\/volcanes.net\/?p=5644\" \/>\n<meta property=\"og:locale\" content=\"es_MX\" \/>\n<meta property=\"og:type\" content=\"article\" \/>\n<meta property=\"og:title\" content=\"Realizan en #Amecameca Feria Integral de Servicios para Personas Adultas Mayores - Volcanes\" \/>\n<meta property=\"og:description\" content=\"Amecameca,Estado de M\u00e9xico.- En el municipio\u00a0 de Amecameca se realizo la inauguraci\u00f3n de la \u201cFeria\" \/>\n<meta property=\"og:url\" content=\"https:\/\/volcanes.net\/?p=5644\" \/>\n<meta property=\"og:site_name\" content=\"Volcanes\" \/>\n<meta property=\"article:publisher\" content=\"https:\/\/www.facebook.com\/volcanes.net\/\" \/>\n<meta property=\"article:published_time\" content=\"2019-10-17T11:48:24+00:00\" \/>\n<meta property=\"og:image\" content=\"https:\/\/volcanes.net\/wp-content\/uploads\/2019\/10\/ddae9efc-8930-4cca-9f02-4808d80a076f.jpg\" \/>\n\t<meta property=\"og:image:width\" content=\"600\" \/>\n\t<meta property=\"og:image:height\" content=\"337\" \/>\n\t<meta property=\"og:image:type\" content=\"image\/jpeg\" \/>\n<meta name=\"author\" content=\"admin\" \/>\n<meta name=\"twitter:card\" content=\"summary_large_image\" \/>\n<meta name=\"twitter:label1\" content=\"Escrito por\" \/>\n\t<meta name=\"twitter:data1\" content=\"admin\" \/>\n\t<meta name=\"twitter:label2\" content=\"Tiempo de lectura\" \/>\n\t<meta name=\"twitter:data2\" content=\"1 minuto\" \/>\n<script type=\"application\/ld+json\" class=\"yoast-schema-graph\">{\"@context\":\"https:\/\/schema.org\",\"@graph\":[{\"@type\":\"Article\",\"@id\":\"https:\/\/volcanes.net\/?p=5644#article\",\"isPartOf\":{\"@id\":\"https:\/\/volcanes.net\/?p=5644\"},\"author\":{\"name\":\"admin\",\"@id\":\"https:\/\/volcanes.net\/#\/schema\/person\/4bf0f383940966a4abd53f5048c0e6b9\"},\"headline\":\"Realizan en #Amecameca Feria Integral de Servicios para Personas Adultas Mayores\",\"datePublished\":\"2019-10-17T11:48:24+00:00\",\"mainEntityOfPage\":{\"@id\":\"https:\/\/volcanes.net\/?p=5644\"},\"wordCount\":279,\"commentCount\":0,\"publisher\":{\"@id\":\"https:\/\/volcanes.net\/#organization\"},\"image\":{\"@id\":\"https:\/\/volcanes.net\/?p=5644#primaryimage\"},\"thumbnailUrl\":\"https:\/\/volcanes.net\/wp-content\/uploads\/2019\/10\/ddae9efc-8930-4cca-9f02-4808d80a076f.jpg\",\"articleSection\":[\"Municipales\"],\"inLanguage\":\"es\",\"potentialAction\":[{\"@type\":\"CommentAction\",\"name\":\"Comment\",\"target\":[\"https:\/\/volcanes.net\/?p=5644#respond\"]}]},{\"@type\":\"WebPage\",\"@id\":\"https:\/\/volcanes.net\/?p=5644\",\"url\":\"https:\/\/volcanes.net\/?p=5644\",\"name\":\"Realizan en #Amecameca Feria Integral de Servicios para Personas Adultas Mayores - Volcanes\",\"isPartOf\":{\"@id\":\"https:\/\/volcanes.net\/#website\"},\"primaryImageOfPage\":{\"@id\":\"https:\/\/volcanes.net\/?p=5644#primaryimage\"},\"image\":{\"@id\":\"https:\/\/volcanes.net\/?p=5644#primaryimage\"},\"thumbnailUrl\":\"https:\/\/volcanes.net\/wp-content\/uploads\/2019\/10\/ddae9efc-8930-4cca-9f02-4808d80a076f.jpg\",\"datePublished\":\"2019-10-17T11:48:24+00:00\",\"breadcrumb\":{\"@id\":\"https:\/\/volcanes.net\/?p=5644#breadcrumb\"},\"inLanguage\":\"es\",\"potentialAction\":[{\"@type\":\"ReadAction\",\"target\":[\"https:\/\/volcanes.net\/?p=5644\"]}]},{\"@type\":\"ImageObject\",\"inLanguage\":\"es\",\"@id\":\"https:\/\/volcanes.net\/?p=5644#primaryimage\",\"url\":\"https:\/\/volcanes.net\/wp-content\/uploads\/2019\/10\/ddae9efc-8930-4cca-9f02-4808d80a076f.jpg\",\"contentUrl\":\"https:\/\/volcanes.net\/wp-content\/uploads\/2019\/10\/ddae9efc-8930-4cca-9f02-4808d80a076f.jpg\",\"width\":600,\"height\":337},{\"@type\":\"BreadcrumbList\",\"@id\":\"https:\/\/volcanes.net\/?p=5644#breadcrumb\",\"itemListElement\":[{\"@type\":\"ListItem\",\"position\":1,\"name\":\"Portada\",\"item\":\"https:\/\/volcanes.net\/\"},{\"@type\":\"ListItem\",\"position\":2,\"name\":\"Realizan en #Amecameca Feria Integral de Servicios para Personas Adultas Mayores\"}]},{\"@type\":\"WebSite\",\"@id\":\"https:\/\/volcanes.net\/#website\",\"url\":\"https:\/\/volcanes.net\/\",\"name\":\"Volcanes.Net\",\"description\":\"Periodismo Profesional\",\"publisher\":{\"@id\":\"https:\/\/volcanes.net\/#organization\"},\"potentialAction\":[{\"@type\":\"SearchAction\",\"target\":{\"@type\":\"EntryPoint\",\"urlTemplate\":\"https:\/\/volcanes.net\/?s={search_term_string}\"},\"query-input\":{\"@type\":\"PropertyValueSpecification\",\"valueRequired\":true,\"valueName\":\"search_term_string\"}}],\"inLanguage\":\"es\"},{\"@type\":\"Organization\",\"@id\":\"https:\/\/volcanes.net\/#organization\",\"name\":\"Grupo Volcanes\",\"url\":\"https:\/\/volcanes.net\/\",\"logo\":{\"@type\":\"ImageObject\",\"inLanguage\":\"es\",\"@id\":\"https:\/\/volcanes.net\/#\/schema\/logo\/image\/\",\"url\":\"http:\/\/volcanes.net\/wp-content\/uploads\/2017\/12\/Avatar2.jpg\",\"contentUrl\":\"http:\/\/volcanes.net\/wp-content\/uploads\/2017\/12\/Avatar2.jpg\",\"width\":378,\"height\":378,\"caption\":\"Grupo Volcanes\"},\"image\":{\"@id\":\"https:\/\/volcanes.net\/#\/schema\/logo\/image\/\"},\"sameAs\":[\"https:\/\/www.facebook.com\/volcanes.net\/\"]},{\"@type\":\"Person\",\"@id\":\"https:\/\/volcanes.net\/#\/schema\/person\/4bf0f383940966a4abd53f5048c0e6b9\",\"name\":\"admin\",\"image\":{\"@type\":\"ImageObject\",\"inLanguage\":\"es\",\"@id\":\"https:\/\/volcanes.net\/#\/schema\/person\/image\/\",\"url\":\"https:\/\/secure.gravatar.com\/avatar\/ca004e6cba8462b8cb7abc86e382930c?s=96&d=mm&r=g\",\"contentUrl\":\"https:\/\/secure.gravatar.com\/avatar\/ca004e6cba8462b8cb7abc86e382930c?s=96&d=mm&r=g\",\"caption\":\"admin\"}}]}<\/script>\n<!-- \/ Yoast SEO plugin. -->","yoast_head_json":{"title":"Realizan en #Amecameca Feria Integral de Servicios para Personas Adultas Mayores - Volcanes","robots":{"index":"index","follow":"follow","max-snippet":"max-snippet:-1","max-image-preview":"max-image-preview:large","max-video-preview":"max-video-preview:-1"},"canonical":"https:\/\/volcanes.net\/?p=5644","og_locale":"es_MX","og_type":"article","og_title":"Realizan en #Amecameca Feria Integral de Servicios para Personas Adultas Mayores - Volcanes","og_description":"Amecameca,Estado de M\u00e9xico.- En el municipio\u00a0 de Amecameca se realizo la inauguraci\u00f3n de la \u201cFeria","og_url":"https:\/\/volcanes.net\/?p=5644","og_site_name":"Volcanes","article_publisher":"https:\/\/www.facebook.com\/volcanes.net\/","article_published_time":"2019-10-17T11:48:24+00:00","og_image":[{"width":600,"height":337,"url":"https:\/\/volcanes.net\/wp-content\/uploads\/2019\/10\/ddae9efc-8930-4cca-9f02-4808d80a076f.jpg","type":"image\/jpeg"}],"author":"admin","twitter_card":"summary_large_image","twitter_misc":{"Escrito por":"admin","Tiempo de lectura":"1 minuto"},"schema":{"@context":"https:\/\/schema.org","@graph":[{"@type":"Article","@id":"https:\/\/volcanes.net\/?p=5644#article","isPartOf":{"@id":"https:\/\/volcanes.net\/?p=5644"},"author":{"name":"admin","@id":"https:\/\/volcanes.net\/#\/schema\/person\/4bf0f383940966a4abd53f5048c0e6b9"},"headline":"Realizan en #Amecameca Feria Integral de Servicios para Personas Adultas Mayores","datePublished":"2019-10-17T11:48:24+00:00","mainEntityOfPage":{"@id":"https:\/\/volcanes.net\/?p=5644"},"wordCount":279,"commentCount":0,"publisher":{"@id":"https:\/\/volcanes.net\/#organization"},"image":{"@id":"https:\/\/volcanes.net\/?p=5644#primaryimage"},"thumbnailUrl":"https:\/\/volcanes.net\/wp-content\/uploads\/2019\/10\/ddae9efc-8930-4cca-9f02-4808d80a076f.jpg","articleSection":["Municipales"],"inLanguage":"es","potentialAction":[{"@type":"CommentAction","name":"Comment","target":["https:\/\/volcanes.net\/?p=5644#respond"]}]},{"@type":"WebPage","@id":"https:\/\/volcanes.net\/?p=5644","url":"https:\/\/volcanes.net\/?p=5644","name":"Realizan en #Amecameca Feria Integral de Servicios para Personas Adultas Mayores - Volcanes","isPartOf":{"@id":"https:\/\/volcanes.net\/#website"},"primaryImageOfPage":{"@id":"https:\/\/volcanes.net\/?p=5644#primaryimage"},"image":{"@id":"https:\/\/volcanes.net\/?p=5644#primaryimage"},"thumbnailUrl":"https:\/\/volcanes.net\/wp-content\/uploads\/2019\/10\/ddae9efc-8930-4cca-9f02-4808d80a076f.jpg","datePublished":"2019-10-17T11:48:24+00:00","breadcrumb":{"@id":"https:\/\/volcanes.net\/?p=5644#breadcrumb"},"inLanguage":"es","potentialAction":[{"@type":"ReadAction","target":["https:\/\/volcanes.net\/?p=5644"]}]},{"@type":"ImageObject","inLanguage":"es","@id":"https:\/\/volcanes.net\/?p=5644#primaryimage","url":"https:\/\/volcanes.net\/wp-content\/uploads\/2019\/10\/ddae9efc-8930-4cca-9f02-4808d80a076f.jpg","contentUrl":"https:\/\/volcanes.net\/wp-content\/uploads\/2019\/10\/ddae9efc-8930-4cca-9f02-4808d80a076f.jpg","width":600,"height":337},{"@type":"BreadcrumbList","@id":"https:\/\/volcanes.net\/?p=5644#breadcrumb","itemListElement":[{"@type":"ListItem","position":1,"name":"Portada","item":"https:\/\/volcanes.net\/"},{"@type":"ListItem","position":2,"name":"Realizan en #Amecameca Feria Integral de Servicios para Personas Adultas Mayores"}]},{"@type":"WebSite","@id":"https:\/\/volcanes.net\/#website","url":"https:\/\/volcanes.net\/","name":"Volcanes.Net","description":"Periodismo Profesional","publisher":{"@id":"https:\/\/volcanes.net\/#organization"},"potentialAction":[{"@type":"SearchAction","target":{"@type":"EntryPoint","urlTemplate":"https:\/\/volcanes.net\/?s={search_term_string}"},"query-input":{"@type":"PropertyValueSpecification","valueRequired":true,"valueName":"search_term_string"}}],"inLanguage":"es"},{"@type":"Organization","@id":"https:\/\/volcanes.net\/#organization","name":"Grupo Volcanes","url":"https:\/\/volcanes.net\/","logo":{"@type":"ImageObject","inLanguage":"es","@id":"https:\/\/volcanes.net\/#\/schema\/logo\/image\/","url":"http:\/\/volcanes.net\/wp-content\/uploads\/2017\/12\/Avatar2.jpg","contentUrl":"http:\/\/volcanes.net\/wp-content\/uploads\/2017\/12\/Avatar2.jpg","width":378,"height":378,"caption":"Grupo Volcanes"},"image":{"@id":"https:\/\/volcanes.net\/#\/schema\/logo\/image\/"},"sameAs":["https:\/\/www.facebook.com\/volcanes.net\/"]},{"@type":"Person","@id":"https:\/\/volcanes.net\/#\/schema\/person\/4bf0f383940966a4abd53f5048c0e6b9","name":"admin","image":{"@type":"ImageObject","inLanguage":"es","@id":"https:\/\/volcanes.net\/#\/schema\/person\/image\/","url":"https:\/\/secure.gravatar.com\/avatar\/ca004e6cba8462b8cb7abc86e382930c?s=96&d=mm&r=g","contentUrl":"https:\/\/secure.gravatar.com\/avatar\/ca004e6cba8462b8cb7abc86e382930c?s=96&d=mm&r=g","caption":"admin"}}]}},"_links":{"self":[{"href":"https:\/\/volcanes.net\/index.php?rest_route=\/wp\/v2\/posts\/5644"}],"collection":[{"href":"https:\/\/volcanes.net\/index.php?rest_route=\/wp\/v2\/posts"}],"about":[{"href":"https:\/\/volcanes.net\/index.php?rest_route=\/wp\/v2\/types\/post"}],"author":[{"embeddable":true,"href":"https:\/\/volcanes.net\/index.php?rest_route=\/wp\/v2\/users\/1"}],"replies":[{"embeddable":true,"href":"https:\/\/volcanes.net\/index.php?rest_route=%2Fwp%2Fv2%2Fcomments&post=5644"}],"version-history":[{"count":1,"href":"https:\/\/volcanes.net\/index.php?rest_route=\/wp\/v2\/posts\/5644\/revisions"}],"predecessor-version":[{"id":5646,"href":"https:\/\/volcanes.net\/index.php?rest_route=\/wp\/v2\/posts\/5644\/revisions\/5646"}],"wp:featuredmedia":[{"embeddable":true,"href":"https:\/\/volcanes.net\/index.php?rest_route=\/wp\/v2\/media\/5645"}],"wp:attachment":[{"href":"https:\/\/volcanes.net\/index.php?rest_route=%2Fwp%2Fv2%2Fmedia&parent=5644"}],"wp:term":[{"taxonomy":"category","embeddable":true,"href":"https:\/\/volcanes.net\/index.php?rest_route=%2Fwp%2Fv2%2Fcategories&post=5644"},{"taxonomy":"post_tag","embeddable":true,"href":"https:\/\/volcanes.net\/index.php?rest_route=%2Fwp%2Fv2%2Ftags&post=5644"}],"curies":[{"name":"wp","href":"https:\/\/api.w.org\/{rel}","templated":true}]}}