{"id":5679,"date":"2019-10-28T07:48:21","date_gmt":"2019-10-28T13:48:21","guid":{"rendered":"http:\/\/volcanes.net\/?p=5679"},"modified":"2019-10-28T07:48:21","modified_gmt":"2019-10-28T13:48:21","slug":"anuncia-edil-miguel-angel-salomon-cortes-inversion-de-3-5-millones-de-pesos-para-obra-que-beneficia-a-san-juan-grande-y-san-pedro-nexapa","status":"publish","type":"post","link":"https:\/\/volcanes.net\/?p=5679","title":{"rendered":"Anuncia Edil Miguel \u00c1ngel Salom\u00f3n Cort\u00e9s inversi\u00f3n de 3.5 millones de pesos para obra que beneficia a San Juan Grande y San Pedro Nexapa"},"content":{"rendered":"<div style=\"margin-top: 0px; margin-bottom: 0px;\" class=\"sharethis-inline-share-buttons\" ><\/div><ul>\n<li><strong><em>En el evento realizado en el campo de la 37 Zona Militar participaron 6 municipios mexiquenses. <\/em><\/strong><\/li>\n<\/ul>\n<p>El Presidente Municipal Miguel \u00c1ngel Salom\u00f3n Cort\u00e9s firm\u00f3 el contrato de comodato para la construcci\u00f3n de las instalaciones de la Guardia Nacional en Amecameca, en un evento en el que tambi\u00e9n estuvieron presentes el Comandante de la 37 Zona Militar, General de Brigada Diplomado del Estado Mayor, C\u00e9sar Augusto Bonilla Orozco, el Secretario General de Gobierno, Alejandro Ozuna Rivero y los Alcaldes de Tultepec, T\u00e9camac, Zumpango, Ecatepec y Chicoloapan.<\/p>\n<p>Entrevistado en las instalaciones del Campo Militar 37 donde se llev\u00f3 a cabo la firma, \u00a0el Alcalde de Amecameca sostuvo que este esfuerzo es la clara muestra de la disposici\u00f3n de los tres niveles de gobierno por sumar voluntades en materia de seguridad p\u00fablica, \u201clo que la ciudadan\u00eda necesita es sentir que se fortalecen de manera importante las acciones que inhiban y combatan los actos delictivos\u201d.<\/p>\n<p>Por su parte del Secretario General de Gobierno refrend\u00f3 el compromiso que el Gobernador Alfredo del Mazo Maza tiene con la ciudadan\u00eda de procurar su bienestar, al tiempo en que precis\u00f3 que los trabajos conjunto de los tres \u00f3rdenes de gobierno alcanzar\u00e1n los objetivos en materia de seguridad p\u00fablica.<\/p>\n","protected":false},"excerpt":{"rendered":"<p>En el evento realizado en el campo de la 37 Zona Militar participaron 6 municipios<\/p>\n","protected":false},"author":1,"featured_media":5680,"comment_status":"open","ping_status":"open","sticky":false,"template":"","format":"standard","meta":{"footnotes":""},"categories":[1],"tags":[7],"class_list":["post-5679","post","type-post","status-publish","format-standard","has-post-thumbnail","hentry","category-municipales","tag-amecameca"],"yoast_head":"<!-- This site is optimized with the Yoast SEO plugin v25.3 - https:\/\/yoast.com\/wordpress\/plugins\/seo\/ -->\n<title>Anuncia Edil Miguel \u00c1ngel Salom\u00f3n Cort\u00e9s inversi\u00f3n de 3.5 millones de pesos para obra que beneficia a San Juan Grande y San Pedro Nexapa - Volcanes<\/title>\n<meta name=\"robots\" content=\"index, follow, max-snippet:-1, max-image-preview:large, max-video-preview:-1\" \/>\n<link rel=\"canonical\" href=\"https:\/\/volcanes.net\/?p=5679\" \/>\n<meta property=\"og:locale\" content=\"es_MX\" \/>\n<meta property=\"og:type\" content=\"article\" \/>\n<meta property=\"og:title\" content=\"Anuncia Edil Miguel \u00c1ngel Salom\u00f3n Cort\u00e9s inversi\u00f3n de 3.5 millones de pesos para obra que beneficia a San Juan Grande y San Pedro Nexapa - Volcanes\" \/>\n<meta property=\"og:description\" content=\"En el evento realizado en el campo de la 37 Zona Militar participaron 6 municipios\" \/>\n<meta property=\"og:url\" content=\"https:\/\/volcanes.net\/?p=5679\" \/>\n<meta property=\"og:site_name\" content=\"Volcanes\" \/>\n<meta property=\"article:publisher\" content=\"https:\/\/www.facebook.com\/volcanes.net\/\" \/>\n<meta property=\"article:published_time\" content=\"2019-10-28T13:48:21+00:00\" \/>\n<meta property=\"og:image\" content=\"https:\/\/volcanes.net\/wp-content\/uploads\/2019\/10\/d18efca0-042e-4eb1-809f-6cb61c100aef.jpg\" \/>\n\t<meta property=\"og:image:width\" content=\"600\" \/>\n\t<meta property=\"og:image:height\" content=\"337\" \/>\n\t<meta property=\"og:image:type\" content=\"image\/jpeg\" \/>\n<meta name=\"author\" content=\"admin\" \/>\n<meta name=\"twitter:card\" content=\"summary_large_image\" \/>\n<meta name=\"twitter:label1\" content=\"Escrito por\" \/>\n\t<meta name=\"twitter:data1\" content=\"admin\" \/>\n\t<meta name=\"twitter:label2\" content=\"Tiempo de lectura\" \/>\n\t<meta name=\"twitter:data2\" content=\"1 minuto\" \/>\n<script type=\"application\/ld+json\" class=\"yoast-schema-graph\">{\"@context\":\"https:\/\/schema.org\",\"@graph\":[{\"@type\":\"Article\",\"@id\":\"https:\/\/volcanes.net\/?p=5679#article\",\"isPartOf\":{\"@id\":\"https:\/\/volcanes.net\/?p=5679\"},\"author\":{\"name\":\"admin\",\"@id\":\"https:\/\/volcanes.net\/#\/schema\/person\/4bf0f383940966a4abd53f5048c0e6b9\"},\"headline\":\"Anuncia Edil Miguel \u00c1ngel Salom\u00f3n Cort\u00e9s inversi\u00f3n de 3.5 millones de pesos para obra que beneficia a San Juan Grande y San Pedro Nexapa\",\"datePublished\":\"2019-10-28T13:48:21+00:00\",\"mainEntityOfPage\":{\"@id\":\"https:\/\/volcanes.net\/?p=5679\"},\"wordCount\":234,\"commentCount\":0,\"publisher\":{\"@id\":\"https:\/\/volcanes.net\/#organization\"},\"image\":{\"@id\":\"https:\/\/volcanes.net\/?p=5679#primaryimage\"},\"thumbnailUrl\":\"https:\/\/volcanes.net\/wp-content\/uploads\/2019\/10\/d18efca0-042e-4eb1-809f-6cb61c100aef.jpg\",\"keywords\":[\"Amecameca\"],\"articleSection\":[\"Municipales\"],\"inLanguage\":\"es\",\"potentialAction\":[{\"@type\":\"CommentAction\",\"name\":\"Comment\",\"target\":[\"https:\/\/volcanes.net\/?p=5679#respond\"]}]},{\"@type\":\"WebPage\",\"@id\":\"https:\/\/volcanes.net\/?p=5679\",\"url\":\"https:\/\/volcanes.net\/?p=5679\",\"name\":\"Anuncia Edil Miguel \u00c1ngel Salom\u00f3n Cort\u00e9s inversi\u00f3n de 3.5 millones de pesos para obra que beneficia a San Juan Grande y San Pedro Nexapa - Volcanes\",\"isPartOf\":{\"@id\":\"https:\/\/volcanes.net\/#website\"},\"primaryImageOfPage\":{\"@id\":\"https:\/\/volcanes.net\/?p=5679#primaryimage\"},\"image\":{\"@id\":\"https:\/\/volcanes.net\/?p=5679#primaryimage\"},\"thumbnailUrl\":\"https:\/\/volcanes.net\/wp-content\/uploads\/2019\/10\/d18efca0-042e-4eb1-809f-6cb61c100aef.jpg\",\"datePublished\":\"2019-10-28T13:48:21+00:00\",\"breadcrumb\":{\"@id\":\"https:\/\/volcanes.net\/?p=5679#breadcrumb\"},\"inLanguage\":\"es\",\"potentialAction\":[{\"@type\":\"ReadAction\",\"target\":[\"https:\/\/volcanes.net\/?p=5679\"]}]},{\"@type\":\"ImageObject\",\"inLanguage\":\"es\",\"@id\":\"https:\/\/volcanes.net\/?p=5679#primaryimage\",\"url\":\"https:\/\/volcanes.net\/wp-content\/uploads\/2019\/10\/d18efca0-042e-4eb1-809f-6cb61c100aef.jpg\",\"contentUrl\":\"https:\/\/volcanes.net\/wp-content\/uploads\/2019\/10\/d18efca0-042e-4eb1-809f-6cb61c100aef.jpg\",\"width\":600,\"height\":337},{\"@type\":\"BreadcrumbList\",\"@id\":\"https:\/\/volcanes.net\/?p=5679#breadcrumb\",\"itemListElement\":[{\"@type\":\"ListItem\",\"position\":1,\"name\":\"Portada\",\"item\":\"https:\/\/volcanes.net\/\"},{\"@type\":\"ListItem\",\"position\":2,\"name\":\"Anuncia Edil Miguel \u00c1ngel Salom\u00f3n Cort\u00e9s inversi\u00f3n de 3.5 millones de pesos para obra que beneficia a San Juan Grande y San Pedro Nexapa\"}]},{\"@type\":\"WebSite\",\"@id\":\"https:\/\/volcanes.net\/#website\",\"url\":\"https:\/\/volcanes.net\/\",\"name\":\"Volcanes.Net\",\"description\":\"Periodismo Profesional\",\"publisher\":{\"@id\":\"https:\/\/volcanes.net\/#organization\"},\"potentialAction\":[{\"@type\":\"SearchAction\",\"target\":{\"@type\":\"EntryPoint\",\"urlTemplate\":\"https:\/\/volcanes.net\/?s={search_term_string}\"},\"query-input\":{\"@type\":\"PropertyValueSpecification\",\"valueRequired\":true,\"valueName\":\"search_term_string\"}}],\"inLanguage\":\"es\"},{\"@type\":\"Organization\",\"@id\":\"https:\/\/volcanes.net\/#organization\",\"name\":\"Grupo Volcanes\",\"url\":\"https:\/\/volcanes.net\/\",\"logo\":{\"@type\":\"ImageObject\",\"inLanguage\":\"es\",\"@id\":\"https:\/\/volcanes.net\/#\/schema\/logo\/image\/\",\"url\":\"http:\/\/volcanes.net\/wp-content\/uploads\/2017\/12\/Avatar2.jpg\",\"contentUrl\":\"http:\/\/volcanes.net\/wp-content\/uploads\/2017\/12\/Avatar2.jpg\",\"width\":378,\"height\":378,\"caption\":\"Grupo Volcanes\"},\"image\":{\"@id\":\"https:\/\/volcanes.net\/#\/schema\/logo\/image\/\"},\"sameAs\":[\"https:\/\/www.facebook.com\/volcanes.net\/\"]},{\"@type\":\"Person\",\"@id\":\"https:\/\/volcanes.net\/#\/schema\/person\/4bf0f383940966a4abd53f5048c0e6b9\",\"name\":\"admin\",\"image\":{\"@type\":\"ImageObject\",\"inLanguage\":\"es\",\"@id\":\"https:\/\/volcanes.net\/#\/schema\/person\/image\/\",\"url\":\"https:\/\/secure.gravatar.com\/avatar\/ca004e6cba8462b8cb7abc86e382930c?s=96&d=mm&r=g\",\"contentUrl\":\"https:\/\/secure.gravatar.com\/avatar\/ca004e6cba8462b8cb7abc86e382930c?s=96&d=mm&r=g\",\"caption\":\"admin\"}}]}<\/script>\n<!-- \/ Yoast SEO plugin. -->","yoast_head_json":{"title":"Anuncia Edil Miguel \u00c1ngel Salom\u00f3n Cort\u00e9s inversi\u00f3n de 3.5 millones de pesos para obra que beneficia a San Juan Grande y San Pedro Nexapa - Volcanes","robots":{"index":"index","follow":"follow","max-snippet":"max-snippet:-1","max-image-preview":"max-image-preview:large","max-video-preview":"max-video-preview:-1"},"canonical":"https:\/\/volcanes.net\/?p=5679","og_locale":"es_MX","og_type":"article","og_title":"Anuncia Edil Miguel \u00c1ngel Salom\u00f3n Cort\u00e9s inversi\u00f3n de 3.5 millones de pesos para obra que beneficia a San Juan Grande y San Pedro Nexapa - Volcanes","og_description":"En el evento realizado en el campo de la 37 Zona Militar participaron 6 municipios","og_url":"https:\/\/volcanes.net\/?p=5679","og_site_name":"Volcanes","article_publisher":"https:\/\/www.facebook.com\/volcanes.net\/","article_published_time":"2019-10-28T13:48:21+00:00","og_image":[{"width":600,"height":337,"url":"https:\/\/volcanes.net\/wp-content\/uploads\/2019\/10\/d18efca0-042e-4eb1-809f-6cb61c100aef.jpg","type":"image\/jpeg"}],"author":"admin","twitter_card":"summary_large_image","twitter_misc":{"Escrito por":"admin","Tiempo de lectura":"1 minuto"},"schema":{"@context":"https:\/\/schema.org","@graph":[{"@type":"Article","@id":"https:\/\/volcanes.net\/?p=5679#article","isPartOf":{"@id":"https:\/\/volcanes.net\/?p=5679"},"author":{"name":"admin","@id":"https:\/\/volcanes.net\/#\/schema\/person\/4bf0f383940966a4abd53f5048c0e6b9"},"headline":"Anuncia Edil Miguel \u00c1ngel Salom\u00f3n Cort\u00e9s inversi\u00f3n de 3.5 millones de pesos para obra que beneficia a San Juan Grande y San Pedro Nexapa","datePublished":"2019-10-28T13:48:21+00:00","mainEntityOfPage":{"@id":"https:\/\/volcanes.net\/?p=5679"},"wordCount":234,"commentCount":0,"publisher":{"@id":"https:\/\/volcanes.net\/#organization"},"image":{"@id":"https:\/\/volcanes.net\/?p=5679#primaryimage"},"thumbnailUrl":"https:\/\/volcanes.net\/wp-content\/uploads\/2019\/10\/d18efca0-042e-4eb1-809f-6cb61c100aef.jpg","keywords":["Amecameca"],"articleSection":["Municipales"],"inLanguage":"es","potentialAction":[{"@type":"CommentAction","name":"Comment","target":["https:\/\/volcanes.net\/?p=5679#respond"]}]},{"@type":"WebPage","@id":"https:\/\/volcanes.net\/?p=5679","url":"https:\/\/volcanes.net\/?p=5679","name":"Anuncia Edil Miguel \u00c1ngel Salom\u00f3n Cort\u00e9s inversi\u00f3n de 3.5 millones de pesos para obra que beneficia a San Juan Grande y San Pedro Nexapa - Volcanes","isPartOf":{"@id":"https:\/\/volcanes.net\/#website"},"primaryImageOfPage":{"@id":"https:\/\/volcanes.net\/?p=5679#primaryimage"},"image":{"@id":"https:\/\/volcanes.net\/?p=5679#primaryimage"},"thumbnailUrl":"https:\/\/volcanes.net\/wp-content\/uploads\/2019\/10\/d18efca0-042e-4eb1-809f-6cb61c100aef.jpg","datePublished":"2019-10-28T13:48:21+00:00","breadcrumb":{"@id":"https:\/\/volcanes.net\/?p=5679#breadcrumb"},"inLanguage":"es","potentialAction":[{"@type":"ReadAction","target":["https:\/\/volcanes.net\/?p=5679"]}]},{"@type":"ImageObject","inLanguage":"es","@id":"https:\/\/volcanes.net\/?p=5679#primaryimage","url":"https:\/\/volcanes.net\/wp-content\/uploads\/2019\/10\/d18efca0-042e-4eb1-809f-6cb61c100aef.jpg","contentUrl":"https:\/\/volcanes.net\/wp-content\/uploads\/2019\/10\/d18efca0-042e-4eb1-809f-6cb61c100aef.jpg","width":600,"height":337},{"@type":"BreadcrumbList","@id":"https:\/\/volcanes.net\/?p=5679#breadcrumb","itemListElement":[{"@type":"ListItem","position":1,"name":"Portada","item":"https:\/\/volcanes.net\/"},{"@type":"ListItem","position":2,"name":"Anuncia Edil Miguel \u00c1ngel Salom\u00f3n Cort\u00e9s inversi\u00f3n de 3.5 millones de pesos para obra que beneficia a San Juan Grande y San Pedro Nexapa"}]},{"@type":"WebSite","@id":"https:\/\/volcanes.net\/#website","url":"https:\/\/volcanes.net\/","name":"Volcanes.Net","description":"Periodismo Profesional","publisher":{"@id":"https:\/\/volcanes.net\/#organization"},"potentialAction":[{"@type":"SearchAction","target":{"@type":"EntryPoint","urlTemplate":"https:\/\/volcanes.net\/?s={search_term_string}"},"query-input":{"@type":"PropertyValueSpecification","valueRequired":true,"valueName":"search_term_string"}}],"inLanguage":"es"},{"@type":"Organization","@id":"https:\/\/volcanes.net\/#organization","name":"Grupo Volcanes","url":"https:\/\/volcanes.net\/","logo":{"@type":"ImageObject","inLanguage":"es","@id":"https:\/\/volcanes.net\/#\/schema\/logo\/image\/","url":"http:\/\/volcanes.net\/wp-content\/uploads\/2017\/12\/Avatar2.jpg","contentUrl":"http:\/\/volcanes.net\/wp-content\/uploads\/2017\/12\/Avatar2.jpg","width":378,"height":378,"caption":"Grupo Volcanes"},"image":{"@id":"https:\/\/volcanes.net\/#\/schema\/logo\/image\/"},"sameAs":["https:\/\/www.facebook.com\/volcanes.net\/"]},{"@type":"Person","@id":"https:\/\/volcanes.net\/#\/schema\/person\/4bf0f383940966a4abd53f5048c0e6b9","name":"admin","image":{"@type":"ImageObject","inLanguage":"es","@id":"https:\/\/volcanes.net\/#\/schema\/person\/image\/","url":"https:\/\/secure.gravatar.com\/avatar\/ca004e6cba8462b8cb7abc86e382930c?s=96&d=mm&r=g","contentUrl":"https:\/\/secure.gravatar.com\/avatar\/ca004e6cba8462b8cb7abc86e382930c?s=96&d=mm&r=g","caption":"admin"}}]}},"_links":{"self":[{"href":"https:\/\/volcanes.net\/index.php?rest_route=\/wp\/v2\/posts\/5679"}],"collection":[{"href":"https:\/\/volcanes.net\/index.php?rest_route=\/wp\/v2\/posts"}],"about":[{"href":"https:\/\/volcanes.net\/index.php?rest_route=\/wp\/v2\/types\/post"}],"author":[{"embeddable":true,"href":"https:\/\/volcanes.net\/index.php?rest_route=\/wp\/v2\/users\/1"}],"replies":[{"embeddable":true,"href":"https:\/\/volcanes.net\/index.php?rest_route=%2Fwp%2Fv2%2Fcomments&post=5679"}],"version-history":[{"count":1,"href":"https:\/\/volcanes.net\/index.php?rest_route=\/wp\/v2\/posts\/5679\/revisions"}],"predecessor-version":[{"id":5681,"href":"https:\/\/volcanes.net\/index.php?rest_route=\/wp\/v2\/posts\/5679\/revisions\/5681"}],"wp:featuredmedia":[{"embeddable":true,"href":"https:\/\/volcanes.net\/index.php?rest_route=\/wp\/v2\/media\/5680"}],"wp:attachment":[{"href":"https:\/\/volcanes.net\/index.php?rest_route=%2Fwp%2Fv2%2Fmedia&parent=5679"}],"wp:term":[{"taxonomy":"category","embeddable":true,"href":"https:\/\/volcanes.net\/index.php?rest_route=%2Fwp%2Fv2%2Fcategories&post=5679"},{"taxonomy":"post_tag","embeddable":true,"href":"https:\/\/volcanes.net\/index.php?rest_route=%2Fwp%2Fv2%2Ftags&post=5679"}],"curies":[{"name":"wp","href":"https:\/\/api.w.org\/{rel}","templated":true}]}}