{"id":568,"date":"2018-01-18T17:18:49","date_gmt":"2018-01-18T17:18:49","guid":{"rendered":"http:\/\/volcanes.net\/?p=568"},"modified":"2018-01-18T17:18:49","modified_gmt":"2018-01-18T17:18:49","slug":"televisores-de-amazon-no-son-los-que-se-regalaron-por-apagon-analogico-aclara-sct","status":"publish","type":"post","link":"https:\/\/volcanes.net\/?p=568","title":{"rendered":"Televisores de Amazon no son los que se regalaron por apag\u00f3n anal\u00f3gico, aclara SCT"},"content":{"rendered":"<div style=\"margin-top: 0px; margin-bottom: 0px;\" class=\"sharethis-inline-share-buttons\" ><\/div><p>La Secretar\u00eda de Comunicaciones y Transportes (SCT) rechaz\u00f3 que los televisores ofertados en Amazon formen parte de los equipos que se regalaron a la poblaci\u00f3n como parte del apag\u00f3n anal\u00f3gico, pues se conoce el destino de cada uno de ellos.<\/p>\n<p>El coordinador de la Sociedad de la Informaci\u00f3n y el Conocimiento de la SCT, Javier Liz\u00e1rraga, enfatiz\u00f3 que dicho programa\u00a0ha sido auditado y se sabe el destino de cada uno de los 10.2 millones de televisiones que se entregaron y qui\u00e9n los tiene.<\/p>\n<p>Las televisiones que se anuncian en Amazon son de la empresa con la que se firm\u00f3 un contrato por 250 mil unidades en noviembre de 2015 y de ninguna forma son las que se regalaron con el logotipo \u201cMover a M\u00e9xico\u201d, afirm\u00f3.<\/p>\n<p>\u201cNo, definitivamente no, con esta empresa se firm\u00f3 un contrato por 250 mil unidades en noviembre de 2015, fueron entregadas y recibidas en diciembre de 2015 por la SCT y a su vez la SCT las entreg\u00f3 al usuario final determinado por la Sedesol (Secretar\u00eda de Desarrollo Social)\u201d, subray\u00f3.<\/p>\n<p>En entrevista con La Red de Radio Red, Liz\u00e1rraga explic\u00f3 que como el contrato ten\u00eda obligaciones de entrega muy estrictos, las empresas fabricaban m\u00e1s equipos en caso de alguna eventualidad.<\/p>\n<p>Se\u00f1al\u00f3 que la empresa comenta que etiquet\u00f3 poniendo una placa en el logo de Mover a M\u00e9xico, s\u00f3lo la televisi\u00f3n era la que ten\u00eda el logo, por lo que la empresa est\u00e1 en su derecho de poder venderlas.<\/p>\n<p>El funcionario insisti\u00f3 en que \u201cesas televisiones nunca fueron propiedad del gobierno federal, solo las 150 mil que adquiri\u00f3\u201d, en su momento para el programa del apag\u00f3n anal\u00f3gico.<\/p>\n","protected":false},"excerpt":{"rendered":"<p>La Secretar\u00eda de Comunicaciones y Transportes (SCT) rechaz\u00f3 que los televisores ofertados en Amazon formen<\/p>\n","protected":false},"author":1,"featured_media":569,"comment_status":"open","ping_status":"open","sticky":false,"template":"","format":"standard","meta":{"footnotes":""},"categories":[1],"tags":[82],"class_list":["post-568","post","type-post","status-publish","format-standard","has-post-thumbnail","hentry","category-municipales","tag-sct"],"yoast_head":"<!-- This site is optimized with the Yoast SEO plugin v25.3 - https:\/\/yoast.com\/wordpress\/plugins\/seo\/ -->\n<title>Televisores de Amazon no son los que se regalaron por apag\u00f3n anal\u00f3gico, aclara SCT - Volcanes<\/title>\n<meta name=\"robots\" content=\"index, follow, max-snippet:-1, max-image-preview:large, max-video-preview:-1\" \/>\n<link rel=\"canonical\" href=\"https:\/\/volcanes.net\/?p=568\" \/>\n<meta property=\"og:locale\" content=\"es_MX\" \/>\n<meta property=\"og:type\" content=\"article\" \/>\n<meta property=\"og:title\" content=\"Televisores de Amazon no son los que se regalaron por apag\u00f3n anal\u00f3gico, aclara SCT - Volcanes\" \/>\n<meta property=\"og:description\" content=\"La Secretar\u00eda de Comunicaciones y Transportes (SCT) rechaz\u00f3 que los televisores ofertados en Amazon formen\" \/>\n<meta property=\"og:url\" content=\"https:\/\/volcanes.net\/?p=568\" \/>\n<meta property=\"og:site_name\" content=\"Volcanes\" \/>\n<meta property=\"article:publisher\" content=\"https:\/\/www.facebook.com\/volcanes.net\/\" \/>\n<meta property=\"article:published_time\" content=\"2018-01-18T17:18:49+00:00\" \/>\n<meta property=\"og:image\" content=\"https:\/\/volcanes.net\/wp-content\/uploads\/2018\/01\/tv-digital.jpg\" \/>\n\t<meta property=\"og:image:width\" content=\"400\" \/>\n\t<meta property=\"og:image:height\" content=\"200\" \/>\n\t<meta property=\"og:image:type\" content=\"image\/jpeg\" \/>\n<meta name=\"author\" content=\"admin\" \/>\n<meta name=\"twitter:card\" content=\"summary_large_image\" \/>\n<meta name=\"twitter:label1\" content=\"Escrito por\" \/>\n\t<meta name=\"twitter:data1\" content=\"admin\" \/>\n\t<meta name=\"twitter:label2\" content=\"Tiempo de lectura\" \/>\n\t<meta name=\"twitter:data2\" content=\"1 minuto\" \/>\n<script type=\"application\/ld+json\" class=\"yoast-schema-graph\">{\"@context\":\"https:\/\/schema.org\",\"@graph\":[{\"@type\":\"Article\",\"@id\":\"https:\/\/volcanes.net\/?p=568#article\",\"isPartOf\":{\"@id\":\"https:\/\/volcanes.net\/?p=568\"},\"author\":{\"name\":\"admin\",\"@id\":\"https:\/\/volcanes.net\/#\/schema\/person\/4bf0f383940966a4abd53f5048c0e6b9\"},\"headline\":\"Televisores de Amazon no son los que se regalaron por apag\u00f3n anal\u00f3gico, aclara SCT\",\"datePublished\":\"2018-01-18T17:18:49+00:00\",\"mainEntityOfPage\":{\"@id\":\"https:\/\/volcanes.net\/?p=568\"},\"wordCount\":299,\"commentCount\":0,\"publisher\":{\"@id\":\"https:\/\/volcanes.net\/#organization\"},\"image\":{\"@id\":\"https:\/\/volcanes.net\/?p=568#primaryimage\"},\"thumbnailUrl\":\"https:\/\/volcanes.net\/wp-content\/uploads\/2018\/01\/tv-digital.jpg\",\"keywords\":[\"SCT\"],\"articleSection\":[\"Municipales\"],\"inLanguage\":\"es\",\"potentialAction\":[{\"@type\":\"CommentAction\",\"name\":\"Comment\",\"target\":[\"https:\/\/volcanes.net\/?p=568#respond\"]}]},{\"@type\":\"WebPage\",\"@id\":\"https:\/\/volcanes.net\/?p=568\",\"url\":\"https:\/\/volcanes.net\/?p=568\",\"name\":\"Televisores de Amazon no son los que se regalaron por apag\u00f3n anal\u00f3gico, aclara SCT - Volcanes\",\"isPartOf\":{\"@id\":\"https:\/\/volcanes.net\/#website\"},\"primaryImageOfPage\":{\"@id\":\"https:\/\/volcanes.net\/?p=568#primaryimage\"},\"image\":{\"@id\":\"https:\/\/volcanes.net\/?p=568#primaryimage\"},\"thumbnailUrl\":\"https:\/\/volcanes.net\/wp-content\/uploads\/2018\/01\/tv-digital.jpg\",\"datePublished\":\"2018-01-18T17:18:49+00:00\",\"breadcrumb\":{\"@id\":\"https:\/\/volcanes.net\/?p=568#breadcrumb\"},\"inLanguage\":\"es\",\"potentialAction\":[{\"@type\":\"ReadAction\",\"target\":[\"https:\/\/volcanes.net\/?p=568\"]}]},{\"@type\":\"ImageObject\",\"inLanguage\":\"es\",\"@id\":\"https:\/\/volcanes.net\/?p=568#primaryimage\",\"url\":\"https:\/\/volcanes.net\/wp-content\/uploads\/2018\/01\/tv-digital.jpg\",\"contentUrl\":\"https:\/\/volcanes.net\/wp-content\/uploads\/2018\/01\/tv-digital.jpg\",\"width\":400,\"height\":200},{\"@type\":\"BreadcrumbList\",\"@id\":\"https:\/\/volcanes.net\/?p=568#breadcrumb\",\"itemListElement\":[{\"@type\":\"ListItem\",\"position\":1,\"name\":\"Portada\",\"item\":\"https:\/\/volcanes.net\/\"},{\"@type\":\"ListItem\",\"position\":2,\"name\":\"Televisores de Amazon no son los que se regalaron por apag\u00f3n anal\u00f3gico, aclara SCT\"}]},{\"@type\":\"WebSite\",\"@id\":\"https:\/\/volcanes.net\/#website\",\"url\":\"https:\/\/volcanes.net\/\",\"name\":\"Volcanes.Net\",\"description\":\"Periodismo Profesional\",\"publisher\":{\"@id\":\"https:\/\/volcanes.net\/#organization\"},\"potentialAction\":[{\"@type\":\"SearchAction\",\"target\":{\"@type\":\"EntryPoint\",\"urlTemplate\":\"https:\/\/volcanes.net\/?s={search_term_string}\"},\"query-input\":{\"@type\":\"PropertyValueSpecification\",\"valueRequired\":true,\"valueName\":\"search_term_string\"}}],\"inLanguage\":\"es\"},{\"@type\":\"Organization\",\"@id\":\"https:\/\/volcanes.net\/#organization\",\"name\":\"Grupo Volcanes\",\"url\":\"https:\/\/volcanes.net\/\",\"logo\":{\"@type\":\"ImageObject\",\"inLanguage\":\"es\",\"@id\":\"https:\/\/volcanes.net\/#\/schema\/logo\/image\/\",\"url\":\"http:\/\/volcanes.net\/wp-content\/uploads\/2017\/12\/Avatar2.jpg\",\"contentUrl\":\"http:\/\/volcanes.net\/wp-content\/uploads\/2017\/12\/Avatar2.jpg\",\"width\":378,\"height\":378,\"caption\":\"Grupo Volcanes\"},\"image\":{\"@id\":\"https:\/\/volcanes.net\/#\/schema\/logo\/image\/\"},\"sameAs\":[\"https:\/\/www.facebook.com\/volcanes.net\/\"]},{\"@type\":\"Person\",\"@id\":\"https:\/\/volcanes.net\/#\/schema\/person\/4bf0f383940966a4abd53f5048c0e6b9\",\"name\":\"admin\",\"image\":{\"@type\":\"ImageObject\",\"inLanguage\":\"es\",\"@id\":\"https:\/\/volcanes.net\/#\/schema\/person\/image\/\",\"url\":\"https:\/\/secure.gravatar.com\/avatar\/ca004e6cba8462b8cb7abc86e382930c?s=96&d=mm&r=g\",\"contentUrl\":\"https:\/\/secure.gravatar.com\/avatar\/ca004e6cba8462b8cb7abc86e382930c?s=96&d=mm&r=g\",\"caption\":\"admin\"}}]}<\/script>\n<!-- \/ Yoast SEO plugin. -->","yoast_head_json":{"title":"Televisores de Amazon no son los que se regalaron por apag\u00f3n anal\u00f3gico, aclara SCT - Volcanes","robots":{"index":"index","follow":"follow","max-snippet":"max-snippet:-1","max-image-preview":"max-image-preview:large","max-video-preview":"max-video-preview:-1"},"canonical":"https:\/\/volcanes.net\/?p=568","og_locale":"es_MX","og_type":"article","og_title":"Televisores de Amazon no son los que se regalaron por apag\u00f3n anal\u00f3gico, aclara SCT - Volcanes","og_description":"La Secretar\u00eda de Comunicaciones y Transportes (SCT) rechaz\u00f3 que los televisores ofertados en Amazon formen","og_url":"https:\/\/volcanes.net\/?p=568","og_site_name":"Volcanes","article_publisher":"https:\/\/www.facebook.com\/volcanes.net\/","article_published_time":"2018-01-18T17:18:49+00:00","og_image":[{"width":400,"height":200,"url":"https:\/\/volcanes.net\/wp-content\/uploads\/2018\/01\/tv-digital.jpg","type":"image\/jpeg"}],"author":"admin","twitter_card":"summary_large_image","twitter_misc":{"Escrito por":"admin","Tiempo de lectura":"1 minuto"},"schema":{"@context":"https:\/\/schema.org","@graph":[{"@type":"Article","@id":"https:\/\/volcanes.net\/?p=568#article","isPartOf":{"@id":"https:\/\/volcanes.net\/?p=568"},"author":{"name":"admin","@id":"https:\/\/volcanes.net\/#\/schema\/person\/4bf0f383940966a4abd53f5048c0e6b9"},"headline":"Televisores de Amazon no son los que se regalaron por apag\u00f3n anal\u00f3gico, aclara SCT","datePublished":"2018-01-18T17:18:49+00:00","mainEntityOfPage":{"@id":"https:\/\/volcanes.net\/?p=568"},"wordCount":299,"commentCount":0,"publisher":{"@id":"https:\/\/volcanes.net\/#organization"},"image":{"@id":"https:\/\/volcanes.net\/?p=568#primaryimage"},"thumbnailUrl":"https:\/\/volcanes.net\/wp-content\/uploads\/2018\/01\/tv-digital.jpg","keywords":["SCT"],"articleSection":["Municipales"],"inLanguage":"es","potentialAction":[{"@type":"CommentAction","name":"Comment","target":["https:\/\/volcanes.net\/?p=568#respond"]}]},{"@type":"WebPage","@id":"https:\/\/volcanes.net\/?p=568","url":"https:\/\/volcanes.net\/?p=568","name":"Televisores de Amazon no son los que se regalaron por apag\u00f3n anal\u00f3gico, aclara SCT - Volcanes","isPartOf":{"@id":"https:\/\/volcanes.net\/#website"},"primaryImageOfPage":{"@id":"https:\/\/volcanes.net\/?p=568#primaryimage"},"image":{"@id":"https:\/\/volcanes.net\/?p=568#primaryimage"},"thumbnailUrl":"https:\/\/volcanes.net\/wp-content\/uploads\/2018\/01\/tv-digital.jpg","datePublished":"2018-01-18T17:18:49+00:00","breadcrumb":{"@id":"https:\/\/volcanes.net\/?p=568#breadcrumb"},"inLanguage":"es","potentialAction":[{"@type":"ReadAction","target":["https:\/\/volcanes.net\/?p=568"]}]},{"@type":"ImageObject","inLanguage":"es","@id":"https:\/\/volcanes.net\/?p=568#primaryimage","url":"https:\/\/volcanes.net\/wp-content\/uploads\/2018\/01\/tv-digital.jpg","contentUrl":"https:\/\/volcanes.net\/wp-content\/uploads\/2018\/01\/tv-digital.jpg","width":400,"height":200},{"@type":"BreadcrumbList","@id":"https:\/\/volcanes.net\/?p=568#breadcrumb","itemListElement":[{"@type":"ListItem","position":1,"name":"Portada","item":"https:\/\/volcanes.net\/"},{"@type":"ListItem","position":2,"name":"Televisores de Amazon no son los que se regalaron por apag\u00f3n anal\u00f3gico, aclara SCT"}]},{"@type":"WebSite","@id":"https:\/\/volcanes.net\/#website","url":"https:\/\/volcanes.net\/","name":"Volcanes.Net","description":"Periodismo Profesional","publisher":{"@id":"https:\/\/volcanes.net\/#organization"},"potentialAction":[{"@type":"SearchAction","target":{"@type":"EntryPoint","urlTemplate":"https:\/\/volcanes.net\/?s={search_term_string}"},"query-input":{"@type":"PropertyValueSpecification","valueRequired":true,"valueName":"search_term_string"}}],"inLanguage":"es"},{"@type":"Organization","@id":"https:\/\/volcanes.net\/#organization","name":"Grupo Volcanes","url":"https:\/\/volcanes.net\/","logo":{"@type":"ImageObject","inLanguage":"es","@id":"https:\/\/volcanes.net\/#\/schema\/logo\/image\/","url":"http:\/\/volcanes.net\/wp-content\/uploads\/2017\/12\/Avatar2.jpg","contentUrl":"http:\/\/volcanes.net\/wp-content\/uploads\/2017\/12\/Avatar2.jpg","width":378,"height":378,"caption":"Grupo Volcanes"},"image":{"@id":"https:\/\/volcanes.net\/#\/schema\/logo\/image\/"},"sameAs":["https:\/\/www.facebook.com\/volcanes.net\/"]},{"@type":"Person","@id":"https:\/\/volcanes.net\/#\/schema\/person\/4bf0f383940966a4abd53f5048c0e6b9","name":"admin","image":{"@type":"ImageObject","inLanguage":"es","@id":"https:\/\/volcanes.net\/#\/schema\/person\/image\/","url":"https:\/\/secure.gravatar.com\/avatar\/ca004e6cba8462b8cb7abc86e382930c?s=96&d=mm&r=g","contentUrl":"https:\/\/secure.gravatar.com\/avatar\/ca004e6cba8462b8cb7abc86e382930c?s=96&d=mm&r=g","caption":"admin"}}]}},"_links":{"self":[{"href":"https:\/\/volcanes.net\/index.php?rest_route=\/wp\/v2\/posts\/568"}],"collection":[{"href":"https:\/\/volcanes.net\/index.php?rest_route=\/wp\/v2\/posts"}],"about":[{"href":"https:\/\/volcanes.net\/index.php?rest_route=\/wp\/v2\/types\/post"}],"author":[{"embeddable":true,"href":"https:\/\/volcanes.net\/index.php?rest_route=\/wp\/v2\/users\/1"}],"replies":[{"embeddable":true,"href":"https:\/\/volcanes.net\/index.php?rest_route=%2Fwp%2Fv2%2Fcomments&post=568"}],"version-history":[{"count":1,"href":"https:\/\/volcanes.net\/index.php?rest_route=\/wp\/v2\/posts\/568\/revisions"}],"predecessor-version":[{"id":570,"href":"https:\/\/volcanes.net\/index.php?rest_route=\/wp\/v2\/posts\/568\/revisions\/570"}],"wp:featuredmedia":[{"embeddable":true,"href":"https:\/\/volcanes.net\/index.php?rest_route=\/wp\/v2\/media\/569"}],"wp:attachment":[{"href":"https:\/\/volcanes.net\/index.php?rest_route=%2Fwp%2Fv2%2Fmedia&parent=568"}],"wp:term":[{"taxonomy":"category","embeddable":true,"href":"https:\/\/volcanes.net\/index.php?rest_route=%2Fwp%2Fv2%2Fcategories&post=568"},{"taxonomy":"post_tag","embeddable":true,"href":"https:\/\/volcanes.net\/index.php?rest_route=%2Fwp%2Fv2%2Ftags&post=568"}],"curies":[{"name":"wp","href":"https:\/\/api.w.org\/{rel}","templated":true}]}}