{"id":5692,"date":"2019-10-30T23:00:14","date_gmt":"2019-10-31T05:00:14","guid":{"rendered":"http:\/\/volcanes.net\/?p=5692"},"modified":"2019-10-30T23:00:14","modified_gmt":"2019-10-31T05:00:14","slug":"implementa-amecameca-operativo-policiaco-dia-de-muertos-2019","status":"publish","type":"post","link":"https:\/\/volcanes.net\/?p=5692","title":{"rendered":"Implementa Amecameca Operativo Policiaco \u201cD\u00eda de Muertos 2019\u201d"},"content":{"rendered":"<div style=\"margin-top: 0px; margin-bottom: 0px;\" class=\"sharethis-inline-share-buttons\" ><\/div><p>Amecameca de Ju\u00e1rez, Estado de M\u00e9xico a 30 de octubre de 2019 \u2013 Con el prop\u00f3sito de que la ciudadan\u00eda y los visitantes a nuestro municipio se sientan protegidos en estas festividades, la Direcci\u00f3n de Seguridad Ciudadana implementar\u00e1 el operativo \u201cD\u00eda de Muertos 2019\u201d, a trav\u00e9s del cual desplegar\u00e1 cerca de 100 polic\u00edas municipales, 10 elementos de la Guardia Nacional y 15 elementos estatales, realizando recorridos en tanto en la cabecera municipal como en las 8 delegaciones, del 31 de octubre al 3 de noviembre.<\/p>\n<p>El Comisario de Seguridad Ciudadana, Armando Acebo Ortiz, se\u00f1al\u00f3 que siguiendo las instrucciones del Presidente Municipal Miguel \u00c1ngel Salom\u00f3n Cort\u00e9s, el operativo tambi\u00e9n comprende la vigilancia de los desfiles que realicen las instituciones educativas y el Ayuntamiento, as\u00ed como los panteones ubicados en el municipio. Para ello tambi\u00e9n ser\u00e1n utilizadas camionetas Pick Up, veh\u00edculos tipo Sedan, Cuatrimotos y Motocicletas, apoyados en todo momento por las c\u00e1maras de video vigilancia del Centro de Mando y Comunicaci\u00f3n C2.<\/p>\n<p>Adem\u00e1s explic\u00f3 que se mantendr\u00e1n elementos en binomio en zona bancaria, zona comercial, mercado conmemorativo al d\u00eda de muertos, Jard\u00edn Municipal, as\u00ed como en el interior de los panteones municipales, garantizando la seguridad de los asistentes. Precis\u00f3 que tambi\u00e9n se realizar\u00e1n recorridos permanentes con moto patrullas al pante\u00f3n ubicado en el Cerro del Sacromonte y carretera Amecameca-Ayapango, en el tramo comprendido del Pante\u00f3n Santa Rosa y esta Cabecera Municipal, adem\u00e1s del camino que conduce al Pante\u00f3n El Castillo.<\/p>\n","protected":false},"excerpt":{"rendered":"<p>Amecameca de Ju\u00e1rez, Estado de M\u00e9xico a 30 de octubre de 2019 \u2013 Con el<\/p>\n","protected":false},"author":1,"featured_media":5695,"comment_status":"open","ping_status":"open","sticky":false,"template":"","format":"standard","meta":{"footnotes":""},"categories":[1],"tags":[7],"class_list":["post-5692","post","type-post","status-publish","format-standard","has-post-thumbnail","hentry","category-municipales","tag-amecameca"],"yoast_head":"<!-- This site is optimized with the Yoast SEO plugin v25.3 - https:\/\/yoast.com\/wordpress\/plugins\/seo\/ -->\n<title>Implementa Amecameca Operativo Policiaco \u201cD\u00eda de Muertos 2019\u201d - Volcanes<\/title>\n<meta name=\"robots\" content=\"index, follow, max-snippet:-1, max-image-preview:large, max-video-preview:-1\" \/>\n<link rel=\"canonical\" href=\"https:\/\/volcanes.net\/?p=5692\" \/>\n<meta property=\"og:locale\" content=\"es_MX\" \/>\n<meta property=\"og:type\" content=\"article\" \/>\n<meta property=\"og:title\" content=\"Implementa Amecameca Operativo Policiaco \u201cD\u00eda de Muertos 2019\u201d - Volcanes\" \/>\n<meta property=\"og:description\" content=\"Amecameca de Ju\u00e1rez, Estado de M\u00e9xico a 30 de octubre de 2019 \u2013 Con el\" \/>\n<meta property=\"og:url\" content=\"https:\/\/volcanes.net\/?p=5692\" \/>\n<meta property=\"og:site_name\" content=\"Volcanes\" \/>\n<meta property=\"article:publisher\" content=\"https:\/\/www.facebook.com\/volcanes.net\/\" \/>\n<meta property=\"article:published_time\" content=\"2019-10-31T05:00:14+00:00\" \/>\n<meta property=\"og:image\" content=\"https:\/\/volcanes.net\/wp-content\/uploads\/2019\/10\/5f726144-c4f0-4db5-a697-612d36cb4ea4.jpg\" \/>\n\t<meta property=\"og:image:width\" content=\"1280\" \/>\n\t<meta property=\"og:image:height\" content=\"731\" \/>\n\t<meta property=\"og:image:type\" content=\"image\/jpeg\" \/>\n<meta name=\"author\" content=\"admin\" \/>\n<meta name=\"twitter:card\" content=\"summary_large_image\" \/>\n<meta name=\"twitter:label1\" content=\"Escrito por\" \/>\n\t<meta name=\"twitter:data1\" content=\"admin\" \/>\n\t<meta name=\"twitter:label2\" content=\"Tiempo de lectura\" \/>\n\t<meta name=\"twitter:data2\" content=\"1 minuto\" \/>\n<script type=\"application\/ld+json\" class=\"yoast-schema-graph\">{\"@context\":\"https:\/\/schema.org\",\"@graph\":[{\"@type\":\"Article\",\"@id\":\"https:\/\/volcanes.net\/?p=5692#article\",\"isPartOf\":{\"@id\":\"https:\/\/volcanes.net\/?p=5692\"},\"author\":{\"name\":\"admin\",\"@id\":\"https:\/\/volcanes.net\/#\/schema\/person\/4bf0f383940966a4abd53f5048c0e6b9\"},\"headline\":\"Implementa Amecameca Operativo Policiaco \u201cD\u00eda de Muertos 2019\u201d\",\"datePublished\":\"2019-10-31T05:00:14+00:00\",\"mainEntityOfPage\":{\"@id\":\"https:\/\/volcanes.net\/?p=5692\"},\"wordCount\":264,\"commentCount\":0,\"publisher\":{\"@id\":\"https:\/\/volcanes.net\/#organization\"},\"image\":{\"@id\":\"https:\/\/volcanes.net\/?p=5692#primaryimage\"},\"thumbnailUrl\":\"https:\/\/volcanes.net\/wp-content\/uploads\/2019\/10\/5f726144-c4f0-4db5-a697-612d36cb4ea4.jpg\",\"keywords\":[\"Amecameca\"],\"articleSection\":[\"Municipales\"],\"inLanguage\":\"es\",\"potentialAction\":[{\"@type\":\"CommentAction\",\"name\":\"Comment\",\"target\":[\"https:\/\/volcanes.net\/?p=5692#respond\"]}]},{\"@type\":\"WebPage\",\"@id\":\"https:\/\/volcanes.net\/?p=5692\",\"url\":\"https:\/\/volcanes.net\/?p=5692\",\"name\":\"Implementa Amecameca Operativo Policiaco \u201cD\u00eda de Muertos 2019\u201d - Volcanes\",\"isPartOf\":{\"@id\":\"https:\/\/volcanes.net\/#website\"},\"primaryImageOfPage\":{\"@id\":\"https:\/\/volcanes.net\/?p=5692#primaryimage\"},\"image\":{\"@id\":\"https:\/\/volcanes.net\/?p=5692#primaryimage\"},\"thumbnailUrl\":\"https:\/\/volcanes.net\/wp-content\/uploads\/2019\/10\/5f726144-c4f0-4db5-a697-612d36cb4ea4.jpg\",\"datePublished\":\"2019-10-31T05:00:14+00:00\",\"breadcrumb\":{\"@id\":\"https:\/\/volcanes.net\/?p=5692#breadcrumb\"},\"inLanguage\":\"es\",\"potentialAction\":[{\"@type\":\"ReadAction\",\"target\":[\"https:\/\/volcanes.net\/?p=5692\"]}]},{\"@type\":\"ImageObject\",\"inLanguage\":\"es\",\"@id\":\"https:\/\/volcanes.net\/?p=5692#primaryimage\",\"url\":\"https:\/\/volcanes.net\/wp-content\/uploads\/2019\/10\/5f726144-c4f0-4db5-a697-612d36cb4ea4.jpg\",\"contentUrl\":\"https:\/\/volcanes.net\/wp-content\/uploads\/2019\/10\/5f726144-c4f0-4db5-a697-612d36cb4ea4.jpg\",\"width\":1280,\"height\":731},{\"@type\":\"BreadcrumbList\",\"@id\":\"https:\/\/volcanes.net\/?p=5692#breadcrumb\",\"itemListElement\":[{\"@type\":\"ListItem\",\"position\":1,\"name\":\"Portada\",\"item\":\"https:\/\/volcanes.net\/\"},{\"@type\":\"ListItem\",\"position\":2,\"name\":\"Implementa Amecameca Operativo Policiaco \u201cD\u00eda de Muertos 2019\u201d\"}]},{\"@type\":\"WebSite\",\"@id\":\"https:\/\/volcanes.net\/#website\",\"url\":\"https:\/\/volcanes.net\/\",\"name\":\"Volcanes.Net\",\"description\":\"Periodismo Profesional\",\"publisher\":{\"@id\":\"https:\/\/volcanes.net\/#organization\"},\"potentialAction\":[{\"@type\":\"SearchAction\",\"target\":{\"@type\":\"EntryPoint\",\"urlTemplate\":\"https:\/\/volcanes.net\/?s={search_term_string}\"},\"query-input\":{\"@type\":\"PropertyValueSpecification\",\"valueRequired\":true,\"valueName\":\"search_term_string\"}}],\"inLanguage\":\"es\"},{\"@type\":\"Organization\",\"@id\":\"https:\/\/volcanes.net\/#organization\",\"name\":\"Grupo Volcanes\",\"url\":\"https:\/\/volcanes.net\/\",\"logo\":{\"@type\":\"ImageObject\",\"inLanguage\":\"es\",\"@id\":\"https:\/\/volcanes.net\/#\/schema\/logo\/image\/\",\"url\":\"http:\/\/volcanes.net\/wp-content\/uploads\/2017\/12\/Avatar2.jpg\",\"contentUrl\":\"http:\/\/volcanes.net\/wp-content\/uploads\/2017\/12\/Avatar2.jpg\",\"width\":378,\"height\":378,\"caption\":\"Grupo Volcanes\"},\"image\":{\"@id\":\"https:\/\/volcanes.net\/#\/schema\/logo\/image\/\"},\"sameAs\":[\"https:\/\/www.facebook.com\/volcanes.net\/\"]},{\"@type\":\"Person\",\"@id\":\"https:\/\/volcanes.net\/#\/schema\/person\/4bf0f383940966a4abd53f5048c0e6b9\",\"name\":\"admin\",\"image\":{\"@type\":\"ImageObject\",\"inLanguage\":\"es\",\"@id\":\"https:\/\/volcanes.net\/#\/schema\/person\/image\/\",\"url\":\"https:\/\/secure.gravatar.com\/avatar\/ca004e6cba8462b8cb7abc86e382930c?s=96&d=mm&r=g\",\"contentUrl\":\"https:\/\/secure.gravatar.com\/avatar\/ca004e6cba8462b8cb7abc86e382930c?s=96&d=mm&r=g\",\"caption\":\"admin\"}}]}<\/script>\n<!-- \/ Yoast SEO plugin. -->","yoast_head_json":{"title":"Implementa Amecameca Operativo Policiaco \u201cD\u00eda de Muertos 2019\u201d - Volcanes","robots":{"index":"index","follow":"follow","max-snippet":"max-snippet:-1","max-image-preview":"max-image-preview:large","max-video-preview":"max-video-preview:-1"},"canonical":"https:\/\/volcanes.net\/?p=5692","og_locale":"es_MX","og_type":"article","og_title":"Implementa Amecameca Operativo Policiaco \u201cD\u00eda de Muertos 2019\u201d - Volcanes","og_description":"Amecameca de Ju\u00e1rez, Estado de M\u00e9xico a 30 de octubre de 2019 \u2013 Con el","og_url":"https:\/\/volcanes.net\/?p=5692","og_site_name":"Volcanes","article_publisher":"https:\/\/www.facebook.com\/volcanes.net\/","article_published_time":"2019-10-31T05:00:14+00:00","og_image":[{"width":1280,"height":731,"url":"https:\/\/volcanes.net\/wp-content\/uploads\/2019\/10\/5f726144-c4f0-4db5-a697-612d36cb4ea4.jpg","type":"image\/jpeg"}],"author":"admin","twitter_card":"summary_large_image","twitter_misc":{"Escrito por":"admin","Tiempo de lectura":"1 minuto"},"schema":{"@context":"https:\/\/schema.org","@graph":[{"@type":"Article","@id":"https:\/\/volcanes.net\/?p=5692#article","isPartOf":{"@id":"https:\/\/volcanes.net\/?p=5692"},"author":{"name":"admin","@id":"https:\/\/volcanes.net\/#\/schema\/person\/4bf0f383940966a4abd53f5048c0e6b9"},"headline":"Implementa Amecameca Operativo Policiaco \u201cD\u00eda de Muertos 2019\u201d","datePublished":"2019-10-31T05:00:14+00:00","mainEntityOfPage":{"@id":"https:\/\/volcanes.net\/?p=5692"},"wordCount":264,"commentCount":0,"publisher":{"@id":"https:\/\/volcanes.net\/#organization"},"image":{"@id":"https:\/\/volcanes.net\/?p=5692#primaryimage"},"thumbnailUrl":"https:\/\/volcanes.net\/wp-content\/uploads\/2019\/10\/5f726144-c4f0-4db5-a697-612d36cb4ea4.jpg","keywords":["Amecameca"],"articleSection":["Municipales"],"inLanguage":"es","potentialAction":[{"@type":"CommentAction","name":"Comment","target":["https:\/\/volcanes.net\/?p=5692#respond"]}]},{"@type":"WebPage","@id":"https:\/\/volcanes.net\/?p=5692","url":"https:\/\/volcanes.net\/?p=5692","name":"Implementa Amecameca Operativo Policiaco \u201cD\u00eda de Muertos 2019\u201d - Volcanes","isPartOf":{"@id":"https:\/\/volcanes.net\/#website"},"primaryImageOfPage":{"@id":"https:\/\/volcanes.net\/?p=5692#primaryimage"},"image":{"@id":"https:\/\/volcanes.net\/?p=5692#primaryimage"},"thumbnailUrl":"https:\/\/volcanes.net\/wp-content\/uploads\/2019\/10\/5f726144-c4f0-4db5-a697-612d36cb4ea4.jpg","datePublished":"2019-10-31T05:00:14+00:00","breadcrumb":{"@id":"https:\/\/volcanes.net\/?p=5692#breadcrumb"},"inLanguage":"es","potentialAction":[{"@type":"ReadAction","target":["https:\/\/volcanes.net\/?p=5692"]}]},{"@type":"ImageObject","inLanguage":"es","@id":"https:\/\/volcanes.net\/?p=5692#primaryimage","url":"https:\/\/volcanes.net\/wp-content\/uploads\/2019\/10\/5f726144-c4f0-4db5-a697-612d36cb4ea4.jpg","contentUrl":"https:\/\/volcanes.net\/wp-content\/uploads\/2019\/10\/5f726144-c4f0-4db5-a697-612d36cb4ea4.jpg","width":1280,"height":731},{"@type":"BreadcrumbList","@id":"https:\/\/volcanes.net\/?p=5692#breadcrumb","itemListElement":[{"@type":"ListItem","position":1,"name":"Portada","item":"https:\/\/volcanes.net\/"},{"@type":"ListItem","position":2,"name":"Implementa Amecameca Operativo Policiaco \u201cD\u00eda de Muertos 2019\u201d"}]},{"@type":"WebSite","@id":"https:\/\/volcanes.net\/#website","url":"https:\/\/volcanes.net\/","name":"Volcanes.Net","description":"Periodismo Profesional","publisher":{"@id":"https:\/\/volcanes.net\/#organization"},"potentialAction":[{"@type":"SearchAction","target":{"@type":"EntryPoint","urlTemplate":"https:\/\/volcanes.net\/?s={search_term_string}"},"query-input":{"@type":"PropertyValueSpecification","valueRequired":true,"valueName":"search_term_string"}}],"inLanguage":"es"},{"@type":"Organization","@id":"https:\/\/volcanes.net\/#organization","name":"Grupo Volcanes","url":"https:\/\/volcanes.net\/","logo":{"@type":"ImageObject","inLanguage":"es","@id":"https:\/\/volcanes.net\/#\/schema\/logo\/image\/","url":"http:\/\/volcanes.net\/wp-content\/uploads\/2017\/12\/Avatar2.jpg","contentUrl":"http:\/\/volcanes.net\/wp-content\/uploads\/2017\/12\/Avatar2.jpg","width":378,"height":378,"caption":"Grupo Volcanes"},"image":{"@id":"https:\/\/volcanes.net\/#\/schema\/logo\/image\/"},"sameAs":["https:\/\/www.facebook.com\/volcanes.net\/"]},{"@type":"Person","@id":"https:\/\/volcanes.net\/#\/schema\/person\/4bf0f383940966a4abd53f5048c0e6b9","name":"admin","image":{"@type":"ImageObject","inLanguage":"es","@id":"https:\/\/volcanes.net\/#\/schema\/person\/image\/","url":"https:\/\/secure.gravatar.com\/avatar\/ca004e6cba8462b8cb7abc86e382930c?s=96&d=mm&r=g","contentUrl":"https:\/\/secure.gravatar.com\/avatar\/ca004e6cba8462b8cb7abc86e382930c?s=96&d=mm&r=g","caption":"admin"}}]}},"_links":{"self":[{"href":"https:\/\/volcanes.net\/index.php?rest_route=\/wp\/v2\/posts\/5692"}],"collection":[{"href":"https:\/\/volcanes.net\/index.php?rest_route=\/wp\/v2\/posts"}],"about":[{"href":"https:\/\/volcanes.net\/index.php?rest_route=\/wp\/v2\/types\/post"}],"author":[{"embeddable":true,"href":"https:\/\/volcanes.net\/index.php?rest_route=\/wp\/v2\/users\/1"}],"replies":[{"embeddable":true,"href":"https:\/\/volcanes.net\/index.php?rest_route=%2Fwp%2Fv2%2Fcomments&post=5692"}],"version-history":[{"count":1,"href":"https:\/\/volcanes.net\/index.php?rest_route=\/wp\/v2\/posts\/5692\/revisions"}],"predecessor-version":[{"id":5696,"href":"https:\/\/volcanes.net\/index.php?rest_route=\/wp\/v2\/posts\/5692\/revisions\/5696"}],"wp:featuredmedia":[{"embeddable":true,"href":"https:\/\/volcanes.net\/index.php?rest_route=\/wp\/v2\/media\/5695"}],"wp:attachment":[{"href":"https:\/\/volcanes.net\/index.php?rest_route=%2Fwp%2Fv2%2Fmedia&parent=5692"}],"wp:term":[{"taxonomy":"category","embeddable":true,"href":"https:\/\/volcanes.net\/index.php?rest_route=%2Fwp%2Fv2%2Fcategories&post=5692"},{"taxonomy":"post_tag","embeddable":true,"href":"https:\/\/volcanes.net\/index.php?rest_route=%2Fwp%2Fv2%2Ftags&post=5692"}],"curies":[{"name":"wp","href":"https:\/\/api.w.org\/{rel}","templated":true}]}}