{"id":5697,"date":"2019-10-31T06:43:38","date_gmt":"2019-10-31T12:43:38","guid":{"rendered":"http:\/\/volcanes.net\/?p=5697"},"modified":"2019-10-31T06:43:38","modified_gmt":"2019-10-31T12:43:38","slug":"camioneta-choca-contra-combi-en-la-mexico-cuautla","status":"publish","type":"post","link":"https:\/\/volcanes.net\/?p=5697","title":{"rendered":"Camioneta choca contra combi en la M\u00e9xico-Cuautla"},"content":{"rendered":"<div style=\"margin-top: 0px; margin-bottom: 0px;\" class=\"sharethis-inline-share-buttons\" ><\/div><p>ATLAUTLA (30 OCTUBRE 2019).-\u00a0 Esta tarde una unidad de tres toneladas y media de caja cerrada, impact\u00f3 a una combi del servicio p\u00fablico dejando a m\u00e1s de 10 personas lesionadas, esto sobre la carretera federal M\u00e9xico-Cuautla.<br \/>\nLos hechos ocurrieron casi a las 19:00 horas de este miercoles sobre la carretera federal Mexico-Cuautla a la altura del Sindicato Nacional de Trabajadores de la Educaci\u00f3n, una camioneta de tres toneladas y media impact\u00f3 a una camioneta Toyota del servicio p\u00fablico que se dirig\u00eda al municipio de Amecameca.<\/p>\n<p>Al lugar arribaron elementos de seguridad de Atlautla y Ozumba as\u00ed como los servicios de emergencias los cuales atendieron a los 10 pasajeros que viajaban en la unidad de servicio p\u00fablico, afortunadamente ninguno de ellos tuvo que ser trasladado a un hospital cercano.<\/p>\n<p>La vialidad se vio complicada un momento\u00a0 mientras que retiraban la pesada unidad para trasladarlos a la agencias del Ministerio P\u00fablico.<\/p>\n","protected":false},"excerpt":{"rendered":"<p>ATLAUTLA (30 OCTUBRE 2019).-\u00a0 Esta tarde una unidad de tres toneladas y media de caja<\/p>\n","protected":false},"author":1,"featured_media":5698,"comment_status":"open","ping_status":"open","sticky":false,"template":"","format":"standard","meta":{"footnotes":""},"categories":[1],"tags":[80],"class_list":["post-5697","post","type-post","status-publish","format-standard","has-post-thumbnail","hentry","category-municipales","tag-atlautla"],"yoast_head":"<!-- This site is optimized with the Yoast SEO plugin v25.3 - https:\/\/yoast.com\/wordpress\/plugins\/seo\/ -->\n<title>Camioneta choca contra combi en la M\u00e9xico-Cuautla - Volcanes<\/title>\n<meta name=\"robots\" content=\"index, follow, max-snippet:-1, max-image-preview:large, max-video-preview:-1\" \/>\n<link rel=\"canonical\" href=\"https:\/\/volcanes.net\/?p=5697\" \/>\n<meta property=\"og:locale\" content=\"es_MX\" \/>\n<meta property=\"og:type\" content=\"article\" \/>\n<meta property=\"og:title\" content=\"Camioneta choca contra combi en la M\u00e9xico-Cuautla - Volcanes\" \/>\n<meta property=\"og:description\" content=\"ATLAUTLA (30 OCTUBRE 2019).-\u00a0 Esta tarde una unidad de tres toneladas y media de caja\" \/>\n<meta property=\"og:url\" content=\"https:\/\/volcanes.net\/?p=5697\" \/>\n<meta property=\"og:site_name\" content=\"Volcanes\" \/>\n<meta property=\"article:publisher\" content=\"https:\/\/www.facebook.com\/volcanes.net\/\" \/>\n<meta property=\"article:published_time\" content=\"2019-10-31T12:43:38+00:00\" \/>\n<meta property=\"og:image\" content=\"https:\/\/volcanes.net\/wp-content\/uploads\/2019\/10\/0d76c6b1-2e40-45b9-8ee3-9680e597d899.jpg\" \/>\n\t<meta property=\"og:image:width\" content=\"690\" \/>\n\t<meta property=\"og:image:height\" content=\"345\" \/>\n\t<meta property=\"og:image:type\" content=\"image\/jpeg\" \/>\n<meta name=\"author\" content=\"admin\" \/>\n<meta name=\"twitter:card\" content=\"summary_large_image\" \/>\n<meta name=\"twitter:label1\" content=\"Escrito por\" \/>\n\t<meta name=\"twitter:data1\" content=\"admin\" \/>\n\t<meta name=\"twitter:label2\" content=\"Tiempo de lectura\" \/>\n\t<meta name=\"twitter:data2\" content=\"1 minuto\" \/>\n<script type=\"application\/ld+json\" class=\"yoast-schema-graph\">{\"@context\":\"https:\/\/schema.org\",\"@graph\":[{\"@type\":\"Article\",\"@id\":\"https:\/\/volcanes.net\/?p=5697#article\",\"isPartOf\":{\"@id\":\"https:\/\/volcanes.net\/?p=5697\"},\"author\":{\"name\":\"admin\",\"@id\":\"https:\/\/volcanes.net\/#\/schema\/person\/4bf0f383940966a4abd53f5048c0e6b9\"},\"headline\":\"Camioneta choca contra combi en la M\u00e9xico-Cuautla\",\"datePublished\":\"2019-10-31T12:43:38+00:00\",\"mainEntityOfPage\":{\"@id\":\"https:\/\/volcanes.net\/?p=5697\"},\"wordCount\":161,\"commentCount\":0,\"publisher\":{\"@id\":\"https:\/\/volcanes.net\/#organization\"},\"image\":{\"@id\":\"https:\/\/volcanes.net\/?p=5697#primaryimage\"},\"thumbnailUrl\":\"https:\/\/volcanes.net\/wp-content\/uploads\/2019\/10\/0d76c6b1-2e40-45b9-8ee3-9680e597d899.jpg\",\"keywords\":[\"Atlautla\"],\"articleSection\":[\"Municipales\"],\"inLanguage\":\"es\",\"potentialAction\":[{\"@type\":\"CommentAction\",\"name\":\"Comment\",\"target\":[\"https:\/\/volcanes.net\/?p=5697#respond\"]}]},{\"@type\":\"WebPage\",\"@id\":\"https:\/\/volcanes.net\/?p=5697\",\"url\":\"https:\/\/volcanes.net\/?p=5697\",\"name\":\"Camioneta choca contra combi en la M\u00e9xico-Cuautla - Volcanes\",\"isPartOf\":{\"@id\":\"https:\/\/volcanes.net\/#website\"},\"primaryImageOfPage\":{\"@id\":\"https:\/\/volcanes.net\/?p=5697#primaryimage\"},\"image\":{\"@id\":\"https:\/\/volcanes.net\/?p=5697#primaryimage\"},\"thumbnailUrl\":\"https:\/\/volcanes.net\/wp-content\/uploads\/2019\/10\/0d76c6b1-2e40-45b9-8ee3-9680e597d899.jpg\",\"datePublished\":\"2019-10-31T12:43:38+00:00\",\"breadcrumb\":{\"@id\":\"https:\/\/volcanes.net\/?p=5697#breadcrumb\"},\"inLanguage\":\"es\",\"potentialAction\":[{\"@type\":\"ReadAction\",\"target\":[\"https:\/\/volcanes.net\/?p=5697\"]}]},{\"@type\":\"ImageObject\",\"inLanguage\":\"es\",\"@id\":\"https:\/\/volcanes.net\/?p=5697#primaryimage\",\"url\":\"https:\/\/volcanes.net\/wp-content\/uploads\/2019\/10\/0d76c6b1-2e40-45b9-8ee3-9680e597d899.jpg\",\"contentUrl\":\"https:\/\/volcanes.net\/wp-content\/uploads\/2019\/10\/0d76c6b1-2e40-45b9-8ee3-9680e597d899.jpg\",\"width\":690,\"height\":345},{\"@type\":\"BreadcrumbList\",\"@id\":\"https:\/\/volcanes.net\/?p=5697#breadcrumb\",\"itemListElement\":[{\"@type\":\"ListItem\",\"position\":1,\"name\":\"Portada\",\"item\":\"https:\/\/volcanes.net\/\"},{\"@type\":\"ListItem\",\"position\":2,\"name\":\"Camioneta choca contra combi en la M\u00e9xico-Cuautla\"}]},{\"@type\":\"WebSite\",\"@id\":\"https:\/\/volcanes.net\/#website\",\"url\":\"https:\/\/volcanes.net\/\",\"name\":\"Volcanes.Net\",\"description\":\"Periodismo Profesional\",\"publisher\":{\"@id\":\"https:\/\/volcanes.net\/#organization\"},\"potentialAction\":[{\"@type\":\"SearchAction\",\"target\":{\"@type\":\"EntryPoint\",\"urlTemplate\":\"https:\/\/volcanes.net\/?s={search_term_string}\"},\"query-input\":{\"@type\":\"PropertyValueSpecification\",\"valueRequired\":true,\"valueName\":\"search_term_string\"}}],\"inLanguage\":\"es\"},{\"@type\":\"Organization\",\"@id\":\"https:\/\/volcanes.net\/#organization\",\"name\":\"Grupo Volcanes\",\"url\":\"https:\/\/volcanes.net\/\",\"logo\":{\"@type\":\"ImageObject\",\"inLanguage\":\"es\",\"@id\":\"https:\/\/volcanes.net\/#\/schema\/logo\/image\/\",\"url\":\"http:\/\/volcanes.net\/wp-content\/uploads\/2017\/12\/Avatar2.jpg\",\"contentUrl\":\"http:\/\/volcanes.net\/wp-content\/uploads\/2017\/12\/Avatar2.jpg\",\"width\":378,\"height\":378,\"caption\":\"Grupo Volcanes\"},\"image\":{\"@id\":\"https:\/\/volcanes.net\/#\/schema\/logo\/image\/\"},\"sameAs\":[\"https:\/\/www.facebook.com\/volcanes.net\/\"]},{\"@type\":\"Person\",\"@id\":\"https:\/\/volcanes.net\/#\/schema\/person\/4bf0f383940966a4abd53f5048c0e6b9\",\"name\":\"admin\",\"image\":{\"@type\":\"ImageObject\",\"inLanguage\":\"es\",\"@id\":\"https:\/\/volcanes.net\/#\/schema\/person\/image\/\",\"url\":\"https:\/\/secure.gravatar.com\/avatar\/ca004e6cba8462b8cb7abc86e382930c?s=96&d=mm&r=g\",\"contentUrl\":\"https:\/\/secure.gravatar.com\/avatar\/ca004e6cba8462b8cb7abc86e382930c?s=96&d=mm&r=g\",\"caption\":\"admin\"}}]}<\/script>\n<!-- \/ Yoast SEO plugin. -->","yoast_head_json":{"title":"Camioneta choca contra combi en la M\u00e9xico-Cuautla - Volcanes","robots":{"index":"index","follow":"follow","max-snippet":"max-snippet:-1","max-image-preview":"max-image-preview:large","max-video-preview":"max-video-preview:-1"},"canonical":"https:\/\/volcanes.net\/?p=5697","og_locale":"es_MX","og_type":"article","og_title":"Camioneta choca contra combi en la M\u00e9xico-Cuautla - Volcanes","og_description":"ATLAUTLA (30 OCTUBRE 2019).-\u00a0 Esta tarde una unidad de tres toneladas y media de caja","og_url":"https:\/\/volcanes.net\/?p=5697","og_site_name":"Volcanes","article_publisher":"https:\/\/www.facebook.com\/volcanes.net\/","article_published_time":"2019-10-31T12:43:38+00:00","og_image":[{"width":690,"height":345,"url":"https:\/\/volcanes.net\/wp-content\/uploads\/2019\/10\/0d76c6b1-2e40-45b9-8ee3-9680e597d899.jpg","type":"image\/jpeg"}],"author":"admin","twitter_card":"summary_large_image","twitter_misc":{"Escrito por":"admin","Tiempo de lectura":"1 minuto"},"schema":{"@context":"https:\/\/schema.org","@graph":[{"@type":"Article","@id":"https:\/\/volcanes.net\/?p=5697#article","isPartOf":{"@id":"https:\/\/volcanes.net\/?p=5697"},"author":{"name":"admin","@id":"https:\/\/volcanes.net\/#\/schema\/person\/4bf0f383940966a4abd53f5048c0e6b9"},"headline":"Camioneta choca contra combi en la M\u00e9xico-Cuautla","datePublished":"2019-10-31T12:43:38+00:00","mainEntityOfPage":{"@id":"https:\/\/volcanes.net\/?p=5697"},"wordCount":161,"commentCount":0,"publisher":{"@id":"https:\/\/volcanes.net\/#organization"},"image":{"@id":"https:\/\/volcanes.net\/?p=5697#primaryimage"},"thumbnailUrl":"https:\/\/volcanes.net\/wp-content\/uploads\/2019\/10\/0d76c6b1-2e40-45b9-8ee3-9680e597d899.jpg","keywords":["Atlautla"],"articleSection":["Municipales"],"inLanguage":"es","potentialAction":[{"@type":"CommentAction","name":"Comment","target":["https:\/\/volcanes.net\/?p=5697#respond"]}]},{"@type":"WebPage","@id":"https:\/\/volcanes.net\/?p=5697","url":"https:\/\/volcanes.net\/?p=5697","name":"Camioneta choca contra combi en la M\u00e9xico-Cuautla - Volcanes","isPartOf":{"@id":"https:\/\/volcanes.net\/#website"},"primaryImageOfPage":{"@id":"https:\/\/volcanes.net\/?p=5697#primaryimage"},"image":{"@id":"https:\/\/volcanes.net\/?p=5697#primaryimage"},"thumbnailUrl":"https:\/\/volcanes.net\/wp-content\/uploads\/2019\/10\/0d76c6b1-2e40-45b9-8ee3-9680e597d899.jpg","datePublished":"2019-10-31T12:43:38+00:00","breadcrumb":{"@id":"https:\/\/volcanes.net\/?p=5697#breadcrumb"},"inLanguage":"es","potentialAction":[{"@type":"ReadAction","target":["https:\/\/volcanes.net\/?p=5697"]}]},{"@type":"ImageObject","inLanguage":"es","@id":"https:\/\/volcanes.net\/?p=5697#primaryimage","url":"https:\/\/volcanes.net\/wp-content\/uploads\/2019\/10\/0d76c6b1-2e40-45b9-8ee3-9680e597d899.jpg","contentUrl":"https:\/\/volcanes.net\/wp-content\/uploads\/2019\/10\/0d76c6b1-2e40-45b9-8ee3-9680e597d899.jpg","width":690,"height":345},{"@type":"BreadcrumbList","@id":"https:\/\/volcanes.net\/?p=5697#breadcrumb","itemListElement":[{"@type":"ListItem","position":1,"name":"Portada","item":"https:\/\/volcanes.net\/"},{"@type":"ListItem","position":2,"name":"Camioneta choca contra combi en la M\u00e9xico-Cuautla"}]},{"@type":"WebSite","@id":"https:\/\/volcanes.net\/#website","url":"https:\/\/volcanes.net\/","name":"Volcanes.Net","description":"Periodismo Profesional","publisher":{"@id":"https:\/\/volcanes.net\/#organization"},"potentialAction":[{"@type":"SearchAction","target":{"@type":"EntryPoint","urlTemplate":"https:\/\/volcanes.net\/?s={search_term_string}"},"query-input":{"@type":"PropertyValueSpecification","valueRequired":true,"valueName":"search_term_string"}}],"inLanguage":"es"},{"@type":"Organization","@id":"https:\/\/volcanes.net\/#organization","name":"Grupo Volcanes","url":"https:\/\/volcanes.net\/","logo":{"@type":"ImageObject","inLanguage":"es","@id":"https:\/\/volcanes.net\/#\/schema\/logo\/image\/","url":"http:\/\/volcanes.net\/wp-content\/uploads\/2017\/12\/Avatar2.jpg","contentUrl":"http:\/\/volcanes.net\/wp-content\/uploads\/2017\/12\/Avatar2.jpg","width":378,"height":378,"caption":"Grupo Volcanes"},"image":{"@id":"https:\/\/volcanes.net\/#\/schema\/logo\/image\/"},"sameAs":["https:\/\/www.facebook.com\/volcanes.net\/"]},{"@type":"Person","@id":"https:\/\/volcanes.net\/#\/schema\/person\/4bf0f383940966a4abd53f5048c0e6b9","name":"admin","image":{"@type":"ImageObject","inLanguage":"es","@id":"https:\/\/volcanes.net\/#\/schema\/person\/image\/","url":"https:\/\/secure.gravatar.com\/avatar\/ca004e6cba8462b8cb7abc86e382930c?s=96&d=mm&r=g","contentUrl":"https:\/\/secure.gravatar.com\/avatar\/ca004e6cba8462b8cb7abc86e382930c?s=96&d=mm&r=g","caption":"admin"}}]}},"_links":{"self":[{"href":"https:\/\/volcanes.net\/index.php?rest_route=\/wp\/v2\/posts\/5697"}],"collection":[{"href":"https:\/\/volcanes.net\/index.php?rest_route=\/wp\/v2\/posts"}],"about":[{"href":"https:\/\/volcanes.net\/index.php?rest_route=\/wp\/v2\/types\/post"}],"author":[{"embeddable":true,"href":"https:\/\/volcanes.net\/index.php?rest_route=\/wp\/v2\/users\/1"}],"replies":[{"embeddable":true,"href":"https:\/\/volcanes.net\/index.php?rest_route=%2Fwp%2Fv2%2Fcomments&post=5697"}],"version-history":[{"count":1,"href":"https:\/\/volcanes.net\/index.php?rest_route=\/wp\/v2\/posts\/5697\/revisions"}],"predecessor-version":[{"id":5699,"href":"https:\/\/volcanes.net\/index.php?rest_route=\/wp\/v2\/posts\/5697\/revisions\/5699"}],"wp:featuredmedia":[{"embeddable":true,"href":"https:\/\/volcanes.net\/index.php?rest_route=\/wp\/v2\/media\/5698"}],"wp:attachment":[{"href":"https:\/\/volcanes.net\/index.php?rest_route=%2Fwp%2Fv2%2Fmedia&parent=5697"}],"wp:term":[{"taxonomy":"category","embeddable":true,"href":"https:\/\/volcanes.net\/index.php?rest_route=%2Fwp%2Fv2%2Fcategories&post=5697"},{"taxonomy":"post_tag","embeddable":true,"href":"https:\/\/volcanes.net\/index.php?rest_route=%2Fwp%2Fv2%2Ftags&post=5697"}],"curies":[{"name":"wp","href":"https:\/\/api.w.org\/{rel}","templated":true}]}}