{"id":5705,"date":"2019-11-03T08:56:16","date_gmt":"2019-11-03T14:56:16","guid":{"rendered":"http:\/\/volcanes.net\/?p=5705"},"modified":"2019-11-03T08:56:16","modified_gmt":"2019-11-03T14:56:16","slug":"en-amecameca-encabeza-edil-miguel-angel-salomon-cortes-magno-desfile-de-dia-de-muertos-asisten-cerca-de-5-mil-personas","status":"publish","type":"post","link":"https:\/\/volcanes.net\/?p=5705","title":{"rendered":"En Amecameca Encabeza Edil Miguel \u00c1ngel Salom\u00f3n Cort\u00e9s Magno Desfile de \u201cD\u00eda de Muertos\u201d;  asisten cerca de 5 mil personas"},"content":{"rendered":"<div style=\"margin-top: 0px; margin-bottom: 0px;\" class=\"sharethis-inline-share-buttons\" ><\/div><p>Amecameca de Ju\u00e1rez, Estado de M\u00e9xico a 01 de noviembre de 2019.- Encabezado por el Presidente Municipal Miguel \u00c1ngel Salom\u00f3n Cort\u00e9s se realiz\u00f3 el Desfile de \u201cD\u00eda de Muertos\u201d en el que participaron cerca de 5 mil personas, entre las que se encontraban contingentes de las diferentes escuelas asentadas en el municipio;\u00a0 durante el recorrido el Edil estuvo acompa\u00f1ado de Integrantes del Ayuntamiento, y de la Presidenta del sistema DIF, Patricia Mayola Tufi\u00f1o Carranza.<\/p>\n<p>Minutos antes de iniciar el desfile, el Alcalde sostuvo ante los presentes que \u201cla administraci\u00f3n municipal 2019-2021 tiene un firme compromiso por preservar y fomentar nuestras tradiciones, y por lograr que sobre todo las nuevas generaciones las conozcan y disfruten\u201d.<\/p>\n<p>Asimismo al t\u00e9rmino del Magno Desfile todos los asistentes pudieron disfrutar del espect\u00e1culo que los globos monumentales de cantoya brindaron, los que con la supervisi\u00f3n de Protecci\u00f3n Civil y Bomberos, sobrevolaron el primer cuadro del municipio, provocando los aplausos de la ciudadan\u00eda.<\/p>\n<p>Posteriormente el contingente se dirigi\u00f3 al Pante\u00f3n Santa Rosa, para lo cual se ilumin\u00f3 todo el camino al camposanto, ah\u00ed se proyect\u00f3 la pel\u00edcula \u201cCoco\u201d y se reparti\u00f3 caf\u00e9 y pan a los asistentes.<\/p>\n","protected":false},"excerpt":{"rendered":"<p>Amecameca de Ju\u00e1rez, Estado de M\u00e9xico a 01 de noviembre de 2019.- Encabezado por el<\/p>\n","protected":false},"author":1,"featured_media":5706,"comment_status":"open","ping_status":"open","sticky":false,"template":"","format":"standard","meta":{"footnotes":""},"categories":[1],"tags":[7],"class_list":["post-5705","post","type-post","status-publish","format-standard","has-post-thumbnail","hentry","category-municipales","tag-amecameca"],"yoast_head":"<!-- This site is optimized with the Yoast SEO plugin v25.3 - https:\/\/yoast.com\/wordpress\/plugins\/seo\/ -->\n<title>En Amecameca Encabeza Edil Miguel \u00c1ngel Salom\u00f3n Cort\u00e9s Magno Desfile de \u201cD\u00eda de Muertos\u201d; asisten cerca de 5 mil personas - Volcanes<\/title>\n<meta name=\"robots\" content=\"index, follow, max-snippet:-1, max-image-preview:large, max-video-preview:-1\" \/>\n<link rel=\"canonical\" href=\"https:\/\/volcanes.net\/?p=5705\" \/>\n<meta property=\"og:locale\" content=\"es_MX\" \/>\n<meta property=\"og:type\" content=\"article\" \/>\n<meta property=\"og:title\" content=\"En Amecameca Encabeza Edil Miguel \u00c1ngel Salom\u00f3n Cort\u00e9s Magno Desfile de \u201cD\u00eda de Muertos\u201d; asisten cerca de 5 mil personas - Volcanes\" \/>\n<meta property=\"og:description\" content=\"Amecameca de Ju\u00e1rez, Estado de M\u00e9xico a 01 de noviembre de 2019.- Encabezado por el\" \/>\n<meta property=\"og:url\" content=\"https:\/\/volcanes.net\/?p=5705\" \/>\n<meta property=\"og:site_name\" content=\"Volcanes\" \/>\n<meta property=\"article:publisher\" content=\"https:\/\/www.facebook.com\/volcanes.net\/\" \/>\n<meta property=\"article:published_time\" content=\"2019-11-03T14:56:16+00:00\" \/>\n<meta property=\"og:image\" content=\"https:\/\/volcanes.net\/wp-content\/uploads\/2019\/11\/bcc09eb2-afea-4374-9ae7-e5a9916de638.jpg\" \/>\n\t<meta property=\"og:image:width\" content=\"600\" \/>\n\t<meta property=\"og:image:height\" content=\"399\" \/>\n\t<meta property=\"og:image:type\" content=\"image\/jpeg\" \/>\n<meta name=\"author\" content=\"admin\" \/>\n<meta name=\"twitter:card\" content=\"summary_large_image\" \/>\n<meta name=\"twitter:label1\" content=\"Escrito por\" \/>\n\t<meta name=\"twitter:data1\" content=\"admin\" \/>\n\t<meta name=\"twitter:label2\" content=\"Tiempo de lectura\" \/>\n\t<meta name=\"twitter:data2\" content=\"1 minuto\" \/>\n<script type=\"application\/ld+json\" class=\"yoast-schema-graph\">{\"@context\":\"https:\/\/schema.org\",\"@graph\":[{\"@type\":\"Article\",\"@id\":\"https:\/\/volcanes.net\/?p=5705#article\",\"isPartOf\":{\"@id\":\"https:\/\/volcanes.net\/?p=5705\"},\"author\":{\"name\":\"admin\",\"@id\":\"https:\/\/volcanes.net\/#\/schema\/person\/4bf0f383940966a4abd53f5048c0e6b9\"},\"headline\":\"En Amecameca Encabeza Edil Miguel \u00c1ngel Salom\u00f3n Cort\u00e9s Magno Desfile de \u201cD\u00eda de Muertos\u201d; asisten cerca de 5 mil personas\",\"datePublished\":\"2019-11-03T14:56:16+00:00\",\"mainEntityOfPage\":{\"@id\":\"https:\/\/volcanes.net\/?p=5705\"},\"wordCount\":225,\"commentCount\":0,\"publisher\":{\"@id\":\"https:\/\/volcanes.net\/#organization\"},\"image\":{\"@id\":\"https:\/\/volcanes.net\/?p=5705#primaryimage\"},\"thumbnailUrl\":\"https:\/\/volcanes.net\/wp-content\/uploads\/2019\/11\/bcc09eb2-afea-4374-9ae7-e5a9916de638.jpg\",\"keywords\":[\"Amecameca\"],\"articleSection\":[\"Municipales\"],\"inLanguage\":\"es\",\"potentialAction\":[{\"@type\":\"CommentAction\",\"name\":\"Comment\",\"target\":[\"https:\/\/volcanes.net\/?p=5705#respond\"]}]},{\"@type\":\"WebPage\",\"@id\":\"https:\/\/volcanes.net\/?p=5705\",\"url\":\"https:\/\/volcanes.net\/?p=5705\",\"name\":\"En Amecameca Encabeza Edil Miguel \u00c1ngel Salom\u00f3n Cort\u00e9s Magno Desfile de \u201cD\u00eda de Muertos\u201d; asisten cerca de 5 mil personas - Volcanes\",\"isPartOf\":{\"@id\":\"https:\/\/volcanes.net\/#website\"},\"primaryImageOfPage\":{\"@id\":\"https:\/\/volcanes.net\/?p=5705#primaryimage\"},\"image\":{\"@id\":\"https:\/\/volcanes.net\/?p=5705#primaryimage\"},\"thumbnailUrl\":\"https:\/\/volcanes.net\/wp-content\/uploads\/2019\/11\/bcc09eb2-afea-4374-9ae7-e5a9916de638.jpg\",\"datePublished\":\"2019-11-03T14:56:16+00:00\",\"breadcrumb\":{\"@id\":\"https:\/\/volcanes.net\/?p=5705#breadcrumb\"},\"inLanguage\":\"es\",\"potentialAction\":[{\"@type\":\"ReadAction\",\"target\":[\"https:\/\/volcanes.net\/?p=5705\"]}]},{\"@type\":\"ImageObject\",\"inLanguage\":\"es\",\"@id\":\"https:\/\/volcanes.net\/?p=5705#primaryimage\",\"url\":\"https:\/\/volcanes.net\/wp-content\/uploads\/2019\/11\/bcc09eb2-afea-4374-9ae7-e5a9916de638.jpg\",\"contentUrl\":\"https:\/\/volcanes.net\/wp-content\/uploads\/2019\/11\/bcc09eb2-afea-4374-9ae7-e5a9916de638.jpg\",\"width\":600,\"height\":399},{\"@type\":\"BreadcrumbList\",\"@id\":\"https:\/\/volcanes.net\/?p=5705#breadcrumb\",\"itemListElement\":[{\"@type\":\"ListItem\",\"position\":1,\"name\":\"Portada\",\"item\":\"https:\/\/volcanes.net\/\"},{\"@type\":\"ListItem\",\"position\":2,\"name\":\"En Amecameca Encabeza Edil Miguel \u00c1ngel Salom\u00f3n Cort\u00e9s Magno Desfile de \u201cD\u00eda de Muertos\u201d; asisten cerca de 5 mil personas\"}]},{\"@type\":\"WebSite\",\"@id\":\"https:\/\/volcanes.net\/#website\",\"url\":\"https:\/\/volcanes.net\/\",\"name\":\"Volcanes.Net\",\"description\":\"Periodismo Profesional\",\"publisher\":{\"@id\":\"https:\/\/volcanes.net\/#organization\"},\"potentialAction\":[{\"@type\":\"SearchAction\",\"target\":{\"@type\":\"EntryPoint\",\"urlTemplate\":\"https:\/\/volcanes.net\/?s={search_term_string}\"},\"query-input\":{\"@type\":\"PropertyValueSpecification\",\"valueRequired\":true,\"valueName\":\"search_term_string\"}}],\"inLanguage\":\"es\"},{\"@type\":\"Organization\",\"@id\":\"https:\/\/volcanes.net\/#organization\",\"name\":\"Grupo Volcanes\",\"url\":\"https:\/\/volcanes.net\/\",\"logo\":{\"@type\":\"ImageObject\",\"inLanguage\":\"es\",\"@id\":\"https:\/\/volcanes.net\/#\/schema\/logo\/image\/\",\"url\":\"http:\/\/volcanes.net\/wp-content\/uploads\/2017\/12\/Avatar2.jpg\",\"contentUrl\":\"http:\/\/volcanes.net\/wp-content\/uploads\/2017\/12\/Avatar2.jpg\",\"width\":378,\"height\":378,\"caption\":\"Grupo Volcanes\"},\"image\":{\"@id\":\"https:\/\/volcanes.net\/#\/schema\/logo\/image\/\"},\"sameAs\":[\"https:\/\/www.facebook.com\/volcanes.net\/\"]},{\"@type\":\"Person\",\"@id\":\"https:\/\/volcanes.net\/#\/schema\/person\/4bf0f383940966a4abd53f5048c0e6b9\",\"name\":\"admin\",\"image\":{\"@type\":\"ImageObject\",\"inLanguage\":\"es\",\"@id\":\"https:\/\/volcanes.net\/#\/schema\/person\/image\/\",\"url\":\"https:\/\/secure.gravatar.com\/avatar\/ca004e6cba8462b8cb7abc86e382930c?s=96&d=mm&r=g\",\"contentUrl\":\"https:\/\/secure.gravatar.com\/avatar\/ca004e6cba8462b8cb7abc86e382930c?s=96&d=mm&r=g\",\"caption\":\"admin\"}}]}<\/script>\n<!-- \/ Yoast SEO plugin. -->","yoast_head_json":{"title":"En Amecameca Encabeza Edil Miguel \u00c1ngel Salom\u00f3n Cort\u00e9s Magno Desfile de \u201cD\u00eda de Muertos\u201d; asisten cerca de 5 mil personas - Volcanes","robots":{"index":"index","follow":"follow","max-snippet":"max-snippet:-1","max-image-preview":"max-image-preview:large","max-video-preview":"max-video-preview:-1"},"canonical":"https:\/\/volcanes.net\/?p=5705","og_locale":"es_MX","og_type":"article","og_title":"En Amecameca Encabeza Edil Miguel \u00c1ngel Salom\u00f3n Cort\u00e9s Magno Desfile de \u201cD\u00eda de Muertos\u201d; asisten cerca de 5 mil personas - Volcanes","og_description":"Amecameca de Ju\u00e1rez, Estado de M\u00e9xico a 01 de noviembre de 2019.- Encabezado por el","og_url":"https:\/\/volcanes.net\/?p=5705","og_site_name":"Volcanes","article_publisher":"https:\/\/www.facebook.com\/volcanes.net\/","article_published_time":"2019-11-03T14:56:16+00:00","og_image":[{"width":600,"height":399,"url":"https:\/\/volcanes.net\/wp-content\/uploads\/2019\/11\/bcc09eb2-afea-4374-9ae7-e5a9916de638.jpg","type":"image\/jpeg"}],"author":"admin","twitter_card":"summary_large_image","twitter_misc":{"Escrito por":"admin","Tiempo de lectura":"1 minuto"},"schema":{"@context":"https:\/\/schema.org","@graph":[{"@type":"Article","@id":"https:\/\/volcanes.net\/?p=5705#article","isPartOf":{"@id":"https:\/\/volcanes.net\/?p=5705"},"author":{"name":"admin","@id":"https:\/\/volcanes.net\/#\/schema\/person\/4bf0f383940966a4abd53f5048c0e6b9"},"headline":"En Amecameca Encabeza Edil Miguel \u00c1ngel Salom\u00f3n Cort\u00e9s Magno Desfile de \u201cD\u00eda de Muertos\u201d; asisten cerca de 5 mil personas","datePublished":"2019-11-03T14:56:16+00:00","mainEntityOfPage":{"@id":"https:\/\/volcanes.net\/?p=5705"},"wordCount":225,"commentCount":0,"publisher":{"@id":"https:\/\/volcanes.net\/#organization"},"image":{"@id":"https:\/\/volcanes.net\/?p=5705#primaryimage"},"thumbnailUrl":"https:\/\/volcanes.net\/wp-content\/uploads\/2019\/11\/bcc09eb2-afea-4374-9ae7-e5a9916de638.jpg","keywords":["Amecameca"],"articleSection":["Municipales"],"inLanguage":"es","potentialAction":[{"@type":"CommentAction","name":"Comment","target":["https:\/\/volcanes.net\/?p=5705#respond"]}]},{"@type":"WebPage","@id":"https:\/\/volcanes.net\/?p=5705","url":"https:\/\/volcanes.net\/?p=5705","name":"En Amecameca Encabeza Edil Miguel \u00c1ngel Salom\u00f3n Cort\u00e9s Magno Desfile de \u201cD\u00eda de Muertos\u201d; asisten cerca de 5 mil personas - Volcanes","isPartOf":{"@id":"https:\/\/volcanes.net\/#website"},"primaryImageOfPage":{"@id":"https:\/\/volcanes.net\/?p=5705#primaryimage"},"image":{"@id":"https:\/\/volcanes.net\/?p=5705#primaryimage"},"thumbnailUrl":"https:\/\/volcanes.net\/wp-content\/uploads\/2019\/11\/bcc09eb2-afea-4374-9ae7-e5a9916de638.jpg","datePublished":"2019-11-03T14:56:16+00:00","breadcrumb":{"@id":"https:\/\/volcanes.net\/?p=5705#breadcrumb"},"inLanguage":"es","potentialAction":[{"@type":"ReadAction","target":["https:\/\/volcanes.net\/?p=5705"]}]},{"@type":"ImageObject","inLanguage":"es","@id":"https:\/\/volcanes.net\/?p=5705#primaryimage","url":"https:\/\/volcanes.net\/wp-content\/uploads\/2019\/11\/bcc09eb2-afea-4374-9ae7-e5a9916de638.jpg","contentUrl":"https:\/\/volcanes.net\/wp-content\/uploads\/2019\/11\/bcc09eb2-afea-4374-9ae7-e5a9916de638.jpg","width":600,"height":399},{"@type":"BreadcrumbList","@id":"https:\/\/volcanes.net\/?p=5705#breadcrumb","itemListElement":[{"@type":"ListItem","position":1,"name":"Portada","item":"https:\/\/volcanes.net\/"},{"@type":"ListItem","position":2,"name":"En Amecameca Encabeza Edil Miguel \u00c1ngel Salom\u00f3n Cort\u00e9s Magno Desfile de \u201cD\u00eda de Muertos\u201d; asisten cerca de 5 mil personas"}]},{"@type":"WebSite","@id":"https:\/\/volcanes.net\/#website","url":"https:\/\/volcanes.net\/","name":"Volcanes.Net","description":"Periodismo Profesional","publisher":{"@id":"https:\/\/volcanes.net\/#organization"},"potentialAction":[{"@type":"SearchAction","target":{"@type":"EntryPoint","urlTemplate":"https:\/\/volcanes.net\/?s={search_term_string}"},"query-input":{"@type":"PropertyValueSpecification","valueRequired":true,"valueName":"search_term_string"}}],"inLanguage":"es"},{"@type":"Organization","@id":"https:\/\/volcanes.net\/#organization","name":"Grupo Volcanes","url":"https:\/\/volcanes.net\/","logo":{"@type":"ImageObject","inLanguage":"es","@id":"https:\/\/volcanes.net\/#\/schema\/logo\/image\/","url":"http:\/\/volcanes.net\/wp-content\/uploads\/2017\/12\/Avatar2.jpg","contentUrl":"http:\/\/volcanes.net\/wp-content\/uploads\/2017\/12\/Avatar2.jpg","width":378,"height":378,"caption":"Grupo Volcanes"},"image":{"@id":"https:\/\/volcanes.net\/#\/schema\/logo\/image\/"},"sameAs":["https:\/\/www.facebook.com\/volcanes.net\/"]},{"@type":"Person","@id":"https:\/\/volcanes.net\/#\/schema\/person\/4bf0f383940966a4abd53f5048c0e6b9","name":"admin","image":{"@type":"ImageObject","inLanguage":"es","@id":"https:\/\/volcanes.net\/#\/schema\/person\/image\/","url":"https:\/\/secure.gravatar.com\/avatar\/ca004e6cba8462b8cb7abc86e382930c?s=96&d=mm&r=g","contentUrl":"https:\/\/secure.gravatar.com\/avatar\/ca004e6cba8462b8cb7abc86e382930c?s=96&d=mm&r=g","caption":"admin"}}]}},"_links":{"self":[{"href":"https:\/\/volcanes.net\/index.php?rest_route=\/wp\/v2\/posts\/5705"}],"collection":[{"href":"https:\/\/volcanes.net\/index.php?rest_route=\/wp\/v2\/posts"}],"about":[{"href":"https:\/\/volcanes.net\/index.php?rest_route=\/wp\/v2\/types\/post"}],"author":[{"embeddable":true,"href":"https:\/\/volcanes.net\/index.php?rest_route=\/wp\/v2\/users\/1"}],"replies":[{"embeddable":true,"href":"https:\/\/volcanes.net\/index.php?rest_route=%2Fwp%2Fv2%2Fcomments&post=5705"}],"version-history":[{"count":1,"href":"https:\/\/volcanes.net\/index.php?rest_route=\/wp\/v2\/posts\/5705\/revisions"}],"predecessor-version":[{"id":5707,"href":"https:\/\/volcanes.net\/index.php?rest_route=\/wp\/v2\/posts\/5705\/revisions\/5707"}],"wp:featuredmedia":[{"embeddable":true,"href":"https:\/\/volcanes.net\/index.php?rest_route=\/wp\/v2\/media\/5706"}],"wp:attachment":[{"href":"https:\/\/volcanes.net\/index.php?rest_route=%2Fwp%2Fv2%2Fmedia&parent=5705"}],"wp:term":[{"taxonomy":"category","embeddable":true,"href":"https:\/\/volcanes.net\/index.php?rest_route=%2Fwp%2Fv2%2Fcategories&post=5705"},{"taxonomy":"post_tag","embeddable":true,"href":"https:\/\/volcanes.net\/index.php?rest_route=%2Fwp%2Fv2%2Ftags&post=5705"}],"curies":[{"name":"wp","href":"https:\/\/api.w.org\/{rel}","templated":true}]}}