{"id":5725,"date":"2019-11-13T00:43:00","date_gmt":"2019-11-13T06:43:00","guid":{"rendered":"http:\/\/volcanes.net\/?p=5725"},"modified":"2019-11-13T00:43:23","modified_gmt":"2019-11-13T06:43:23","slug":"en-el-hospital-valentin-gomez-farias-empleados-piden-la-destitucion-del-director","status":"publish","type":"post","link":"https:\/\/volcanes.net\/?p=5725","title":{"rendered":"En el hospital Valent\u00edn G\u00f3mez Far\u00edas empleados piden  la destituci\u00f3n \u00a0del director"},"content":{"rendered":"<div style=\"margin-top: 0px; margin-bottom: 0px;\" class=\"sharethis-inline-share-buttons\" ><\/div><p>Amecameca, Estado de M\u00e9xico.- El d\u00eda de ayer en \u00a0el \u00a0hospital Valent\u00edn G\u00f3mez Far\u00edas ubicado en la comunidad de San francisco Zentlanpan, \u00a0personal administrativo se manifestaron con cartulinas, para solicitar la destituci\u00f3n \u00a0del director de dicho hospital..<\/p>\n<p>El motivo es por las denuncias de acoso laboral, mal uso de veh\u00edculos oficiales, nepotismos, malos manejos de recursos-<\/p>\n<p>Seg\u00fan indican los trabajadores, el director y el subdirector han realizado del hospital un presunto negocio familiar.<\/p>\n<p>Sin embargo, dicho hospital ha sido denunciado varias ocasiones por falta de m\u00e9dicos, aparatos, sobre todo medicamentos que han llevado a pacientes a la muerte, falta de presupuesto sin en cambio es considerable.<\/p>\n<p>Principalmente la causa de falta de manifestantes fue por las amenazas que reciben del director y por miedo a perder su trabajo.<\/p>\n","protected":false},"excerpt":{"rendered":"<p>Amecameca, Estado de M\u00e9xico.- El d\u00eda de ayer en \u00a0el \u00a0hospital Valent\u00edn G\u00f3mez Far\u00edas ubicado<\/p>\n","protected":false},"author":1,"featured_media":5726,"comment_status":"open","ping_status":"open","sticky":false,"template":"","format":"standard","meta":{"footnotes":""},"categories":[1],"tags":[7],"class_list":["post-5725","post","type-post","status-publish","format-standard","has-post-thumbnail","hentry","category-municipales","tag-amecameca"],"yoast_head":"<!-- This site is optimized with the Yoast SEO plugin v25.3 - https:\/\/yoast.com\/wordpress\/plugins\/seo\/ -->\n<title>En el hospital Valent\u00edn G\u00f3mez Far\u00edas empleados piden la destituci\u00f3n \u00a0del director - Volcanes<\/title>\n<meta name=\"robots\" content=\"index, follow, max-snippet:-1, max-image-preview:large, max-video-preview:-1\" \/>\n<link rel=\"canonical\" href=\"https:\/\/volcanes.net\/?p=5725\" \/>\n<meta property=\"og:locale\" content=\"es_MX\" \/>\n<meta property=\"og:type\" content=\"article\" \/>\n<meta property=\"og:title\" content=\"En el hospital Valent\u00edn G\u00f3mez Far\u00edas empleados piden la destituci\u00f3n \u00a0del director - Volcanes\" \/>\n<meta property=\"og:description\" content=\"Amecameca, Estado de M\u00e9xico.- El d\u00eda de ayer en \u00a0el \u00a0hospital Valent\u00edn G\u00f3mez Far\u00edas ubicado\" \/>\n<meta property=\"og:url\" content=\"https:\/\/volcanes.net\/?p=5725\" \/>\n<meta property=\"og:site_name\" content=\"Volcanes\" \/>\n<meta property=\"article:publisher\" content=\"https:\/\/www.facebook.com\/volcanes.net\/\" \/>\n<meta property=\"article:published_time\" content=\"2019-11-13T06:43:00+00:00\" \/>\n<meta property=\"article:modified_time\" content=\"2019-11-13T06:43:23+00:00\" \/>\n<meta property=\"og:image\" content=\"https:\/\/volcanes.net\/wp-content\/uploads\/2019\/11\/safe_image-53.jpg\" \/>\n\t<meta property=\"og:image:width\" content=\"600\" \/>\n\t<meta property=\"og:image:height\" content=\"312\" \/>\n\t<meta property=\"og:image:type\" content=\"image\/jpeg\" \/>\n<meta name=\"author\" content=\"admin\" \/>\n<meta name=\"twitter:card\" content=\"summary_large_image\" \/>\n<meta name=\"twitter:label1\" content=\"Escrito por\" \/>\n\t<meta name=\"twitter:data1\" content=\"admin\" \/>\n\t<meta name=\"twitter:label2\" content=\"Tiempo de lectura\" \/>\n\t<meta name=\"twitter:data2\" content=\"1 minuto\" \/>\n<script type=\"application\/ld+json\" class=\"yoast-schema-graph\">{\"@context\":\"https:\/\/schema.org\",\"@graph\":[{\"@type\":\"Article\",\"@id\":\"https:\/\/volcanes.net\/?p=5725#article\",\"isPartOf\":{\"@id\":\"https:\/\/volcanes.net\/?p=5725\"},\"author\":{\"name\":\"admin\",\"@id\":\"https:\/\/volcanes.net\/#\/schema\/person\/4bf0f383940966a4abd53f5048c0e6b9\"},\"headline\":\"En el hospital Valent\u00edn G\u00f3mez Far\u00edas empleados piden la destituci\u00f3n \u00a0del director\",\"datePublished\":\"2019-11-13T06:43:00+00:00\",\"dateModified\":\"2019-11-13T06:43:23+00:00\",\"mainEntityOfPage\":{\"@id\":\"https:\/\/volcanes.net\/?p=5725\"},\"wordCount\":154,\"commentCount\":0,\"publisher\":{\"@id\":\"https:\/\/volcanes.net\/#organization\"},\"image\":{\"@id\":\"https:\/\/volcanes.net\/?p=5725#primaryimage\"},\"thumbnailUrl\":\"https:\/\/volcanes.net\/wp-content\/uploads\/2019\/11\/safe_image-53.jpg\",\"keywords\":[\"Amecameca\"],\"articleSection\":[\"Municipales\"],\"inLanguage\":\"es\",\"potentialAction\":[{\"@type\":\"CommentAction\",\"name\":\"Comment\",\"target\":[\"https:\/\/volcanes.net\/?p=5725#respond\"]}]},{\"@type\":\"WebPage\",\"@id\":\"https:\/\/volcanes.net\/?p=5725\",\"url\":\"https:\/\/volcanes.net\/?p=5725\",\"name\":\"En el hospital Valent\u00edn G\u00f3mez Far\u00edas empleados piden la destituci\u00f3n \u00a0del director - Volcanes\",\"isPartOf\":{\"@id\":\"https:\/\/volcanes.net\/#website\"},\"primaryImageOfPage\":{\"@id\":\"https:\/\/volcanes.net\/?p=5725#primaryimage\"},\"image\":{\"@id\":\"https:\/\/volcanes.net\/?p=5725#primaryimage\"},\"thumbnailUrl\":\"https:\/\/volcanes.net\/wp-content\/uploads\/2019\/11\/safe_image-53.jpg\",\"datePublished\":\"2019-11-13T06:43:00+00:00\",\"dateModified\":\"2019-11-13T06:43:23+00:00\",\"breadcrumb\":{\"@id\":\"https:\/\/volcanes.net\/?p=5725#breadcrumb\"},\"inLanguage\":\"es\",\"potentialAction\":[{\"@type\":\"ReadAction\",\"target\":[\"https:\/\/volcanes.net\/?p=5725\"]}]},{\"@type\":\"ImageObject\",\"inLanguage\":\"es\",\"@id\":\"https:\/\/volcanes.net\/?p=5725#primaryimage\",\"url\":\"https:\/\/volcanes.net\/wp-content\/uploads\/2019\/11\/safe_image-53.jpg\",\"contentUrl\":\"https:\/\/volcanes.net\/wp-content\/uploads\/2019\/11\/safe_image-53.jpg\",\"width\":600,\"height\":312},{\"@type\":\"BreadcrumbList\",\"@id\":\"https:\/\/volcanes.net\/?p=5725#breadcrumb\",\"itemListElement\":[{\"@type\":\"ListItem\",\"position\":1,\"name\":\"Portada\",\"item\":\"https:\/\/volcanes.net\/\"},{\"@type\":\"ListItem\",\"position\":2,\"name\":\"En el hospital Valent\u00edn G\u00f3mez Far\u00edas empleados piden la destituci\u00f3n \u00a0del director\"}]},{\"@type\":\"WebSite\",\"@id\":\"https:\/\/volcanes.net\/#website\",\"url\":\"https:\/\/volcanes.net\/\",\"name\":\"Volcanes.Net\",\"description\":\"Periodismo Profesional\",\"publisher\":{\"@id\":\"https:\/\/volcanes.net\/#organization\"},\"potentialAction\":[{\"@type\":\"SearchAction\",\"target\":{\"@type\":\"EntryPoint\",\"urlTemplate\":\"https:\/\/volcanes.net\/?s={search_term_string}\"},\"query-input\":{\"@type\":\"PropertyValueSpecification\",\"valueRequired\":true,\"valueName\":\"search_term_string\"}}],\"inLanguage\":\"es\"},{\"@type\":\"Organization\",\"@id\":\"https:\/\/volcanes.net\/#organization\",\"name\":\"Grupo Volcanes\",\"url\":\"https:\/\/volcanes.net\/\",\"logo\":{\"@type\":\"ImageObject\",\"inLanguage\":\"es\",\"@id\":\"https:\/\/volcanes.net\/#\/schema\/logo\/image\/\",\"url\":\"http:\/\/volcanes.net\/wp-content\/uploads\/2017\/12\/Avatar2.jpg\",\"contentUrl\":\"http:\/\/volcanes.net\/wp-content\/uploads\/2017\/12\/Avatar2.jpg\",\"width\":378,\"height\":378,\"caption\":\"Grupo Volcanes\"},\"image\":{\"@id\":\"https:\/\/volcanes.net\/#\/schema\/logo\/image\/\"},\"sameAs\":[\"https:\/\/www.facebook.com\/volcanes.net\/\"]},{\"@type\":\"Person\",\"@id\":\"https:\/\/volcanes.net\/#\/schema\/person\/4bf0f383940966a4abd53f5048c0e6b9\",\"name\":\"admin\",\"image\":{\"@type\":\"ImageObject\",\"inLanguage\":\"es\",\"@id\":\"https:\/\/volcanes.net\/#\/schema\/person\/image\/\",\"url\":\"https:\/\/secure.gravatar.com\/avatar\/ca004e6cba8462b8cb7abc86e382930c?s=96&d=mm&r=g\",\"contentUrl\":\"https:\/\/secure.gravatar.com\/avatar\/ca004e6cba8462b8cb7abc86e382930c?s=96&d=mm&r=g\",\"caption\":\"admin\"}}]}<\/script>\n<!-- \/ Yoast SEO plugin. -->","yoast_head_json":{"title":"En el hospital Valent\u00edn G\u00f3mez Far\u00edas empleados piden la destituci\u00f3n \u00a0del director - Volcanes","robots":{"index":"index","follow":"follow","max-snippet":"max-snippet:-1","max-image-preview":"max-image-preview:large","max-video-preview":"max-video-preview:-1"},"canonical":"https:\/\/volcanes.net\/?p=5725","og_locale":"es_MX","og_type":"article","og_title":"En el hospital Valent\u00edn G\u00f3mez Far\u00edas empleados piden la destituci\u00f3n \u00a0del director - Volcanes","og_description":"Amecameca, Estado de M\u00e9xico.- El d\u00eda de ayer en \u00a0el \u00a0hospital Valent\u00edn G\u00f3mez Far\u00edas ubicado","og_url":"https:\/\/volcanes.net\/?p=5725","og_site_name":"Volcanes","article_publisher":"https:\/\/www.facebook.com\/volcanes.net\/","article_published_time":"2019-11-13T06:43:00+00:00","article_modified_time":"2019-11-13T06:43:23+00:00","og_image":[{"width":600,"height":312,"url":"https:\/\/volcanes.net\/wp-content\/uploads\/2019\/11\/safe_image-53.jpg","type":"image\/jpeg"}],"author":"admin","twitter_card":"summary_large_image","twitter_misc":{"Escrito por":"admin","Tiempo de lectura":"1 minuto"},"schema":{"@context":"https:\/\/schema.org","@graph":[{"@type":"Article","@id":"https:\/\/volcanes.net\/?p=5725#article","isPartOf":{"@id":"https:\/\/volcanes.net\/?p=5725"},"author":{"name":"admin","@id":"https:\/\/volcanes.net\/#\/schema\/person\/4bf0f383940966a4abd53f5048c0e6b9"},"headline":"En el hospital Valent\u00edn G\u00f3mez Far\u00edas empleados piden la destituci\u00f3n \u00a0del director","datePublished":"2019-11-13T06:43:00+00:00","dateModified":"2019-11-13T06:43:23+00:00","mainEntityOfPage":{"@id":"https:\/\/volcanes.net\/?p=5725"},"wordCount":154,"commentCount":0,"publisher":{"@id":"https:\/\/volcanes.net\/#organization"},"image":{"@id":"https:\/\/volcanes.net\/?p=5725#primaryimage"},"thumbnailUrl":"https:\/\/volcanes.net\/wp-content\/uploads\/2019\/11\/safe_image-53.jpg","keywords":["Amecameca"],"articleSection":["Municipales"],"inLanguage":"es","potentialAction":[{"@type":"CommentAction","name":"Comment","target":["https:\/\/volcanes.net\/?p=5725#respond"]}]},{"@type":"WebPage","@id":"https:\/\/volcanes.net\/?p=5725","url":"https:\/\/volcanes.net\/?p=5725","name":"En el hospital Valent\u00edn G\u00f3mez Far\u00edas empleados piden la destituci\u00f3n \u00a0del director - Volcanes","isPartOf":{"@id":"https:\/\/volcanes.net\/#website"},"primaryImageOfPage":{"@id":"https:\/\/volcanes.net\/?p=5725#primaryimage"},"image":{"@id":"https:\/\/volcanes.net\/?p=5725#primaryimage"},"thumbnailUrl":"https:\/\/volcanes.net\/wp-content\/uploads\/2019\/11\/safe_image-53.jpg","datePublished":"2019-11-13T06:43:00+00:00","dateModified":"2019-11-13T06:43:23+00:00","breadcrumb":{"@id":"https:\/\/volcanes.net\/?p=5725#breadcrumb"},"inLanguage":"es","potentialAction":[{"@type":"ReadAction","target":["https:\/\/volcanes.net\/?p=5725"]}]},{"@type":"ImageObject","inLanguage":"es","@id":"https:\/\/volcanes.net\/?p=5725#primaryimage","url":"https:\/\/volcanes.net\/wp-content\/uploads\/2019\/11\/safe_image-53.jpg","contentUrl":"https:\/\/volcanes.net\/wp-content\/uploads\/2019\/11\/safe_image-53.jpg","width":600,"height":312},{"@type":"BreadcrumbList","@id":"https:\/\/volcanes.net\/?p=5725#breadcrumb","itemListElement":[{"@type":"ListItem","position":1,"name":"Portada","item":"https:\/\/volcanes.net\/"},{"@type":"ListItem","position":2,"name":"En el hospital Valent\u00edn G\u00f3mez Far\u00edas empleados piden la destituci\u00f3n \u00a0del director"}]},{"@type":"WebSite","@id":"https:\/\/volcanes.net\/#website","url":"https:\/\/volcanes.net\/","name":"Volcanes.Net","description":"Periodismo Profesional","publisher":{"@id":"https:\/\/volcanes.net\/#organization"},"potentialAction":[{"@type":"SearchAction","target":{"@type":"EntryPoint","urlTemplate":"https:\/\/volcanes.net\/?s={search_term_string}"},"query-input":{"@type":"PropertyValueSpecification","valueRequired":true,"valueName":"search_term_string"}}],"inLanguage":"es"},{"@type":"Organization","@id":"https:\/\/volcanes.net\/#organization","name":"Grupo Volcanes","url":"https:\/\/volcanes.net\/","logo":{"@type":"ImageObject","inLanguage":"es","@id":"https:\/\/volcanes.net\/#\/schema\/logo\/image\/","url":"http:\/\/volcanes.net\/wp-content\/uploads\/2017\/12\/Avatar2.jpg","contentUrl":"http:\/\/volcanes.net\/wp-content\/uploads\/2017\/12\/Avatar2.jpg","width":378,"height":378,"caption":"Grupo Volcanes"},"image":{"@id":"https:\/\/volcanes.net\/#\/schema\/logo\/image\/"},"sameAs":["https:\/\/www.facebook.com\/volcanes.net\/"]},{"@type":"Person","@id":"https:\/\/volcanes.net\/#\/schema\/person\/4bf0f383940966a4abd53f5048c0e6b9","name":"admin","image":{"@type":"ImageObject","inLanguage":"es","@id":"https:\/\/volcanes.net\/#\/schema\/person\/image\/","url":"https:\/\/secure.gravatar.com\/avatar\/ca004e6cba8462b8cb7abc86e382930c?s=96&d=mm&r=g","contentUrl":"https:\/\/secure.gravatar.com\/avatar\/ca004e6cba8462b8cb7abc86e382930c?s=96&d=mm&r=g","caption":"admin"}}]}},"_links":{"self":[{"href":"https:\/\/volcanes.net\/index.php?rest_route=\/wp\/v2\/posts\/5725"}],"collection":[{"href":"https:\/\/volcanes.net\/index.php?rest_route=\/wp\/v2\/posts"}],"about":[{"href":"https:\/\/volcanes.net\/index.php?rest_route=\/wp\/v2\/types\/post"}],"author":[{"embeddable":true,"href":"https:\/\/volcanes.net\/index.php?rest_route=\/wp\/v2\/users\/1"}],"replies":[{"embeddable":true,"href":"https:\/\/volcanes.net\/index.php?rest_route=%2Fwp%2Fv2%2Fcomments&post=5725"}],"version-history":[{"count":2,"href":"https:\/\/volcanes.net\/index.php?rest_route=\/wp\/v2\/posts\/5725\/revisions"}],"predecessor-version":[{"id":5728,"href":"https:\/\/volcanes.net\/index.php?rest_route=\/wp\/v2\/posts\/5725\/revisions\/5728"}],"wp:featuredmedia":[{"embeddable":true,"href":"https:\/\/volcanes.net\/index.php?rest_route=\/wp\/v2\/media\/5726"}],"wp:attachment":[{"href":"https:\/\/volcanes.net\/index.php?rest_route=%2Fwp%2Fv2%2Fmedia&parent=5725"}],"wp:term":[{"taxonomy":"category","embeddable":true,"href":"https:\/\/volcanes.net\/index.php?rest_route=%2Fwp%2Fv2%2Fcategories&post=5725"},{"taxonomy":"post_tag","embeddable":true,"href":"https:\/\/volcanes.net\/index.php?rest_route=%2Fwp%2Fv2%2Ftags&post=5725"}],"curies":[{"name":"wp","href":"https:\/\/api.w.org\/{rel}","templated":true}]}}