{"id":575,"date":"2018-01-18T17:23:47","date_gmt":"2018-01-18T17:23:47","guid":{"rendered":"http:\/\/volcanes.net\/?p=575"},"modified":"2018-01-18T17:23:47","modified_gmt":"2018-01-18T17:23:47","slug":"en-mexico-no-caben-muros-la-frontera-debe-unirnos-no-dividirnos-meade-kuribrena-2","status":"publish","type":"post","link":"https:\/\/volcanes.net\/?p=575","title":{"rendered":"En M\u00e9xico no caben muros; la frontera debe unirnos, no dividirnos: Meade Kuribre\u00f1a"},"content":{"rendered":"<div style=\"margin-top: 0px; margin-bottom: 0px;\" class=\"sharethis-inline-share-buttons\" ><\/div><p>Jos\u00e9 Antonio Meade Kuribre\u00f1a, precandidato del Partido Revolucionario Institucional (PRI) a la Presidencia de la Rep\u00fablica, afirm\u00f3 la tarde de este mi\u00e9rcoles en Tijuana, Baja California, que en nuestro pa\u00eds no caben los muros y que la frontera ser\u00e1 una posibilidad para unirnos, no de dividirnos.<\/p>\n<p>\u201cAqu\u00ed en la frontera, aqu\u00ed en Baja California, que se oiga muy claro: en donde se vea ondear nuestra bandera, habr\u00e1 siempre protecci\u00f3n para los mexicanos\u201d, expres\u00f3.<\/p>\n<p>Meade Kuribre\u00f1a subray\u00f3 que nuestro pa\u00eds necesita una pol\u00edtica exterior inteligente, que ofrezca cruces y aduanas que funcionen de manera \u00f3ptima y genere espacios de participaci\u00f3n a favor de todos los sectores productivos de nuestro pa\u00eds hacia el mundo. \u201cDesde aqu\u00ed, desde Baja California, vale la pena decir que la pol\u00edtica exterior es importante, que la pol\u00edtica exterior cuenta, que de nosotros se espera que tengamos una pol\u00edtica exterior que proteja, una pol\u00edtica exterior que promueva, una pol\u00edtica exterior que coopere y una pol\u00edtica exterior en donde el di\u00e1logo pol\u00edtico resulte en beneficio de los mexicanos\u201d, se\u00f1al\u00f3. El precandidato presidencial habl\u00f3 de su experiencia como responsable de la pol\u00edtica exterior del pa\u00eds y manifest\u00f3 que se debe fortalecer el proceso de di\u00e1logo con Am\u00e9rica del Norte y Am\u00e9rica Latina para asumir el liderazgo en el continente con una visi\u00f3n progresista e incluyente.<\/p>\n<p>\u201cDiversificar nuestras relaciones de todo tipo, en especial las comerciales, con Europa, Medio Oriente y Asia Pac\u00edfico\u201d, agreg\u00f3.<\/p>\n<p>Acompa\u00f1ado de Joel Ayala, l\u00edder nacional de la Federaci\u00f3n de Sindicatos de Trabajadores al Servicio del Estado (FSTSE), el precandidato del PRI resalt\u00f3 que la relaci\u00f3n con otras potencias debe fortalecer la cooperaci\u00f3n educativa, cient\u00edfica, cultural y tecnol\u00f3gica; establecer consorcios de innovaci\u00f3n para impulsar el desarrollo de M\u00e9xico.<\/p>\n<p>\u201cDefender y proteger, con todos los instrumentos del Estado Mexicano y en apego al marco legal internacional, a las y los connacionales donde quiera que se encuentren. Nunca m\u00e1s un paisano cuyos derechos humanos sean violentados fuera del pa\u00eds\u201d, expres\u00f3 Meade durante su estancia en esta ciudad fronteriza.<\/p>\n","protected":false},"excerpt":{"rendered":"<p>Jos\u00e9 Antonio Meade Kuribre\u00f1a, precandidato del Partido Revolucionario Institucional (PRI) a la Presidencia de la<\/p>\n","protected":false},"author":1,"featured_media":563,"comment_status":"open","ping_status":"open","sticky":false,"template":"","format":"standard","meta":{"footnotes":""},"categories":[1],"tags":[36,10],"class_list":["post-575","post","type-post","status-publish","format-standard","has-post-thumbnail","hentry","category-municipales","tag-meade","tag-pri"],"yoast_head":"<!-- This site is optimized with the Yoast SEO plugin v25.3 - https:\/\/yoast.com\/wordpress\/plugins\/seo\/ -->\n<title>En M\u00e9xico no caben muros; la frontera debe unirnos, no dividirnos: Meade Kuribre\u00f1a - Volcanes<\/title>\n<meta name=\"robots\" content=\"index, follow, max-snippet:-1, max-image-preview:large, max-video-preview:-1\" \/>\n<link rel=\"canonical\" href=\"https:\/\/volcanes.net\/?p=575\" \/>\n<meta property=\"og:locale\" content=\"es_MX\" \/>\n<meta property=\"og:type\" content=\"article\" \/>\n<meta property=\"og:title\" content=\"En M\u00e9xico no caben muros; la frontera debe unirnos, no dividirnos: Meade Kuribre\u00f1a - Volcanes\" \/>\n<meta property=\"og:description\" content=\"Jos\u00e9 Antonio Meade Kuribre\u00f1a, precandidato del Partido Revolucionario Institucional (PRI) a la Presidencia de la\" \/>\n<meta property=\"og:url\" content=\"https:\/\/volcanes.net\/?p=575\" \/>\n<meta property=\"og:site_name\" content=\"Volcanes\" \/>\n<meta property=\"article:publisher\" content=\"https:\/\/www.facebook.com\/volcanes.net\/\" \/>\n<meta property=\"article:published_time\" content=\"2018-01-18T17:23:47+00:00\" \/>\n<meta property=\"og:image\" content=\"https:\/\/volcanes.net\/wp-content\/uploads\/2018\/01\/meade8-1.jpg\" \/>\n\t<meta property=\"og:image:width\" content=\"400\" \/>\n\t<meta property=\"og:image:height\" content=\"200\" \/>\n\t<meta property=\"og:image:type\" content=\"image\/jpeg\" \/>\n<meta name=\"author\" content=\"admin\" \/>\n<meta name=\"twitter:card\" content=\"summary_large_image\" \/>\n<meta name=\"twitter:label1\" content=\"Escrito por\" \/>\n\t<meta name=\"twitter:data1\" content=\"admin\" \/>\n\t<meta name=\"twitter:label2\" content=\"Tiempo de lectura\" \/>\n\t<meta name=\"twitter:data2\" content=\"2 minutos\" \/>\n<script type=\"application\/ld+json\" class=\"yoast-schema-graph\">{\"@context\":\"https:\/\/schema.org\",\"@graph\":[{\"@type\":\"Article\",\"@id\":\"https:\/\/volcanes.net\/?p=575#article\",\"isPartOf\":{\"@id\":\"https:\/\/volcanes.net\/?p=575\"},\"author\":{\"name\":\"admin\",\"@id\":\"https:\/\/volcanes.net\/#\/schema\/person\/4bf0f383940966a4abd53f5048c0e6b9\"},\"headline\":\"En M\u00e9xico no caben muros; la frontera debe unirnos, no dividirnos: Meade Kuribre\u00f1a\",\"datePublished\":\"2018-01-18T17:23:47+00:00\",\"mainEntityOfPage\":{\"@id\":\"https:\/\/volcanes.net\/?p=575\"},\"wordCount\":381,\"commentCount\":0,\"publisher\":{\"@id\":\"https:\/\/volcanes.net\/#organization\"},\"image\":{\"@id\":\"https:\/\/volcanes.net\/?p=575#primaryimage\"},\"thumbnailUrl\":\"https:\/\/volcanes.net\/wp-content\/uploads\/2018\/01\/meade8-1.jpg\",\"keywords\":[\"Meade\",\"PRI\"],\"articleSection\":[\"Municipales\"],\"inLanguage\":\"es\",\"potentialAction\":[{\"@type\":\"CommentAction\",\"name\":\"Comment\",\"target\":[\"https:\/\/volcanes.net\/?p=575#respond\"]}]},{\"@type\":\"WebPage\",\"@id\":\"https:\/\/volcanes.net\/?p=575\",\"url\":\"https:\/\/volcanes.net\/?p=575\",\"name\":\"En M\u00e9xico no caben muros; la frontera debe unirnos, no dividirnos: Meade Kuribre\u00f1a - Volcanes\",\"isPartOf\":{\"@id\":\"https:\/\/volcanes.net\/#website\"},\"primaryImageOfPage\":{\"@id\":\"https:\/\/volcanes.net\/?p=575#primaryimage\"},\"image\":{\"@id\":\"https:\/\/volcanes.net\/?p=575#primaryimage\"},\"thumbnailUrl\":\"https:\/\/volcanes.net\/wp-content\/uploads\/2018\/01\/meade8-1.jpg\",\"datePublished\":\"2018-01-18T17:23:47+00:00\",\"breadcrumb\":{\"@id\":\"https:\/\/volcanes.net\/?p=575#breadcrumb\"},\"inLanguage\":\"es\",\"potentialAction\":[{\"@type\":\"ReadAction\",\"target\":[\"https:\/\/volcanes.net\/?p=575\"]}]},{\"@type\":\"ImageObject\",\"inLanguage\":\"es\",\"@id\":\"https:\/\/volcanes.net\/?p=575#primaryimage\",\"url\":\"https:\/\/volcanes.net\/wp-content\/uploads\/2018\/01\/meade8-1.jpg\",\"contentUrl\":\"https:\/\/volcanes.net\/wp-content\/uploads\/2018\/01\/meade8-1.jpg\",\"width\":400,\"height\":200},{\"@type\":\"BreadcrumbList\",\"@id\":\"https:\/\/volcanes.net\/?p=575#breadcrumb\",\"itemListElement\":[{\"@type\":\"ListItem\",\"position\":1,\"name\":\"Portada\",\"item\":\"https:\/\/volcanes.net\/\"},{\"@type\":\"ListItem\",\"position\":2,\"name\":\"En M\u00e9xico no caben muros; la frontera debe unirnos, no dividirnos: Meade Kuribre\u00f1a\"}]},{\"@type\":\"WebSite\",\"@id\":\"https:\/\/volcanes.net\/#website\",\"url\":\"https:\/\/volcanes.net\/\",\"name\":\"Volcanes.Net\",\"description\":\"Periodismo Profesional\",\"publisher\":{\"@id\":\"https:\/\/volcanes.net\/#organization\"},\"potentialAction\":[{\"@type\":\"SearchAction\",\"target\":{\"@type\":\"EntryPoint\",\"urlTemplate\":\"https:\/\/volcanes.net\/?s={search_term_string}\"},\"query-input\":{\"@type\":\"PropertyValueSpecification\",\"valueRequired\":true,\"valueName\":\"search_term_string\"}}],\"inLanguage\":\"es\"},{\"@type\":\"Organization\",\"@id\":\"https:\/\/volcanes.net\/#organization\",\"name\":\"Grupo Volcanes\",\"url\":\"https:\/\/volcanes.net\/\",\"logo\":{\"@type\":\"ImageObject\",\"inLanguage\":\"es\",\"@id\":\"https:\/\/volcanes.net\/#\/schema\/logo\/image\/\",\"url\":\"http:\/\/volcanes.net\/wp-content\/uploads\/2017\/12\/Avatar2.jpg\",\"contentUrl\":\"http:\/\/volcanes.net\/wp-content\/uploads\/2017\/12\/Avatar2.jpg\",\"width\":378,\"height\":378,\"caption\":\"Grupo Volcanes\"},\"image\":{\"@id\":\"https:\/\/volcanes.net\/#\/schema\/logo\/image\/\"},\"sameAs\":[\"https:\/\/www.facebook.com\/volcanes.net\/\"]},{\"@type\":\"Person\",\"@id\":\"https:\/\/volcanes.net\/#\/schema\/person\/4bf0f383940966a4abd53f5048c0e6b9\",\"name\":\"admin\",\"image\":{\"@type\":\"ImageObject\",\"inLanguage\":\"es\",\"@id\":\"https:\/\/volcanes.net\/#\/schema\/person\/image\/\",\"url\":\"https:\/\/secure.gravatar.com\/avatar\/ca004e6cba8462b8cb7abc86e382930c?s=96&d=mm&r=g\",\"contentUrl\":\"https:\/\/secure.gravatar.com\/avatar\/ca004e6cba8462b8cb7abc86e382930c?s=96&d=mm&r=g\",\"caption\":\"admin\"}}]}<\/script>\n<!-- \/ Yoast SEO plugin. -->","yoast_head_json":{"title":"En M\u00e9xico no caben muros; la frontera debe unirnos, no dividirnos: Meade Kuribre\u00f1a - Volcanes","robots":{"index":"index","follow":"follow","max-snippet":"max-snippet:-1","max-image-preview":"max-image-preview:large","max-video-preview":"max-video-preview:-1"},"canonical":"https:\/\/volcanes.net\/?p=575","og_locale":"es_MX","og_type":"article","og_title":"En M\u00e9xico no caben muros; la frontera debe unirnos, no dividirnos: Meade Kuribre\u00f1a - Volcanes","og_description":"Jos\u00e9 Antonio Meade Kuribre\u00f1a, precandidato del Partido Revolucionario Institucional (PRI) a la Presidencia de la","og_url":"https:\/\/volcanes.net\/?p=575","og_site_name":"Volcanes","article_publisher":"https:\/\/www.facebook.com\/volcanes.net\/","article_published_time":"2018-01-18T17:23:47+00:00","og_image":[{"width":400,"height":200,"url":"https:\/\/volcanes.net\/wp-content\/uploads\/2018\/01\/meade8-1.jpg","type":"image\/jpeg"}],"author":"admin","twitter_card":"summary_large_image","twitter_misc":{"Escrito por":"admin","Tiempo de lectura":"2 minutos"},"schema":{"@context":"https:\/\/schema.org","@graph":[{"@type":"Article","@id":"https:\/\/volcanes.net\/?p=575#article","isPartOf":{"@id":"https:\/\/volcanes.net\/?p=575"},"author":{"name":"admin","@id":"https:\/\/volcanes.net\/#\/schema\/person\/4bf0f383940966a4abd53f5048c0e6b9"},"headline":"En M\u00e9xico no caben muros; la frontera debe unirnos, no dividirnos: Meade Kuribre\u00f1a","datePublished":"2018-01-18T17:23:47+00:00","mainEntityOfPage":{"@id":"https:\/\/volcanes.net\/?p=575"},"wordCount":381,"commentCount":0,"publisher":{"@id":"https:\/\/volcanes.net\/#organization"},"image":{"@id":"https:\/\/volcanes.net\/?p=575#primaryimage"},"thumbnailUrl":"https:\/\/volcanes.net\/wp-content\/uploads\/2018\/01\/meade8-1.jpg","keywords":["Meade","PRI"],"articleSection":["Municipales"],"inLanguage":"es","potentialAction":[{"@type":"CommentAction","name":"Comment","target":["https:\/\/volcanes.net\/?p=575#respond"]}]},{"@type":"WebPage","@id":"https:\/\/volcanes.net\/?p=575","url":"https:\/\/volcanes.net\/?p=575","name":"En M\u00e9xico no caben muros; la frontera debe unirnos, no dividirnos: Meade Kuribre\u00f1a - Volcanes","isPartOf":{"@id":"https:\/\/volcanes.net\/#website"},"primaryImageOfPage":{"@id":"https:\/\/volcanes.net\/?p=575#primaryimage"},"image":{"@id":"https:\/\/volcanes.net\/?p=575#primaryimage"},"thumbnailUrl":"https:\/\/volcanes.net\/wp-content\/uploads\/2018\/01\/meade8-1.jpg","datePublished":"2018-01-18T17:23:47+00:00","breadcrumb":{"@id":"https:\/\/volcanes.net\/?p=575#breadcrumb"},"inLanguage":"es","potentialAction":[{"@type":"ReadAction","target":["https:\/\/volcanes.net\/?p=575"]}]},{"@type":"ImageObject","inLanguage":"es","@id":"https:\/\/volcanes.net\/?p=575#primaryimage","url":"https:\/\/volcanes.net\/wp-content\/uploads\/2018\/01\/meade8-1.jpg","contentUrl":"https:\/\/volcanes.net\/wp-content\/uploads\/2018\/01\/meade8-1.jpg","width":400,"height":200},{"@type":"BreadcrumbList","@id":"https:\/\/volcanes.net\/?p=575#breadcrumb","itemListElement":[{"@type":"ListItem","position":1,"name":"Portada","item":"https:\/\/volcanes.net\/"},{"@type":"ListItem","position":2,"name":"En M\u00e9xico no caben muros; la frontera debe unirnos, no dividirnos: Meade Kuribre\u00f1a"}]},{"@type":"WebSite","@id":"https:\/\/volcanes.net\/#website","url":"https:\/\/volcanes.net\/","name":"Volcanes.Net","description":"Periodismo Profesional","publisher":{"@id":"https:\/\/volcanes.net\/#organization"},"potentialAction":[{"@type":"SearchAction","target":{"@type":"EntryPoint","urlTemplate":"https:\/\/volcanes.net\/?s={search_term_string}"},"query-input":{"@type":"PropertyValueSpecification","valueRequired":true,"valueName":"search_term_string"}}],"inLanguage":"es"},{"@type":"Organization","@id":"https:\/\/volcanes.net\/#organization","name":"Grupo Volcanes","url":"https:\/\/volcanes.net\/","logo":{"@type":"ImageObject","inLanguage":"es","@id":"https:\/\/volcanes.net\/#\/schema\/logo\/image\/","url":"http:\/\/volcanes.net\/wp-content\/uploads\/2017\/12\/Avatar2.jpg","contentUrl":"http:\/\/volcanes.net\/wp-content\/uploads\/2017\/12\/Avatar2.jpg","width":378,"height":378,"caption":"Grupo Volcanes"},"image":{"@id":"https:\/\/volcanes.net\/#\/schema\/logo\/image\/"},"sameAs":["https:\/\/www.facebook.com\/volcanes.net\/"]},{"@type":"Person","@id":"https:\/\/volcanes.net\/#\/schema\/person\/4bf0f383940966a4abd53f5048c0e6b9","name":"admin","image":{"@type":"ImageObject","inLanguage":"es","@id":"https:\/\/volcanes.net\/#\/schema\/person\/image\/","url":"https:\/\/secure.gravatar.com\/avatar\/ca004e6cba8462b8cb7abc86e382930c?s=96&d=mm&r=g","contentUrl":"https:\/\/secure.gravatar.com\/avatar\/ca004e6cba8462b8cb7abc86e382930c?s=96&d=mm&r=g","caption":"admin"}}]}},"_links":{"self":[{"href":"https:\/\/volcanes.net\/index.php?rest_route=\/wp\/v2\/posts\/575"}],"collection":[{"href":"https:\/\/volcanes.net\/index.php?rest_route=\/wp\/v2\/posts"}],"about":[{"href":"https:\/\/volcanes.net\/index.php?rest_route=\/wp\/v2\/types\/post"}],"author":[{"embeddable":true,"href":"https:\/\/volcanes.net\/index.php?rest_route=\/wp\/v2\/users\/1"}],"replies":[{"embeddable":true,"href":"https:\/\/volcanes.net\/index.php?rest_route=%2Fwp%2Fv2%2Fcomments&post=575"}],"version-history":[{"count":1,"href":"https:\/\/volcanes.net\/index.php?rest_route=\/wp\/v2\/posts\/575\/revisions"}],"predecessor-version":[{"id":576,"href":"https:\/\/volcanes.net\/index.php?rest_route=\/wp\/v2\/posts\/575\/revisions\/576"}],"wp:featuredmedia":[{"embeddable":true,"href":"https:\/\/volcanes.net\/index.php?rest_route=\/wp\/v2\/media\/563"}],"wp:attachment":[{"href":"https:\/\/volcanes.net\/index.php?rest_route=%2Fwp%2Fv2%2Fmedia&parent=575"}],"wp:term":[{"taxonomy":"category","embeddable":true,"href":"https:\/\/volcanes.net\/index.php?rest_route=%2Fwp%2Fv2%2Fcategories&post=575"},{"taxonomy":"post_tag","embeddable":true,"href":"https:\/\/volcanes.net\/index.php?rest_route=%2Fwp%2Fv2%2Ftags&post=575"}],"curies":[{"name":"wp","href":"https:\/\/api.w.org\/{rel}","templated":true}]}}