{"id":5763,"date":"2019-11-22T20:40:20","date_gmt":"2019-11-23T02:40:20","guid":{"rendered":"http:\/\/volcanes.net\/?p=5763"},"modified":"2019-11-22T20:40:20","modified_gmt":"2019-11-23T02:40:20","slug":"construira-difem-un-centro-de-rehabilitacion-e-integracion-social-en-amecameca","status":"publish","type":"post","link":"https:\/\/volcanes.net\/?p=5763","title":{"rendered":"Construir\u00e1 DIFEM un Centro de Rehabilitaci\u00f3n e Integraci\u00f3n Social en Amecameca"},"content":{"rendered":"<div style=\"margin-top: 0px; margin-bottom: 0px;\" class=\"sharethis-inline-share-buttons\" ><\/div><p>Amecameca, Estado de M\u00e9xico a 21 de noviembre de 2019.- Durante la Entrega de Auxiliares Auditivos y Aparatos Funcionales para Adultos Mayores realizada en este municipio, el Director General del DIFEM, Maestro Miguel Angel Torres Cabello, inform\u00f3 a los presentes que en Amecameca se construir\u00e1 y equipar\u00e1 un Centro de Rehabilitaci\u00f3n e Integraci\u00f3n Social, CRIS, para dar atenci\u00f3n a personas que padezcan alguna discapacidad y que dar\u00e1 atenci\u00f3n a los habitantes de esta regi\u00f3n.<\/p>\n<p>El evento al que asistieron las Presidentas de los sistemas DIF de 14 municipios de la regi\u00f3n, cont\u00f3 con la anfitrion\u00eda de la Presidenta del DIF Amecameca, Licenciada Patricia Tufi\u00f1o Carranza y del Presidente Municipal Miguel \u00c1ngel Salom\u00f3n Cort\u00e9s, quienes durante sus respectivas intervenciones \u00a0agradecieron el apoyo de la Presidenta del DIFEM, Se\u00f1ora Fernanda Castillo de Del Mazo y del Gobernador Alfredo Del Mazo Maza.<\/p>\n<p>Cabe mencionar que durante la entrega fueron beneficiados m\u00e1s de 400 personas entre Adultos Mayores y personas con discapacidad, quienes recibieron auxiliares auditivos o aparatos funcionales, seg\u00fan fuera el caso.<\/p>\n<p>Entrevistado al respecto el Presidente Municipal agradeci\u00f3 al DIFEM que se haya elegido a Amecameca para la construcci\u00f3n del CRIS, ya que esta obra, de la cual el gobierno municipal donar\u00e1 el terreno donde se ubicar\u00e1, \u201cpermitir\u00e1 que cientos de personas con alguna discapacidad puedan recibir atenci\u00f3n sin invertir tanto tiempo en los traslados, ni gastar importantes cantidades<\/p>\n","protected":false},"excerpt":{"rendered":"<p>Amecameca, Estado de M\u00e9xico a 21 de noviembre de 2019.- Durante la Entrega de Auxiliares<\/p>\n","protected":false},"author":1,"featured_media":5764,"comment_status":"open","ping_status":"open","sticky":false,"template":"","format":"standard","meta":{"footnotes":""},"categories":[1],"tags":[7],"class_list":["post-5763","post","type-post","status-publish","format-standard","has-post-thumbnail","hentry","category-municipales","tag-amecameca"],"yoast_head":"<!-- This site is optimized with the Yoast SEO plugin v25.3 - https:\/\/yoast.com\/wordpress\/plugins\/seo\/ -->\n<title>Construir\u00e1 DIFEM un Centro de Rehabilitaci\u00f3n e Integraci\u00f3n Social en Amecameca - Volcanes<\/title>\n<meta name=\"robots\" content=\"index, follow, max-snippet:-1, max-image-preview:large, max-video-preview:-1\" \/>\n<link rel=\"canonical\" href=\"https:\/\/volcanes.net\/?p=5763\" \/>\n<meta property=\"og:locale\" content=\"es_MX\" \/>\n<meta property=\"og:type\" content=\"article\" \/>\n<meta property=\"og:title\" content=\"Construir\u00e1 DIFEM un Centro de Rehabilitaci\u00f3n e Integraci\u00f3n Social en Amecameca - Volcanes\" \/>\n<meta property=\"og:description\" content=\"Amecameca, Estado de M\u00e9xico a 21 de noviembre de 2019.- Durante la Entrega de Auxiliares\" \/>\n<meta property=\"og:url\" content=\"https:\/\/volcanes.net\/?p=5763\" \/>\n<meta property=\"og:site_name\" content=\"Volcanes\" \/>\n<meta property=\"article:publisher\" content=\"https:\/\/www.facebook.com\/volcanes.net\/\" \/>\n<meta property=\"article:published_time\" content=\"2019-11-23T02:40:20+00:00\" \/>\n<meta property=\"og:image\" content=\"https:\/\/volcanes.net\/wp-content\/uploads\/2019\/11\/24789a44-456b-4a05-b6aa-8a981591b6e7.jpg\" \/>\n\t<meta property=\"og:image:width\" content=\"600\" \/>\n\t<meta property=\"og:image:height\" content=\"399\" \/>\n\t<meta property=\"og:image:type\" content=\"image\/jpeg\" \/>\n<meta name=\"author\" content=\"admin\" \/>\n<meta name=\"twitter:card\" content=\"summary_large_image\" \/>\n<meta name=\"twitter:label1\" content=\"Escrito por\" \/>\n\t<meta name=\"twitter:data1\" content=\"admin\" \/>\n\t<meta name=\"twitter:label2\" content=\"Tiempo de lectura\" \/>\n\t<meta name=\"twitter:data2\" content=\"1 minuto\" \/>\n<script type=\"application\/ld+json\" class=\"yoast-schema-graph\">{\"@context\":\"https:\/\/schema.org\",\"@graph\":[{\"@type\":\"Article\",\"@id\":\"https:\/\/volcanes.net\/?p=5763#article\",\"isPartOf\":{\"@id\":\"https:\/\/volcanes.net\/?p=5763\"},\"author\":{\"name\":\"admin\",\"@id\":\"https:\/\/volcanes.net\/#\/schema\/person\/4bf0f383940966a4abd53f5048c0e6b9\"},\"headline\":\"Construir\u00e1 DIFEM un Centro de Rehabilitaci\u00f3n e Integraci\u00f3n Social en Amecameca\",\"datePublished\":\"2019-11-23T02:40:20+00:00\",\"mainEntityOfPage\":{\"@id\":\"https:\/\/volcanes.net\/?p=5763\"},\"wordCount\":253,\"commentCount\":0,\"publisher\":{\"@id\":\"https:\/\/volcanes.net\/#organization\"},\"image\":{\"@id\":\"https:\/\/volcanes.net\/?p=5763#primaryimage\"},\"thumbnailUrl\":\"https:\/\/volcanes.net\/wp-content\/uploads\/2019\/11\/24789a44-456b-4a05-b6aa-8a981591b6e7.jpg\",\"keywords\":[\"Amecameca\"],\"articleSection\":[\"Municipales\"],\"inLanguage\":\"es\",\"potentialAction\":[{\"@type\":\"CommentAction\",\"name\":\"Comment\",\"target\":[\"https:\/\/volcanes.net\/?p=5763#respond\"]}]},{\"@type\":\"WebPage\",\"@id\":\"https:\/\/volcanes.net\/?p=5763\",\"url\":\"https:\/\/volcanes.net\/?p=5763\",\"name\":\"Construir\u00e1 DIFEM un Centro de Rehabilitaci\u00f3n e Integraci\u00f3n Social en Amecameca - Volcanes\",\"isPartOf\":{\"@id\":\"https:\/\/volcanes.net\/#website\"},\"primaryImageOfPage\":{\"@id\":\"https:\/\/volcanes.net\/?p=5763#primaryimage\"},\"image\":{\"@id\":\"https:\/\/volcanes.net\/?p=5763#primaryimage\"},\"thumbnailUrl\":\"https:\/\/volcanes.net\/wp-content\/uploads\/2019\/11\/24789a44-456b-4a05-b6aa-8a981591b6e7.jpg\",\"datePublished\":\"2019-11-23T02:40:20+00:00\",\"breadcrumb\":{\"@id\":\"https:\/\/volcanes.net\/?p=5763#breadcrumb\"},\"inLanguage\":\"es\",\"potentialAction\":[{\"@type\":\"ReadAction\",\"target\":[\"https:\/\/volcanes.net\/?p=5763\"]}]},{\"@type\":\"ImageObject\",\"inLanguage\":\"es\",\"@id\":\"https:\/\/volcanes.net\/?p=5763#primaryimage\",\"url\":\"https:\/\/volcanes.net\/wp-content\/uploads\/2019\/11\/24789a44-456b-4a05-b6aa-8a981591b6e7.jpg\",\"contentUrl\":\"https:\/\/volcanes.net\/wp-content\/uploads\/2019\/11\/24789a44-456b-4a05-b6aa-8a981591b6e7.jpg\",\"width\":600,\"height\":399},{\"@type\":\"BreadcrumbList\",\"@id\":\"https:\/\/volcanes.net\/?p=5763#breadcrumb\",\"itemListElement\":[{\"@type\":\"ListItem\",\"position\":1,\"name\":\"Portada\",\"item\":\"https:\/\/volcanes.net\/\"},{\"@type\":\"ListItem\",\"position\":2,\"name\":\"Construir\u00e1 DIFEM un Centro de Rehabilitaci\u00f3n e Integraci\u00f3n Social en Amecameca\"}]},{\"@type\":\"WebSite\",\"@id\":\"https:\/\/volcanes.net\/#website\",\"url\":\"https:\/\/volcanes.net\/\",\"name\":\"Volcanes.Net\",\"description\":\"Periodismo Profesional\",\"publisher\":{\"@id\":\"https:\/\/volcanes.net\/#organization\"},\"potentialAction\":[{\"@type\":\"SearchAction\",\"target\":{\"@type\":\"EntryPoint\",\"urlTemplate\":\"https:\/\/volcanes.net\/?s={search_term_string}\"},\"query-input\":{\"@type\":\"PropertyValueSpecification\",\"valueRequired\":true,\"valueName\":\"search_term_string\"}}],\"inLanguage\":\"es\"},{\"@type\":\"Organization\",\"@id\":\"https:\/\/volcanes.net\/#organization\",\"name\":\"Grupo Volcanes\",\"url\":\"https:\/\/volcanes.net\/\",\"logo\":{\"@type\":\"ImageObject\",\"inLanguage\":\"es\",\"@id\":\"https:\/\/volcanes.net\/#\/schema\/logo\/image\/\",\"url\":\"http:\/\/volcanes.net\/wp-content\/uploads\/2017\/12\/Avatar2.jpg\",\"contentUrl\":\"http:\/\/volcanes.net\/wp-content\/uploads\/2017\/12\/Avatar2.jpg\",\"width\":378,\"height\":378,\"caption\":\"Grupo Volcanes\"},\"image\":{\"@id\":\"https:\/\/volcanes.net\/#\/schema\/logo\/image\/\"},\"sameAs\":[\"https:\/\/www.facebook.com\/volcanes.net\/\"]},{\"@type\":\"Person\",\"@id\":\"https:\/\/volcanes.net\/#\/schema\/person\/4bf0f383940966a4abd53f5048c0e6b9\",\"name\":\"admin\",\"image\":{\"@type\":\"ImageObject\",\"inLanguage\":\"es\",\"@id\":\"https:\/\/volcanes.net\/#\/schema\/person\/image\/\",\"url\":\"https:\/\/secure.gravatar.com\/avatar\/ca004e6cba8462b8cb7abc86e382930c?s=96&d=mm&r=g\",\"contentUrl\":\"https:\/\/secure.gravatar.com\/avatar\/ca004e6cba8462b8cb7abc86e382930c?s=96&d=mm&r=g\",\"caption\":\"admin\"}}]}<\/script>\n<!-- \/ Yoast SEO plugin. -->","yoast_head_json":{"title":"Construir\u00e1 DIFEM un Centro de Rehabilitaci\u00f3n e Integraci\u00f3n Social en Amecameca - Volcanes","robots":{"index":"index","follow":"follow","max-snippet":"max-snippet:-1","max-image-preview":"max-image-preview:large","max-video-preview":"max-video-preview:-1"},"canonical":"https:\/\/volcanes.net\/?p=5763","og_locale":"es_MX","og_type":"article","og_title":"Construir\u00e1 DIFEM un Centro de Rehabilitaci\u00f3n e Integraci\u00f3n Social en Amecameca - Volcanes","og_description":"Amecameca, Estado de M\u00e9xico a 21 de noviembre de 2019.- Durante la Entrega de Auxiliares","og_url":"https:\/\/volcanes.net\/?p=5763","og_site_name":"Volcanes","article_publisher":"https:\/\/www.facebook.com\/volcanes.net\/","article_published_time":"2019-11-23T02:40:20+00:00","og_image":[{"width":600,"height":399,"url":"https:\/\/volcanes.net\/wp-content\/uploads\/2019\/11\/24789a44-456b-4a05-b6aa-8a981591b6e7.jpg","type":"image\/jpeg"}],"author":"admin","twitter_card":"summary_large_image","twitter_misc":{"Escrito por":"admin","Tiempo de lectura":"1 minuto"},"schema":{"@context":"https:\/\/schema.org","@graph":[{"@type":"Article","@id":"https:\/\/volcanes.net\/?p=5763#article","isPartOf":{"@id":"https:\/\/volcanes.net\/?p=5763"},"author":{"name":"admin","@id":"https:\/\/volcanes.net\/#\/schema\/person\/4bf0f383940966a4abd53f5048c0e6b9"},"headline":"Construir\u00e1 DIFEM un Centro de Rehabilitaci\u00f3n e Integraci\u00f3n Social en Amecameca","datePublished":"2019-11-23T02:40:20+00:00","mainEntityOfPage":{"@id":"https:\/\/volcanes.net\/?p=5763"},"wordCount":253,"commentCount":0,"publisher":{"@id":"https:\/\/volcanes.net\/#organization"},"image":{"@id":"https:\/\/volcanes.net\/?p=5763#primaryimage"},"thumbnailUrl":"https:\/\/volcanes.net\/wp-content\/uploads\/2019\/11\/24789a44-456b-4a05-b6aa-8a981591b6e7.jpg","keywords":["Amecameca"],"articleSection":["Municipales"],"inLanguage":"es","potentialAction":[{"@type":"CommentAction","name":"Comment","target":["https:\/\/volcanes.net\/?p=5763#respond"]}]},{"@type":"WebPage","@id":"https:\/\/volcanes.net\/?p=5763","url":"https:\/\/volcanes.net\/?p=5763","name":"Construir\u00e1 DIFEM un Centro de Rehabilitaci\u00f3n e Integraci\u00f3n Social en Amecameca - Volcanes","isPartOf":{"@id":"https:\/\/volcanes.net\/#website"},"primaryImageOfPage":{"@id":"https:\/\/volcanes.net\/?p=5763#primaryimage"},"image":{"@id":"https:\/\/volcanes.net\/?p=5763#primaryimage"},"thumbnailUrl":"https:\/\/volcanes.net\/wp-content\/uploads\/2019\/11\/24789a44-456b-4a05-b6aa-8a981591b6e7.jpg","datePublished":"2019-11-23T02:40:20+00:00","breadcrumb":{"@id":"https:\/\/volcanes.net\/?p=5763#breadcrumb"},"inLanguage":"es","potentialAction":[{"@type":"ReadAction","target":["https:\/\/volcanes.net\/?p=5763"]}]},{"@type":"ImageObject","inLanguage":"es","@id":"https:\/\/volcanes.net\/?p=5763#primaryimage","url":"https:\/\/volcanes.net\/wp-content\/uploads\/2019\/11\/24789a44-456b-4a05-b6aa-8a981591b6e7.jpg","contentUrl":"https:\/\/volcanes.net\/wp-content\/uploads\/2019\/11\/24789a44-456b-4a05-b6aa-8a981591b6e7.jpg","width":600,"height":399},{"@type":"BreadcrumbList","@id":"https:\/\/volcanes.net\/?p=5763#breadcrumb","itemListElement":[{"@type":"ListItem","position":1,"name":"Portada","item":"https:\/\/volcanes.net\/"},{"@type":"ListItem","position":2,"name":"Construir\u00e1 DIFEM un Centro de Rehabilitaci\u00f3n e Integraci\u00f3n Social en Amecameca"}]},{"@type":"WebSite","@id":"https:\/\/volcanes.net\/#website","url":"https:\/\/volcanes.net\/","name":"Volcanes.Net","description":"Periodismo Profesional","publisher":{"@id":"https:\/\/volcanes.net\/#organization"},"potentialAction":[{"@type":"SearchAction","target":{"@type":"EntryPoint","urlTemplate":"https:\/\/volcanes.net\/?s={search_term_string}"},"query-input":{"@type":"PropertyValueSpecification","valueRequired":true,"valueName":"search_term_string"}}],"inLanguage":"es"},{"@type":"Organization","@id":"https:\/\/volcanes.net\/#organization","name":"Grupo Volcanes","url":"https:\/\/volcanes.net\/","logo":{"@type":"ImageObject","inLanguage":"es","@id":"https:\/\/volcanes.net\/#\/schema\/logo\/image\/","url":"http:\/\/volcanes.net\/wp-content\/uploads\/2017\/12\/Avatar2.jpg","contentUrl":"http:\/\/volcanes.net\/wp-content\/uploads\/2017\/12\/Avatar2.jpg","width":378,"height":378,"caption":"Grupo Volcanes"},"image":{"@id":"https:\/\/volcanes.net\/#\/schema\/logo\/image\/"},"sameAs":["https:\/\/www.facebook.com\/volcanes.net\/"]},{"@type":"Person","@id":"https:\/\/volcanes.net\/#\/schema\/person\/4bf0f383940966a4abd53f5048c0e6b9","name":"admin","image":{"@type":"ImageObject","inLanguage":"es","@id":"https:\/\/volcanes.net\/#\/schema\/person\/image\/","url":"https:\/\/secure.gravatar.com\/avatar\/ca004e6cba8462b8cb7abc86e382930c?s=96&d=mm&r=g","contentUrl":"https:\/\/secure.gravatar.com\/avatar\/ca004e6cba8462b8cb7abc86e382930c?s=96&d=mm&r=g","caption":"admin"}}]}},"_links":{"self":[{"href":"https:\/\/volcanes.net\/index.php?rest_route=\/wp\/v2\/posts\/5763"}],"collection":[{"href":"https:\/\/volcanes.net\/index.php?rest_route=\/wp\/v2\/posts"}],"about":[{"href":"https:\/\/volcanes.net\/index.php?rest_route=\/wp\/v2\/types\/post"}],"author":[{"embeddable":true,"href":"https:\/\/volcanes.net\/index.php?rest_route=\/wp\/v2\/users\/1"}],"replies":[{"embeddable":true,"href":"https:\/\/volcanes.net\/index.php?rest_route=%2Fwp%2Fv2%2Fcomments&post=5763"}],"version-history":[{"count":1,"href":"https:\/\/volcanes.net\/index.php?rest_route=\/wp\/v2\/posts\/5763\/revisions"}],"predecessor-version":[{"id":5765,"href":"https:\/\/volcanes.net\/index.php?rest_route=\/wp\/v2\/posts\/5763\/revisions\/5765"}],"wp:featuredmedia":[{"embeddable":true,"href":"https:\/\/volcanes.net\/index.php?rest_route=\/wp\/v2\/media\/5764"}],"wp:attachment":[{"href":"https:\/\/volcanes.net\/index.php?rest_route=%2Fwp%2Fv2%2Fmedia&parent=5763"}],"wp:term":[{"taxonomy":"category","embeddable":true,"href":"https:\/\/volcanes.net\/index.php?rest_route=%2Fwp%2Fv2%2Fcategories&post=5763"},{"taxonomy":"post_tag","embeddable":true,"href":"https:\/\/volcanes.net\/index.php?rest_route=%2Fwp%2Fv2%2Ftags&post=5763"}],"curies":[{"name":"wp","href":"https:\/\/api.w.org\/{rel}","templated":true}]}}