{"id":583,"date":"2018-01-18T17:44:11","date_gmt":"2018-01-18T17:44:11","guid":{"rendered":"http:\/\/volcanes.net\/?p=583"},"modified":"2018-01-18T17:44:11","modified_gmt":"2018-01-18T17:44:11","slug":"pena-nieto-llega-a-paraguay-para-visita-oficial","status":"publish","type":"post","link":"https:\/\/volcanes.net\/?p=583","title":{"rendered":"Pe\u00f1a Nieto llega a Paraguay para visita oficial"},"content":{"rendered":"<div style=\"margin-top: 0px; margin-bottom: 0px;\" class=\"sharethis-inline-share-buttons\" ><\/div><p>El presidente de M\u00e9xico, Enrique Pe\u00f1a Nieto, lleg\u00f3 la noche de este mi\u00e9rcoles a la capital de Paraguay para realizar una visita oficial a invitaci\u00f3n de su hom\u00f3logo del pa\u00eds sudamericano, Horacio Cartes Jara.<\/p>\n<p>Luego de siete horas y media de vuelo, el avi\u00f3n presidencial TP-01 \u201cJos\u00e9 Mar\u00eda Morelos y Pav\u00f3n\u201d aterriz\u00f3 a las 23:27 horas local (20:27 horas del centro de M\u00e9xico) en el Aeropuerto Internacional \u201cSilvio Pettirossi\u201d, procedente de Canc\u00fan, Quintana Roo.<\/p>\n<p>El mandatario mexicano fue recibido por una comitiva oficial de funcionarios mexicanos y paraguayos, y este jueves iniciar\u00e1 sus actividades con una reuni\u00f3n con el presidente de este pa\u00eds y una ceremonia oficial de bienvenida.<\/p>\n<p>Lo acompa\u00f1an los secretarios de Relaciones Exteriores, Luis Videgaray Caso; de Econom\u00eda, Ildefonso Guajardo Villarreal; el coordinador general de Comunicaci\u00f3n Social del Gobierno de la Rep\u00fablica, Eduardo S\u00e1nchez Hern\u00e1ndez, y los gobernadores de Campeche, Alejandro Moreno C\u00e1rdenas, y de Yucat\u00e1n, Rolando Zapata Bello.<\/p>\n<p>Los mandatarios de M\u00e9xico y de Paraguay sostendr\u00e1n este jueves un encuentro con sus respectivas comitivas para evaluar el estado actual de la relaci\u00f3n y atestiguar\u00e1n la firma de nuevos instrumentos que fortalecer\u00e1n el marco jur\u00eddico bilateral.<\/p>\n<p>Pe\u00f1a Nieto depositar\u00e1 una ofrenda floral y firmar\u00e1 el libro de visitantes distinguidos en la Casa de la Independencia, recibir\u00e1 las Llaves de la Ciudad y el diploma de Hu\u00e9sped Ilustre, y se reunir\u00e1 con empresarios en la sede de la Uni\u00f3n Industrial Paraguaya.<\/p>\n","protected":false},"excerpt":{"rendered":"<p>El presidente de M\u00e9xico, Enrique Pe\u00f1a Nieto, lleg\u00f3 la noche de este mi\u00e9rcoles a la<\/p>\n","protected":false},"author":1,"featured_media":567,"comment_status":"open","ping_status":"open","sticky":false,"template":"","format":"standard","meta":{"footnotes":""},"categories":[1],"tags":[45,44],"class_list":["post-583","post","type-post","status-publish","format-standard","has-post-thumbnail","hentry","category-municipales","tag-epn","tag-gobierno-de-la-republica"],"yoast_head":"<!-- This site is optimized with the Yoast SEO plugin v25.3 - https:\/\/yoast.com\/wordpress\/plugins\/seo\/ -->\n<title>Pe\u00f1a Nieto llega a Paraguay para visita oficial - Volcanes<\/title>\n<meta name=\"robots\" content=\"index, follow, max-snippet:-1, max-image-preview:large, max-video-preview:-1\" \/>\n<link rel=\"canonical\" href=\"https:\/\/volcanes.net\/?p=583\" \/>\n<meta property=\"og:locale\" content=\"es_MX\" \/>\n<meta property=\"og:type\" content=\"article\" \/>\n<meta property=\"og:title\" content=\"Pe\u00f1a Nieto llega a Paraguay para visita oficial - Volcanes\" \/>\n<meta property=\"og:description\" content=\"El presidente de M\u00e9xico, Enrique Pe\u00f1a Nieto, lleg\u00f3 la noche de este mi\u00e9rcoles a la\" \/>\n<meta property=\"og:url\" content=\"https:\/\/volcanes.net\/?p=583\" \/>\n<meta property=\"og:site_name\" content=\"Volcanes\" \/>\n<meta property=\"article:publisher\" content=\"https:\/\/www.facebook.com\/volcanes.net\/\" \/>\n<meta property=\"article:published_time\" content=\"2018-01-18T17:44:11+00:00\" \/>\n<meta property=\"og:image\" content=\"https:\/\/volcanes.net\/wp-content\/uploads\/2018\/01\/epn-paraguay.jpg\" \/>\n\t<meta property=\"og:image:width\" content=\"400\" \/>\n\t<meta property=\"og:image:height\" content=\"200\" \/>\n\t<meta property=\"og:image:type\" content=\"image\/jpeg\" \/>\n<meta name=\"author\" content=\"admin\" \/>\n<meta name=\"twitter:card\" content=\"summary_large_image\" \/>\n<meta name=\"twitter:label1\" content=\"Escrito por\" \/>\n\t<meta name=\"twitter:data1\" content=\"admin\" \/>\n\t<meta name=\"twitter:label2\" content=\"Tiempo de lectura\" \/>\n\t<meta name=\"twitter:data2\" content=\"1 minuto\" \/>\n<script type=\"application\/ld+json\" class=\"yoast-schema-graph\">{\"@context\":\"https:\/\/schema.org\",\"@graph\":[{\"@type\":\"Article\",\"@id\":\"https:\/\/volcanes.net\/?p=583#article\",\"isPartOf\":{\"@id\":\"https:\/\/volcanes.net\/?p=583\"},\"author\":{\"name\":\"admin\",\"@id\":\"https:\/\/volcanes.net\/#\/schema\/person\/4bf0f383940966a4abd53f5048c0e6b9\"},\"headline\":\"Pe\u00f1a Nieto llega a Paraguay para visita oficial\",\"datePublished\":\"2018-01-18T17:44:11+00:00\",\"mainEntityOfPage\":{\"@id\":\"https:\/\/volcanes.net\/?p=583\"},\"wordCount\":270,\"commentCount\":0,\"publisher\":{\"@id\":\"https:\/\/volcanes.net\/#organization\"},\"image\":{\"@id\":\"https:\/\/volcanes.net\/?p=583#primaryimage\"},\"thumbnailUrl\":\"https:\/\/volcanes.net\/wp-content\/uploads\/2018\/01\/epn-paraguay.jpg\",\"keywords\":[\"EPN\",\"Gobierno de la Rep\u00fablica\"],\"articleSection\":[\"Municipales\"],\"inLanguage\":\"es\",\"potentialAction\":[{\"@type\":\"CommentAction\",\"name\":\"Comment\",\"target\":[\"https:\/\/volcanes.net\/?p=583#respond\"]}]},{\"@type\":\"WebPage\",\"@id\":\"https:\/\/volcanes.net\/?p=583\",\"url\":\"https:\/\/volcanes.net\/?p=583\",\"name\":\"Pe\u00f1a Nieto llega a Paraguay para visita oficial - Volcanes\",\"isPartOf\":{\"@id\":\"https:\/\/volcanes.net\/#website\"},\"primaryImageOfPage\":{\"@id\":\"https:\/\/volcanes.net\/?p=583#primaryimage\"},\"image\":{\"@id\":\"https:\/\/volcanes.net\/?p=583#primaryimage\"},\"thumbnailUrl\":\"https:\/\/volcanes.net\/wp-content\/uploads\/2018\/01\/epn-paraguay.jpg\",\"datePublished\":\"2018-01-18T17:44:11+00:00\",\"breadcrumb\":{\"@id\":\"https:\/\/volcanes.net\/?p=583#breadcrumb\"},\"inLanguage\":\"es\",\"potentialAction\":[{\"@type\":\"ReadAction\",\"target\":[\"https:\/\/volcanes.net\/?p=583\"]}]},{\"@type\":\"ImageObject\",\"inLanguage\":\"es\",\"@id\":\"https:\/\/volcanes.net\/?p=583#primaryimage\",\"url\":\"https:\/\/volcanes.net\/wp-content\/uploads\/2018\/01\/epn-paraguay.jpg\",\"contentUrl\":\"https:\/\/volcanes.net\/wp-content\/uploads\/2018\/01\/epn-paraguay.jpg\",\"width\":400,\"height\":200},{\"@type\":\"BreadcrumbList\",\"@id\":\"https:\/\/volcanes.net\/?p=583#breadcrumb\",\"itemListElement\":[{\"@type\":\"ListItem\",\"position\":1,\"name\":\"Portada\",\"item\":\"https:\/\/volcanes.net\/\"},{\"@type\":\"ListItem\",\"position\":2,\"name\":\"Pe\u00f1a Nieto llega a Paraguay para visita oficial\"}]},{\"@type\":\"WebSite\",\"@id\":\"https:\/\/volcanes.net\/#website\",\"url\":\"https:\/\/volcanes.net\/\",\"name\":\"Volcanes.Net\",\"description\":\"Periodismo Profesional\",\"publisher\":{\"@id\":\"https:\/\/volcanes.net\/#organization\"},\"potentialAction\":[{\"@type\":\"SearchAction\",\"target\":{\"@type\":\"EntryPoint\",\"urlTemplate\":\"https:\/\/volcanes.net\/?s={search_term_string}\"},\"query-input\":{\"@type\":\"PropertyValueSpecification\",\"valueRequired\":true,\"valueName\":\"search_term_string\"}}],\"inLanguage\":\"es\"},{\"@type\":\"Organization\",\"@id\":\"https:\/\/volcanes.net\/#organization\",\"name\":\"Grupo Volcanes\",\"url\":\"https:\/\/volcanes.net\/\",\"logo\":{\"@type\":\"ImageObject\",\"inLanguage\":\"es\",\"@id\":\"https:\/\/volcanes.net\/#\/schema\/logo\/image\/\",\"url\":\"http:\/\/volcanes.net\/wp-content\/uploads\/2017\/12\/Avatar2.jpg\",\"contentUrl\":\"http:\/\/volcanes.net\/wp-content\/uploads\/2017\/12\/Avatar2.jpg\",\"width\":378,\"height\":378,\"caption\":\"Grupo Volcanes\"},\"image\":{\"@id\":\"https:\/\/volcanes.net\/#\/schema\/logo\/image\/\"},\"sameAs\":[\"https:\/\/www.facebook.com\/volcanes.net\/\"]},{\"@type\":\"Person\",\"@id\":\"https:\/\/volcanes.net\/#\/schema\/person\/4bf0f383940966a4abd53f5048c0e6b9\",\"name\":\"admin\",\"image\":{\"@type\":\"ImageObject\",\"inLanguage\":\"es\",\"@id\":\"https:\/\/volcanes.net\/#\/schema\/person\/image\/\",\"url\":\"https:\/\/secure.gravatar.com\/avatar\/ca004e6cba8462b8cb7abc86e382930c?s=96&d=mm&r=g\",\"contentUrl\":\"https:\/\/secure.gravatar.com\/avatar\/ca004e6cba8462b8cb7abc86e382930c?s=96&d=mm&r=g\",\"caption\":\"admin\"}}]}<\/script>\n<!-- \/ Yoast SEO plugin. -->","yoast_head_json":{"title":"Pe\u00f1a Nieto llega a Paraguay para visita oficial - Volcanes","robots":{"index":"index","follow":"follow","max-snippet":"max-snippet:-1","max-image-preview":"max-image-preview:large","max-video-preview":"max-video-preview:-1"},"canonical":"https:\/\/volcanes.net\/?p=583","og_locale":"es_MX","og_type":"article","og_title":"Pe\u00f1a Nieto llega a Paraguay para visita oficial - Volcanes","og_description":"El presidente de M\u00e9xico, Enrique Pe\u00f1a Nieto, lleg\u00f3 la noche de este mi\u00e9rcoles a la","og_url":"https:\/\/volcanes.net\/?p=583","og_site_name":"Volcanes","article_publisher":"https:\/\/www.facebook.com\/volcanes.net\/","article_published_time":"2018-01-18T17:44:11+00:00","og_image":[{"width":400,"height":200,"url":"https:\/\/volcanes.net\/wp-content\/uploads\/2018\/01\/epn-paraguay.jpg","type":"image\/jpeg"}],"author":"admin","twitter_card":"summary_large_image","twitter_misc":{"Escrito por":"admin","Tiempo de lectura":"1 minuto"},"schema":{"@context":"https:\/\/schema.org","@graph":[{"@type":"Article","@id":"https:\/\/volcanes.net\/?p=583#article","isPartOf":{"@id":"https:\/\/volcanes.net\/?p=583"},"author":{"name":"admin","@id":"https:\/\/volcanes.net\/#\/schema\/person\/4bf0f383940966a4abd53f5048c0e6b9"},"headline":"Pe\u00f1a Nieto llega a Paraguay para visita oficial","datePublished":"2018-01-18T17:44:11+00:00","mainEntityOfPage":{"@id":"https:\/\/volcanes.net\/?p=583"},"wordCount":270,"commentCount":0,"publisher":{"@id":"https:\/\/volcanes.net\/#organization"},"image":{"@id":"https:\/\/volcanes.net\/?p=583#primaryimage"},"thumbnailUrl":"https:\/\/volcanes.net\/wp-content\/uploads\/2018\/01\/epn-paraguay.jpg","keywords":["EPN","Gobierno de la Rep\u00fablica"],"articleSection":["Municipales"],"inLanguage":"es","potentialAction":[{"@type":"CommentAction","name":"Comment","target":["https:\/\/volcanes.net\/?p=583#respond"]}]},{"@type":"WebPage","@id":"https:\/\/volcanes.net\/?p=583","url":"https:\/\/volcanes.net\/?p=583","name":"Pe\u00f1a Nieto llega a Paraguay para visita oficial - Volcanes","isPartOf":{"@id":"https:\/\/volcanes.net\/#website"},"primaryImageOfPage":{"@id":"https:\/\/volcanes.net\/?p=583#primaryimage"},"image":{"@id":"https:\/\/volcanes.net\/?p=583#primaryimage"},"thumbnailUrl":"https:\/\/volcanes.net\/wp-content\/uploads\/2018\/01\/epn-paraguay.jpg","datePublished":"2018-01-18T17:44:11+00:00","breadcrumb":{"@id":"https:\/\/volcanes.net\/?p=583#breadcrumb"},"inLanguage":"es","potentialAction":[{"@type":"ReadAction","target":["https:\/\/volcanes.net\/?p=583"]}]},{"@type":"ImageObject","inLanguage":"es","@id":"https:\/\/volcanes.net\/?p=583#primaryimage","url":"https:\/\/volcanes.net\/wp-content\/uploads\/2018\/01\/epn-paraguay.jpg","contentUrl":"https:\/\/volcanes.net\/wp-content\/uploads\/2018\/01\/epn-paraguay.jpg","width":400,"height":200},{"@type":"BreadcrumbList","@id":"https:\/\/volcanes.net\/?p=583#breadcrumb","itemListElement":[{"@type":"ListItem","position":1,"name":"Portada","item":"https:\/\/volcanes.net\/"},{"@type":"ListItem","position":2,"name":"Pe\u00f1a Nieto llega a Paraguay para visita oficial"}]},{"@type":"WebSite","@id":"https:\/\/volcanes.net\/#website","url":"https:\/\/volcanes.net\/","name":"Volcanes.Net","description":"Periodismo Profesional","publisher":{"@id":"https:\/\/volcanes.net\/#organization"},"potentialAction":[{"@type":"SearchAction","target":{"@type":"EntryPoint","urlTemplate":"https:\/\/volcanes.net\/?s={search_term_string}"},"query-input":{"@type":"PropertyValueSpecification","valueRequired":true,"valueName":"search_term_string"}}],"inLanguage":"es"},{"@type":"Organization","@id":"https:\/\/volcanes.net\/#organization","name":"Grupo Volcanes","url":"https:\/\/volcanes.net\/","logo":{"@type":"ImageObject","inLanguage":"es","@id":"https:\/\/volcanes.net\/#\/schema\/logo\/image\/","url":"http:\/\/volcanes.net\/wp-content\/uploads\/2017\/12\/Avatar2.jpg","contentUrl":"http:\/\/volcanes.net\/wp-content\/uploads\/2017\/12\/Avatar2.jpg","width":378,"height":378,"caption":"Grupo Volcanes"},"image":{"@id":"https:\/\/volcanes.net\/#\/schema\/logo\/image\/"},"sameAs":["https:\/\/www.facebook.com\/volcanes.net\/"]},{"@type":"Person","@id":"https:\/\/volcanes.net\/#\/schema\/person\/4bf0f383940966a4abd53f5048c0e6b9","name":"admin","image":{"@type":"ImageObject","inLanguage":"es","@id":"https:\/\/volcanes.net\/#\/schema\/person\/image\/","url":"https:\/\/secure.gravatar.com\/avatar\/ca004e6cba8462b8cb7abc86e382930c?s=96&d=mm&r=g","contentUrl":"https:\/\/secure.gravatar.com\/avatar\/ca004e6cba8462b8cb7abc86e382930c?s=96&d=mm&r=g","caption":"admin"}}]}},"_links":{"self":[{"href":"https:\/\/volcanes.net\/index.php?rest_route=\/wp\/v2\/posts\/583"}],"collection":[{"href":"https:\/\/volcanes.net\/index.php?rest_route=\/wp\/v2\/posts"}],"about":[{"href":"https:\/\/volcanes.net\/index.php?rest_route=\/wp\/v2\/types\/post"}],"author":[{"embeddable":true,"href":"https:\/\/volcanes.net\/index.php?rest_route=\/wp\/v2\/users\/1"}],"replies":[{"embeddable":true,"href":"https:\/\/volcanes.net\/index.php?rest_route=%2Fwp%2Fv2%2Fcomments&post=583"}],"version-history":[{"count":1,"href":"https:\/\/volcanes.net\/index.php?rest_route=\/wp\/v2\/posts\/583\/revisions"}],"predecessor-version":[{"id":584,"href":"https:\/\/volcanes.net\/index.php?rest_route=\/wp\/v2\/posts\/583\/revisions\/584"}],"wp:featuredmedia":[{"embeddable":true,"href":"https:\/\/volcanes.net\/index.php?rest_route=\/wp\/v2\/media\/567"}],"wp:attachment":[{"href":"https:\/\/volcanes.net\/index.php?rest_route=%2Fwp%2Fv2%2Fmedia&parent=583"}],"wp:term":[{"taxonomy":"category","embeddable":true,"href":"https:\/\/volcanes.net\/index.php?rest_route=%2Fwp%2Fv2%2Fcategories&post=583"},{"taxonomy":"post_tag","embeddable":true,"href":"https:\/\/volcanes.net\/index.php?rest_route=%2Fwp%2Fv2%2Ftags&post=583"}],"curies":[{"name":"wp","href":"https:\/\/api.w.org\/{rel}","templated":true}]}}