{"id":588,"date":"2018-01-18T18:02:25","date_gmt":"2018-01-18T18:02:25","guid":{"rendered":"http:\/\/volcanes.net\/?p=588"},"modified":"2018-01-18T18:02:25","modified_gmt":"2018-01-18T18:02:25","slug":"mas-de-30-mil-ninos-disfrutaron-del-dia-de-reyes-en-texcoco","status":"publish","type":"post","link":"https:\/\/volcanes.net\/?p=588","title":{"rendered":"M\u00e1s de 30 mil ni\u00f1os disfrutaron del d\u00eda de reyes en Texcoco"},"content":{"rendered":"<div style=\"margin-top: 0px; margin-bottom: 0px;\" class=\"sharethis-inline-share-buttons\" ><\/div><p style=\"font-weight: 400\"><em>\u00a0\u00a0*\u00a0\u00a0<\/em><em><sup>Con regalos, espect\u00e1culos y sorpresas celebran m\u00e1s de 30 mil ni\u00f1os el d\u00eda de reyes en Texcoco<\/sup><\/em><\/p>\n<p style=\"font-weight: 400\"><em>El Sistema Municipal para el Desarrollo Integral de la Familia y el H. Ayuntamiento de Texcoco, llevaron a cabo el tercer Festival de D\u00eda de Reyes durante la administraci\u00f3n a cargo de Higinio Mart\u00ednez Miranda y Mar\u00eda Elisa Mart\u00ednez Miranda.<\/em><\/p>\n<p style=\"font-weight: 400\"><em>\u00a0<\/em><\/p>\n<p style=\"font-weight: 400\"><em>Con gran \u00e9xito \u00e9ste da inicio a un nuevo a\u00f1o de trabajo en beneficio de las familias y la ni\u00f1ez del municipio.<\/em><\/p>\n<p style=\"font-weight: 400\"><em>\u00a0<\/em><\/p>\n<p style=\"font-weight: 400\"><em>Durante dos d\u00edas, este fin de semana, miles de ni\u00f1os de Texcoco, comunidades vecinas y estados cercanos al municipio se dieron cita en la Alameda Municipal con la ilusi\u00f3n de festejar el d\u00eda de Reyes totalmente gratis.<\/em><\/p>\n<p style=\"font-weight: 400\"><em>\u00a0<\/em><\/p>\n<p style=\"font-weight: 400\"><em>La Presidenta Honoraria del Sistema Municipal DIF, Mar\u00eda Elisa Mart\u00ednez Miranda, mencion\u00f3 que todo esto es posible gracias al apoyo de las autoridades municipales, ya que, Texcoco es de los pocos municipios que realizan eventos masivos con presentaci\u00f3n de espect\u00e1culos de gran calidad de manera gratuita.<\/em><\/p>\n<p style=\"font-weight: 400\"><em>\u00a0<\/em><\/p>\n<p style=\"font-weight: 400\"><em>Desde las 10:00 de la ma\u00f1ana del s\u00e1bado 13 de enero, dio inicio el festival con el acceso a las 16 atracciones mec\u00e1nicas para ni\u00f1os y adolescentes, quienes pod\u00edan subirse una y otra vez a su juego favorito, siempre con la atenta vigilancia de los trabajadores del Sistema Municipal.<\/em><\/p>\n<p style=\"font-weight: 400\"><em>\u00a0<\/em><\/p>\n<p style=\"font-weight: 400\"><em>Luchadores profesionales (del CMLL) como Mascara Sagrada y Mephisto, realizaron el primer espect\u00e1culo de lucha libre a la una de la tarde, llenando a los ni\u00f1os de diversas emociones e ilusi\u00f3n.<\/em><\/p>\n<p style=\"font-weight: 400\"><em>\u00a0<\/em><\/p>\n<p style=\"font-weight: 400\"><em>A las 3:00 de la tarde se realiz\u00f3 la presentaci\u00f3n de apertura la obra de teatro Entre Oz y el Pa\u00eds de las Maravillas en un Cuento de<\/em><\/p>\n<p style=\"font-weight: 400\"><em>Nunca Jam\u00e1s.<\/em><\/p>\n<p style=\"font-weight: 400\"><em>\u00a0<\/em><\/p>\n<p style=\"font-weight: 400\"><em>M\u00e1s tarde fuimos espectadores de la primera presentaci\u00f3n del Show del Payaso Chuponcito, qui\u00e9n con su humor sarc\u00e1stico hizo re\u00edr a m\u00e1s de 15 mil personas durante esa tarde.<\/em><\/p>\n<p style=\"font-weight: 400\"><em>\u00a0<\/em><\/p>\n<p style=\"font-weight: 400\"><em>El d\u00eda domingo desde muy temprano, familias enteras arribaban a las instalaciones del festival para disfrutar de las atracciones y espect\u00e1culos.<\/em><\/p>\n<p style=\"font-weight: 400\"><em>Aficionados a la lucha libre no se hicieron esperar para conocer a Marco Corleone, Caristico, Pierrot y Mr. Niebla.<\/em><\/p>\n<p style=\"font-weight: 400\"><em>\u00a0<\/em><\/p>\n<p style=\"font-weight: 400\"><em>Los Estrauberry Clowns y su Vagabondo Circo ofrecieron un espect\u00e1culo cultural multicolor que trajo la magia a este festejo.<\/em><\/p>\n<p style=\"font-weight: 400\"><em>Finalmente el Payasito Choko Choko, dio la apertura a la segunda y \u00faltima presentaci\u00f3n del querido payaso Chuponcito, el cual rebas\u00f3 la cifra de espectadores de la tarde anterior.<\/em><\/p>\n<p style=\"font-weight: 400\"><em>\u00a0<\/em><\/p>\n<p style=\"font-weight: 400\"><em>\u201cReconozco el trabajo del Presidente Municipal y de la Presidenta del DIF por realizar estos eventos para su gente\u201d, mencion\u00f3 Cuponcito al despedirse del p\u00fablico.<\/em><\/p>\n<p style=\"font-weight: 400\"><em>\u00a0<\/em><\/p>\n<p style=\"font-weight: 400\"><em>El Sistema Municipal DIF Texcoco, contin\u00faa trabajando en pro de las personas vulnerables de este municipio, realizando eventos que no afecten la econom\u00eda de las familias texcocanas y regalando sonrisas a los ni\u00f1os de bajos recursos.<\/em><\/p>\n","protected":false},"excerpt":{"rendered":"<p>\u00a0\u00a0*\u00a0\u00a0Con regalos, espect\u00e1culos y sorpresas celebran m\u00e1s de 30 mil ni\u00f1os el d\u00eda de reyes<\/p>\n","protected":false},"author":1,"featured_media":589,"comment_status":"open","ping_status":"open","sticky":false,"template":"","format":"standard","meta":{"footnotes":""},"categories":[1],"tags":[22],"class_list":["post-588","post","type-post","status-publish","format-standard","has-post-thumbnail","hentry","category-municipales","tag-texcoco"],"yoast_head":"<!-- This site is optimized with the Yoast SEO plugin v25.3 - https:\/\/yoast.com\/wordpress\/plugins\/seo\/ -->\n<title>M\u00e1s de 30 mil ni\u00f1os disfrutaron del d\u00eda de reyes en Texcoco - Volcanes<\/title>\n<meta name=\"robots\" content=\"index, follow, max-snippet:-1, max-image-preview:large, max-video-preview:-1\" \/>\n<link rel=\"canonical\" href=\"https:\/\/volcanes.net\/?p=588\" \/>\n<meta property=\"og:locale\" content=\"es_MX\" \/>\n<meta property=\"og:type\" content=\"article\" \/>\n<meta property=\"og:title\" content=\"M\u00e1s de 30 mil ni\u00f1os disfrutaron del d\u00eda de reyes en Texcoco - Volcanes\" \/>\n<meta property=\"og:description\" content=\"\u00a0\u00a0*\u00a0\u00a0Con regalos, espect\u00e1culos y sorpresas celebran m\u00e1s de 30 mil ni\u00f1os el d\u00eda de reyes\" \/>\n<meta property=\"og:url\" content=\"https:\/\/volcanes.net\/?p=588\" \/>\n<meta property=\"og:site_name\" content=\"Volcanes\" \/>\n<meta property=\"article:publisher\" content=\"https:\/\/www.facebook.com\/volcanes.net\/\" \/>\n<meta property=\"article:published_time\" content=\"2018-01-18T18:02:25+00:00\" \/>\n<meta property=\"og:image\" content=\"https:\/\/volcanes.net\/wp-content\/uploads\/2018\/01\/DSC_8137.jpg\" \/>\n\t<meta property=\"og:image:width\" content=\"293\" \/>\n\t<meta property=\"og:image:height\" content=\"173\" \/>\n\t<meta property=\"og:image:type\" content=\"image\/jpeg\" \/>\n<meta name=\"author\" content=\"admin\" \/>\n<meta name=\"twitter:card\" content=\"summary_large_image\" \/>\n<meta name=\"twitter:label1\" content=\"Escrito por\" \/>\n\t<meta name=\"twitter:data1\" content=\"admin\" \/>\n\t<meta name=\"twitter:label2\" content=\"Tiempo de lectura\" \/>\n\t<meta name=\"twitter:data2\" content=\"2 minutos\" \/>\n<script type=\"application\/ld+json\" class=\"yoast-schema-graph\">{\"@context\":\"https:\/\/schema.org\",\"@graph\":[{\"@type\":\"Article\",\"@id\":\"https:\/\/volcanes.net\/?p=588#article\",\"isPartOf\":{\"@id\":\"https:\/\/volcanes.net\/?p=588\"},\"author\":{\"name\":\"admin\",\"@id\":\"https:\/\/volcanes.net\/#\/schema\/person\/4bf0f383940966a4abd53f5048c0e6b9\"},\"headline\":\"M\u00e1s de 30 mil ni\u00f1os disfrutaron del d\u00eda de reyes en Texcoco\",\"datePublished\":\"2018-01-18T18:02:25+00:00\",\"mainEntityOfPage\":{\"@id\":\"https:\/\/volcanes.net\/?p=588\"},\"wordCount\":502,\"commentCount\":0,\"publisher\":{\"@id\":\"https:\/\/volcanes.net\/#organization\"},\"image\":{\"@id\":\"https:\/\/volcanes.net\/?p=588#primaryimage\"},\"thumbnailUrl\":\"https:\/\/volcanes.net\/wp-content\/uploads\/2018\/01\/DSC_8137.jpg\",\"keywords\":[\"Texcoco\"],\"articleSection\":[\"Municipales\"],\"inLanguage\":\"es\",\"potentialAction\":[{\"@type\":\"CommentAction\",\"name\":\"Comment\",\"target\":[\"https:\/\/volcanes.net\/?p=588#respond\"]}]},{\"@type\":\"WebPage\",\"@id\":\"https:\/\/volcanes.net\/?p=588\",\"url\":\"https:\/\/volcanes.net\/?p=588\",\"name\":\"M\u00e1s de 30 mil ni\u00f1os disfrutaron del d\u00eda de reyes en Texcoco - Volcanes\",\"isPartOf\":{\"@id\":\"https:\/\/volcanes.net\/#website\"},\"primaryImageOfPage\":{\"@id\":\"https:\/\/volcanes.net\/?p=588#primaryimage\"},\"image\":{\"@id\":\"https:\/\/volcanes.net\/?p=588#primaryimage\"},\"thumbnailUrl\":\"https:\/\/volcanes.net\/wp-content\/uploads\/2018\/01\/DSC_8137.jpg\",\"datePublished\":\"2018-01-18T18:02:25+00:00\",\"breadcrumb\":{\"@id\":\"https:\/\/volcanes.net\/?p=588#breadcrumb\"},\"inLanguage\":\"es\",\"potentialAction\":[{\"@type\":\"ReadAction\",\"target\":[\"https:\/\/volcanes.net\/?p=588\"]}]},{\"@type\":\"ImageObject\",\"inLanguage\":\"es\",\"@id\":\"https:\/\/volcanes.net\/?p=588#primaryimage\",\"url\":\"https:\/\/volcanes.net\/wp-content\/uploads\/2018\/01\/DSC_8137.jpg\",\"contentUrl\":\"https:\/\/volcanes.net\/wp-content\/uploads\/2018\/01\/DSC_8137.jpg\",\"width\":293,\"height\":173,\"caption\":\"????????????????????????????????????\"},{\"@type\":\"BreadcrumbList\",\"@id\":\"https:\/\/volcanes.net\/?p=588#breadcrumb\",\"itemListElement\":[{\"@type\":\"ListItem\",\"position\":1,\"name\":\"Portada\",\"item\":\"https:\/\/volcanes.net\/\"},{\"@type\":\"ListItem\",\"position\":2,\"name\":\"M\u00e1s de 30 mil ni\u00f1os disfrutaron del d\u00eda de reyes en Texcoco\"}]},{\"@type\":\"WebSite\",\"@id\":\"https:\/\/volcanes.net\/#website\",\"url\":\"https:\/\/volcanes.net\/\",\"name\":\"Volcanes.Net\",\"description\":\"Periodismo Profesional\",\"publisher\":{\"@id\":\"https:\/\/volcanes.net\/#organization\"},\"potentialAction\":[{\"@type\":\"SearchAction\",\"target\":{\"@type\":\"EntryPoint\",\"urlTemplate\":\"https:\/\/volcanes.net\/?s={search_term_string}\"},\"query-input\":{\"@type\":\"PropertyValueSpecification\",\"valueRequired\":true,\"valueName\":\"search_term_string\"}}],\"inLanguage\":\"es\"},{\"@type\":\"Organization\",\"@id\":\"https:\/\/volcanes.net\/#organization\",\"name\":\"Grupo Volcanes\",\"url\":\"https:\/\/volcanes.net\/\",\"logo\":{\"@type\":\"ImageObject\",\"inLanguage\":\"es\",\"@id\":\"https:\/\/volcanes.net\/#\/schema\/logo\/image\/\",\"url\":\"http:\/\/volcanes.net\/wp-content\/uploads\/2017\/12\/Avatar2.jpg\",\"contentUrl\":\"http:\/\/volcanes.net\/wp-content\/uploads\/2017\/12\/Avatar2.jpg\",\"width\":378,\"height\":378,\"caption\":\"Grupo Volcanes\"},\"image\":{\"@id\":\"https:\/\/volcanes.net\/#\/schema\/logo\/image\/\"},\"sameAs\":[\"https:\/\/www.facebook.com\/volcanes.net\/\"]},{\"@type\":\"Person\",\"@id\":\"https:\/\/volcanes.net\/#\/schema\/person\/4bf0f383940966a4abd53f5048c0e6b9\",\"name\":\"admin\",\"image\":{\"@type\":\"ImageObject\",\"inLanguage\":\"es\",\"@id\":\"https:\/\/volcanes.net\/#\/schema\/person\/image\/\",\"url\":\"https:\/\/secure.gravatar.com\/avatar\/ca004e6cba8462b8cb7abc86e382930c?s=96&d=mm&r=g\",\"contentUrl\":\"https:\/\/secure.gravatar.com\/avatar\/ca004e6cba8462b8cb7abc86e382930c?s=96&d=mm&r=g\",\"caption\":\"admin\"}}]}<\/script>\n<!-- \/ Yoast SEO plugin. -->","yoast_head_json":{"title":"M\u00e1s de 30 mil ni\u00f1os disfrutaron del d\u00eda de reyes en Texcoco - Volcanes","robots":{"index":"index","follow":"follow","max-snippet":"max-snippet:-1","max-image-preview":"max-image-preview:large","max-video-preview":"max-video-preview:-1"},"canonical":"https:\/\/volcanes.net\/?p=588","og_locale":"es_MX","og_type":"article","og_title":"M\u00e1s de 30 mil ni\u00f1os disfrutaron del d\u00eda de reyes en Texcoco - Volcanes","og_description":"\u00a0\u00a0*\u00a0\u00a0Con regalos, espect\u00e1culos y sorpresas celebran m\u00e1s de 30 mil ni\u00f1os el d\u00eda de reyes","og_url":"https:\/\/volcanes.net\/?p=588","og_site_name":"Volcanes","article_publisher":"https:\/\/www.facebook.com\/volcanes.net\/","article_published_time":"2018-01-18T18:02:25+00:00","og_image":[{"width":293,"height":173,"url":"https:\/\/volcanes.net\/wp-content\/uploads\/2018\/01\/DSC_8137.jpg","type":"image\/jpeg"}],"author":"admin","twitter_card":"summary_large_image","twitter_misc":{"Escrito por":"admin","Tiempo de lectura":"2 minutos"},"schema":{"@context":"https:\/\/schema.org","@graph":[{"@type":"Article","@id":"https:\/\/volcanes.net\/?p=588#article","isPartOf":{"@id":"https:\/\/volcanes.net\/?p=588"},"author":{"name":"admin","@id":"https:\/\/volcanes.net\/#\/schema\/person\/4bf0f383940966a4abd53f5048c0e6b9"},"headline":"M\u00e1s de 30 mil ni\u00f1os disfrutaron del d\u00eda de reyes en Texcoco","datePublished":"2018-01-18T18:02:25+00:00","mainEntityOfPage":{"@id":"https:\/\/volcanes.net\/?p=588"},"wordCount":502,"commentCount":0,"publisher":{"@id":"https:\/\/volcanes.net\/#organization"},"image":{"@id":"https:\/\/volcanes.net\/?p=588#primaryimage"},"thumbnailUrl":"https:\/\/volcanes.net\/wp-content\/uploads\/2018\/01\/DSC_8137.jpg","keywords":["Texcoco"],"articleSection":["Municipales"],"inLanguage":"es","potentialAction":[{"@type":"CommentAction","name":"Comment","target":["https:\/\/volcanes.net\/?p=588#respond"]}]},{"@type":"WebPage","@id":"https:\/\/volcanes.net\/?p=588","url":"https:\/\/volcanes.net\/?p=588","name":"M\u00e1s de 30 mil ni\u00f1os disfrutaron del d\u00eda de reyes en Texcoco - Volcanes","isPartOf":{"@id":"https:\/\/volcanes.net\/#website"},"primaryImageOfPage":{"@id":"https:\/\/volcanes.net\/?p=588#primaryimage"},"image":{"@id":"https:\/\/volcanes.net\/?p=588#primaryimage"},"thumbnailUrl":"https:\/\/volcanes.net\/wp-content\/uploads\/2018\/01\/DSC_8137.jpg","datePublished":"2018-01-18T18:02:25+00:00","breadcrumb":{"@id":"https:\/\/volcanes.net\/?p=588#breadcrumb"},"inLanguage":"es","potentialAction":[{"@type":"ReadAction","target":["https:\/\/volcanes.net\/?p=588"]}]},{"@type":"ImageObject","inLanguage":"es","@id":"https:\/\/volcanes.net\/?p=588#primaryimage","url":"https:\/\/volcanes.net\/wp-content\/uploads\/2018\/01\/DSC_8137.jpg","contentUrl":"https:\/\/volcanes.net\/wp-content\/uploads\/2018\/01\/DSC_8137.jpg","width":293,"height":173,"caption":"????????????????????????????????????"},{"@type":"BreadcrumbList","@id":"https:\/\/volcanes.net\/?p=588#breadcrumb","itemListElement":[{"@type":"ListItem","position":1,"name":"Portada","item":"https:\/\/volcanes.net\/"},{"@type":"ListItem","position":2,"name":"M\u00e1s de 30 mil ni\u00f1os disfrutaron del d\u00eda de reyes en Texcoco"}]},{"@type":"WebSite","@id":"https:\/\/volcanes.net\/#website","url":"https:\/\/volcanes.net\/","name":"Volcanes.Net","description":"Periodismo Profesional","publisher":{"@id":"https:\/\/volcanes.net\/#organization"},"potentialAction":[{"@type":"SearchAction","target":{"@type":"EntryPoint","urlTemplate":"https:\/\/volcanes.net\/?s={search_term_string}"},"query-input":{"@type":"PropertyValueSpecification","valueRequired":true,"valueName":"search_term_string"}}],"inLanguage":"es"},{"@type":"Organization","@id":"https:\/\/volcanes.net\/#organization","name":"Grupo Volcanes","url":"https:\/\/volcanes.net\/","logo":{"@type":"ImageObject","inLanguage":"es","@id":"https:\/\/volcanes.net\/#\/schema\/logo\/image\/","url":"http:\/\/volcanes.net\/wp-content\/uploads\/2017\/12\/Avatar2.jpg","contentUrl":"http:\/\/volcanes.net\/wp-content\/uploads\/2017\/12\/Avatar2.jpg","width":378,"height":378,"caption":"Grupo Volcanes"},"image":{"@id":"https:\/\/volcanes.net\/#\/schema\/logo\/image\/"},"sameAs":["https:\/\/www.facebook.com\/volcanes.net\/"]},{"@type":"Person","@id":"https:\/\/volcanes.net\/#\/schema\/person\/4bf0f383940966a4abd53f5048c0e6b9","name":"admin","image":{"@type":"ImageObject","inLanguage":"es","@id":"https:\/\/volcanes.net\/#\/schema\/person\/image\/","url":"https:\/\/secure.gravatar.com\/avatar\/ca004e6cba8462b8cb7abc86e382930c?s=96&d=mm&r=g","contentUrl":"https:\/\/secure.gravatar.com\/avatar\/ca004e6cba8462b8cb7abc86e382930c?s=96&d=mm&r=g","caption":"admin"}}]}},"_links":{"self":[{"href":"https:\/\/volcanes.net\/index.php?rest_route=\/wp\/v2\/posts\/588"}],"collection":[{"href":"https:\/\/volcanes.net\/index.php?rest_route=\/wp\/v2\/posts"}],"about":[{"href":"https:\/\/volcanes.net\/index.php?rest_route=\/wp\/v2\/types\/post"}],"author":[{"embeddable":true,"href":"https:\/\/volcanes.net\/index.php?rest_route=\/wp\/v2\/users\/1"}],"replies":[{"embeddable":true,"href":"https:\/\/volcanes.net\/index.php?rest_route=%2Fwp%2Fv2%2Fcomments&post=588"}],"version-history":[{"count":1,"href":"https:\/\/volcanes.net\/index.php?rest_route=\/wp\/v2\/posts\/588\/revisions"}],"predecessor-version":[{"id":590,"href":"https:\/\/volcanes.net\/index.php?rest_route=\/wp\/v2\/posts\/588\/revisions\/590"}],"wp:featuredmedia":[{"embeddable":true,"href":"https:\/\/volcanes.net\/index.php?rest_route=\/wp\/v2\/media\/589"}],"wp:attachment":[{"href":"https:\/\/volcanes.net\/index.php?rest_route=%2Fwp%2Fv2%2Fmedia&parent=588"}],"wp:term":[{"taxonomy":"category","embeddable":true,"href":"https:\/\/volcanes.net\/index.php?rest_route=%2Fwp%2Fv2%2Fcategories&post=588"},{"taxonomy":"post_tag","embeddable":true,"href":"https:\/\/volcanes.net\/index.php?rest_route=%2Fwp%2Fv2%2Ftags&post=588"}],"curies":[{"name":"wp","href":"https:\/\/api.w.org\/{rel}","templated":true}]}}