{"id":5908,"date":"2019-12-17T11:02:10","date_gmt":"2019-12-17T17:02:10","guid":{"rendered":"http:\/\/volcanes.net\/?p=5908"},"modified":"2019-12-17T11:02:10","modified_gmt":"2019-12-17T17:02:10","slug":"inicia-operativo-blanca-navidad-amecameca-2019","status":"publish","type":"post","link":"https:\/\/volcanes.net\/?p=5908","title":{"rendered":"Inicia operativo \u201cBlanca Navidad Amecameca 2019"},"content":{"rendered":"<div style=\"margin-top: 0px; margin-bottom: 0px;\" class=\"sharethis-inline-share-buttons\" ><\/div><p>M\u00e1s de cien elementos de la polic\u00eda municipal, 15 de la Guardia Nacional y 165 de la polic\u00eda estatal participar\u00e1n en el operativo decembrino \u201cBlanca Navidad Amecameca 2019\u201d, implementado para salvaguardar tanto a la ciudadan\u00eda como a los visitantes en esta temporada decembrina, inform\u00f3 el Presidente Municipal Miguel \u00c1ngel Salom\u00f3n Cort\u00e9s.<\/p>\n<p>A\u00f1adi\u00f3 que el operativo iniciar\u00e1 el pr\u00f3ximo 16 de diciembre y concluir\u00e1 el 8 de enero de 2020, periodo en que se realizar\u00e1n recorridos en todo el territorio municipal y sus delegaciones a bordo de camionetas pick Up, veh\u00edculos tipo sed\u00e1n, cuatrimotos y motocicletas, apoyados en todo momento por las c\u00e1maras de videovigilancia del Centro de Mando y Comunicaci\u00f3n C2. Adem\u00e1s de la vigilancia en la zona de ascensos a los volcanes Popocat\u00e9petl e Iztacihualtl.<\/p>\n<p>En su oportunidad el Comisario de Seguridad Ciudadana, Capit\u00e1n Armando Acebo Ort\u00edz, precis\u00f3 que se mantendr\u00e1n elementos en binomio realizando recorridos en forma permanente en zona bancaria, zona comercial, tianguis navide\u00f1o y tianguis de juguetes. Contado adem\u00e1s con el respaldo de la Direcci\u00f3n de Protecci\u00f3n Civil y Bomberos.<\/p>\n","protected":false},"excerpt":{"rendered":"<p>M\u00e1s de cien elementos de la polic\u00eda municipal, 15 de la Guardia Nacional y 165<\/p>\n","protected":false},"author":1,"featured_media":5909,"comment_status":"open","ping_status":"open","sticky":false,"template":"","format":"standard","meta":{"footnotes":""},"categories":[1],"tags":[7],"class_list":["post-5908","post","type-post","status-publish","format-standard","has-post-thumbnail","hentry","category-municipales","tag-amecameca"],"yoast_head":"<!-- This site is optimized with the Yoast SEO plugin v25.3 - https:\/\/yoast.com\/wordpress\/plugins\/seo\/ -->\n<title>Inicia operativo \u201cBlanca Navidad Amecameca 2019 - Volcanes<\/title>\n<meta name=\"robots\" content=\"index, follow, max-snippet:-1, max-image-preview:large, max-video-preview:-1\" \/>\n<link rel=\"canonical\" href=\"https:\/\/volcanes.net\/?p=5908\" \/>\n<meta property=\"og:locale\" content=\"es_MX\" \/>\n<meta property=\"og:type\" content=\"article\" \/>\n<meta property=\"og:title\" content=\"Inicia operativo \u201cBlanca Navidad Amecameca 2019 - Volcanes\" \/>\n<meta property=\"og:description\" content=\"M\u00e1s de cien elementos de la polic\u00eda municipal, 15 de la Guardia Nacional y 165\" \/>\n<meta property=\"og:url\" content=\"https:\/\/volcanes.net\/?p=5908\" \/>\n<meta property=\"og:site_name\" content=\"Volcanes\" \/>\n<meta property=\"article:publisher\" content=\"https:\/\/www.facebook.com\/volcanes.net\/\" \/>\n<meta property=\"article:published_time\" content=\"2019-12-17T17:02:10+00:00\" \/>\n<meta property=\"og:image\" content=\"https:\/\/volcanes.net\/wp-content\/uploads\/2019\/12\/9752abe4-8e7c-452f-a7a3-89cfe6cfe113.jpg\" \/>\n\t<meta property=\"og:image:width\" content=\"1032\" \/>\n\t<meta property=\"og:image:height\" content=\"581\" \/>\n\t<meta property=\"og:image:type\" content=\"image\/jpeg\" \/>\n<meta name=\"author\" content=\"admin\" \/>\n<meta name=\"twitter:card\" content=\"summary_large_image\" \/>\n<meta name=\"twitter:label1\" content=\"Escrito por\" \/>\n\t<meta name=\"twitter:data1\" content=\"admin\" \/>\n\t<meta name=\"twitter:label2\" content=\"Tiempo de lectura\" \/>\n\t<meta name=\"twitter:data2\" content=\"1 minuto\" \/>\n<script type=\"application\/ld+json\" class=\"yoast-schema-graph\">{\"@context\":\"https:\/\/schema.org\",\"@graph\":[{\"@type\":\"Article\",\"@id\":\"https:\/\/volcanes.net\/?p=5908#article\",\"isPartOf\":{\"@id\":\"https:\/\/volcanes.net\/?p=5908\"},\"author\":{\"name\":\"admin\",\"@id\":\"https:\/\/volcanes.net\/#\/schema\/person\/4bf0f383940966a4abd53f5048c0e6b9\"},\"headline\":\"Inicia operativo \u201cBlanca Navidad Amecameca 2019\",\"datePublished\":\"2019-12-17T17:02:10+00:00\",\"mainEntityOfPage\":{\"@id\":\"https:\/\/volcanes.net\/?p=5908\"},\"wordCount\":196,\"commentCount\":0,\"publisher\":{\"@id\":\"https:\/\/volcanes.net\/#organization\"},\"image\":{\"@id\":\"https:\/\/volcanes.net\/?p=5908#primaryimage\"},\"thumbnailUrl\":\"https:\/\/volcanes.net\/wp-content\/uploads\/2019\/12\/9752abe4-8e7c-452f-a7a3-89cfe6cfe113.jpg\",\"keywords\":[\"Amecameca\"],\"articleSection\":[\"Municipales\"],\"inLanguage\":\"es\",\"potentialAction\":[{\"@type\":\"CommentAction\",\"name\":\"Comment\",\"target\":[\"https:\/\/volcanes.net\/?p=5908#respond\"]}]},{\"@type\":\"WebPage\",\"@id\":\"https:\/\/volcanes.net\/?p=5908\",\"url\":\"https:\/\/volcanes.net\/?p=5908\",\"name\":\"Inicia operativo \u201cBlanca Navidad Amecameca 2019 - Volcanes\",\"isPartOf\":{\"@id\":\"https:\/\/volcanes.net\/#website\"},\"primaryImageOfPage\":{\"@id\":\"https:\/\/volcanes.net\/?p=5908#primaryimage\"},\"image\":{\"@id\":\"https:\/\/volcanes.net\/?p=5908#primaryimage\"},\"thumbnailUrl\":\"https:\/\/volcanes.net\/wp-content\/uploads\/2019\/12\/9752abe4-8e7c-452f-a7a3-89cfe6cfe113.jpg\",\"datePublished\":\"2019-12-17T17:02:10+00:00\",\"breadcrumb\":{\"@id\":\"https:\/\/volcanes.net\/?p=5908#breadcrumb\"},\"inLanguage\":\"es\",\"potentialAction\":[{\"@type\":\"ReadAction\",\"target\":[\"https:\/\/volcanes.net\/?p=5908\"]}]},{\"@type\":\"ImageObject\",\"inLanguage\":\"es\",\"@id\":\"https:\/\/volcanes.net\/?p=5908#primaryimage\",\"url\":\"https:\/\/volcanes.net\/wp-content\/uploads\/2019\/12\/9752abe4-8e7c-452f-a7a3-89cfe6cfe113.jpg\",\"contentUrl\":\"https:\/\/volcanes.net\/wp-content\/uploads\/2019\/12\/9752abe4-8e7c-452f-a7a3-89cfe6cfe113.jpg\",\"width\":1032,\"height\":581},{\"@type\":\"BreadcrumbList\",\"@id\":\"https:\/\/volcanes.net\/?p=5908#breadcrumb\",\"itemListElement\":[{\"@type\":\"ListItem\",\"position\":1,\"name\":\"Portada\",\"item\":\"https:\/\/volcanes.net\/\"},{\"@type\":\"ListItem\",\"position\":2,\"name\":\"Inicia operativo \u201cBlanca Navidad Amecameca 2019\"}]},{\"@type\":\"WebSite\",\"@id\":\"https:\/\/volcanes.net\/#website\",\"url\":\"https:\/\/volcanes.net\/\",\"name\":\"Volcanes.Net\",\"description\":\"Periodismo Profesional\",\"publisher\":{\"@id\":\"https:\/\/volcanes.net\/#organization\"},\"potentialAction\":[{\"@type\":\"SearchAction\",\"target\":{\"@type\":\"EntryPoint\",\"urlTemplate\":\"https:\/\/volcanes.net\/?s={search_term_string}\"},\"query-input\":{\"@type\":\"PropertyValueSpecification\",\"valueRequired\":true,\"valueName\":\"search_term_string\"}}],\"inLanguage\":\"es\"},{\"@type\":\"Organization\",\"@id\":\"https:\/\/volcanes.net\/#organization\",\"name\":\"Grupo Volcanes\",\"url\":\"https:\/\/volcanes.net\/\",\"logo\":{\"@type\":\"ImageObject\",\"inLanguage\":\"es\",\"@id\":\"https:\/\/volcanes.net\/#\/schema\/logo\/image\/\",\"url\":\"http:\/\/volcanes.net\/wp-content\/uploads\/2017\/12\/Avatar2.jpg\",\"contentUrl\":\"http:\/\/volcanes.net\/wp-content\/uploads\/2017\/12\/Avatar2.jpg\",\"width\":378,\"height\":378,\"caption\":\"Grupo Volcanes\"},\"image\":{\"@id\":\"https:\/\/volcanes.net\/#\/schema\/logo\/image\/\"},\"sameAs\":[\"https:\/\/www.facebook.com\/volcanes.net\/\"]},{\"@type\":\"Person\",\"@id\":\"https:\/\/volcanes.net\/#\/schema\/person\/4bf0f383940966a4abd53f5048c0e6b9\",\"name\":\"admin\",\"image\":{\"@type\":\"ImageObject\",\"inLanguage\":\"es\",\"@id\":\"https:\/\/volcanes.net\/#\/schema\/person\/image\/\",\"url\":\"https:\/\/secure.gravatar.com\/avatar\/ca004e6cba8462b8cb7abc86e382930c?s=96&d=mm&r=g\",\"contentUrl\":\"https:\/\/secure.gravatar.com\/avatar\/ca004e6cba8462b8cb7abc86e382930c?s=96&d=mm&r=g\",\"caption\":\"admin\"}}]}<\/script>\n<!-- \/ Yoast SEO plugin. -->","yoast_head_json":{"title":"Inicia operativo \u201cBlanca Navidad Amecameca 2019 - Volcanes","robots":{"index":"index","follow":"follow","max-snippet":"max-snippet:-1","max-image-preview":"max-image-preview:large","max-video-preview":"max-video-preview:-1"},"canonical":"https:\/\/volcanes.net\/?p=5908","og_locale":"es_MX","og_type":"article","og_title":"Inicia operativo \u201cBlanca Navidad Amecameca 2019 - Volcanes","og_description":"M\u00e1s de cien elementos de la polic\u00eda municipal, 15 de la Guardia Nacional y 165","og_url":"https:\/\/volcanes.net\/?p=5908","og_site_name":"Volcanes","article_publisher":"https:\/\/www.facebook.com\/volcanes.net\/","article_published_time":"2019-12-17T17:02:10+00:00","og_image":[{"width":1032,"height":581,"url":"https:\/\/volcanes.net\/wp-content\/uploads\/2019\/12\/9752abe4-8e7c-452f-a7a3-89cfe6cfe113.jpg","type":"image\/jpeg"}],"author":"admin","twitter_card":"summary_large_image","twitter_misc":{"Escrito por":"admin","Tiempo de lectura":"1 minuto"},"schema":{"@context":"https:\/\/schema.org","@graph":[{"@type":"Article","@id":"https:\/\/volcanes.net\/?p=5908#article","isPartOf":{"@id":"https:\/\/volcanes.net\/?p=5908"},"author":{"name":"admin","@id":"https:\/\/volcanes.net\/#\/schema\/person\/4bf0f383940966a4abd53f5048c0e6b9"},"headline":"Inicia operativo \u201cBlanca Navidad Amecameca 2019","datePublished":"2019-12-17T17:02:10+00:00","mainEntityOfPage":{"@id":"https:\/\/volcanes.net\/?p=5908"},"wordCount":196,"commentCount":0,"publisher":{"@id":"https:\/\/volcanes.net\/#organization"},"image":{"@id":"https:\/\/volcanes.net\/?p=5908#primaryimage"},"thumbnailUrl":"https:\/\/volcanes.net\/wp-content\/uploads\/2019\/12\/9752abe4-8e7c-452f-a7a3-89cfe6cfe113.jpg","keywords":["Amecameca"],"articleSection":["Municipales"],"inLanguage":"es","potentialAction":[{"@type":"CommentAction","name":"Comment","target":["https:\/\/volcanes.net\/?p=5908#respond"]}]},{"@type":"WebPage","@id":"https:\/\/volcanes.net\/?p=5908","url":"https:\/\/volcanes.net\/?p=5908","name":"Inicia operativo \u201cBlanca Navidad Amecameca 2019 - Volcanes","isPartOf":{"@id":"https:\/\/volcanes.net\/#website"},"primaryImageOfPage":{"@id":"https:\/\/volcanes.net\/?p=5908#primaryimage"},"image":{"@id":"https:\/\/volcanes.net\/?p=5908#primaryimage"},"thumbnailUrl":"https:\/\/volcanes.net\/wp-content\/uploads\/2019\/12\/9752abe4-8e7c-452f-a7a3-89cfe6cfe113.jpg","datePublished":"2019-12-17T17:02:10+00:00","breadcrumb":{"@id":"https:\/\/volcanes.net\/?p=5908#breadcrumb"},"inLanguage":"es","potentialAction":[{"@type":"ReadAction","target":["https:\/\/volcanes.net\/?p=5908"]}]},{"@type":"ImageObject","inLanguage":"es","@id":"https:\/\/volcanes.net\/?p=5908#primaryimage","url":"https:\/\/volcanes.net\/wp-content\/uploads\/2019\/12\/9752abe4-8e7c-452f-a7a3-89cfe6cfe113.jpg","contentUrl":"https:\/\/volcanes.net\/wp-content\/uploads\/2019\/12\/9752abe4-8e7c-452f-a7a3-89cfe6cfe113.jpg","width":1032,"height":581},{"@type":"BreadcrumbList","@id":"https:\/\/volcanes.net\/?p=5908#breadcrumb","itemListElement":[{"@type":"ListItem","position":1,"name":"Portada","item":"https:\/\/volcanes.net\/"},{"@type":"ListItem","position":2,"name":"Inicia operativo \u201cBlanca Navidad Amecameca 2019"}]},{"@type":"WebSite","@id":"https:\/\/volcanes.net\/#website","url":"https:\/\/volcanes.net\/","name":"Volcanes.Net","description":"Periodismo Profesional","publisher":{"@id":"https:\/\/volcanes.net\/#organization"},"potentialAction":[{"@type":"SearchAction","target":{"@type":"EntryPoint","urlTemplate":"https:\/\/volcanes.net\/?s={search_term_string}"},"query-input":{"@type":"PropertyValueSpecification","valueRequired":true,"valueName":"search_term_string"}}],"inLanguage":"es"},{"@type":"Organization","@id":"https:\/\/volcanes.net\/#organization","name":"Grupo Volcanes","url":"https:\/\/volcanes.net\/","logo":{"@type":"ImageObject","inLanguage":"es","@id":"https:\/\/volcanes.net\/#\/schema\/logo\/image\/","url":"http:\/\/volcanes.net\/wp-content\/uploads\/2017\/12\/Avatar2.jpg","contentUrl":"http:\/\/volcanes.net\/wp-content\/uploads\/2017\/12\/Avatar2.jpg","width":378,"height":378,"caption":"Grupo Volcanes"},"image":{"@id":"https:\/\/volcanes.net\/#\/schema\/logo\/image\/"},"sameAs":["https:\/\/www.facebook.com\/volcanes.net\/"]},{"@type":"Person","@id":"https:\/\/volcanes.net\/#\/schema\/person\/4bf0f383940966a4abd53f5048c0e6b9","name":"admin","image":{"@type":"ImageObject","inLanguage":"es","@id":"https:\/\/volcanes.net\/#\/schema\/person\/image\/","url":"https:\/\/secure.gravatar.com\/avatar\/ca004e6cba8462b8cb7abc86e382930c?s=96&d=mm&r=g","contentUrl":"https:\/\/secure.gravatar.com\/avatar\/ca004e6cba8462b8cb7abc86e382930c?s=96&d=mm&r=g","caption":"admin"}}]}},"_links":{"self":[{"href":"https:\/\/volcanes.net\/index.php?rest_route=\/wp\/v2\/posts\/5908"}],"collection":[{"href":"https:\/\/volcanes.net\/index.php?rest_route=\/wp\/v2\/posts"}],"about":[{"href":"https:\/\/volcanes.net\/index.php?rest_route=\/wp\/v2\/types\/post"}],"author":[{"embeddable":true,"href":"https:\/\/volcanes.net\/index.php?rest_route=\/wp\/v2\/users\/1"}],"replies":[{"embeddable":true,"href":"https:\/\/volcanes.net\/index.php?rest_route=%2Fwp%2Fv2%2Fcomments&post=5908"}],"version-history":[{"count":1,"href":"https:\/\/volcanes.net\/index.php?rest_route=\/wp\/v2\/posts\/5908\/revisions"}],"predecessor-version":[{"id":5910,"href":"https:\/\/volcanes.net\/index.php?rest_route=\/wp\/v2\/posts\/5908\/revisions\/5910"}],"wp:featuredmedia":[{"embeddable":true,"href":"https:\/\/volcanes.net\/index.php?rest_route=\/wp\/v2\/media\/5909"}],"wp:attachment":[{"href":"https:\/\/volcanes.net\/index.php?rest_route=%2Fwp%2Fv2%2Fmedia&parent=5908"}],"wp:term":[{"taxonomy":"category","embeddable":true,"href":"https:\/\/volcanes.net\/index.php?rest_route=%2Fwp%2Fv2%2Fcategories&post=5908"},{"taxonomy":"post_tag","embeddable":true,"href":"https:\/\/volcanes.net\/index.php?rest_route=%2Fwp%2Fv2%2Ftags&post=5908"}],"curies":[{"name":"wp","href":"https:\/\/api.w.org\/{rel}","templated":true}]}}