{"id":5914,"date":"2019-12-18T12:36:23","date_gmt":"2019-12-18T18:36:23","guid":{"rendered":"http:\/\/volcanes.net\/?p=5914"},"modified":"2019-12-18T12:36:23","modified_gmt":"2019-12-18T18:36:23","slug":"gran-exito-desfile-navideno-grupo-independiente-giz-vol-en-el-municipio-de-ozumba","status":"publish","type":"post","link":"https:\/\/volcanes.net\/?p=5914","title":{"rendered":"GRAN \u00c9XITO DESFILE NAVIDE\u00d1O GRUPO INDEPENDIENTE GIZ VOL EN EL MUNICIPIO DE #OZUMBA"},"content":{"rendered":"<div style=\"margin-top: 0px; margin-bottom: 0px;\" class=\"sharethis-inline-share-buttons\" ><\/div><p>Ozumba, Estado de M\u00e9xico. \u2013\u00a0 En el municipio de Ozumba se realiz\u00f3 el desfile tradicional Navide\u00f1o Grupo independiente GIZ VOL zona volcanes, encabezado por Jes\u00fas Rodrigo quien es integrante,<\/p>\n<p>Indic\u00f3 que se realiza a\u00f1o tras a\u00f1o, con el objetivo principal que la gente de las comunidades se diviertan un poco y \u00a0no se pierdan las tradiciones.<\/p>\n<p>Mencion\u00f3 que es un grupo que principalmente se caracteriza por ayudar a las personas que m\u00e1s lo necesitan sin importar en qu\u00e9 momento se tiene que ayudar,<\/p>\n<p>Subray\u00f3 que contaron con la participaci\u00f3n de diferentes \u00a0\u00a0escuelas, carros particulares, bastoneras, autobuses volcanes, que se sumaron a ese bonito desfile.<\/p>\n<p>El desfile fue todo un gran \u00e9xito pasando por las \u00a0\u00a0calles principales del municipio, adem\u00e1s del termino contaron con la participaci\u00f3n de varios cantantes en la delegaci\u00f3n de tecalco, pudiendo\u00a0 disfrutar los ciudadanos una noche navide\u00f1a<\/p>\n","protected":false},"excerpt":{"rendered":"<p>Ozumba, Estado de M\u00e9xico. \u2013\u00a0 En el municipio de Ozumba se realiz\u00f3 el desfile tradicional<\/p>\n","protected":false},"author":1,"featured_media":5915,"comment_status":"open","ping_status":"open","sticky":false,"template":"","format":"standard","meta":{"footnotes":""},"categories":[1],"tags":[14],"class_list":["post-5914","post","type-post","status-publish","format-standard","has-post-thumbnail","hentry","category-municipales","tag-ozumba"],"yoast_head":"<!-- This site is optimized with the Yoast SEO plugin v25.3 - https:\/\/yoast.com\/wordpress\/plugins\/seo\/ -->\n<title>GRAN \u00c9XITO DESFILE NAVIDE\u00d1O GRUPO INDEPENDIENTE GIZ VOL EN EL MUNICIPIO DE #OZUMBA - Volcanes<\/title>\n<meta name=\"robots\" content=\"index, follow, max-snippet:-1, max-image-preview:large, max-video-preview:-1\" \/>\n<link rel=\"canonical\" href=\"https:\/\/volcanes.net\/?p=5914\" \/>\n<meta property=\"og:locale\" content=\"es_MX\" \/>\n<meta property=\"og:type\" content=\"article\" \/>\n<meta property=\"og:title\" content=\"GRAN \u00c9XITO DESFILE NAVIDE\u00d1O GRUPO INDEPENDIENTE GIZ VOL EN EL MUNICIPIO DE #OZUMBA - Volcanes\" \/>\n<meta property=\"og:description\" content=\"Ozumba, Estado de M\u00e9xico. \u2013\u00a0 En el municipio de Ozumba se realiz\u00f3 el desfile tradicional\" \/>\n<meta property=\"og:url\" content=\"https:\/\/volcanes.net\/?p=5914\" \/>\n<meta property=\"og:site_name\" content=\"Volcanes\" \/>\n<meta property=\"article:publisher\" content=\"https:\/\/www.facebook.com\/volcanes.net\/\" \/>\n<meta property=\"article:published_time\" content=\"2019-12-18T18:36:23+00:00\" \/>\n<meta property=\"og:image\" content=\"https:\/\/volcanes.net\/wp-content\/uploads\/2019\/12\/79984236_582765875858537_6357919218746261504_n-1.jpg\" \/>\n\t<meta property=\"og:image:width\" content=\"960\" \/>\n\t<meta property=\"og:image:height\" content=\"720\" \/>\n\t<meta property=\"og:image:type\" content=\"image\/jpeg\" \/>\n<meta name=\"author\" content=\"admin\" \/>\n<meta name=\"twitter:card\" content=\"summary_large_image\" \/>\n<meta name=\"twitter:label1\" content=\"Escrito por\" \/>\n\t<meta name=\"twitter:data1\" content=\"admin\" \/>\n\t<meta name=\"twitter:label2\" content=\"Tiempo de lectura\" \/>\n\t<meta name=\"twitter:data2\" content=\"1 minuto\" \/>\n<script type=\"application\/ld+json\" class=\"yoast-schema-graph\">{\"@context\":\"https:\/\/schema.org\",\"@graph\":[{\"@type\":\"Article\",\"@id\":\"https:\/\/volcanes.net\/?p=5914#article\",\"isPartOf\":{\"@id\":\"https:\/\/volcanes.net\/?p=5914\"},\"author\":{\"name\":\"admin\",\"@id\":\"https:\/\/volcanes.net\/#\/schema\/person\/4bf0f383940966a4abd53f5048c0e6b9\"},\"headline\":\"GRAN \u00c9XITO DESFILE NAVIDE\u00d1O GRUPO INDEPENDIENTE GIZ VOL EN EL MUNICIPIO DE #OZUMBA\",\"datePublished\":\"2019-12-18T18:36:23+00:00\",\"mainEntityOfPage\":{\"@id\":\"https:\/\/volcanes.net\/?p=5914\"},\"wordCount\":164,\"commentCount\":0,\"publisher\":{\"@id\":\"https:\/\/volcanes.net\/#organization\"},\"image\":{\"@id\":\"https:\/\/volcanes.net\/?p=5914#primaryimage\"},\"thumbnailUrl\":\"https:\/\/volcanes.net\/wp-content\/uploads\/2019\/12\/79984236_582765875858537_6357919218746261504_n-1.jpg\",\"keywords\":[\"Ozumba\"],\"articleSection\":[\"Municipales\"],\"inLanguage\":\"es\",\"potentialAction\":[{\"@type\":\"CommentAction\",\"name\":\"Comment\",\"target\":[\"https:\/\/volcanes.net\/?p=5914#respond\"]}]},{\"@type\":\"WebPage\",\"@id\":\"https:\/\/volcanes.net\/?p=5914\",\"url\":\"https:\/\/volcanes.net\/?p=5914\",\"name\":\"GRAN \u00c9XITO DESFILE NAVIDE\u00d1O GRUPO INDEPENDIENTE GIZ VOL EN EL MUNICIPIO DE #OZUMBA - Volcanes\",\"isPartOf\":{\"@id\":\"https:\/\/volcanes.net\/#website\"},\"primaryImageOfPage\":{\"@id\":\"https:\/\/volcanes.net\/?p=5914#primaryimage\"},\"image\":{\"@id\":\"https:\/\/volcanes.net\/?p=5914#primaryimage\"},\"thumbnailUrl\":\"https:\/\/volcanes.net\/wp-content\/uploads\/2019\/12\/79984236_582765875858537_6357919218746261504_n-1.jpg\",\"datePublished\":\"2019-12-18T18:36:23+00:00\",\"breadcrumb\":{\"@id\":\"https:\/\/volcanes.net\/?p=5914#breadcrumb\"},\"inLanguage\":\"es\",\"potentialAction\":[{\"@type\":\"ReadAction\",\"target\":[\"https:\/\/volcanes.net\/?p=5914\"]}]},{\"@type\":\"ImageObject\",\"inLanguage\":\"es\",\"@id\":\"https:\/\/volcanes.net\/?p=5914#primaryimage\",\"url\":\"https:\/\/volcanes.net\/wp-content\/uploads\/2019\/12\/79984236_582765875858537_6357919218746261504_n-1.jpg\",\"contentUrl\":\"https:\/\/volcanes.net\/wp-content\/uploads\/2019\/12\/79984236_582765875858537_6357919218746261504_n-1.jpg\",\"width\":960,\"height\":720},{\"@type\":\"BreadcrumbList\",\"@id\":\"https:\/\/volcanes.net\/?p=5914#breadcrumb\",\"itemListElement\":[{\"@type\":\"ListItem\",\"position\":1,\"name\":\"Portada\",\"item\":\"https:\/\/volcanes.net\/\"},{\"@type\":\"ListItem\",\"position\":2,\"name\":\"GRAN \u00c9XITO DESFILE NAVIDE\u00d1O GRUPO INDEPENDIENTE GIZ VOL EN EL MUNICIPIO DE #OZUMBA\"}]},{\"@type\":\"WebSite\",\"@id\":\"https:\/\/volcanes.net\/#website\",\"url\":\"https:\/\/volcanes.net\/\",\"name\":\"Volcanes.Net\",\"description\":\"Periodismo Profesional\",\"publisher\":{\"@id\":\"https:\/\/volcanes.net\/#organization\"},\"potentialAction\":[{\"@type\":\"SearchAction\",\"target\":{\"@type\":\"EntryPoint\",\"urlTemplate\":\"https:\/\/volcanes.net\/?s={search_term_string}\"},\"query-input\":{\"@type\":\"PropertyValueSpecification\",\"valueRequired\":true,\"valueName\":\"search_term_string\"}}],\"inLanguage\":\"es\"},{\"@type\":\"Organization\",\"@id\":\"https:\/\/volcanes.net\/#organization\",\"name\":\"Grupo Volcanes\",\"url\":\"https:\/\/volcanes.net\/\",\"logo\":{\"@type\":\"ImageObject\",\"inLanguage\":\"es\",\"@id\":\"https:\/\/volcanes.net\/#\/schema\/logo\/image\/\",\"url\":\"http:\/\/volcanes.net\/wp-content\/uploads\/2017\/12\/Avatar2.jpg\",\"contentUrl\":\"http:\/\/volcanes.net\/wp-content\/uploads\/2017\/12\/Avatar2.jpg\",\"width\":378,\"height\":378,\"caption\":\"Grupo Volcanes\"},\"image\":{\"@id\":\"https:\/\/volcanes.net\/#\/schema\/logo\/image\/\"},\"sameAs\":[\"https:\/\/www.facebook.com\/volcanes.net\/\"]},{\"@type\":\"Person\",\"@id\":\"https:\/\/volcanes.net\/#\/schema\/person\/4bf0f383940966a4abd53f5048c0e6b9\",\"name\":\"admin\",\"image\":{\"@type\":\"ImageObject\",\"inLanguage\":\"es\",\"@id\":\"https:\/\/volcanes.net\/#\/schema\/person\/image\/\",\"url\":\"https:\/\/secure.gravatar.com\/avatar\/ca004e6cba8462b8cb7abc86e382930c?s=96&d=mm&r=g\",\"contentUrl\":\"https:\/\/secure.gravatar.com\/avatar\/ca004e6cba8462b8cb7abc86e382930c?s=96&d=mm&r=g\",\"caption\":\"admin\"}}]}<\/script>\n<!-- \/ Yoast SEO plugin. -->","yoast_head_json":{"title":"GRAN \u00c9XITO DESFILE NAVIDE\u00d1O GRUPO INDEPENDIENTE GIZ VOL EN EL MUNICIPIO DE #OZUMBA - Volcanes","robots":{"index":"index","follow":"follow","max-snippet":"max-snippet:-1","max-image-preview":"max-image-preview:large","max-video-preview":"max-video-preview:-1"},"canonical":"https:\/\/volcanes.net\/?p=5914","og_locale":"es_MX","og_type":"article","og_title":"GRAN \u00c9XITO DESFILE NAVIDE\u00d1O GRUPO INDEPENDIENTE GIZ VOL EN EL MUNICIPIO DE #OZUMBA - Volcanes","og_description":"Ozumba, Estado de M\u00e9xico. \u2013\u00a0 En el municipio de Ozumba se realiz\u00f3 el desfile tradicional","og_url":"https:\/\/volcanes.net\/?p=5914","og_site_name":"Volcanes","article_publisher":"https:\/\/www.facebook.com\/volcanes.net\/","article_published_time":"2019-12-18T18:36:23+00:00","og_image":[{"width":960,"height":720,"url":"https:\/\/volcanes.net\/wp-content\/uploads\/2019\/12\/79984236_582765875858537_6357919218746261504_n-1.jpg","type":"image\/jpeg"}],"author":"admin","twitter_card":"summary_large_image","twitter_misc":{"Escrito por":"admin","Tiempo de lectura":"1 minuto"},"schema":{"@context":"https:\/\/schema.org","@graph":[{"@type":"Article","@id":"https:\/\/volcanes.net\/?p=5914#article","isPartOf":{"@id":"https:\/\/volcanes.net\/?p=5914"},"author":{"name":"admin","@id":"https:\/\/volcanes.net\/#\/schema\/person\/4bf0f383940966a4abd53f5048c0e6b9"},"headline":"GRAN \u00c9XITO DESFILE NAVIDE\u00d1O GRUPO INDEPENDIENTE GIZ VOL EN EL MUNICIPIO DE #OZUMBA","datePublished":"2019-12-18T18:36:23+00:00","mainEntityOfPage":{"@id":"https:\/\/volcanes.net\/?p=5914"},"wordCount":164,"commentCount":0,"publisher":{"@id":"https:\/\/volcanes.net\/#organization"},"image":{"@id":"https:\/\/volcanes.net\/?p=5914#primaryimage"},"thumbnailUrl":"https:\/\/volcanes.net\/wp-content\/uploads\/2019\/12\/79984236_582765875858537_6357919218746261504_n-1.jpg","keywords":["Ozumba"],"articleSection":["Municipales"],"inLanguage":"es","potentialAction":[{"@type":"CommentAction","name":"Comment","target":["https:\/\/volcanes.net\/?p=5914#respond"]}]},{"@type":"WebPage","@id":"https:\/\/volcanes.net\/?p=5914","url":"https:\/\/volcanes.net\/?p=5914","name":"GRAN \u00c9XITO DESFILE NAVIDE\u00d1O GRUPO INDEPENDIENTE GIZ VOL EN EL MUNICIPIO DE #OZUMBA - Volcanes","isPartOf":{"@id":"https:\/\/volcanes.net\/#website"},"primaryImageOfPage":{"@id":"https:\/\/volcanes.net\/?p=5914#primaryimage"},"image":{"@id":"https:\/\/volcanes.net\/?p=5914#primaryimage"},"thumbnailUrl":"https:\/\/volcanes.net\/wp-content\/uploads\/2019\/12\/79984236_582765875858537_6357919218746261504_n-1.jpg","datePublished":"2019-12-18T18:36:23+00:00","breadcrumb":{"@id":"https:\/\/volcanes.net\/?p=5914#breadcrumb"},"inLanguage":"es","potentialAction":[{"@type":"ReadAction","target":["https:\/\/volcanes.net\/?p=5914"]}]},{"@type":"ImageObject","inLanguage":"es","@id":"https:\/\/volcanes.net\/?p=5914#primaryimage","url":"https:\/\/volcanes.net\/wp-content\/uploads\/2019\/12\/79984236_582765875858537_6357919218746261504_n-1.jpg","contentUrl":"https:\/\/volcanes.net\/wp-content\/uploads\/2019\/12\/79984236_582765875858537_6357919218746261504_n-1.jpg","width":960,"height":720},{"@type":"BreadcrumbList","@id":"https:\/\/volcanes.net\/?p=5914#breadcrumb","itemListElement":[{"@type":"ListItem","position":1,"name":"Portada","item":"https:\/\/volcanes.net\/"},{"@type":"ListItem","position":2,"name":"GRAN \u00c9XITO DESFILE NAVIDE\u00d1O GRUPO INDEPENDIENTE GIZ VOL EN EL MUNICIPIO DE #OZUMBA"}]},{"@type":"WebSite","@id":"https:\/\/volcanes.net\/#website","url":"https:\/\/volcanes.net\/","name":"Volcanes.Net","description":"Periodismo Profesional","publisher":{"@id":"https:\/\/volcanes.net\/#organization"},"potentialAction":[{"@type":"SearchAction","target":{"@type":"EntryPoint","urlTemplate":"https:\/\/volcanes.net\/?s={search_term_string}"},"query-input":{"@type":"PropertyValueSpecification","valueRequired":true,"valueName":"search_term_string"}}],"inLanguage":"es"},{"@type":"Organization","@id":"https:\/\/volcanes.net\/#organization","name":"Grupo Volcanes","url":"https:\/\/volcanes.net\/","logo":{"@type":"ImageObject","inLanguage":"es","@id":"https:\/\/volcanes.net\/#\/schema\/logo\/image\/","url":"http:\/\/volcanes.net\/wp-content\/uploads\/2017\/12\/Avatar2.jpg","contentUrl":"http:\/\/volcanes.net\/wp-content\/uploads\/2017\/12\/Avatar2.jpg","width":378,"height":378,"caption":"Grupo Volcanes"},"image":{"@id":"https:\/\/volcanes.net\/#\/schema\/logo\/image\/"},"sameAs":["https:\/\/www.facebook.com\/volcanes.net\/"]},{"@type":"Person","@id":"https:\/\/volcanes.net\/#\/schema\/person\/4bf0f383940966a4abd53f5048c0e6b9","name":"admin","image":{"@type":"ImageObject","inLanguage":"es","@id":"https:\/\/volcanes.net\/#\/schema\/person\/image\/","url":"https:\/\/secure.gravatar.com\/avatar\/ca004e6cba8462b8cb7abc86e382930c?s=96&d=mm&r=g","contentUrl":"https:\/\/secure.gravatar.com\/avatar\/ca004e6cba8462b8cb7abc86e382930c?s=96&d=mm&r=g","caption":"admin"}}]}},"_links":{"self":[{"href":"https:\/\/volcanes.net\/index.php?rest_route=\/wp\/v2\/posts\/5914"}],"collection":[{"href":"https:\/\/volcanes.net\/index.php?rest_route=\/wp\/v2\/posts"}],"about":[{"href":"https:\/\/volcanes.net\/index.php?rest_route=\/wp\/v2\/types\/post"}],"author":[{"embeddable":true,"href":"https:\/\/volcanes.net\/index.php?rest_route=\/wp\/v2\/users\/1"}],"replies":[{"embeddable":true,"href":"https:\/\/volcanes.net\/index.php?rest_route=%2Fwp%2Fv2%2Fcomments&post=5914"}],"version-history":[{"count":1,"href":"https:\/\/volcanes.net\/index.php?rest_route=\/wp\/v2\/posts\/5914\/revisions"}],"predecessor-version":[{"id":5916,"href":"https:\/\/volcanes.net\/index.php?rest_route=\/wp\/v2\/posts\/5914\/revisions\/5916"}],"wp:featuredmedia":[{"embeddable":true,"href":"https:\/\/volcanes.net\/index.php?rest_route=\/wp\/v2\/media\/5915"}],"wp:attachment":[{"href":"https:\/\/volcanes.net\/index.php?rest_route=%2Fwp%2Fv2%2Fmedia&parent=5914"}],"wp:term":[{"taxonomy":"category","embeddable":true,"href":"https:\/\/volcanes.net\/index.php?rest_route=%2Fwp%2Fv2%2Fcategories&post=5914"},{"taxonomy":"post_tag","embeddable":true,"href":"https:\/\/volcanes.net\/index.php?rest_route=%2Fwp%2Fv2%2Ftags&post=5914"}],"curies":[{"name":"wp","href":"https:\/\/api.w.org\/{rel}","templated":true}]}}