{"id":5988,"date":"2019-12-30T22:51:02","date_gmt":"2019-12-31T04:51:02","guid":{"rendered":"http:\/\/volcanes.net\/?p=5988"},"modified":"2019-12-30T22:51:02","modified_gmt":"2019-12-31T04:51:02","slug":"construccion-de-la-red-de-agua-potable-en-la-delegacion-de-cujingo-municipio-de-juchitepec","status":"publish","type":"post","link":"https:\/\/volcanes.net\/?p=5988","title":{"rendered":"Construcci\u00f3n de la red de Agua Potable en la delegaci\u00f3n \u00a0\u00a0de Cujingo municipio de Juchitepec"},"content":{"rendered":"<div style=\"margin-top: 0px; margin-bottom: 0px;\" class=\"sharethis-inline-share-buttons\" ><\/div><p>Juchitepec, Estado de M\u00e9xico. &#8211; En la delegaci\u00f3n \u00a0\u00a0de Cujingo municipio de Juchitepec \u00a0el presidente municipal Ing. Felipe Mej\u00eda Valdez en compa\u00f1\u00eda de los Regidores y vecinos dieron apertura a la \u201cConstrucci\u00f3n de la red de Agua Potable\u201d en la calle Nueces de la Delegaci\u00f3n<\/p>\n<p>Mencion\u00f3 que se cuenta \u00a0\u00a0con \u00a0una inversi\u00f3n de $1,500,000, beneficiando a m\u00e1s de 150 familias, las cuales podr\u00e1n tener el servicio del vital l\u00edquido de forma segura y continua en sus hogares.<\/p>\n<p>Indic\u00f3 que es importante la inversi\u00f3n, que se har\u00e1 en tres etapas, drenaje y\u00a0 pavimentaci\u00f3n, adem\u00e1s para finalizar se realizan trabajos de rehabilitaci\u00f3n a la barda perimetral en la escuela secundaria Jos\u00e9 Carlos Sosa Moss,<\/p>\n<p>Sostuvo que respondi\u00f3 a las peticiones ciudadanas iniciando los trabajos de rehabilitaci\u00f3n de la calle, adem\u00e1s\u00a0\u00a0\u00a0 ser\u00e1 una obra muy r\u00e1pida que ser\u00e1 aproximadamente en veinte d\u00edas.<\/p>\n<p>Finaliz\u00f3 que seguir\u00e1 trabajando para el beneficio de la comunidad, adem\u00e1s que bajar\u00e1 m\u00e1s recursos, para seguir construyendo obras de calidad<\/p>\n","protected":false},"excerpt":{"rendered":"<p>Juchitepec, Estado de M\u00e9xico. &#8211; En la delegaci\u00f3n \u00a0\u00a0de Cujingo municipio de Juchitepec \u00a0el presidente<\/p>\n","protected":false},"author":1,"featured_media":5990,"comment_status":"open","ping_status":"open","sticky":false,"template":"","format":"standard","meta":{"footnotes":""},"categories":[1],"tags":[179],"class_list":["post-5988","post","type-post","status-publish","format-standard","has-post-thumbnail","hentry","category-municipales","tag-juchitepec"],"yoast_head":"<!-- This site is optimized with the Yoast SEO plugin v25.3 - https:\/\/yoast.com\/wordpress\/plugins\/seo\/ -->\n<title>Construcci\u00f3n de la red de Agua Potable en la delegaci\u00f3n \u00a0\u00a0de Cujingo municipio de Juchitepec - Volcanes<\/title>\n<meta name=\"robots\" content=\"index, follow, max-snippet:-1, max-image-preview:large, max-video-preview:-1\" \/>\n<link rel=\"canonical\" href=\"https:\/\/volcanes.net\/?p=5988\" \/>\n<meta property=\"og:locale\" content=\"es_MX\" \/>\n<meta property=\"og:type\" content=\"article\" \/>\n<meta property=\"og:title\" content=\"Construcci\u00f3n de la red de Agua Potable en la delegaci\u00f3n \u00a0\u00a0de Cujingo municipio de Juchitepec - Volcanes\" \/>\n<meta property=\"og:description\" content=\"Juchitepec, Estado de M\u00e9xico. &#8211; En la delegaci\u00f3n \u00a0\u00a0de Cujingo municipio de Juchitepec \u00a0el presidente\" \/>\n<meta property=\"og:url\" content=\"https:\/\/volcanes.net\/?p=5988\" \/>\n<meta property=\"og:site_name\" content=\"Volcanes\" \/>\n<meta property=\"article:publisher\" content=\"https:\/\/www.facebook.com\/volcanes.net\/\" \/>\n<meta property=\"article:published_time\" content=\"2019-12-31T04:51:02+00:00\" \/>\n<meta property=\"og:image\" content=\"https:\/\/volcanes.net\/wp-content\/uploads\/2019\/12\/46279077-19e1-4a1c-9cf6-0b1706c988d8.jpg\" \/>\n\t<meta property=\"og:image:width\" content=\"1040\" \/>\n\t<meta property=\"og:image:height\" content=\"585\" \/>\n\t<meta property=\"og:image:type\" content=\"image\/jpeg\" \/>\n<meta name=\"author\" content=\"admin\" \/>\n<meta name=\"twitter:card\" content=\"summary_large_image\" \/>\n<meta name=\"twitter:label1\" content=\"Escrito por\" \/>\n\t<meta name=\"twitter:data1\" content=\"admin\" \/>\n\t<meta name=\"twitter:label2\" content=\"Tiempo de lectura\" \/>\n\t<meta name=\"twitter:data2\" content=\"1 minuto\" \/>\n<script type=\"application\/ld+json\" class=\"yoast-schema-graph\">{\"@context\":\"https:\/\/schema.org\",\"@graph\":[{\"@type\":\"Article\",\"@id\":\"https:\/\/volcanes.net\/?p=5988#article\",\"isPartOf\":{\"@id\":\"https:\/\/volcanes.net\/?p=5988\"},\"author\":{\"name\":\"admin\",\"@id\":\"https:\/\/volcanes.net\/#\/schema\/person\/4bf0f383940966a4abd53f5048c0e6b9\"},\"headline\":\"Construcci\u00f3n de la red de Agua Potable en la delegaci\u00f3n \u00a0\u00a0de Cujingo municipio de Juchitepec\",\"datePublished\":\"2019-12-31T04:51:02+00:00\",\"mainEntityOfPage\":{\"@id\":\"https:\/\/volcanes.net\/?p=5988\"},\"wordCount\":195,\"commentCount\":0,\"publisher\":{\"@id\":\"https:\/\/volcanes.net\/#organization\"},\"image\":{\"@id\":\"https:\/\/volcanes.net\/?p=5988#primaryimage\"},\"thumbnailUrl\":\"https:\/\/volcanes.net\/wp-content\/uploads\/2019\/12\/46279077-19e1-4a1c-9cf6-0b1706c988d8.jpg\",\"keywords\":[\"Juchitepec\"],\"articleSection\":[\"Municipales\"],\"inLanguage\":\"es\",\"potentialAction\":[{\"@type\":\"CommentAction\",\"name\":\"Comment\",\"target\":[\"https:\/\/volcanes.net\/?p=5988#respond\"]}]},{\"@type\":\"WebPage\",\"@id\":\"https:\/\/volcanes.net\/?p=5988\",\"url\":\"https:\/\/volcanes.net\/?p=5988\",\"name\":\"Construcci\u00f3n de la red de Agua Potable en la delegaci\u00f3n \u00a0\u00a0de Cujingo municipio de Juchitepec - Volcanes\",\"isPartOf\":{\"@id\":\"https:\/\/volcanes.net\/#website\"},\"primaryImageOfPage\":{\"@id\":\"https:\/\/volcanes.net\/?p=5988#primaryimage\"},\"image\":{\"@id\":\"https:\/\/volcanes.net\/?p=5988#primaryimage\"},\"thumbnailUrl\":\"https:\/\/volcanes.net\/wp-content\/uploads\/2019\/12\/46279077-19e1-4a1c-9cf6-0b1706c988d8.jpg\",\"datePublished\":\"2019-12-31T04:51:02+00:00\",\"breadcrumb\":{\"@id\":\"https:\/\/volcanes.net\/?p=5988#breadcrumb\"},\"inLanguage\":\"es\",\"potentialAction\":[{\"@type\":\"ReadAction\",\"target\":[\"https:\/\/volcanes.net\/?p=5988\"]}]},{\"@type\":\"ImageObject\",\"inLanguage\":\"es\",\"@id\":\"https:\/\/volcanes.net\/?p=5988#primaryimage\",\"url\":\"https:\/\/volcanes.net\/wp-content\/uploads\/2019\/12\/46279077-19e1-4a1c-9cf6-0b1706c988d8.jpg\",\"contentUrl\":\"https:\/\/volcanes.net\/wp-content\/uploads\/2019\/12\/46279077-19e1-4a1c-9cf6-0b1706c988d8.jpg\",\"width\":1040,\"height\":585},{\"@type\":\"BreadcrumbList\",\"@id\":\"https:\/\/volcanes.net\/?p=5988#breadcrumb\",\"itemListElement\":[{\"@type\":\"ListItem\",\"position\":1,\"name\":\"Portada\",\"item\":\"https:\/\/volcanes.net\/\"},{\"@type\":\"ListItem\",\"position\":2,\"name\":\"Construcci\u00f3n de la red de Agua Potable en la delegaci\u00f3n \u00a0\u00a0de Cujingo municipio de Juchitepec\"}]},{\"@type\":\"WebSite\",\"@id\":\"https:\/\/volcanes.net\/#website\",\"url\":\"https:\/\/volcanes.net\/\",\"name\":\"Volcanes.Net\",\"description\":\"Periodismo Profesional\",\"publisher\":{\"@id\":\"https:\/\/volcanes.net\/#organization\"},\"potentialAction\":[{\"@type\":\"SearchAction\",\"target\":{\"@type\":\"EntryPoint\",\"urlTemplate\":\"https:\/\/volcanes.net\/?s={search_term_string}\"},\"query-input\":{\"@type\":\"PropertyValueSpecification\",\"valueRequired\":true,\"valueName\":\"search_term_string\"}}],\"inLanguage\":\"es\"},{\"@type\":\"Organization\",\"@id\":\"https:\/\/volcanes.net\/#organization\",\"name\":\"Grupo Volcanes\",\"url\":\"https:\/\/volcanes.net\/\",\"logo\":{\"@type\":\"ImageObject\",\"inLanguage\":\"es\",\"@id\":\"https:\/\/volcanes.net\/#\/schema\/logo\/image\/\",\"url\":\"http:\/\/volcanes.net\/wp-content\/uploads\/2017\/12\/Avatar2.jpg\",\"contentUrl\":\"http:\/\/volcanes.net\/wp-content\/uploads\/2017\/12\/Avatar2.jpg\",\"width\":378,\"height\":378,\"caption\":\"Grupo Volcanes\"},\"image\":{\"@id\":\"https:\/\/volcanes.net\/#\/schema\/logo\/image\/\"},\"sameAs\":[\"https:\/\/www.facebook.com\/volcanes.net\/\"]},{\"@type\":\"Person\",\"@id\":\"https:\/\/volcanes.net\/#\/schema\/person\/4bf0f383940966a4abd53f5048c0e6b9\",\"name\":\"admin\",\"image\":{\"@type\":\"ImageObject\",\"inLanguage\":\"es\",\"@id\":\"https:\/\/volcanes.net\/#\/schema\/person\/image\/\",\"url\":\"https:\/\/secure.gravatar.com\/avatar\/ca004e6cba8462b8cb7abc86e382930c?s=96&d=mm&r=g\",\"contentUrl\":\"https:\/\/secure.gravatar.com\/avatar\/ca004e6cba8462b8cb7abc86e382930c?s=96&d=mm&r=g\",\"caption\":\"admin\"}}]}<\/script>\n<!-- \/ Yoast SEO plugin. -->","yoast_head_json":{"title":"Construcci\u00f3n de la red de Agua Potable en la delegaci\u00f3n \u00a0\u00a0de Cujingo municipio de Juchitepec - Volcanes","robots":{"index":"index","follow":"follow","max-snippet":"max-snippet:-1","max-image-preview":"max-image-preview:large","max-video-preview":"max-video-preview:-1"},"canonical":"https:\/\/volcanes.net\/?p=5988","og_locale":"es_MX","og_type":"article","og_title":"Construcci\u00f3n de la red de Agua Potable en la delegaci\u00f3n \u00a0\u00a0de Cujingo municipio de Juchitepec - Volcanes","og_description":"Juchitepec, Estado de M\u00e9xico. &#8211; En la delegaci\u00f3n \u00a0\u00a0de Cujingo municipio de Juchitepec \u00a0el presidente","og_url":"https:\/\/volcanes.net\/?p=5988","og_site_name":"Volcanes","article_publisher":"https:\/\/www.facebook.com\/volcanes.net\/","article_published_time":"2019-12-31T04:51:02+00:00","og_image":[{"width":1040,"height":585,"url":"https:\/\/volcanes.net\/wp-content\/uploads\/2019\/12\/46279077-19e1-4a1c-9cf6-0b1706c988d8.jpg","type":"image\/jpeg"}],"author":"admin","twitter_card":"summary_large_image","twitter_misc":{"Escrito por":"admin","Tiempo de lectura":"1 minuto"},"schema":{"@context":"https:\/\/schema.org","@graph":[{"@type":"Article","@id":"https:\/\/volcanes.net\/?p=5988#article","isPartOf":{"@id":"https:\/\/volcanes.net\/?p=5988"},"author":{"name":"admin","@id":"https:\/\/volcanes.net\/#\/schema\/person\/4bf0f383940966a4abd53f5048c0e6b9"},"headline":"Construcci\u00f3n de la red de Agua Potable en la delegaci\u00f3n \u00a0\u00a0de Cujingo municipio de Juchitepec","datePublished":"2019-12-31T04:51:02+00:00","mainEntityOfPage":{"@id":"https:\/\/volcanes.net\/?p=5988"},"wordCount":195,"commentCount":0,"publisher":{"@id":"https:\/\/volcanes.net\/#organization"},"image":{"@id":"https:\/\/volcanes.net\/?p=5988#primaryimage"},"thumbnailUrl":"https:\/\/volcanes.net\/wp-content\/uploads\/2019\/12\/46279077-19e1-4a1c-9cf6-0b1706c988d8.jpg","keywords":["Juchitepec"],"articleSection":["Municipales"],"inLanguage":"es","potentialAction":[{"@type":"CommentAction","name":"Comment","target":["https:\/\/volcanes.net\/?p=5988#respond"]}]},{"@type":"WebPage","@id":"https:\/\/volcanes.net\/?p=5988","url":"https:\/\/volcanes.net\/?p=5988","name":"Construcci\u00f3n de la red de Agua Potable en la delegaci\u00f3n \u00a0\u00a0de Cujingo municipio de Juchitepec - Volcanes","isPartOf":{"@id":"https:\/\/volcanes.net\/#website"},"primaryImageOfPage":{"@id":"https:\/\/volcanes.net\/?p=5988#primaryimage"},"image":{"@id":"https:\/\/volcanes.net\/?p=5988#primaryimage"},"thumbnailUrl":"https:\/\/volcanes.net\/wp-content\/uploads\/2019\/12\/46279077-19e1-4a1c-9cf6-0b1706c988d8.jpg","datePublished":"2019-12-31T04:51:02+00:00","breadcrumb":{"@id":"https:\/\/volcanes.net\/?p=5988#breadcrumb"},"inLanguage":"es","potentialAction":[{"@type":"ReadAction","target":["https:\/\/volcanes.net\/?p=5988"]}]},{"@type":"ImageObject","inLanguage":"es","@id":"https:\/\/volcanes.net\/?p=5988#primaryimage","url":"https:\/\/volcanes.net\/wp-content\/uploads\/2019\/12\/46279077-19e1-4a1c-9cf6-0b1706c988d8.jpg","contentUrl":"https:\/\/volcanes.net\/wp-content\/uploads\/2019\/12\/46279077-19e1-4a1c-9cf6-0b1706c988d8.jpg","width":1040,"height":585},{"@type":"BreadcrumbList","@id":"https:\/\/volcanes.net\/?p=5988#breadcrumb","itemListElement":[{"@type":"ListItem","position":1,"name":"Portada","item":"https:\/\/volcanes.net\/"},{"@type":"ListItem","position":2,"name":"Construcci\u00f3n de la red de Agua Potable en la delegaci\u00f3n \u00a0\u00a0de Cujingo municipio de Juchitepec"}]},{"@type":"WebSite","@id":"https:\/\/volcanes.net\/#website","url":"https:\/\/volcanes.net\/","name":"Volcanes.Net","description":"Periodismo Profesional","publisher":{"@id":"https:\/\/volcanes.net\/#organization"},"potentialAction":[{"@type":"SearchAction","target":{"@type":"EntryPoint","urlTemplate":"https:\/\/volcanes.net\/?s={search_term_string}"},"query-input":{"@type":"PropertyValueSpecification","valueRequired":true,"valueName":"search_term_string"}}],"inLanguage":"es"},{"@type":"Organization","@id":"https:\/\/volcanes.net\/#organization","name":"Grupo Volcanes","url":"https:\/\/volcanes.net\/","logo":{"@type":"ImageObject","inLanguage":"es","@id":"https:\/\/volcanes.net\/#\/schema\/logo\/image\/","url":"http:\/\/volcanes.net\/wp-content\/uploads\/2017\/12\/Avatar2.jpg","contentUrl":"http:\/\/volcanes.net\/wp-content\/uploads\/2017\/12\/Avatar2.jpg","width":378,"height":378,"caption":"Grupo Volcanes"},"image":{"@id":"https:\/\/volcanes.net\/#\/schema\/logo\/image\/"},"sameAs":["https:\/\/www.facebook.com\/volcanes.net\/"]},{"@type":"Person","@id":"https:\/\/volcanes.net\/#\/schema\/person\/4bf0f383940966a4abd53f5048c0e6b9","name":"admin","image":{"@type":"ImageObject","inLanguage":"es","@id":"https:\/\/volcanes.net\/#\/schema\/person\/image\/","url":"https:\/\/secure.gravatar.com\/avatar\/ca004e6cba8462b8cb7abc86e382930c?s=96&d=mm&r=g","contentUrl":"https:\/\/secure.gravatar.com\/avatar\/ca004e6cba8462b8cb7abc86e382930c?s=96&d=mm&r=g","caption":"admin"}}]}},"_links":{"self":[{"href":"https:\/\/volcanes.net\/index.php?rest_route=\/wp\/v2\/posts\/5988"}],"collection":[{"href":"https:\/\/volcanes.net\/index.php?rest_route=\/wp\/v2\/posts"}],"about":[{"href":"https:\/\/volcanes.net\/index.php?rest_route=\/wp\/v2\/types\/post"}],"author":[{"embeddable":true,"href":"https:\/\/volcanes.net\/index.php?rest_route=\/wp\/v2\/users\/1"}],"replies":[{"embeddable":true,"href":"https:\/\/volcanes.net\/index.php?rest_route=%2Fwp%2Fv2%2Fcomments&post=5988"}],"version-history":[{"count":1,"href":"https:\/\/volcanes.net\/index.php?rest_route=\/wp\/v2\/posts\/5988\/revisions"}],"predecessor-version":[{"id":5993,"href":"https:\/\/volcanes.net\/index.php?rest_route=\/wp\/v2\/posts\/5988\/revisions\/5993"}],"wp:featuredmedia":[{"embeddable":true,"href":"https:\/\/volcanes.net\/index.php?rest_route=\/wp\/v2\/media\/5990"}],"wp:attachment":[{"href":"https:\/\/volcanes.net\/index.php?rest_route=%2Fwp%2Fv2%2Fmedia&parent=5988"}],"wp:term":[{"taxonomy":"category","embeddable":true,"href":"https:\/\/volcanes.net\/index.php?rest_route=%2Fwp%2Fv2%2Fcategories&post=5988"},{"taxonomy":"post_tag","embeddable":true,"href":"https:\/\/volcanes.net\/index.php?rest_route=%2Fwp%2Fv2%2Ftags&post=5988"}],"curies":[{"name":"wp","href":"https:\/\/api.w.org\/{rel}","templated":true}]}}