{"id":6064,"date":"2020-01-11T19:27:51","date_gmt":"2020-01-12T01:27:51","guid":{"rendered":"http:\/\/volcanes.net\/?p=6064"},"modified":"2020-01-11T19:27:51","modified_gmt":"2020-01-12T01:27:51","slug":"divertida-caravana-lleva-el-dif-municipal-de-ozumba-para-celebrar-el-dia-de-reyes","status":"publish","type":"post","link":"https:\/\/volcanes.net\/?p=6064","title":{"rendered":"Divertida Caravana lleva el DIF municipal de Ozumba para celebrar el d\u00eda de Reyes"},"content":{"rendered":"<div style=\"margin-top: 0px; margin-bottom: 0px;\" class=\"sharethis-inline-share-buttons\" ><\/div><p class=\"p1\">Con una divertida Caravana, el DIF municipal de Ozumba celebr\u00f3 el d\u00eda de Reyes a la ni\u00f1ez de este municipio y sus Delegaciones, al respecto, la Profesora Edith Castillo Enriquez, Presidenta del SMDIF<span class=\"Apple-converted-space\">\u00a0 <\/span>mencion\u00f3 en entrevista para este medio informativo: \u201cComo municipio nos esforzamos para que los ni\u00f1os se olviden un momento de sus carencias y necesidades y a trav\u00e9s de este acercamiento tengan un festejo divertido y reciban un obsequio, que esta celebraci\u00f3n de d\u00eda de Reyes sea inolvidable para ellos\u201d.<\/p>\n<p class=\"p1\">\u201cComo servidores p\u00fablicos siempre tratamos de atender las necesidades de todos los sectores de nuestro municipio y en este d\u00eda nos esforzamos de que todos los ni\u00f1os reciban un obsequio. Asimismo, y en la medida en que nosotros podemos, cubrimos las necesidades que m\u00e1s apremian a la comunidad en general y aunque sabemos que no siempre tenemos todos los medios y recursos, hemos tratado de gestionar siempre para que esas necesidades puedan ser cubiertas\u201d, a\u00f1adi\u00f3 la Profesora.<\/p>\n<p class=\"p1\">Enfatiz\u00f3 que la ni\u00f1ez es muy importante para nuestro M\u00e9xico, y<span class=\"Apple-converted-space\">\u00a0 <\/span>\u201caunque todas las familias tenemos diferentes costumbre y tradiciones, como personas mayores debemos estar al pendiente de las necesidades de los ni\u00f1os y de infundirles buenos h\u00e1bitos y principios, para que el d\u00eda de ma\u00f1ana puedan ser buenos ciudadanos\u201d.<\/p>\n<p class=\"p1\">Por \u00faltimo, la Presidenta del DIF, envi\u00f3 un mensaje a las familias ozumbenses en el que pidi\u00f3 se esfuercen en educar a los ni\u00f1os con valores, ya que en la medida en que lo hagan sus hijos estar\u00e1n bien.<\/p>\n<p><a href=\"https:\/\/youtu.be\/ZWNRmkMR8BQ\">https:\/\/youtu.be\/ZWNRmkMR8BQ<\/a><\/p>\n","protected":false},"excerpt":{"rendered":"<p>Con una divertida Caravana, el DIF municipal de Ozumba celebr\u00f3 el d\u00eda de Reyes a<\/p>\n","protected":false},"author":1,"featured_media":6065,"comment_status":"open","ping_status":"open","sticky":false,"template":"","format":"standard","meta":{"footnotes":""},"categories":[1],"tags":[14],"class_list":["post-6064","post","type-post","status-publish","format-standard","has-post-thumbnail","hentry","category-municipales","tag-ozumba","has-post-video"],"yoast_head":"<!-- This site is optimized with the Yoast SEO plugin v25.3 - https:\/\/yoast.com\/wordpress\/plugins\/seo\/ -->\n<title>Divertida Caravana lleva el DIF municipal de Ozumba para celebrar el d\u00eda de Reyes - Volcanes<\/title>\n<meta name=\"robots\" content=\"index, follow, max-snippet:-1, max-image-preview:large, max-video-preview:-1\" \/>\n<link rel=\"canonical\" href=\"https:\/\/volcanes.net\/?p=6064\" \/>\n<meta property=\"og:locale\" content=\"es_MX\" \/>\n<meta property=\"og:type\" content=\"article\" \/>\n<meta property=\"og:title\" content=\"Divertida Caravana lleva el DIF municipal de Ozumba para celebrar el d\u00eda de Reyes - Volcanes\" \/>\n<meta property=\"og:description\" content=\"Con una divertida Caravana, el DIF municipal de Ozumba celebr\u00f3 el d\u00eda de Reyes a\" \/>\n<meta property=\"og:url\" content=\"https:\/\/volcanes.net\/?p=6064\" \/>\n<meta property=\"og:site_name\" content=\"Volcanes\" \/>\n<meta property=\"article:publisher\" content=\"https:\/\/www.facebook.com\/volcanes.net\/\" \/>\n<meta property=\"article:published_time\" content=\"2020-01-12T01:27:51+00:00\" \/>\n<meta property=\"og:image\" content=\"https:\/\/volcanes.net\/wp-content\/uploads\/2020\/01\/Festejan-el-d\u00eda-de-Reyes-con-caravana-en-todas-las-delegaciones-de-Ozumba.jpeg\" \/>\n\t<meta property=\"og:image:width\" content=\"1280\" \/>\n\t<meta property=\"og:image:height\" content=\"720\" \/>\n\t<meta property=\"og:image:type\" content=\"image\/jpeg\" \/>\n<meta name=\"author\" content=\"admin\" \/>\n<meta name=\"twitter:card\" content=\"summary_large_image\" \/>\n<meta name=\"twitter:label1\" content=\"Escrito por\" \/>\n\t<meta name=\"twitter:data1\" content=\"admin\" \/>\n\t<meta name=\"twitter:label2\" content=\"Tiempo de lectura\" \/>\n\t<meta name=\"twitter:data2\" content=\"1 minuto\" \/>\n<script type=\"application\/ld+json\" class=\"yoast-schema-graph\">{\"@context\":\"https:\/\/schema.org\",\"@graph\":[{\"@type\":\"Article\",\"@id\":\"https:\/\/volcanes.net\/?p=6064#article\",\"isPartOf\":{\"@id\":\"https:\/\/volcanes.net\/?p=6064\"},\"author\":{\"name\":\"admin\",\"@id\":\"https:\/\/volcanes.net\/#\/schema\/person\/4bf0f383940966a4abd53f5048c0e6b9\"},\"headline\":\"Divertida Caravana lleva el DIF municipal de Ozumba para celebrar el d\u00eda de Reyes\",\"datePublished\":\"2020-01-12T01:27:51+00:00\",\"mainEntityOfPage\":{\"@id\":\"https:\/\/volcanes.net\/?p=6064\"},\"wordCount\":289,\"commentCount\":0,\"publisher\":{\"@id\":\"https:\/\/volcanes.net\/#organization\"},\"image\":{\"@id\":\"https:\/\/volcanes.net\/?p=6064#primaryimage\"},\"thumbnailUrl\":\"https:\/\/volcanes.net\/wp-content\/uploads\/2020\/01\/Festejan-el-d\u00eda-de-Reyes-con-caravana-en-todas-las-delegaciones-de-Ozumba.jpeg\",\"keywords\":[\"Ozumba\"],\"articleSection\":[\"Municipales\"],\"inLanguage\":\"es\",\"potentialAction\":[{\"@type\":\"CommentAction\",\"name\":\"Comment\",\"target\":[\"https:\/\/volcanes.net\/?p=6064#respond\"]}]},{\"@type\":\"WebPage\",\"@id\":\"https:\/\/volcanes.net\/?p=6064\",\"url\":\"https:\/\/volcanes.net\/?p=6064\",\"name\":\"Divertida Caravana lleva el DIF municipal de Ozumba para celebrar el d\u00eda de Reyes - Volcanes\",\"isPartOf\":{\"@id\":\"https:\/\/volcanes.net\/#website\"},\"primaryImageOfPage\":{\"@id\":\"https:\/\/volcanes.net\/?p=6064#primaryimage\"},\"image\":{\"@id\":\"https:\/\/volcanes.net\/?p=6064#primaryimage\"},\"thumbnailUrl\":\"https:\/\/volcanes.net\/wp-content\/uploads\/2020\/01\/Festejan-el-d\u00eda-de-Reyes-con-caravana-en-todas-las-delegaciones-de-Ozumba.jpeg\",\"datePublished\":\"2020-01-12T01:27:51+00:00\",\"breadcrumb\":{\"@id\":\"https:\/\/volcanes.net\/?p=6064#breadcrumb\"},\"inLanguage\":\"es\",\"potentialAction\":[{\"@type\":\"ReadAction\",\"target\":[\"https:\/\/volcanes.net\/?p=6064\"]}]},{\"@type\":\"ImageObject\",\"inLanguage\":\"es\",\"@id\":\"https:\/\/volcanes.net\/?p=6064#primaryimage\",\"url\":\"https:\/\/volcanes.net\/wp-content\/uploads\/2020\/01\/Festejan-el-d\u00eda-de-Reyes-con-caravana-en-todas-las-delegaciones-de-Ozumba.jpeg\",\"contentUrl\":\"https:\/\/volcanes.net\/wp-content\/uploads\/2020\/01\/Festejan-el-d\u00eda-de-Reyes-con-caravana-en-todas-las-delegaciones-de-Ozumba.jpeg\",\"width\":1280,\"height\":720},{\"@type\":\"BreadcrumbList\",\"@id\":\"https:\/\/volcanes.net\/?p=6064#breadcrumb\",\"itemListElement\":[{\"@type\":\"ListItem\",\"position\":1,\"name\":\"Portada\",\"item\":\"https:\/\/volcanes.net\/\"},{\"@type\":\"ListItem\",\"position\":2,\"name\":\"Divertida Caravana lleva el DIF municipal de Ozumba para celebrar el d\u00eda de Reyes\"}]},{\"@type\":\"WebSite\",\"@id\":\"https:\/\/volcanes.net\/#website\",\"url\":\"https:\/\/volcanes.net\/\",\"name\":\"Volcanes.Net\",\"description\":\"Periodismo Profesional\",\"publisher\":{\"@id\":\"https:\/\/volcanes.net\/#organization\"},\"potentialAction\":[{\"@type\":\"SearchAction\",\"target\":{\"@type\":\"EntryPoint\",\"urlTemplate\":\"https:\/\/volcanes.net\/?s={search_term_string}\"},\"query-input\":{\"@type\":\"PropertyValueSpecification\",\"valueRequired\":true,\"valueName\":\"search_term_string\"}}],\"inLanguage\":\"es\"},{\"@type\":\"Organization\",\"@id\":\"https:\/\/volcanes.net\/#organization\",\"name\":\"Grupo Volcanes\",\"url\":\"https:\/\/volcanes.net\/\",\"logo\":{\"@type\":\"ImageObject\",\"inLanguage\":\"es\",\"@id\":\"https:\/\/volcanes.net\/#\/schema\/logo\/image\/\",\"url\":\"http:\/\/volcanes.net\/wp-content\/uploads\/2017\/12\/Avatar2.jpg\",\"contentUrl\":\"http:\/\/volcanes.net\/wp-content\/uploads\/2017\/12\/Avatar2.jpg\",\"width\":378,\"height\":378,\"caption\":\"Grupo Volcanes\"},\"image\":{\"@id\":\"https:\/\/volcanes.net\/#\/schema\/logo\/image\/\"},\"sameAs\":[\"https:\/\/www.facebook.com\/volcanes.net\/\"]},{\"@type\":\"Person\",\"@id\":\"https:\/\/volcanes.net\/#\/schema\/person\/4bf0f383940966a4abd53f5048c0e6b9\",\"name\":\"admin\",\"image\":{\"@type\":\"ImageObject\",\"inLanguage\":\"es\",\"@id\":\"https:\/\/volcanes.net\/#\/schema\/person\/image\/\",\"url\":\"https:\/\/secure.gravatar.com\/avatar\/ca004e6cba8462b8cb7abc86e382930c?s=96&d=mm&r=g\",\"contentUrl\":\"https:\/\/secure.gravatar.com\/avatar\/ca004e6cba8462b8cb7abc86e382930c?s=96&d=mm&r=g\",\"caption\":\"admin\"}}]}<\/script>\n<!-- \/ Yoast SEO plugin. -->","yoast_head_json":{"title":"Divertida Caravana lleva el DIF municipal de Ozumba para celebrar el d\u00eda de Reyes - Volcanes","robots":{"index":"index","follow":"follow","max-snippet":"max-snippet:-1","max-image-preview":"max-image-preview:large","max-video-preview":"max-video-preview:-1"},"canonical":"https:\/\/volcanes.net\/?p=6064","og_locale":"es_MX","og_type":"article","og_title":"Divertida Caravana lleva el DIF municipal de Ozumba para celebrar el d\u00eda de Reyes - Volcanes","og_description":"Con una divertida Caravana, el DIF municipal de Ozumba celebr\u00f3 el d\u00eda de Reyes a","og_url":"https:\/\/volcanes.net\/?p=6064","og_site_name":"Volcanes","article_publisher":"https:\/\/www.facebook.com\/volcanes.net\/","article_published_time":"2020-01-12T01:27:51+00:00","og_image":[{"width":1280,"height":720,"url":"https:\/\/volcanes.net\/wp-content\/uploads\/2020\/01\/Festejan-el-d\u00eda-de-Reyes-con-caravana-en-todas-las-delegaciones-de-Ozumba.jpeg","type":"image\/jpeg"}],"author":"admin","twitter_card":"summary_large_image","twitter_misc":{"Escrito por":"admin","Tiempo de lectura":"1 minuto"},"schema":{"@context":"https:\/\/schema.org","@graph":[{"@type":"Article","@id":"https:\/\/volcanes.net\/?p=6064#article","isPartOf":{"@id":"https:\/\/volcanes.net\/?p=6064"},"author":{"name":"admin","@id":"https:\/\/volcanes.net\/#\/schema\/person\/4bf0f383940966a4abd53f5048c0e6b9"},"headline":"Divertida Caravana lleva el DIF municipal de Ozumba para celebrar el d\u00eda de Reyes","datePublished":"2020-01-12T01:27:51+00:00","mainEntityOfPage":{"@id":"https:\/\/volcanes.net\/?p=6064"},"wordCount":289,"commentCount":0,"publisher":{"@id":"https:\/\/volcanes.net\/#organization"},"image":{"@id":"https:\/\/volcanes.net\/?p=6064#primaryimage"},"thumbnailUrl":"https:\/\/volcanes.net\/wp-content\/uploads\/2020\/01\/Festejan-el-d\u00eda-de-Reyes-con-caravana-en-todas-las-delegaciones-de-Ozumba.jpeg","keywords":["Ozumba"],"articleSection":["Municipales"],"inLanguage":"es","potentialAction":[{"@type":"CommentAction","name":"Comment","target":["https:\/\/volcanes.net\/?p=6064#respond"]}]},{"@type":"WebPage","@id":"https:\/\/volcanes.net\/?p=6064","url":"https:\/\/volcanes.net\/?p=6064","name":"Divertida Caravana lleva el DIF municipal de Ozumba para celebrar el d\u00eda de Reyes - Volcanes","isPartOf":{"@id":"https:\/\/volcanes.net\/#website"},"primaryImageOfPage":{"@id":"https:\/\/volcanes.net\/?p=6064#primaryimage"},"image":{"@id":"https:\/\/volcanes.net\/?p=6064#primaryimage"},"thumbnailUrl":"https:\/\/volcanes.net\/wp-content\/uploads\/2020\/01\/Festejan-el-d\u00eda-de-Reyes-con-caravana-en-todas-las-delegaciones-de-Ozumba.jpeg","datePublished":"2020-01-12T01:27:51+00:00","breadcrumb":{"@id":"https:\/\/volcanes.net\/?p=6064#breadcrumb"},"inLanguage":"es","potentialAction":[{"@type":"ReadAction","target":["https:\/\/volcanes.net\/?p=6064"]}]},{"@type":"ImageObject","inLanguage":"es","@id":"https:\/\/volcanes.net\/?p=6064#primaryimage","url":"https:\/\/volcanes.net\/wp-content\/uploads\/2020\/01\/Festejan-el-d\u00eda-de-Reyes-con-caravana-en-todas-las-delegaciones-de-Ozumba.jpeg","contentUrl":"https:\/\/volcanes.net\/wp-content\/uploads\/2020\/01\/Festejan-el-d\u00eda-de-Reyes-con-caravana-en-todas-las-delegaciones-de-Ozumba.jpeg","width":1280,"height":720},{"@type":"BreadcrumbList","@id":"https:\/\/volcanes.net\/?p=6064#breadcrumb","itemListElement":[{"@type":"ListItem","position":1,"name":"Portada","item":"https:\/\/volcanes.net\/"},{"@type":"ListItem","position":2,"name":"Divertida Caravana lleva el DIF municipal de Ozumba para celebrar el d\u00eda de Reyes"}]},{"@type":"WebSite","@id":"https:\/\/volcanes.net\/#website","url":"https:\/\/volcanes.net\/","name":"Volcanes.Net","description":"Periodismo Profesional","publisher":{"@id":"https:\/\/volcanes.net\/#organization"},"potentialAction":[{"@type":"SearchAction","target":{"@type":"EntryPoint","urlTemplate":"https:\/\/volcanes.net\/?s={search_term_string}"},"query-input":{"@type":"PropertyValueSpecification","valueRequired":true,"valueName":"search_term_string"}}],"inLanguage":"es"},{"@type":"Organization","@id":"https:\/\/volcanes.net\/#organization","name":"Grupo Volcanes","url":"https:\/\/volcanes.net\/","logo":{"@type":"ImageObject","inLanguage":"es","@id":"https:\/\/volcanes.net\/#\/schema\/logo\/image\/","url":"http:\/\/volcanes.net\/wp-content\/uploads\/2017\/12\/Avatar2.jpg","contentUrl":"http:\/\/volcanes.net\/wp-content\/uploads\/2017\/12\/Avatar2.jpg","width":378,"height":378,"caption":"Grupo Volcanes"},"image":{"@id":"https:\/\/volcanes.net\/#\/schema\/logo\/image\/"},"sameAs":["https:\/\/www.facebook.com\/volcanes.net\/"]},{"@type":"Person","@id":"https:\/\/volcanes.net\/#\/schema\/person\/4bf0f383940966a4abd53f5048c0e6b9","name":"admin","image":{"@type":"ImageObject","inLanguage":"es","@id":"https:\/\/volcanes.net\/#\/schema\/person\/image\/","url":"https:\/\/secure.gravatar.com\/avatar\/ca004e6cba8462b8cb7abc86e382930c?s=96&d=mm&r=g","contentUrl":"https:\/\/secure.gravatar.com\/avatar\/ca004e6cba8462b8cb7abc86e382930c?s=96&d=mm&r=g","caption":"admin"}}]}},"_links":{"self":[{"href":"https:\/\/volcanes.net\/index.php?rest_route=\/wp\/v2\/posts\/6064"}],"collection":[{"href":"https:\/\/volcanes.net\/index.php?rest_route=\/wp\/v2\/posts"}],"about":[{"href":"https:\/\/volcanes.net\/index.php?rest_route=\/wp\/v2\/types\/post"}],"author":[{"embeddable":true,"href":"https:\/\/volcanes.net\/index.php?rest_route=\/wp\/v2\/users\/1"}],"replies":[{"embeddable":true,"href":"https:\/\/volcanes.net\/index.php?rest_route=%2Fwp%2Fv2%2Fcomments&post=6064"}],"version-history":[{"count":1,"href":"https:\/\/volcanes.net\/index.php?rest_route=\/wp\/v2\/posts\/6064\/revisions"}],"predecessor-version":[{"id":6066,"href":"https:\/\/volcanes.net\/index.php?rest_route=\/wp\/v2\/posts\/6064\/revisions\/6066"}],"wp:featuredmedia":[{"embeddable":true,"href":"https:\/\/volcanes.net\/index.php?rest_route=\/wp\/v2\/media\/6065"}],"wp:attachment":[{"href":"https:\/\/volcanes.net\/index.php?rest_route=%2Fwp%2Fv2%2Fmedia&parent=6064"}],"wp:term":[{"taxonomy":"category","embeddable":true,"href":"https:\/\/volcanes.net\/index.php?rest_route=%2Fwp%2Fv2%2Fcategories&post=6064"},{"taxonomy":"post_tag","embeddable":true,"href":"https:\/\/volcanes.net\/index.php?rest_route=%2Fwp%2Fv2%2Ftags&post=6064"}],"curies":[{"name":"wp","href":"https:\/\/api.w.org\/{rel}","templated":true}]}}