{"id":6068,"date":"2020-01-11T19:33:47","date_gmt":"2020-01-12T01:33:47","guid":{"rendered":"http:\/\/volcanes.net\/?p=6068"},"modified":"2020-01-11T19:33:47","modified_gmt":"2020-01-12T01:33:47","slug":"ofrece-alcalde-de-ozumba-un-minuto-de-silencio-por-las-victimas-del-tiroteo-en-torreon-coahuila","status":"publish","type":"post","link":"https:\/\/volcanes.net\/?p=6068","title":{"rendered":"Ofrece alcalde de Ozumba un minuto de silencio por las v\u00edctimas del tiroteo en Torre\u00f3n Coahuila"},"content":{"rendered":"<div style=\"margin-top: 0px; margin-bottom: 0px;\" class=\"sharethis-inline-share-buttons\" ><\/div><p class=\"p1\">Durante el festejo del D\u00eda de Reyes en la Delegaci\u00f3n de San Mateo Tecalco del municipio de Ozumba, este jueves 10 de enero, el Presidente Municipal Valent\u00edn Mart\u00ednez Castillo, pidi\u00f3<span class=\"Apple-converted-space\">\u00a0 <\/span>un minuto de silencio \u201cpor los ni\u00f1os que el d\u00eda de hoy perdieron la vida en el norte del pa\u00eds\u201d, refiri\u00e9ndose al lamentable hecho ocurrido en una escuela privada de Torre\u00f3n Coahuila, en el que un jovencito de sexto a\u00f1o de primaria fue el protagonista de un tiroteo en el que finalmente se quit\u00f3 la vida.<\/p>\n<p class=\"p1\">\u201cCuando mandemos a nuestros ni\u00f1os a la escuela hay que revisarles la mochila, pero no solo eso, hay que revisarles los sentimientos, hay que revisarles los dolores, hay que revisar<span class=\"Apple-converted-space\">\u00a0 <\/span>lo que traen encima\u201d, fueron las palabras que expres\u00f3 el edil en el acto donde resalt\u00f3 la importancia de seguir trabajando por la ni\u00f1ez del pueblo de Ozumba en equipo con los padres, para que sean totalmente felices.\u201d Ellos nacen inocentes y as\u00ed es como se levantan y de parte de nosotros como adultos depende que ellos sigan en esa l\u00ednea\u201d, a\u00f1adi\u00f3.<\/p>\n<p class=\"p1\">De igual manera, Mart\u00ednez Castillo destac\u00f3 en entrevista concedida a este medio, la importancia de estar atentos con lo que ocurre con la ni\u00f1ez y con la juventud y que las familias deben estar enteramente entendidas que lo m\u00e1s importante es la paz y la tranquilidad.<\/p>\n<p class=\"p1\">\u201cEn casa debemos de comenzar a trabajar de manera contundente con los valores, con los principios, con el amor. Hay que volver nuevamente a la base que es la familia, si la familia est\u00e1 mal, la sociedad se desquebraja por completo\u201d, recalc\u00f3.<\/p>\n<p class=\"p1\">\u201cEl mensaje m\u00e1s importante es que trabajemos a favor de nuestra juventud y nuestra ni\u00f1ez, esta es una tarea de todos, es una tarea de los padres, que reforzamos como gobierno y que reforzamos como escuelas, pero la responsabilidad primordial es de casa\u201d, \u201ccomo adultos tenemos muchos problemas, pero nunca habr\u00e1 una raz\u00f3n para dejarlos a la deriva, hay que estar al pendiente de nuestros hijos y amarlos con todo el cari\u00f1o que ellos necesitan\u201d, concluy\u00f3.<\/p>\n<p class=\"p1\">Finalmente se dirigi\u00f3 a los ni\u00f1os presentes en el festejo: \u201cNi\u00f1os p\u00f3rtense bien, sean felices, cuiden a sus pap\u00e1s y obed\u00e9zcanles en todo lo que les indiquen\u201d.<\/p>\n<p><a href=\"https:\/\/youtu.be\/aeu443_R7Xc\">https:\/\/youtu.be\/aeu443_R7Xc<\/a><\/p>\n","protected":false},"excerpt":{"rendered":"<p>Durante el festejo del D\u00eda de Reyes en la Delegaci\u00f3n de San Mateo Tecalco del<\/p>\n","protected":false},"author":1,"featured_media":6069,"comment_status":"open","ping_status":"open","sticky":false,"template":"","format":"standard","meta":{"footnotes":""},"categories":[1],"tags":[14],"class_list":["post-6068","post","type-post","status-publish","format-standard","has-post-thumbnail","hentry","category-municipales","tag-ozumba","has-post-video"],"yoast_head":"<!-- This site is optimized with the Yoast SEO plugin v25.3 - https:\/\/yoast.com\/wordpress\/plugins\/seo\/ -->\n<title>Ofrece alcalde de Ozumba un minuto de silencio por las v\u00edctimas del tiroteo en Torre\u00f3n Coahuila - Volcanes<\/title>\n<meta name=\"robots\" content=\"index, follow, max-snippet:-1, max-image-preview:large, max-video-preview:-1\" \/>\n<link rel=\"canonical\" href=\"https:\/\/volcanes.net\/?p=6068\" \/>\n<meta property=\"og:locale\" content=\"es_MX\" \/>\n<meta property=\"og:type\" content=\"article\" \/>\n<meta property=\"og:title\" content=\"Ofrece alcalde de Ozumba un minuto de silencio por las v\u00edctimas del tiroteo en Torre\u00f3n Coahuila - Volcanes\" \/>\n<meta property=\"og:description\" content=\"Durante el festejo del D\u00eda de Reyes en la Delegaci\u00f3n de San Mateo Tecalco del\" \/>\n<meta property=\"og:url\" content=\"https:\/\/volcanes.net\/?p=6068\" \/>\n<meta property=\"og:site_name\" content=\"Volcanes\" \/>\n<meta property=\"article:publisher\" content=\"https:\/\/www.facebook.com\/volcanes.net\/\" \/>\n<meta property=\"article:published_time\" content=\"2020-01-12T01:33:47+00:00\" \/>\n<meta property=\"og:image\" content=\"https:\/\/volcanes.net\/wp-content\/uploads\/2020\/01\/Alcalde-de-Ozumba-pide-un-minuto-de-silencio-por-las-v\u00edctimas-del-tiroteo-en-Torre\u00f3n.jpeg\" \/>\n\t<meta property=\"og:image:width\" content=\"1280\" \/>\n\t<meta property=\"og:image:height\" content=\"720\" \/>\n\t<meta property=\"og:image:type\" content=\"image\/jpeg\" \/>\n<meta name=\"author\" content=\"admin\" \/>\n<meta name=\"twitter:card\" content=\"summary_large_image\" \/>\n<meta name=\"twitter:label1\" content=\"Escrito por\" \/>\n\t<meta name=\"twitter:data1\" content=\"admin\" \/>\n\t<meta name=\"twitter:label2\" content=\"Tiempo de lectura\" \/>\n\t<meta name=\"twitter:data2\" content=\"2 minutos\" \/>\n<script type=\"application\/ld+json\" class=\"yoast-schema-graph\">{\"@context\":\"https:\/\/schema.org\",\"@graph\":[{\"@type\":\"Article\",\"@id\":\"https:\/\/volcanes.net\/?p=6068#article\",\"isPartOf\":{\"@id\":\"https:\/\/volcanes.net\/?p=6068\"},\"author\":{\"name\":\"admin\",\"@id\":\"https:\/\/volcanes.net\/#\/schema\/person\/4bf0f383940966a4abd53f5048c0e6b9\"},\"headline\":\"Ofrece alcalde de Ozumba un minuto de silencio por las v\u00edctimas del tiroteo en Torre\u00f3n Coahuila\",\"datePublished\":\"2020-01-12T01:33:47+00:00\",\"mainEntityOfPage\":{\"@id\":\"https:\/\/volcanes.net\/?p=6068\"},\"wordCount\":420,\"commentCount\":0,\"publisher\":{\"@id\":\"https:\/\/volcanes.net\/#organization\"},\"image\":{\"@id\":\"https:\/\/volcanes.net\/?p=6068#primaryimage\"},\"thumbnailUrl\":\"https:\/\/volcanes.net\/wp-content\/uploads\/2020\/01\/Alcalde-de-Ozumba-pide-un-minuto-de-silencio-por-las-v\u00edctimas-del-tiroteo-en-Torre\u00f3n.jpeg\",\"keywords\":[\"Ozumba\"],\"articleSection\":[\"Municipales\"],\"inLanguage\":\"es\",\"potentialAction\":[{\"@type\":\"CommentAction\",\"name\":\"Comment\",\"target\":[\"https:\/\/volcanes.net\/?p=6068#respond\"]}]},{\"@type\":\"WebPage\",\"@id\":\"https:\/\/volcanes.net\/?p=6068\",\"url\":\"https:\/\/volcanes.net\/?p=6068\",\"name\":\"Ofrece alcalde de Ozumba un minuto de silencio por las v\u00edctimas del tiroteo en Torre\u00f3n Coahuila - Volcanes\",\"isPartOf\":{\"@id\":\"https:\/\/volcanes.net\/#website\"},\"primaryImageOfPage\":{\"@id\":\"https:\/\/volcanes.net\/?p=6068#primaryimage\"},\"image\":{\"@id\":\"https:\/\/volcanes.net\/?p=6068#primaryimage\"},\"thumbnailUrl\":\"https:\/\/volcanes.net\/wp-content\/uploads\/2020\/01\/Alcalde-de-Ozumba-pide-un-minuto-de-silencio-por-las-v\u00edctimas-del-tiroteo-en-Torre\u00f3n.jpeg\",\"datePublished\":\"2020-01-12T01:33:47+00:00\",\"breadcrumb\":{\"@id\":\"https:\/\/volcanes.net\/?p=6068#breadcrumb\"},\"inLanguage\":\"es\",\"potentialAction\":[{\"@type\":\"ReadAction\",\"target\":[\"https:\/\/volcanes.net\/?p=6068\"]}]},{\"@type\":\"ImageObject\",\"inLanguage\":\"es\",\"@id\":\"https:\/\/volcanes.net\/?p=6068#primaryimage\",\"url\":\"https:\/\/volcanes.net\/wp-content\/uploads\/2020\/01\/Alcalde-de-Ozumba-pide-un-minuto-de-silencio-por-las-v\u00edctimas-del-tiroteo-en-Torre\u00f3n.jpeg\",\"contentUrl\":\"https:\/\/volcanes.net\/wp-content\/uploads\/2020\/01\/Alcalde-de-Ozumba-pide-un-minuto-de-silencio-por-las-v\u00edctimas-del-tiroteo-en-Torre\u00f3n.jpeg\",\"width\":1280,\"height\":720},{\"@type\":\"BreadcrumbList\",\"@id\":\"https:\/\/volcanes.net\/?p=6068#breadcrumb\",\"itemListElement\":[{\"@type\":\"ListItem\",\"position\":1,\"name\":\"Portada\",\"item\":\"https:\/\/volcanes.net\/\"},{\"@type\":\"ListItem\",\"position\":2,\"name\":\"Ofrece alcalde de Ozumba un minuto de silencio por las v\u00edctimas del tiroteo en Torre\u00f3n Coahuila\"}]},{\"@type\":\"WebSite\",\"@id\":\"https:\/\/volcanes.net\/#website\",\"url\":\"https:\/\/volcanes.net\/\",\"name\":\"Volcanes.Net\",\"description\":\"Periodismo Profesional\",\"publisher\":{\"@id\":\"https:\/\/volcanes.net\/#organization\"},\"potentialAction\":[{\"@type\":\"SearchAction\",\"target\":{\"@type\":\"EntryPoint\",\"urlTemplate\":\"https:\/\/volcanes.net\/?s={search_term_string}\"},\"query-input\":{\"@type\":\"PropertyValueSpecification\",\"valueRequired\":true,\"valueName\":\"search_term_string\"}}],\"inLanguage\":\"es\"},{\"@type\":\"Organization\",\"@id\":\"https:\/\/volcanes.net\/#organization\",\"name\":\"Grupo Volcanes\",\"url\":\"https:\/\/volcanes.net\/\",\"logo\":{\"@type\":\"ImageObject\",\"inLanguage\":\"es\",\"@id\":\"https:\/\/volcanes.net\/#\/schema\/logo\/image\/\",\"url\":\"http:\/\/volcanes.net\/wp-content\/uploads\/2017\/12\/Avatar2.jpg\",\"contentUrl\":\"http:\/\/volcanes.net\/wp-content\/uploads\/2017\/12\/Avatar2.jpg\",\"width\":378,\"height\":378,\"caption\":\"Grupo Volcanes\"},\"image\":{\"@id\":\"https:\/\/volcanes.net\/#\/schema\/logo\/image\/\"},\"sameAs\":[\"https:\/\/www.facebook.com\/volcanes.net\/\"]},{\"@type\":\"Person\",\"@id\":\"https:\/\/volcanes.net\/#\/schema\/person\/4bf0f383940966a4abd53f5048c0e6b9\",\"name\":\"admin\",\"image\":{\"@type\":\"ImageObject\",\"inLanguage\":\"es\",\"@id\":\"https:\/\/volcanes.net\/#\/schema\/person\/image\/\",\"url\":\"https:\/\/secure.gravatar.com\/avatar\/ca004e6cba8462b8cb7abc86e382930c?s=96&d=mm&r=g\",\"contentUrl\":\"https:\/\/secure.gravatar.com\/avatar\/ca004e6cba8462b8cb7abc86e382930c?s=96&d=mm&r=g\",\"caption\":\"admin\"}}]}<\/script>\n<!-- \/ Yoast SEO plugin. -->","yoast_head_json":{"title":"Ofrece alcalde de Ozumba un minuto de silencio por las v\u00edctimas del tiroteo en Torre\u00f3n Coahuila - Volcanes","robots":{"index":"index","follow":"follow","max-snippet":"max-snippet:-1","max-image-preview":"max-image-preview:large","max-video-preview":"max-video-preview:-1"},"canonical":"https:\/\/volcanes.net\/?p=6068","og_locale":"es_MX","og_type":"article","og_title":"Ofrece alcalde de Ozumba un minuto de silencio por las v\u00edctimas del tiroteo en Torre\u00f3n Coahuila - Volcanes","og_description":"Durante el festejo del D\u00eda de Reyes en la Delegaci\u00f3n de San Mateo Tecalco del","og_url":"https:\/\/volcanes.net\/?p=6068","og_site_name":"Volcanes","article_publisher":"https:\/\/www.facebook.com\/volcanes.net\/","article_published_time":"2020-01-12T01:33:47+00:00","og_image":[{"width":1280,"height":720,"url":"https:\/\/volcanes.net\/wp-content\/uploads\/2020\/01\/Alcalde-de-Ozumba-pide-un-minuto-de-silencio-por-las-v\u00edctimas-del-tiroteo-en-Torre\u00f3n.jpeg","type":"image\/jpeg"}],"author":"admin","twitter_card":"summary_large_image","twitter_misc":{"Escrito por":"admin","Tiempo de lectura":"2 minutos"},"schema":{"@context":"https:\/\/schema.org","@graph":[{"@type":"Article","@id":"https:\/\/volcanes.net\/?p=6068#article","isPartOf":{"@id":"https:\/\/volcanes.net\/?p=6068"},"author":{"name":"admin","@id":"https:\/\/volcanes.net\/#\/schema\/person\/4bf0f383940966a4abd53f5048c0e6b9"},"headline":"Ofrece alcalde de Ozumba un minuto de silencio por las v\u00edctimas del tiroteo en Torre\u00f3n Coahuila","datePublished":"2020-01-12T01:33:47+00:00","mainEntityOfPage":{"@id":"https:\/\/volcanes.net\/?p=6068"},"wordCount":420,"commentCount":0,"publisher":{"@id":"https:\/\/volcanes.net\/#organization"},"image":{"@id":"https:\/\/volcanes.net\/?p=6068#primaryimage"},"thumbnailUrl":"https:\/\/volcanes.net\/wp-content\/uploads\/2020\/01\/Alcalde-de-Ozumba-pide-un-minuto-de-silencio-por-las-v\u00edctimas-del-tiroteo-en-Torre\u00f3n.jpeg","keywords":["Ozumba"],"articleSection":["Municipales"],"inLanguage":"es","potentialAction":[{"@type":"CommentAction","name":"Comment","target":["https:\/\/volcanes.net\/?p=6068#respond"]}]},{"@type":"WebPage","@id":"https:\/\/volcanes.net\/?p=6068","url":"https:\/\/volcanes.net\/?p=6068","name":"Ofrece alcalde de Ozumba un minuto de silencio por las v\u00edctimas del tiroteo en Torre\u00f3n Coahuila - Volcanes","isPartOf":{"@id":"https:\/\/volcanes.net\/#website"},"primaryImageOfPage":{"@id":"https:\/\/volcanes.net\/?p=6068#primaryimage"},"image":{"@id":"https:\/\/volcanes.net\/?p=6068#primaryimage"},"thumbnailUrl":"https:\/\/volcanes.net\/wp-content\/uploads\/2020\/01\/Alcalde-de-Ozumba-pide-un-minuto-de-silencio-por-las-v\u00edctimas-del-tiroteo-en-Torre\u00f3n.jpeg","datePublished":"2020-01-12T01:33:47+00:00","breadcrumb":{"@id":"https:\/\/volcanes.net\/?p=6068#breadcrumb"},"inLanguage":"es","potentialAction":[{"@type":"ReadAction","target":["https:\/\/volcanes.net\/?p=6068"]}]},{"@type":"ImageObject","inLanguage":"es","@id":"https:\/\/volcanes.net\/?p=6068#primaryimage","url":"https:\/\/volcanes.net\/wp-content\/uploads\/2020\/01\/Alcalde-de-Ozumba-pide-un-minuto-de-silencio-por-las-v\u00edctimas-del-tiroteo-en-Torre\u00f3n.jpeg","contentUrl":"https:\/\/volcanes.net\/wp-content\/uploads\/2020\/01\/Alcalde-de-Ozumba-pide-un-minuto-de-silencio-por-las-v\u00edctimas-del-tiroteo-en-Torre\u00f3n.jpeg","width":1280,"height":720},{"@type":"BreadcrumbList","@id":"https:\/\/volcanes.net\/?p=6068#breadcrumb","itemListElement":[{"@type":"ListItem","position":1,"name":"Portada","item":"https:\/\/volcanes.net\/"},{"@type":"ListItem","position":2,"name":"Ofrece alcalde de Ozumba un minuto de silencio por las v\u00edctimas del tiroteo en Torre\u00f3n Coahuila"}]},{"@type":"WebSite","@id":"https:\/\/volcanes.net\/#website","url":"https:\/\/volcanes.net\/","name":"Volcanes.Net","description":"Periodismo Profesional","publisher":{"@id":"https:\/\/volcanes.net\/#organization"},"potentialAction":[{"@type":"SearchAction","target":{"@type":"EntryPoint","urlTemplate":"https:\/\/volcanes.net\/?s={search_term_string}"},"query-input":{"@type":"PropertyValueSpecification","valueRequired":true,"valueName":"search_term_string"}}],"inLanguage":"es"},{"@type":"Organization","@id":"https:\/\/volcanes.net\/#organization","name":"Grupo Volcanes","url":"https:\/\/volcanes.net\/","logo":{"@type":"ImageObject","inLanguage":"es","@id":"https:\/\/volcanes.net\/#\/schema\/logo\/image\/","url":"http:\/\/volcanes.net\/wp-content\/uploads\/2017\/12\/Avatar2.jpg","contentUrl":"http:\/\/volcanes.net\/wp-content\/uploads\/2017\/12\/Avatar2.jpg","width":378,"height":378,"caption":"Grupo Volcanes"},"image":{"@id":"https:\/\/volcanes.net\/#\/schema\/logo\/image\/"},"sameAs":["https:\/\/www.facebook.com\/volcanes.net\/"]},{"@type":"Person","@id":"https:\/\/volcanes.net\/#\/schema\/person\/4bf0f383940966a4abd53f5048c0e6b9","name":"admin","image":{"@type":"ImageObject","inLanguage":"es","@id":"https:\/\/volcanes.net\/#\/schema\/person\/image\/","url":"https:\/\/secure.gravatar.com\/avatar\/ca004e6cba8462b8cb7abc86e382930c?s=96&d=mm&r=g","contentUrl":"https:\/\/secure.gravatar.com\/avatar\/ca004e6cba8462b8cb7abc86e382930c?s=96&d=mm&r=g","caption":"admin"}}]}},"_links":{"self":[{"href":"https:\/\/volcanes.net\/index.php?rest_route=\/wp\/v2\/posts\/6068"}],"collection":[{"href":"https:\/\/volcanes.net\/index.php?rest_route=\/wp\/v2\/posts"}],"about":[{"href":"https:\/\/volcanes.net\/index.php?rest_route=\/wp\/v2\/types\/post"}],"author":[{"embeddable":true,"href":"https:\/\/volcanes.net\/index.php?rest_route=\/wp\/v2\/users\/1"}],"replies":[{"embeddable":true,"href":"https:\/\/volcanes.net\/index.php?rest_route=%2Fwp%2Fv2%2Fcomments&post=6068"}],"version-history":[{"count":1,"href":"https:\/\/volcanes.net\/index.php?rest_route=\/wp\/v2\/posts\/6068\/revisions"}],"predecessor-version":[{"id":6070,"href":"https:\/\/volcanes.net\/index.php?rest_route=\/wp\/v2\/posts\/6068\/revisions\/6070"}],"wp:featuredmedia":[{"embeddable":true,"href":"https:\/\/volcanes.net\/index.php?rest_route=\/wp\/v2\/media\/6069"}],"wp:attachment":[{"href":"https:\/\/volcanes.net\/index.php?rest_route=%2Fwp%2Fv2%2Fmedia&parent=6068"}],"wp:term":[{"taxonomy":"category","embeddable":true,"href":"https:\/\/volcanes.net\/index.php?rest_route=%2Fwp%2Fv2%2Fcategories&post=6068"},{"taxonomy":"post_tag","embeddable":true,"href":"https:\/\/volcanes.net\/index.php?rest_route=%2Fwp%2Fv2%2Ftags&post=6068"}],"curies":[{"name":"wp","href":"https:\/\/api.w.org\/{rel}","templated":true}]}}