{"id":607,"date":"2018-01-20T17:13:06","date_gmt":"2018-01-20T17:13:06","guid":{"rendered":"http:\/\/volcanes.net\/?p=607"},"modified":"2018-01-20T17:17:08","modified_gmt":"2018-01-20T17:17:08","slug":"mayoria-mujeres-las-ungidas-del-pri-para-la-zona-volcanes","status":"publish","type":"post","link":"https:\/\/volcanes.net\/?p=607","title":{"rendered":"Mayor\u00eda mujeres, las ungidas del PRI para la zona Volcanes"},"content":{"rendered":"<div style=\"margin-top: 0px; margin-bottom: 0px;\" class=\"sharethis-inline-share-buttons\" ><\/div><p>El Partido revolucionario Institucional (PRI) ha definido ya, aunque de manera extraoficial\u00a0 los candidatos y candidatas que postular\u00e1 en la presente contienda electoral.<\/p>\n<p>Aunque ser\u00e1 hasta este Domingo cuando de manera formal presenten su solicitud de registro ante la Comisi\u00f3n municipal de procesos internos, comisi\u00f3n encargada de recibir la solicitud por parte de los aspirantes,<\/p>\n<p>Destaca dentro de la lista preliminar de las candidatas y candidatos que se registrar\u00e1n para el proceso interno del revolucionario institucional dos reelecciones.<\/p>\n<p>La primera ser\u00e1 la de la diputada Ivette Topete Garc\u00eda, que nuevamente ser\u00eda candidata por e PRI a la diputaci\u00f3n local.<\/p>\n<p>La segunda reelecci\u00f3n corresponder\u00eda al alcalde Marcelino Robles Robles Flores, quien buscar\u00e1 reelegirse como candidato del PRI en el municipio de Ecatzingo<\/p>\n<p>Por lo que respecta los dem\u00e1s municipios, la gran mayor\u00eda son mujeres, y tambi\u00e9n la gran mayor\u00eda familiares cercanos de pasados gobernantes.<\/p>\n<p>Por Amecameca Patricia S\u00e1nchez Nava, hija del ex alcalde priista, Mauro S\u00e1nchez de la Rosa y sobrina del ex edil Juan S\u00e1nchez Granados es la ungida por el PRI en este municipio.<\/p>\n<p>Atlautla designar\u00e1 a Blanca Soto Carre\u00f1o, hija de la ex alcaldesa priista de este municipio, Carmen Soto Carre\u00f1o Garc\u00eda.<\/p>\n<p>En Ozumba ser\u00e1 Lilia L\u00f3pez Arroyo.<\/p>\n<p>Tepetlixpa ser\u00e1 Mar\u00eda Eugenia Aguilar, esposa del ex edil priista, V\u00edctor Pe\u00f1a Serrano y t\u00eda del actual edil, Oscar Aguilar Franco.<\/p>\n<p>En el municipio de Ayapango, ser\u00e1 Edgardo Faustinos Ram\u00edrez, ex edil en dos ocasiones, buscar\u00e1 ser alcalde por tercera ocasi\u00f3n en este municipio.<\/p>\n<p>La ungida en el municipio de Chalco ser\u00e1 Yetzabel Xim\u00e9nez Esparza, hija del fallecido ex senador, H\u00e9ctor Xim\u00e9nez Gonz\u00e1lez.<\/p>\n<p>Tenango del aire, la ungida es la ex regidora Apolonia Fr\u00edas Farf\u00e1n.<\/p>\n<p>En el municipio de Temamatla, la propuesta es una persona cercana a Francisco Osorno Sober\u00f3n , la Ex empleada de probosque Anayel\u00ed Susana de la Cruz Jim\u00e9nez.<\/p>\n<p>Matilde Hern\u00e1ndez Liam. ex regidora y lider de la asociaci\u00f3n civil \u201dactitud femenina\u201d es la elegida por el PRI en el municipio de Juchitepec.<\/p>\n<p>En Tlalmanalco el candidato del PRI ser\u00e1 Mario Z\u00fa\u00f1iga Z\u00fa\u00f1iga, expresidente municipla de Tlalmanalco y recientemente laboraba como director de vialidad del municipio vecino de Chalco.<\/p>\n<p>Valle de Chalco Alma Lilia Luna Mungu\u00eda ser\u00e1 la abanderada del tricolor, es actualmente diputada federal del PRI; y en el pasado ex diputada federal por el PRD, adem\u00e1s de ser hermana del ex edil Miguel \u00c1ngel Luna, asesinado hace dos a\u00f1os.<\/p>\n<p>En el municipio de Ixtapaluca ser\u00e1 de nuevo Maricela Serrano Hern\u00e1ndez.<\/p>\n","protected":false},"excerpt":{"rendered":"<p>El Partido revolucionario Institucional (PRI) ha definido ya, aunque de manera extraoficial\u00a0 los candidatos y<\/p>\n","protected":false},"author":1,"featured_media":608,"comment_status":"open","ping_status":"open","sticky":false,"template":"","format":"standard","meta":{"footnotes":""},"categories":[1],"tags":[7,80,57,9,15,14,16,81,46],"class_list":["post-607","post","type-post","status-publish","format-standard","has-post-thumbnail","hentry","category-municipales","tag-amecameca","tag-atlautla","tag-ayapango","tag-chalco","tag-ecatzingo","tag-ozumba","tag-tepetlixpa","tag-tlalmanalco","tag-volcanes"],"yoast_head":"<!-- This site is optimized with the Yoast SEO plugin v25.3 - https:\/\/yoast.com\/wordpress\/plugins\/seo\/ -->\n<title>Mayor\u00eda mujeres, las ungidas del PRI para la zona Volcanes - Volcanes<\/title>\n<meta name=\"robots\" content=\"index, follow, max-snippet:-1, max-image-preview:large, max-video-preview:-1\" \/>\n<link rel=\"canonical\" href=\"https:\/\/volcanes.net\/?p=607\" \/>\n<meta property=\"og:locale\" content=\"es_MX\" \/>\n<meta property=\"og:type\" content=\"article\" \/>\n<meta property=\"og:title\" content=\"Mayor\u00eda mujeres, las ungidas del PRI para la zona Volcanes - Volcanes\" \/>\n<meta property=\"og:description\" content=\"El Partido revolucionario Institucional (PRI) ha definido ya, aunque de manera extraoficial\u00a0 los candidatos y\" \/>\n<meta property=\"og:url\" content=\"https:\/\/volcanes.net\/?p=607\" \/>\n<meta property=\"og:site_name\" content=\"Volcanes\" \/>\n<meta property=\"article:publisher\" content=\"https:\/\/www.facebook.com\/volcanes.net\/\" \/>\n<meta property=\"article:published_time\" content=\"2018-01-20T17:13:06+00:00\" \/>\n<meta property=\"article:modified_time\" content=\"2018-01-20T17:17:08+00:00\" \/>\n<meta property=\"og:image\" content=\"https:\/\/volcanes.net\/wp-content\/uploads\/2018\/01\/26169709_10214930019864732_1475128551798086742_n.jpg\" \/>\n\t<meta property=\"og:image:width\" content=\"960\" \/>\n\t<meta property=\"og:image:height\" content=\"527\" \/>\n\t<meta property=\"og:image:type\" content=\"image\/jpeg\" \/>\n<meta name=\"author\" content=\"admin\" \/>\n<meta name=\"twitter:card\" content=\"summary_large_image\" \/>\n<meta name=\"twitter:label1\" content=\"Escrito por\" \/>\n\t<meta name=\"twitter:data1\" content=\"admin\" \/>\n\t<meta name=\"twitter:label2\" content=\"Tiempo de lectura\" \/>\n\t<meta name=\"twitter:data2\" content=\"2 minutos\" \/>\n<script type=\"application\/ld+json\" class=\"yoast-schema-graph\">{\"@context\":\"https:\/\/schema.org\",\"@graph\":[{\"@type\":\"Article\",\"@id\":\"https:\/\/volcanes.net\/?p=607#article\",\"isPartOf\":{\"@id\":\"https:\/\/volcanes.net\/?p=607\"},\"author\":{\"name\":\"admin\",\"@id\":\"https:\/\/volcanes.net\/#\/schema\/person\/4bf0f383940966a4abd53f5048c0e6b9\"},\"headline\":\"Mayor\u00eda mujeres, las ungidas del PRI para la zona Volcanes\",\"datePublished\":\"2018-01-20T17:13:06+00:00\",\"dateModified\":\"2018-01-20T17:17:08+00:00\",\"mainEntityOfPage\":{\"@id\":\"https:\/\/volcanes.net\/?p=607\"},\"wordCount\":456,\"commentCount\":1,\"publisher\":{\"@id\":\"https:\/\/volcanes.net\/#organization\"},\"image\":{\"@id\":\"https:\/\/volcanes.net\/?p=607#primaryimage\"},\"thumbnailUrl\":\"https:\/\/volcanes.net\/wp-content\/uploads\/2018\/01\/26169709_10214930019864732_1475128551798086742_n.jpg\",\"keywords\":[\"Amecameca\",\"Atlautla\",\"Ayapango\",\"Chalco\",\"Ecatzingo\",\"Ozumba\",\"Tepetlixpa\",\"Tlalmanalco\",\"Volcanes\"],\"articleSection\":[\"Municipales\"],\"inLanguage\":\"es\",\"potentialAction\":[{\"@type\":\"CommentAction\",\"name\":\"Comment\",\"target\":[\"https:\/\/volcanes.net\/?p=607#respond\"]}]},{\"@type\":\"WebPage\",\"@id\":\"https:\/\/volcanes.net\/?p=607\",\"url\":\"https:\/\/volcanes.net\/?p=607\",\"name\":\"Mayor\u00eda mujeres, las ungidas del PRI para la zona Volcanes - Volcanes\",\"isPartOf\":{\"@id\":\"https:\/\/volcanes.net\/#website\"},\"primaryImageOfPage\":{\"@id\":\"https:\/\/volcanes.net\/?p=607#primaryimage\"},\"image\":{\"@id\":\"https:\/\/volcanes.net\/?p=607#primaryimage\"},\"thumbnailUrl\":\"https:\/\/volcanes.net\/wp-content\/uploads\/2018\/01\/26169709_10214930019864732_1475128551798086742_n.jpg\",\"datePublished\":\"2018-01-20T17:13:06+00:00\",\"dateModified\":\"2018-01-20T17:17:08+00:00\",\"breadcrumb\":{\"@id\":\"https:\/\/volcanes.net\/?p=607#breadcrumb\"},\"inLanguage\":\"es\",\"potentialAction\":[{\"@type\":\"ReadAction\",\"target\":[\"https:\/\/volcanes.net\/?p=607\"]}]},{\"@type\":\"ImageObject\",\"inLanguage\":\"es\",\"@id\":\"https:\/\/volcanes.net\/?p=607#primaryimage\",\"url\":\"https:\/\/volcanes.net\/wp-content\/uploads\/2018\/01\/26169709_10214930019864732_1475128551798086742_n.jpg\",\"contentUrl\":\"https:\/\/volcanes.net\/wp-content\/uploads\/2018\/01\/26169709_10214930019864732_1475128551798086742_n.jpg\",\"width\":960,\"height\":527},{\"@type\":\"BreadcrumbList\",\"@id\":\"https:\/\/volcanes.net\/?p=607#breadcrumb\",\"itemListElement\":[{\"@type\":\"ListItem\",\"position\":1,\"name\":\"Portada\",\"item\":\"https:\/\/volcanes.net\/\"},{\"@type\":\"ListItem\",\"position\":2,\"name\":\"Mayor\u00eda mujeres, las ungidas del PRI para la zona Volcanes\"}]},{\"@type\":\"WebSite\",\"@id\":\"https:\/\/volcanes.net\/#website\",\"url\":\"https:\/\/volcanes.net\/\",\"name\":\"Volcanes.Net\",\"description\":\"Periodismo Profesional\",\"publisher\":{\"@id\":\"https:\/\/volcanes.net\/#organization\"},\"potentialAction\":[{\"@type\":\"SearchAction\",\"target\":{\"@type\":\"EntryPoint\",\"urlTemplate\":\"https:\/\/volcanes.net\/?s={search_term_string}\"},\"query-input\":{\"@type\":\"PropertyValueSpecification\",\"valueRequired\":true,\"valueName\":\"search_term_string\"}}],\"inLanguage\":\"es\"},{\"@type\":\"Organization\",\"@id\":\"https:\/\/volcanes.net\/#organization\",\"name\":\"Grupo Volcanes\",\"url\":\"https:\/\/volcanes.net\/\",\"logo\":{\"@type\":\"ImageObject\",\"inLanguage\":\"es\",\"@id\":\"https:\/\/volcanes.net\/#\/schema\/logo\/image\/\",\"url\":\"http:\/\/volcanes.net\/wp-content\/uploads\/2017\/12\/Avatar2.jpg\",\"contentUrl\":\"http:\/\/volcanes.net\/wp-content\/uploads\/2017\/12\/Avatar2.jpg\",\"width\":378,\"height\":378,\"caption\":\"Grupo Volcanes\"},\"image\":{\"@id\":\"https:\/\/volcanes.net\/#\/schema\/logo\/image\/\"},\"sameAs\":[\"https:\/\/www.facebook.com\/volcanes.net\/\"]},{\"@type\":\"Person\",\"@id\":\"https:\/\/volcanes.net\/#\/schema\/person\/4bf0f383940966a4abd53f5048c0e6b9\",\"name\":\"admin\",\"image\":{\"@type\":\"ImageObject\",\"inLanguage\":\"es\",\"@id\":\"https:\/\/volcanes.net\/#\/schema\/person\/image\/\",\"url\":\"https:\/\/secure.gravatar.com\/avatar\/ca004e6cba8462b8cb7abc86e382930c?s=96&d=mm&r=g\",\"contentUrl\":\"https:\/\/secure.gravatar.com\/avatar\/ca004e6cba8462b8cb7abc86e382930c?s=96&d=mm&r=g\",\"caption\":\"admin\"}}]}<\/script>\n<!-- \/ Yoast SEO plugin. -->","yoast_head_json":{"title":"Mayor\u00eda mujeres, las ungidas del PRI para la zona Volcanes - Volcanes","robots":{"index":"index","follow":"follow","max-snippet":"max-snippet:-1","max-image-preview":"max-image-preview:large","max-video-preview":"max-video-preview:-1"},"canonical":"https:\/\/volcanes.net\/?p=607","og_locale":"es_MX","og_type":"article","og_title":"Mayor\u00eda mujeres, las ungidas del PRI para la zona Volcanes - Volcanes","og_description":"El Partido revolucionario Institucional (PRI) ha definido ya, aunque de manera extraoficial\u00a0 los candidatos y","og_url":"https:\/\/volcanes.net\/?p=607","og_site_name":"Volcanes","article_publisher":"https:\/\/www.facebook.com\/volcanes.net\/","article_published_time":"2018-01-20T17:13:06+00:00","article_modified_time":"2018-01-20T17:17:08+00:00","og_image":[{"width":960,"height":527,"url":"https:\/\/volcanes.net\/wp-content\/uploads\/2018\/01\/26169709_10214930019864732_1475128551798086742_n.jpg","type":"image\/jpeg"}],"author":"admin","twitter_card":"summary_large_image","twitter_misc":{"Escrito por":"admin","Tiempo de lectura":"2 minutos"},"schema":{"@context":"https:\/\/schema.org","@graph":[{"@type":"Article","@id":"https:\/\/volcanes.net\/?p=607#article","isPartOf":{"@id":"https:\/\/volcanes.net\/?p=607"},"author":{"name":"admin","@id":"https:\/\/volcanes.net\/#\/schema\/person\/4bf0f383940966a4abd53f5048c0e6b9"},"headline":"Mayor\u00eda mujeres, las ungidas del PRI para la zona Volcanes","datePublished":"2018-01-20T17:13:06+00:00","dateModified":"2018-01-20T17:17:08+00:00","mainEntityOfPage":{"@id":"https:\/\/volcanes.net\/?p=607"},"wordCount":456,"commentCount":1,"publisher":{"@id":"https:\/\/volcanes.net\/#organization"},"image":{"@id":"https:\/\/volcanes.net\/?p=607#primaryimage"},"thumbnailUrl":"https:\/\/volcanes.net\/wp-content\/uploads\/2018\/01\/26169709_10214930019864732_1475128551798086742_n.jpg","keywords":["Amecameca","Atlautla","Ayapango","Chalco","Ecatzingo","Ozumba","Tepetlixpa","Tlalmanalco","Volcanes"],"articleSection":["Municipales"],"inLanguage":"es","potentialAction":[{"@type":"CommentAction","name":"Comment","target":["https:\/\/volcanes.net\/?p=607#respond"]}]},{"@type":"WebPage","@id":"https:\/\/volcanes.net\/?p=607","url":"https:\/\/volcanes.net\/?p=607","name":"Mayor\u00eda mujeres, las ungidas del PRI para la zona Volcanes - Volcanes","isPartOf":{"@id":"https:\/\/volcanes.net\/#website"},"primaryImageOfPage":{"@id":"https:\/\/volcanes.net\/?p=607#primaryimage"},"image":{"@id":"https:\/\/volcanes.net\/?p=607#primaryimage"},"thumbnailUrl":"https:\/\/volcanes.net\/wp-content\/uploads\/2018\/01\/26169709_10214930019864732_1475128551798086742_n.jpg","datePublished":"2018-01-20T17:13:06+00:00","dateModified":"2018-01-20T17:17:08+00:00","breadcrumb":{"@id":"https:\/\/volcanes.net\/?p=607#breadcrumb"},"inLanguage":"es","potentialAction":[{"@type":"ReadAction","target":["https:\/\/volcanes.net\/?p=607"]}]},{"@type":"ImageObject","inLanguage":"es","@id":"https:\/\/volcanes.net\/?p=607#primaryimage","url":"https:\/\/volcanes.net\/wp-content\/uploads\/2018\/01\/26169709_10214930019864732_1475128551798086742_n.jpg","contentUrl":"https:\/\/volcanes.net\/wp-content\/uploads\/2018\/01\/26169709_10214930019864732_1475128551798086742_n.jpg","width":960,"height":527},{"@type":"BreadcrumbList","@id":"https:\/\/volcanes.net\/?p=607#breadcrumb","itemListElement":[{"@type":"ListItem","position":1,"name":"Portada","item":"https:\/\/volcanes.net\/"},{"@type":"ListItem","position":2,"name":"Mayor\u00eda mujeres, las ungidas del PRI para la zona Volcanes"}]},{"@type":"WebSite","@id":"https:\/\/volcanes.net\/#website","url":"https:\/\/volcanes.net\/","name":"Volcanes.Net","description":"Periodismo Profesional","publisher":{"@id":"https:\/\/volcanes.net\/#organization"},"potentialAction":[{"@type":"SearchAction","target":{"@type":"EntryPoint","urlTemplate":"https:\/\/volcanes.net\/?s={search_term_string}"},"query-input":{"@type":"PropertyValueSpecification","valueRequired":true,"valueName":"search_term_string"}}],"inLanguage":"es"},{"@type":"Organization","@id":"https:\/\/volcanes.net\/#organization","name":"Grupo Volcanes","url":"https:\/\/volcanes.net\/","logo":{"@type":"ImageObject","inLanguage":"es","@id":"https:\/\/volcanes.net\/#\/schema\/logo\/image\/","url":"http:\/\/volcanes.net\/wp-content\/uploads\/2017\/12\/Avatar2.jpg","contentUrl":"http:\/\/volcanes.net\/wp-content\/uploads\/2017\/12\/Avatar2.jpg","width":378,"height":378,"caption":"Grupo Volcanes"},"image":{"@id":"https:\/\/volcanes.net\/#\/schema\/logo\/image\/"},"sameAs":["https:\/\/www.facebook.com\/volcanes.net\/"]},{"@type":"Person","@id":"https:\/\/volcanes.net\/#\/schema\/person\/4bf0f383940966a4abd53f5048c0e6b9","name":"admin","image":{"@type":"ImageObject","inLanguage":"es","@id":"https:\/\/volcanes.net\/#\/schema\/person\/image\/","url":"https:\/\/secure.gravatar.com\/avatar\/ca004e6cba8462b8cb7abc86e382930c?s=96&d=mm&r=g","contentUrl":"https:\/\/secure.gravatar.com\/avatar\/ca004e6cba8462b8cb7abc86e382930c?s=96&d=mm&r=g","caption":"admin"}}]}},"_links":{"self":[{"href":"https:\/\/volcanes.net\/index.php?rest_route=\/wp\/v2\/posts\/607"}],"collection":[{"href":"https:\/\/volcanes.net\/index.php?rest_route=\/wp\/v2\/posts"}],"about":[{"href":"https:\/\/volcanes.net\/index.php?rest_route=\/wp\/v2\/types\/post"}],"author":[{"embeddable":true,"href":"https:\/\/volcanes.net\/index.php?rest_route=\/wp\/v2\/users\/1"}],"replies":[{"embeddable":true,"href":"https:\/\/volcanes.net\/index.php?rest_route=%2Fwp%2Fv2%2Fcomments&post=607"}],"version-history":[{"count":2,"href":"https:\/\/volcanes.net\/index.php?rest_route=\/wp\/v2\/posts\/607\/revisions"}],"predecessor-version":[{"id":610,"href":"https:\/\/volcanes.net\/index.php?rest_route=\/wp\/v2\/posts\/607\/revisions\/610"}],"wp:featuredmedia":[{"embeddable":true,"href":"https:\/\/volcanes.net\/index.php?rest_route=\/wp\/v2\/media\/608"}],"wp:attachment":[{"href":"https:\/\/volcanes.net\/index.php?rest_route=%2Fwp%2Fv2%2Fmedia&parent=607"}],"wp:term":[{"taxonomy":"category","embeddable":true,"href":"https:\/\/volcanes.net\/index.php?rest_route=%2Fwp%2Fv2%2Fcategories&post=607"},{"taxonomy":"post_tag","embeddable":true,"href":"https:\/\/volcanes.net\/index.php?rest_route=%2Fwp%2Fv2%2Ftags&post=607"}],"curies":[{"name":"wp","href":"https:\/\/api.w.org\/{rel}","templated":true}]}}