{"id":6090,"date":"2020-01-14T22:24:52","date_gmt":"2020-01-15T04:24:52","guid":{"rendered":"http:\/\/volcanes.net\/?p=6090"},"modified":"2020-01-14T22:24:52","modified_gmt":"2020-01-15T04:24:52","slug":"llegaron-desde-medio-oriente-los-reyes-magos-a-amecameca","status":"publish","type":"post","link":"https:\/\/volcanes.net\/?p=6090","title":{"rendered":"Llegaron desde medio oriente los Reyes Magos a Amecameca"},"content":{"rendered":"<div style=\"margin-top: 0px; margin-bottom: 0px;\" class=\"sharethis-inline-share-buttons\" ><\/div><p class=\"p1\">\u201cEl d\u00eda de hoy tienen un presidente que est\u00e1 ocupado trabajando hombro con hombro para la ni\u00f1ez; muy comprometido con los ni\u00f1os que son el futuro de M\u00e9xico\u201d, fueron las palabras de Miguel \u00c1ngel Salom\u00f3n Cort\u00e9s, presidente municipal de Amecameca, al celebrar el d\u00eda de Reyes con una gran fiesta para chicos y grandes en el centro de este municipio<\/p>\n<p class=\"p1\">Con juguetes, tacos, dulces espect\u00e1culo de los Reyes Magos y muchas sorpresas m\u00e1s, los ni\u00f1os de Amecameca y sus Delegaciones, fueron agasajados por parte del Ayuntamiento amecamequense encabezado por Salom\u00f3n Cort\u00e9s, quien afirm\u00f3 que su gobierno est\u00e1 comprometido con todos los ni\u00f1os que son el futuro de M\u00e9xico; a quienes envi\u00f3 un mensaje muy emotivo \u201cque la alegr\u00eda y la magia se quede en sus corazones porque con ello vamos a vivir el resto de nuestras vidas\u201d\u2026\u201cEste d\u00eda muy especial, se lo dedicamos a los reyes de la casa: a nuestros ni\u00f1os\u201d.<\/p>\n<p class=\"p1\">As\u00ed tambi\u00e9n se dirigi\u00f3 a todos los presentes tanto del municipio como visitantes \u201cAmecameca es su casa, al d\u00eda de hoy en d\u00eda Amecameca ha recuperado su identidad; estamos trabajando para elevar la calidad de vida para todos los amecamequenses, no pierdan la alegr\u00eda, sonr\u00edan porque la vida es maravillosa\u201d.<\/p>\n<p class=\"p1\">En tanto, la licenciada Patricia Tufi\u00f1o, presidenta del SMDIF, mencion\u00f3 estar satisfecha por el apoyo recibido por parte del Presidente Municipal, pues siempre est\u00e1 hombro con hombro en todas las actividades del DIF. \u201cEste es uno de los eventos m\u00e1s importantes para m\u00ed, porque representa la uni\u00f3n familiar, se integran los pap\u00e1s con sus hijos, por eso fue pensado tanto para los padres, ni\u00f1os y j\u00f3venes\u201d, concluy\u00f3<\/p>\n<p class=\"p1\">Cabe indicar que en este evento se anunci\u00f3 que se entregar\u00e1n juguetes de manera particular a cada una de las delegaciones amecamequenses.<\/p>\n","protected":false},"excerpt":{"rendered":"<p>\u201cEl d\u00eda de hoy tienen un presidente que est\u00e1 ocupado trabajando hombro con hombro para<\/p>\n","protected":false},"author":1,"featured_media":6091,"comment_status":"open","ping_status":"open","sticky":false,"template":"","format":"standard","meta":{"footnotes":""},"categories":[1],"tags":[7],"class_list":["post-6090","post","type-post","status-publish","format-standard","has-post-thumbnail","hentry","category-municipales","tag-amecameca","has-post-video"],"yoast_head":"<!-- This site is optimized with the Yoast SEO plugin v25.3 - https:\/\/yoast.com\/wordpress\/plugins\/seo\/ -->\n<title>Llegaron desde medio oriente los Reyes Magos a Amecameca - Volcanes<\/title>\n<meta name=\"robots\" content=\"index, follow, max-snippet:-1, max-image-preview:large, max-video-preview:-1\" \/>\n<link rel=\"canonical\" href=\"https:\/\/volcanes.net\/?p=6090\" \/>\n<meta property=\"og:locale\" content=\"es_MX\" \/>\n<meta property=\"og:type\" content=\"article\" \/>\n<meta property=\"og:title\" content=\"Llegaron desde medio oriente los Reyes Magos a Amecameca - Volcanes\" \/>\n<meta property=\"og:description\" content=\"\u201cEl d\u00eda de hoy tienen un presidente que est\u00e1 ocupado trabajando hombro con hombro para\" \/>\n<meta property=\"og:url\" content=\"https:\/\/volcanes.net\/?p=6090\" \/>\n<meta property=\"og:site_name\" content=\"Volcanes\" \/>\n<meta property=\"article:publisher\" content=\"https:\/\/www.facebook.com\/volcanes.net\/\" \/>\n<meta property=\"article:published_time\" content=\"2020-01-15T04:24:52+00:00\" \/>\n<meta property=\"og:image\" content=\"https:\/\/volcanes.net\/wp-content\/uploads\/2020\/01\/Llegaron-los-Reyes-Magos-desde-medio-oriente-a-Amecameca.jpeg\" \/>\n\t<meta property=\"og:image:width\" content=\"1280\" \/>\n\t<meta property=\"og:image:height\" content=\"720\" \/>\n\t<meta property=\"og:image:type\" content=\"image\/jpeg\" \/>\n<meta name=\"author\" content=\"admin\" \/>\n<meta name=\"twitter:card\" content=\"summary_large_image\" \/>\n<meta name=\"twitter:label1\" content=\"Escrito por\" \/>\n\t<meta name=\"twitter:data1\" content=\"admin\" \/>\n\t<meta name=\"twitter:label2\" content=\"Tiempo de lectura\" \/>\n\t<meta name=\"twitter:data2\" content=\"2 minutos\" \/>\n<script type=\"application\/ld+json\" class=\"yoast-schema-graph\">{\"@context\":\"https:\/\/schema.org\",\"@graph\":[{\"@type\":\"Article\",\"@id\":\"https:\/\/volcanes.net\/?p=6090#article\",\"isPartOf\":{\"@id\":\"https:\/\/volcanes.net\/?p=6090\"},\"author\":{\"name\":\"admin\",\"@id\":\"https:\/\/volcanes.net\/#\/schema\/person\/4bf0f383940966a4abd53f5048c0e6b9\"},\"headline\":\"Llegaron desde medio oriente los Reyes Magos a Amecameca\",\"datePublished\":\"2020-01-15T04:24:52+00:00\",\"mainEntityOfPage\":{\"@id\":\"https:\/\/volcanes.net\/?p=6090\"},\"wordCount\":330,\"commentCount\":0,\"publisher\":{\"@id\":\"https:\/\/volcanes.net\/#organization\"},\"image\":{\"@id\":\"https:\/\/volcanes.net\/?p=6090#primaryimage\"},\"thumbnailUrl\":\"https:\/\/volcanes.net\/wp-content\/uploads\/2020\/01\/Llegaron-los-Reyes-Magos-desde-medio-oriente-a-Amecameca.jpeg\",\"keywords\":[\"Amecameca\"],\"articleSection\":[\"Municipales\"],\"inLanguage\":\"es\",\"potentialAction\":[{\"@type\":\"CommentAction\",\"name\":\"Comment\",\"target\":[\"https:\/\/volcanes.net\/?p=6090#respond\"]}]},{\"@type\":\"WebPage\",\"@id\":\"https:\/\/volcanes.net\/?p=6090\",\"url\":\"https:\/\/volcanes.net\/?p=6090\",\"name\":\"Llegaron desde medio oriente los Reyes Magos a Amecameca - Volcanes\",\"isPartOf\":{\"@id\":\"https:\/\/volcanes.net\/#website\"},\"primaryImageOfPage\":{\"@id\":\"https:\/\/volcanes.net\/?p=6090#primaryimage\"},\"image\":{\"@id\":\"https:\/\/volcanes.net\/?p=6090#primaryimage\"},\"thumbnailUrl\":\"https:\/\/volcanes.net\/wp-content\/uploads\/2020\/01\/Llegaron-los-Reyes-Magos-desde-medio-oriente-a-Amecameca.jpeg\",\"datePublished\":\"2020-01-15T04:24:52+00:00\",\"breadcrumb\":{\"@id\":\"https:\/\/volcanes.net\/?p=6090#breadcrumb\"},\"inLanguage\":\"es\",\"potentialAction\":[{\"@type\":\"ReadAction\",\"target\":[\"https:\/\/volcanes.net\/?p=6090\"]}]},{\"@type\":\"ImageObject\",\"inLanguage\":\"es\",\"@id\":\"https:\/\/volcanes.net\/?p=6090#primaryimage\",\"url\":\"https:\/\/volcanes.net\/wp-content\/uploads\/2020\/01\/Llegaron-los-Reyes-Magos-desde-medio-oriente-a-Amecameca.jpeg\",\"contentUrl\":\"https:\/\/volcanes.net\/wp-content\/uploads\/2020\/01\/Llegaron-los-Reyes-Magos-desde-medio-oriente-a-Amecameca.jpeg\",\"width\":1280,\"height\":720},{\"@type\":\"BreadcrumbList\",\"@id\":\"https:\/\/volcanes.net\/?p=6090#breadcrumb\",\"itemListElement\":[{\"@type\":\"ListItem\",\"position\":1,\"name\":\"Portada\",\"item\":\"https:\/\/volcanes.net\/\"},{\"@type\":\"ListItem\",\"position\":2,\"name\":\"Llegaron desde medio oriente los Reyes Magos a Amecameca\"}]},{\"@type\":\"WebSite\",\"@id\":\"https:\/\/volcanes.net\/#website\",\"url\":\"https:\/\/volcanes.net\/\",\"name\":\"Volcanes.Net\",\"description\":\"Periodismo Profesional\",\"publisher\":{\"@id\":\"https:\/\/volcanes.net\/#organization\"},\"potentialAction\":[{\"@type\":\"SearchAction\",\"target\":{\"@type\":\"EntryPoint\",\"urlTemplate\":\"https:\/\/volcanes.net\/?s={search_term_string}\"},\"query-input\":{\"@type\":\"PropertyValueSpecification\",\"valueRequired\":true,\"valueName\":\"search_term_string\"}}],\"inLanguage\":\"es\"},{\"@type\":\"Organization\",\"@id\":\"https:\/\/volcanes.net\/#organization\",\"name\":\"Grupo Volcanes\",\"url\":\"https:\/\/volcanes.net\/\",\"logo\":{\"@type\":\"ImageObject\",\"inLanguage\":\"es\",\"@id\":\"https:\/\/volcanes.net\/#\/schema\/logo\/image\/\",\"url\":\"http:\/\/volcanes.net\/wp-content\/uploads\/2017\/12\/Avatar2.jpg\",\"contentUrl\":\"http:\/\/volcanes.net\/wp-content\/uploads\/2017\/12\/Avatar2.jpg\",\"width\":378,\"height\":378,\"caption\":\"Grupo Volcanes\"},\"image\":{\"@id\":\"https:\/\/volcanes.net\/#\/schema\/logo\/image\/\"},\"sameAs\":[\"https:\/\/www.facebook.com\/volcanes.net\/\"]},{\"@type\":\"Person\",\"@id\":\"https:\/\/volcanes.net\/#\/schema\/person\/4bf0f383940966a4abd53f5048c0e6b9\",\"name\":\"admin\",\"image\":{\"@type\":\"ImageObject\",\"inLanguage\":\"es\",\"@id\":\"https:\/\/volcanes.net\/#\/schema\/person\/image\/\",\"url\":\"https:\/\/secure.gravatar.com\/avatar\/ca004e6cba8462b8cb7abc86e382930c?s=96&d=mm&r=g\",\"contentUrl\":\"https:\/\/secure.gravatar.com\/avatar\/ca004e6cba8462b8cb7abc86e382930c?s=96&d=mm&r=g\",\"caption\":\"admin\"}}]}<\/script>\n<!-- \/ Yoast SEO plugin. -->","yoast_head_json":{"title":"Llegaron desde medio oriente los Reyes Magos a Amecameca - Volcanes","robots":{"index":"index","follow":"follow","max-snippet":"max-snippet:-1","max-image-preview":"max-image-preview:large","max-video-preview":"max-video-preview:-1"},"canonical":"https:\/\/volcanes.net\/?p=6090","og_locale":"es_MX","og_type":"article","og_title":"Llegaron desde medio oriente los Reyes Magos a Amecameca - Volcanes","og_description":"\u201cEl d\u00eda de hoy tienen un presidente que est\u00e1 ocupado trabajando hombro con hombro para","og_url":"https:\/\/volcanes.net\/?p=6090","og_site_name":"Volcanes","article_publisher":"https:\/\/www.facebook.com\/volcanes.net\/","article_published_time":"2020-01-15T04:24:52+00:00","og_image":[{"width":1280,"height":720,"url":"https:\/\/volcanes.net\/wp-content\/uploads\/2020\/01\/Llegaron-los-Reyes-Magos-desde-medio-oriente-a-Amecameca.jpeg","type":"image\/jpeg"}],"author":"admin","twitter_card":"summary_large_image","twitter_misc":{"Escrito por":"admin","Tiempo de lectura":"2 minutos"},"schema":{"@context":"https:\/\/schema.org","@graph":[{"@type":"Article","@id":"https:\/\/volcanes.net\/?p=6090#article","isPartOf":{"@id":"https:\/\/volcanes.net\/?p=6090"},"author":{"name":"admin","@id":"https:\/\/volcanes.net\/#\/schema\/person\/4bf0f383940966a4abd53f5048c0e6b9"},"headline":"Llegaron desde medio oriente los Reyes Magos a Amecameca","datePublished":"2020-01-15T04:24:52+00:00","mainEntityOfPage":{"@id":"https:\/\/volcanes.net\/?p=6090"},"wordCount":330,"commentCount":0,"publisher":{"@id":"https:\/\/volcanes.net\/#organization"},"image":{"@id":"https:\/\/volcanes.net\/?p=6090#primaryimage"},"thumbnailUrl":"https:\/\/volcanes.net\/wp-content\/uploads\/2020\/01\/Llegaron-los-Reyes-Magos-desde-medio-oriente-a-Amecameca.jpeg","keywords":["Amecameca"],"articleSection":["Municipales"],"inLanguage":"es","potentialAction":[{"@type":"CommentAction","name":"Comment","target":["https:\/\/volcanes.net\/?p=6090#respond"]}]},{"@type":"WebPage","@id":"https:\/\/volcanes.net\/?p=6090","url":"https:\/\/volcanes.net\/?p=6090","name":"Llegaron desde medio oriente los Reyes Magos a Amecameca - Volcanes","isPartOf":{"@id":"https:\/\/volcanes.net\/#website"},"primaryImageOfPage":{"@id":"https:\/\/volcanes.net\/?p=6090#primaryimage"},"image":{"@id":"https:\/\/volcanes.net\/?p=6090#primaryimage"},"thumbnailUrl":"https:\/\/volcanes.net\/wp-content\/uploads\/2020\/01\/Llegaron-los-Reyes-Magos-desde-medio-oriente-a-Amecameca.jpeg","datePublished":"2020-01-15T04:24:52+00:00","breadcrumb":{"@id":"https:\/\/volcanes.net\/?p=6090#breadcrumb"},"inLanguage":"es","potentialAction":[{"@type":"ReadAction","target":["https:\/\/volcanes.net\/?p=6090"]}]},{"@type":"ImageObject","inLanguage":"es","@id":"https:\/\/volcanes.net\/?p=6090#primaryimage","url":"https:\/\/volcanes.net\/wp-content\/uploads\/2020\/01\/Llegaron-los-Reyes-Magos-desde-medio-oriente-a-Amecameca.jpeg","contentUrl":"https:\/\/volcanes.net\/wp-content\/uploads\/2020\/01\/Llegaron-los-Reyes-Magos-desde-medio-oriente-a-Amecameca.jpeg","width":1280,"height":720},{"@type":"BreadcrumbList","@id":"https:\/\/volcanes.net\/?p=6090#breadcrumb","itemListElement":[{"@type":"ListItem","position":1,"name":"Portada","item":"https:\/\/volcanes.net\/"},{"@type":"ListItem","position":2,"name":"Llegaron desde medio oriente los Reyes Magos a Amecameca"}]},{"@type":"WebSite","@id":"https:\/\/volcanes.net\/#website","url":"https:\/\/volcanes.net\/","name":"Volcanes.Net","description":"Periodismo Profesional","publisher":{"@id":"https:\/\/volcanes.net\/#organization"},"potentialAction":[{"@type":"SearchAction","target":{"@type":"EntryPoint","urlTemplate":"https:\/\/volcanes.net\/?s={search_term_string}"},"query-input":{"@type":"PropertyValueSpecification","valueRequired":true,"valueName":"search_term_string"}}],"inLanguage":"es"},{"@type":"Organization","@id":"https:\/\/volcanes.net\/#organization","name":"Grupo Volcanes","url":"https:\/\/volcanes.net\/","logo":{"@type":"ImageObject","inLanguage":"es","@id":"https:\/\/volcanes.net\/#\/schema\/logo\/image\/","url":"http:\/\/volcanes.net\/wp-content\/uploads\/2017\/12\/Avatar2.jpg","contentUrl":"http:\/\/volcanes.net\/wp-content\/uploads\/2017\/12\/Avatar2.jpg","width":378,"height":378,"caption":"Grupo Volcanes"},"image":{"@id":"https:\/\/volcanes.net\/#\/schema\/logo\/image\/"},"sameAs":["https:\/\/www.facebook.com\/volcanes.net\/"]},{"@type":"Person","@id":"https:\/\/volcanes.net\/#\/schema\/person\/4bf0f383940966a4abd53f5048c0e6b9","name":"admin","image":{"@type":"ImageObject","inLanguage":"es","@id":"https:\/\/volcanes.net\/#\/schema\/person\/image\/","url":"https:\/\/secure.gravatar.com\/avatar\/ca004e6cba8462b8cb7abc86e382930c?s=96&d=mm&r=g","contentUrl":"https:\/\/secure.gravatar.com\/avatar\/ca004e6cba8462b8cb7abc86e382930c?s=96&d=mm&r=g","caption":"admin"}}]}},"_links":{"self":[{"href":"https:\/\/volcanes.net\/index.php?rest_route=\/wp\/v2\/posts\/6090"}],"collection":[{"href":"https:\/\/volcanes.net\/index.php?rest_route=\/wp\/v2\/posts"}],"about":[{"href":"https:\/\/volcanes.net\/index.php?rest_route=\/wp\/v2\/types\/post"}],"author":[{"embeddable":true,"href":"https:\/\/volcanes.net\/index.php?rest_route=\/wp\/v2\/users\/1"}],"replies":[{"embeddable":true,"href":"https:\/\/volcanes.net\/index.php?rest_route=%2Fwp%2Fv2%2Fcomments&post=6090"}],"version-history":[{"count":1,"href":"https:\/\/volcanes.net\/index.php?rest_route=\/wp\/v2\/posts\/6090\/revisions"}],"predecessor-version":[{"id":6092,"href":"https:\/\/volcanes.net\/index.php?rest_route=\/wp\/v2\/posts\/6090\/revisions\/6092"}],"wp:featuredmedia":[{"embeddable":true,"href":"https:\/\/volcanes.net\/index.php?rest_route=\/wp\/v2\/media\/6091"}],"wp:attachment":[{"href":"https:\/\/volcanes.net\/index.php?rest_route=%2Fwp%2Fv2%2Fmedia&parent=6090"}],"wp:term":[{"taxonomy":"category","embeddable":true,"href":"https:\/\/volcanes.net\/index.php?rest_route=%2Fwp%2Fv2%2Fcategories&post=6090"},{"taxonomy":"post_tag","embeddable":true,"href":"https:\/\/volcanes.net\/index.php?rest_route=%2Fwp%2Fv2%2Ftags&post=6090"}],"curies":[{"name":"wp","href":"https:\/\/api.w.org\/{rel}","templated":true}]}}