{"id":6138,"date":"2020-01-17T10:16:02","date_gmt":"2020-01-17T16:16:02","guid":{"rendered":"http:\/\/volcanes.net\/?p=6138"},"modified":"2020-01-17T10:16:02","modified_gmt":"2020-01-17T16:16:02","slug":"choca-camioneta-de-servicio-publico-contra-una-hummer-en-amecameca","status":"publish","type":"post","link":"https:\/\/volcanes.net\/?p=6138","title":{"rendered":"Choca Camioneta de servicio p\u00fablico contra una Hummer en Amecameca"},"content":{"rendered":"<div style=\"margin-top: 0px; margin-bottom: 0px;\" class=\"sharethis-inline-share-buttons\" ><\/div><p>Amecameca, Estado de M\u00e9xico.- La noche de este jueves se registr\u00f3 un fuerte choque en pleno centro de este municipio ocasionado por una unidad del transporte p\u00fablico dejando como saldo\u00a0 a una personas lesionada.<\/p>\n<p>Los hechos tuvieron lugar sobre el Boulevard Popocat\u00e9petl cuando una unidad de la ruta 61 circulaba con direcci\u00f3n Chalco que sin ninguna precauci\u00f3n se impact\u00f3 en la parte trasera de una camioneta tipo Hummer que sal\u00eda de reversa de un domicilio.<\/p>\n<p>El conductor tras recibir el fuerte impacto, perdi\u00f3 el control de la unidad saliendo disparado y golpeando otro veh\u00edculo para terminar impactado contra un poste de luz.<\/p>\n<p>Al lugar arribaron elementos de Protecci\u00f3n Civil quienes atendieron a las personas que viajaban a bordo de la unidad del servicio p\u00fablico, trasladando solamente a una persona que presentaba lesiones no de gravedad, siendo ingresado al hospital Valent\u00edn G\u00f3mez Far\u00edas ubicado en la comunidad de San Francisco Zentlalpan.<\/p>\n<p>El lugar fue resguardado por elementos de seguridad hasta el arribo de la autoridad competente para ordenar el retiro de las unidades.<\/p>\n","protected":false},"excerpt":{"rendered":"<p>Amecameca, Estado de M\u00e9xico.- La noche de este jueves se registr\u00f3 un fuerte choque en<\/p>\n","protected":false},"author":1,"featured_media":6139,"comment_status":"open","ping_status":"open","sticky":false,"template":"","format":"standard","meta":{"footnotes":""},"categories":[1],"tags":[271,7,270,265],"class_list":["post-6138","post","type-post","status-publish","format-standard","has-post-thumbnail","hentry","category-municipales","tag-accidente","tag-amecameca","tag-choque","tag-grupovolcanes"],"yoast_head":"<!-- This site is optimized with the Yoast SEO plugin v25.3 - https:\/\/yoast.com\/wordpress\/plugins\/seo\/ -->\n<title>Choca Camioneta de servicio p\u00fablico contra una Hummer en Amecameca - Volcanes<\/title>\n<meta name=\"robots\" content=\"index, follow, max-snippet:-1, max-image-preview:large, max-video-preview:-1\" \/>\n<link rel=\"canonical\" href=\"https:\/\/volcanes.net\/?p=6138\" \/>\n<meta property=\"og:locale\" content=\"es_MX\" \/>\n<meta property=\"og:type\" content=\"article\" \/>\n<meta property=\"og:title\" content=\"Choca Camioneta de servicio p\u00fablico contra una Hummer en Amecameca - Volcanes\" \/>\n<meta property=\"og:description\" content=\"Amecameca, Estado de M\u00e9xico.- La noche de este jueves se registr\u00f3 un fuerte choque en\" \/>\n<meta property=\"og:url\" content=\"https:\/\/volcanes.net\/?p=6138\" \/>\n<meta property=\"og:site_name\" content=\"Volcanes\" \/>\n<meta property=\"article:publisher\" content=\"https:\/\/www.facebook.com\/volcanes.net\/\" \/>\n<meta property=\"article:published_time\" content=\"2020-01-17T16:16:02+00:00\" \/>\n<meta property=\"og:image\" content=\"https:\/\/volcanes.net\/wp-content\/uploads\/2020\/01\/WhatsApp-Image-2020-01-17-at-10.06.09-AM.jpeg\" \/>\n\t<meta property=\"og:image:width\" content=\"1032\" \/>\n\t<meta property=\"og:image:height\" content=\"774\" \/>\n\t<meta property=\"og:image:type\" content=\"image\/jpeg\" \/>\n<meta name=\"author\" content=\"admin\" \/>\n<meta name=\"twitter:card\" content=\"summary_large_image\" \/>\n<meta name=\"twitter:label1\" content=\"Escrito por\" \/>\n\t<meta name=\"twitter:data1\" content=\"admin\" \/>\n\t<meta name=\"twitter:label2\" content=\"Tiempo de lectura\" \/>\n\t<meta name=\"twitter:data2\" content=\"1 minuto\" \/>\n<script type=\"application\/ld+json\" class=\"yoast-schema-graph\">{\"@context\":\"https:\/\/schema.org\",\"@graph\":[{\"@type\":\"Article\",\"@id\":\"https:\/\/volcanes.net\/?p=6138#article\",\"isPartOf\":{\"@id\":\"https:\/\/volcanes.net\/?p=6138\"},\"author\":{\"name\":\"admin\",\"@id\":\"https:\/\/volcanes.net\/#\/schema\/person\/4bf0f383940966a4abd53f5048c0e6b9\"},\"headline\":\"Choca Camioneta de servicio p\u00fablico contra una Hummer en Amecameca\",\"datePublished\":\"2020-01-17T16:16:02+00:00\",\"mainEntityOfPage\":{\"@id\":\"https:\/\/volcanes.net\/?p=6138\"},\"wordCount\":195,\"commentCount\":0,\"publisher\":{\"@id\":\"https:\/\/volcanes.net\/#organization\"},\"image\":{\"@id\":\"https:\/\/volcanes.net\/?p=6138#primaryimage\"},\"thumbnailUrl\":\"https:\/\/volcanes.net\/wp-content\/uploads\/2020\/01\/WhatsApp-Image-2020-01-17-at-10.06.09-AM.jpeg\",\"keywords\":[\"Accidente\",\"Amecameca\",\"Choque\",\"GrupoVolcanes\"],\"articleSection\":[\"Municipales\"],\"inLanguage\":\"es\",\"potentialAction\":[{\"@type\":\"CommentAction\",\"name\":\"Comment\",\"target\":[\"https:\/\/volcanes.net\/?p=6138#respond\"]}]},{\"@type\":\"WebPage\",\"@id\":\"https:\/\/volcanes.net\/?p=6138\",\"url\":\"https:\/\/volcanes.net\/?p=6138\",\"name\":\"Choca Camioneta de servicio p\u00fablico contra una Hummer en Amecameca - Volcanes\",\"isPartOf\":{\"@id\":\"https:\/\/volcanes.net\/#website\"},\"primaryImageOfPage\":{\"@id\":\"https:\/\/volcanes.net\/?p=6138#primaryimage\"},\"image\":{\"@id\":\"https:\/\/volcanes.net\/?p=6138#primaryimage\"},\"thumbnailUrl\":\"https:\/\/volcanes.net\/wp-content\/uploads\/2020\/01\/WhatsApp-Image-2020-01-17-at-10.06.09-AM.jpeg\",\"datePublished\":\"2020-01-17T16:16:02+00:00\",\"breadcrumb\":{\"@id\":\"https:\/\/volcanes.net\/?p=6138#breadcrumb\"},\"inLanguage\":\"es\",\"potentialAction\":[{\"@type\":\"ReadAction\",\"target\":[\"https:\/\/volcanes.net\/?p=6138\"]}]},{\"@type\":\"ImageObject\",\"inLanguage\":\"es\",\"@id\":\"https:\/\/volcanes.net\/?p=6138#primaryimage\",\"url\":\"https:\/\/volcanes.net\/wp-content\/uploads\/2020\/01\/WhatsApp-Image-2020-01-17-at-10.06.09-AM.jpeg\",\"contentUrl\":\"https:\/\/volcanes.net\/wp-content\/uploads\/2020\/01\/WhatsApp-Image-2020-01-17-at-10.06.09-AM.jpeg\",\"width\":1032,\"height\":774},{\"@type\":\"BreadcrumbList\",\"@id\":\"https:\/\/volcanes.net\/?p=6138#breadcrumb\",\"itemListElement\":[{\"@type\":\"ListItem\",\"position\":1,\"name\":\"Portada\",\"item\":\"https:\/\/volcanes.net\/\"},{\"@type\":\"ListItem\",\"position\":2,\"name\":\"Choca Camioneta de servicio p\u00fablico contra una Hummer en Amecameca\"}]},{\"@type\":\"WebSite\",\"@id\":\"https:\/\/volcanes.net\/#website\",\"url\":\"https:\/\/volcanes.net\/\",\"name\":\"Volcanes.Net\",\"description\":\"Periodismo Profesional\",\"publisher\":{\"@id\":\"https:\/\/volcanes.net\/#organization\"},\"potentialAction\":[{\"@type\":\"SearchAction\",\"target\":{\"@type\":\"EntryPoint\",\"urlTemplate\":\"https:\/\/volcanes.net\/?s={search_term_string}\"},\"query-input\":{\"@type\":\"PropertyValueSpecification\",\"valueRequired\":true,\"valueName\":\"search_term_string\"}}],\"inLanguage\":\"es\"},{\"@type\":\"Organization\",\"@id\":\"https:\/\/volcanes.net\/#organization\",\"name\":\"Grupo Volcanes\",\"url\":\"https:\/\/volcanes.net\/\",\"logo\":{\"@type\":\"ImageObject\",\"inLanguage\":\"es\",\"@id\":\"https:\/\/volcanes.net\/#\/schema\/logo\/image\/\",\"url\":\"http:\/\/volcanes.net\/wp-content\/uploads\/2017\/12\/Avatar2.jpg\",\"contentUrl\":\"http:\/\/volcanes.net\/wp-content\/uploads\/2017\/12\/Avatar2.jpg\",\"width\":378,\"height\":378,\"caption\":\"Grupo Volcanes\"},\"image\":{\"@id\":\"https:\/\/volcanes.net\/#\/schema\/logo\/image\/\"},\"sameAs\":[\"https:\/\/www.facebook.com\/volcanes.net\/\"]},{\"@type\":\"Person\",\"@id\":\"https:\/\/volcanes.net\/#\/schema\/person\/4bf0f383940966a4abd53f5048c0e6b9\",\"name\":\"admin\",\"image\":{\"@type\":\"ImageObject\",\"inLanguage\":\"es\",\"@id\":\"https:\/\/volcanes.net\/#\/schema\/person\/image\/\",\"url\":\"https:\/\/secure.gravatar.com\/avatar\/ca004e6cba8462b8cb7abc86e382930c?s=96&d=mm&r=g\",\"contentUrl\":\"https:\/\/secure.gravatar.com\/avatar\/ca004e6cba8462b8cb7abc86e382930c?s=96&d=mm&r=g\",\"caption\":\"admin\"}}]}<\/script>\n<!-- \/ Yoast SEO plugin. -->","yoast_head_json":{"title":"Choca Camioneta de servicio p\u00fablico contra una Hummer en Amecameca - Volcanes","robots":{"index":"index","follow":"follow","max-snippet":"max-snippet:-1","max-image-preview":"max-image-preview:large","max-video-preview":"max-video-preview:-1"},"canonical":"https:\/\/volcanes.net\/?p=6138","og_locale":"es_MX","og_type":"article","og_title":"Choca Camioneta de servicio p\u00fablico contra una Hummer en Amecameca - Volcanes","og_description":"Amecameca, Estado de M\u00e9xico.- La noche de este jueves se registr\u00f3 un fuerte choque en","og_url":"https:\/\/volcanes.net\/?p=6138","og_site_name":"Volcanes","article_publisher":"https:\/\/www.facebook.com\/volcanes.net\/","article_published_time":"2020-01-17T16:16:02+00:00","og_image":[{"width":1032,"height":774,"url":"https:\/\/volcanes.net\/wp-content\/uploads\/2020\/01\/WhatsApp-Image-2020-01-17-at-10.06.09-AM.jpeg","type":"image\/jpeg"}],"author":"admin","twitter_card":"summary_large_image","twitter_misc":{"Escrito por":"admin","Tiempo de lectura":"1 minuto"},"schema":{"@context":"https:\/\/schema.org","@graph":[{"@type":"Article","@id":"https:\/\/volcanes.net\/?p=6138#article","isPartOf":{"@id":"https:\/\/volcanes.net\/?p=6138"},"author":{"name":"admin","@id":"https:\/\/volcanes.net\/#\/schema\/person\/4bf0f383940966a4abd53f5048c0e6b9"},"headline":"Choca Camioneta de servicio p\u00fablico contra una Hummer en Amecameca","datePublished":"2020-01-17T16:16:02+00:00","mainEntityOfPage":{"@id":"https:\/\/volcanes.net\/?p=6138"},"wordCount":195,"commentCount":0,"publisher":{"@id":"https:\/\/volcanes.net\/#organization"},"image":{"@id":"https:\/\/volcanes.net\/?p=6138#primaryimage"},"thumbnailUrl":"https:\/\/volcanes.net\/wp-content\/uploads\/2020\/01\/WhatsApp-Image-2020-01-17-at-10.06.09-AM.jpeg","keywords":["Accidente","Amecameca","Choque","GrupoVolcanes"],"articleSection":["Municipales"],"inLanguage":"es","potentialAction":[{"@type":"CommentAction","name":"Comment","target":["https:\/\/volcanes.net\/?p=6138#respond"]}]},{"@type":"WebPage","@id":"https:\/\/volcanes.net\/?p=6138","url":"https:\/\/volcanes.net\/?p=6138","name":"Choca Camioneta de servicio p\u00fablico contra una Hummer en Amecameca - Volcanes","isPartOf":{"@id":"https:\/\/volcanes.net\/#website"},"primaryImageOfPage":{"@id":"https:\/\/volcanes.net\/?p=6138#primaryimage"},"image":{"@id":"https:\/\/volcanes.net\/?p=6138#primaryimage"},"thumbnailUrl":"https:\/\/volcanes.net\/wp-content\/uploads\/2020\/01\/WhatsApp-Image-2020-01-17-at-10.06.09-AM.jpeg","datePublished":"2020-01-17T16:16:02+00:00","breadcrumb":{"@id":"https:\/\/volcanes.net\/?p=6138#breadcrumb"},"inLanguage":"es","potentialAction":[{"@type":"ReadAction","target":["https:\/\/volcanes.net\/?p=6138"]}]},{"@type":"ImageObject","inLanguage":"es","@id":"https:\/\/volcanes.net\/?p=6138#primaryimage","url":"https:\/\/volcanes.net\/wp-content\/uploads\/2020\/01\/WhatsApp-Image-2020-01-17-at-10.06.09-AM.jpeg","contentUrl":"https:\/\/volcanes.net\/wp-content\/uploads\/2020\/01\/WhatsApp-Image-2020-01-17-at-10.06.09-AM.jpeg","width":1032,"height":774},{"@type":"BreadcrumbList","@id":"https:\/\/volcanes.net\/?p=6138#breadcrumb","itemListElement":[{"@type":"ListItem","position":1,"name":"Portada","item":"https:\/\/volcanes.net\/"},{"@type":"ListItem","position":2,"name":"Choca Camioneta de servicio p\u00fablico contra una Hummer en Amecameca"}]},{"@type":"WebSite","@id":"https:\/\/volcanes.net\/#website","url":"https:\/\/volcanes.net\/","name":"Volcanes.Net","description":"Periodismo Profesional","publisher":{"@id":"https:\/\/volcanes.net\/#organization"},"potentialAction":[{"@type":"SearchAction","target":{"@type":"EntryPoint","urlTemplate":"https:\/\/volcanes.net\/?s={search_term_string}"},"query-input":{"@type":"PropertyValueSpecification","valueRequired":true,"valueName":"search_term_string"}}],"inLanguage":"es"},{"@type":"Organization","@id":"https:\/\/volcanes.net\/#organization","name":"Grupo Volcanes","url":"https:\/\/volcanes.net\/","logo":{"@type":"ImageObject","inLanguage":"es","@id":"https:\/\/volcanes.net\/#\/schema\/logo\/image\/","url":"http:\/\/volcanes.net\/wp-content\/uploads\/2017\/12\/Avatar2.jpg","contentUrl":"http:\/\/volcanes.net\/wp-content\/uploads\/2017\/12\/Avatar2.jpg","width":378,"height":378,"caption":"Grupo Volcanes"},"image":{"@id":"https:\/\/volcanes.net\/#\/schema\/logo\/image\/"},"sameAs":["https:\/\/www.facebook.com\/volcanes.net\/"]},{"@type":"Person","@id":"https:\/\/volcanes.net\/#\/schema\/person\/4bf0f383940966a4abd53f5048c0e6b9","name":"admin","image":{"@type":"ImageObject","inLanguage":"es","@id":"https:\/\/volcanes.net\/#\/schema\/person\/image\/","url":"https:\/\/secure.gravatar.com\/avatar\/ca004e6cba8462b8cb7abc86e382930c?s=96&d=mm&r=g","contentUrl":"https:\/\/secure.gravatar.com\/avatar\/ca004e6cba8462b8cb7abc86e382930c?s=96&d=mm&r=g","caption":"admin"}}]}},"_links":{"self":[{"href":"https:\/\/volcanes.net\/index.php?rest_route=\/wp\/v2\/posts\/6138"}],"collection":[{"href":"https:\/\/volcanes.net\/index.php?rest_route=\/wp\/v2\/posts"}],"about":[{"href":"https:\/\/volcanes.net\/index.php?rest_route=\/wp\/v2\/types\/post"}],"author":[{"embeddable":true,"href":"https:\/\/volcanes.net\/index.php?rest_route=\/wp\/v2\/users\/1"}],"replies":[{"embeddable":true,"href":"https:\/\/volcanes.net\/index.php?rest_route=%2Fwp%2Fv2%2Fcomments&post=6138"}],"version-history":[{"count":1,"href":"https:\/\/volcanes.net\/index.php?rest_route=\/wp\/v2\/posts\/6138\/revisions"}],"predecessor-version":[{"id":6140,"href":"https:\/\/volcanes.net\/index.php?rest_route=\/wp\/v2\/posts\/6138\/revisions\/6140"}],"wp:featuredmedia":[{"embeddable":true,"href":"https:\/\/volcanes.net\/index.php?rest_route=\/wp\/v2\/media\/6139"}],"wp:attachment":[{"href":"https:\/\/volcanes.net\/index.php?rest_route=%2Fwp%2Fv2%2Fmedia&parent=6138"}],"wp:term":[{"taxonomy":"category","embeddable":true,"href":"https:\/\/volcanes.net\/index.php?rest_route=%2Fwp%2Fv2%2Fcategories&post=6138"},{"taxonomy":"post_tag","embeddable":true,"href":"https:\/\/volcanes.net\/index.php?rest_route=%2Fwp%2Fv2%2Ftags&post=6138"}],"curies":[{"name":"wp","href":"https:\/\/api.w.org\/{rel}","templated":true}]}}