{"id":6166,"date":"2020-01-20T13:02:32","date_gmt":"2020-01-20T19:02:32","guid":{"rendered":"http:\/\/volcanes.net\/?p=6166"},"modified":"2020-01-20T13:02:32","modified_gmt":"2020-01-20T19:02:32","slug":"video-alcalde-de-ozumba-fue-nombrado-presidente-del-consejo-intermunicipal-de-seguridad-publica","status":"publish","type":"post","link":"https:\/\/volcanes.net\/?p=6166","title":{"rendered":"VIDEO: Alcalde de Ozumba fue nombrado presidente del consejo intermunicipal de seguridad p\u00fablica"},"content":{"rendered":"<div style=\"margin-top: 0px; margin-bottom: 0px;\" class=\"sharethis-inline-share-buttons\" ><\/div><p>Ozumba, Estado de M\u00e9xico.- En entrevista con el presidente municipal de Ozumba, Valent\u00edn Mart\u00ednez Castillo dio a conocer que este nombramiento le permitir\u00e1 un mayor acercamiento con el gobernador en materia de Seguridad p\u00fablica y con las dem\u00e1s dependencias, para reforzar las estrategias que se deber\u00e1n implementar en materia de seguridad en la regi\u00f3n. Dijo que es una responsabilidad importante, pues agreg\u00f3 que se trabajar\u00e1 con de la mano con las dependencias para crear las estrategias necesarias y suficientes. Dijo que es necesario focalizar los puntos rojos, as\u00ed como la participaci\u00f3n ciudadana, por lo que adelant\u00f3 que se fomentar\u00e1n los grupos de whatsapp para que la ciudadan\u00eda pueda hacer una denuncia sobre cualquier situaci\u00f3n que se presente. cabe se\u00f1alar que esta estrategia ya se implementa en el municipio de Ozumba, los ciudadanos no solo hacen su denuncia, tambi\u00e9n se da transparencia en el resultado final de las acciones que ha realizado la policia municipal. Durante la cuarta sesi\u00f3n ordinaria fue nombrado presidente de Consejo Intermunicipal de Seguridad P\u00fablica, Valent\u00edn Mart\u00ednez Castillo, alcalde de Ozumba. Tambi\u00e9n se dio a conocer que el alcalde de Tenango del Aire, Roberto \u00c1vila Ventura ser\u00e1 el nuevo vicepresidente de este consejo. Durante este Consejo Intermunicipal de Seguridad p\u00fablica votaton los 13 presidentes municipales que integran la regi\u00f3n. Deja esta presidencia el alcalde de Amecameca, Miguel \u00c1ngel Salom\u00f3n Cort\u00e9s y en la vicepresidencia la alcaldesa de Ecatzingo, Rocio Sol\u00eds Robles. Al final de este consejo se dio seguimiento a los acuerdos que de la 4 sesi\u00f3n de este consejo, asuntos inherentes a la seguridad en los municipios de esta regi\u00f3n.<\/p>\n","protected":false},"excerpt":{"rendered":"<p>Ozumba, Estado de M\u00e9xico.- En entrevista con el presidente municipal de Ozumba, Valent\u00edn Mart\u00ednez Castillo<\/p>\n","protected":false},"author":1,"featured_media":6167,"comment_status":"open","ping_status":"open","sticky":false,"template":"","format":"video","meta":{"footnotes":""},"categories":[1],"tags":[265,14,61],"class_list":["post-6166","post","type-post","status-publish","format-video","has-post-thumbnail","hentry","category-municipales","tag-grupovolcanes","tag-ozumba","tag-seguridad","post_format-post-format-video","has-post-video"],"yoast_head":"<!-- This site is optimized with the Yoast SEO plugin v25.3 - https:\/\/yoast.com\/wordpress\/plugins\/seo\/ -->\n<title>VIDEO: Alcalde de Ozumba fue nombrado presidente del consejo intermunicipal de seguridad p\u00fablica - Volcanes<\/title>\n<meta name=\"robots\" content=\"index, follow, max-snippet:-1, max-image-preview:large, max-video-preview:-1\" \/>\n<link rel=\"canonical\" href=\"https:\/\/volcanes.net\/?p=6166\" \/>\n<meta property=\"og:locale\" content=\"es_MX\" \/>\n<meta property=\"og:type\" content=\"article\" \/>\n<meta property=\"og:title\" content=\"VIDEO: Alcalde de Ozumba fue nombrado presidente del consejo intermunicipal de seguridad p\u00fablica - Volcanes\" \/>\n<meta property=\"og:description\" content=\"Ozumba, Estado de M\u00e9xico.- En entrevista con el presidente municipal de Ozumba, Valent\u00edn Mart\u00ednez Castillo\" \/>\n<meta property=\"og:url\" content=\"https:\/\/volcanes.net\/?p=6166\" \/>\n<meta property=\"og:site_name\" content=\"Volcanes\" \/>\n<meta property=\"article:publisher\" content=\"https:\/\/www.facebook.com\/volcanes.net\/\" \/>\n<meta property=\"article:published_time\" content=\"2020-01-20T19:02:32+00:00\" \/>\n<meta property=\"og:image\" content=\"https:\/\/volcanes.net\/wp-content\/uploads\/2020\/01\/VIDEO-Nombran-nuevo-presidente-de-Consejo-Intermunicipal-de-Seguridad-P\u00fablica-al-alcalde-de-Ozumba.jpeg\" \/>\n\t<meta property=\"og:image:width\" content=\"1280\" \/>\n\t<meta property=\"og:image:height\" content=\"720\" \/>\n\t<meta property=\"og:image:type\" content=\"image\/jpeg\" \/>\n<meta name=\"author\" content=\"admin\" \/>\n<meta name=\"twitter:card\" content=\"summary_large_image\" \/>\n<meta name=\"twitter:label1\" content=\"Escrito por\" \/>\n\t<meta name=\"twitter:data1\" content=\"admin\" \/>\n\t<meta name=\"twitter:label2\" content=\"Tiempo de lectura\" \/>\n\t<meta name=\"twitter:data2\" content=\"1 minuto\" \/>\n<script type=\"application\/ld+json\" class=\"yoast-schema-graph\">{\"@context\":\"https:\/\/schema.org\",\"@graph\":[{\"@type\":\"Article\",\"@id\":\"https:\/\/volcanes.net\/?p=6166#article\",\"isPartOf\":{\"@id\":\"https:\/\/volcanes.net\/?p=6166\"},\"author\":{\"name\":\"admin\",\"@id\":\"https:\/\/volcanes.net\/#\/schema\/person\/4bf0f383940966a4abd53f5048c0e6b9\"},\"headline\":\"VIDEO: Alcalde de Ozumba fue nombrado presidente del consejo intermunicipal de seguridad p\u00fablica\",\"datePublished\":\"2020-01-20T19:02:32+00:00\",\"mainEntityOfPage\":{\"@id\":\"https:\/\/volcanes.net\/?p=6166\"},\"wordCount\":302,\"commentCount\":0,\"publisher\":{\"@id\":\"https:\/\/volcanes.net\/#organization\"},\"image\":{\"@id\":\"https:\/\/volcanes.net\/?p=6166#primaryimage\"},\"thumbnailUrl\":\"https:\/\/volcanes.net\/wp-content\/uploads\/2020\/01\/VIDEO-Nombran-nuevo-presidente-de-Consejo-Intermunicipal-de-Seguridad-P\u00fablica-al-alcalde-de-Ozumba.jpeg\",\"keywords\":[\"GrupoVolcanes\",\"Ozumba\",\"Seguridad\"],\"articleSection\":[\"Municipales\"],\"inLanguage\":\"es\",\"potentialAction\":[{\"@type\":\"CommentAction\",\"name\":\"Comment\",\"target\":[\"https:\/\/volcanes.net\/?p=6166#respond\"]}]},{\"@type\":\"WebPage\",\"@id\":\"https:\/\/volcanes.net\/?p=6166\",\"url\":\"https:\/\/volcanes.net\/?p=6166\",\"name\":\"VIDEO: Alcalde de Ozumba fue nombrado presidente del consejo intermunicipal de seguridad p\u00fablica - Volcanes\",\"isPartOf\":{\"@id\":\"https:\/\/volcanes.net\/#website\"},\"primaryImageOfPage\":{\"@id\":\"https:\/\/volcanes.net\/?p=6166#primaryimage\"},\"image\":{\"@id\":\"https:\/\/volcanes.net\/?p=6166#primaryimage\"},\"thumbnailUrl\":\"https:\/\/volcanes.net\/wp-content\/uploads\/2020\/01\/VIDEO-Nombran-nuevo-presidente-de-Consejo-Intermunicipal-de-Seguridad-P\u00fablica-al-alcalde-de-Ozumba.jpeg\",\"datePublished\":\"2020-01-20T19:02:32+00:00\",\"breadcrumb\":{\"@id\":\"https:\/\/volcanes.net\/?p=6166#breadcrumb\"},\"inLanguage\":\"es\",\"potentialAction\":[{\"@type\":\"ReadAction\",\"target\":[\"https:\/\/volcanes.net\/?p=6166\"]}]},{\"@type\":\"ImageObject\",\"inLanguage\":\"es\",\"@id\":\"https:\/\/volcanes.net\/?p=6166#primaryimage\",\"url\":\"https:\/\/volcanes.net\/wp-content\/uploads\/2020\/01\/VIDEO-Nombran-nuevo-presidente-de-Consejo-Intermunicipal-de-Seguridad-P\u00fablica-al-alcalde-de-Ozumba.jpeg\",\"contentUrl\":\"https:\/\/volcanes.net\/wp-content\/uploads\/2020\/01\/VIDEO-Nombran-nuevo-presidente-de-Consejo-Intermunicipal-de-Seguridad-P\u00fablica-al-alcalde-de-Ozumba.jpeg\",\"width\":1280,\"height\":720},{\"@type\":\"BreadcrumbList\",\"@id\":\"https:\/\/volcanes.net\/?p=6166#breadcrumb\",\"itemListElement\":[{\"@type\":\"ListItem\",\"position\":1,\"name\":\"Portada\",\"item\":\"https:\/\/volcanes.net\/\"},{\"@type\":\"ListItem\",\"position\":2,\"name\":\"VIDEO: Alcalde de Ozumba fue nombrado presidente del consejo intermunicipal de seguridad p\u00fablica\"}]},{\"@type\":\"WebSite\",\"@id\":\"https:\/\/volcanes.net\/#website\",\"url\":\"https:\/\/volcanes.net\/\",\"name\":\"Volcanes.Net\",\"description\":\"Periodismo Profesional\",\"publisher\":{\"@id\":\"https:\/\/volcanes.net\/#organization\"},\"potentialAction\":[{\"@type\":\"SearchAction\",\"target\":{\"@type\":\"EntryPoint\",\"urlTemplate\":\"https:\/\/volcanes.net\/?s={search_term_string}\"},\"query-input\":{\"@type\":\"PropertyValueSpecification\",\"valueRequired\":true,\"valueName\":\"search_term_string\"}}],\"inLanguage\":\"es\"},{\"@type\":\"Organization\",\"@id\":\"https:\/\/volcanes.net\/#organization\",\"name\":\"Grupo Volcanes\",\"url\":\"https:\/\/volcanes.net\/\",\"logo\":{\"@type\":\"ImageObject\",\"inLanguage\":\"es\",\"@id\":\"https:\/\/volcanes.net\/#\/schema\/logo\/image\/\",\"url\":\"http:\/\/volcanes.net\/wp-content\/uploads\/2017\/12\/Avatar2.jpg\",\"contentUrl\":\"http:\/\/volcanes.net\/wp-content\/uploads\/2017\/12\/Avatar2.jpg\",\"width\":378,\"height\":378,\"caption\":\"Grupo Volcanes\"},\"image\":{\"@id\":\"https:\/\/volcanes.net\/#\/schema\/logo\/image\/\"},\"sameAs\":[\"https:\/\/www.facebook.com\/volcanes.net\/\"]},{\"@type\":\"Person\",\"@id\":\"https:\/\/volcanes.net\/#\/schema\/person\/4bf0f383940966a4abd53f5048c0e6b9\",\"name\":\"admin\",\"image\":{\"@type\":\"ImageObject\",\"inLanguage\":\"es\",\"@id\":\"https:\/\/volcanes.net\/#\/schema\/person\/image\/\",\"url\":\"https:\/\/secure.gravatar.com\/avatar\/ca004e6cba8462b8cb7abc86e382930c?s=96&d=mm&r=g\",\"contentUrl\":\"https:\/\/secure.gravatar.com\/avatar\/ca004e6cba8462b8cb7abc86e382930c?s=96&d=mm&r=g\",\"caption\":\"admin\"}}]}<\/script>\n<!-- \/ Yoast SEO plugin. -->","yoast_head_json":{"title":"VIDEO: Alcalde de Ozumba fue nombrado presidente del consejo intermunicipal de seguridad p\u00fablica - Volcanes","robots":{"index":"index","follow":"follow","max-snippet":"max-snippet:-1","max-image-preview":"max-image-preview:large","max-video-preview":"max-video-preview:-1"},"canonical":"https:\/\/volcanes.net\/?p=6166","og_locale":"es_MX","og_type":"article","og_title":"VIDEO: Alcalde de Ozumba fue nombrado presidente del consejo intermunicipal de seguridad p\u00fablica - Volcanes","og_description":"Ozumba, Estado de M\u00e9xico.- En entrevista con el presidente municipal de Ozumba, Valent\u00edn Mart\u00ednez Castillo","og_url":"https:\/\/volcanes.net\/?p=6166","og_site_name":"Volcanes","article_publisher":"https:\/\/www.facebook.com\/volcanes.net\/","article_published_time":"2020-01-20T19:02:32+00:00","og_image":[{"width":1280,"height":720,"url":"https:\/\/volcanes.net\/wp-content\/uploads\/2020\/01\/VIDEO-Nombran-nuevo-presidente-de-Consejo-Intermunicipal-de-Seguridad-P\u00fablica-al-alcalde-de-Ozumba.jpeg","type":"image\/jpeg"}],"author":"admin","twitter_card":"summary_large_image","twitter_misc":{"Escrito por":"admin","Tiempo de lectura":"1 minuto"},"schema":{"@context":"https:\/\/schema.org","@graph":[{"@type":"Article","@id":"https:\/\/volcanes.net\/?p=6166#article","isPartOf":{"@id":"https:\/\/volcanes.net\/?p=6166"},"author":{"name":"admin","@id":"https:\/\/volcanes.net\/#\/schema\/person\/4bf0f383940966a4abd53f5048c0e6b9"},"headline":"VIDEO: Alcalde de Ozumba fue nombrado presidente del consejo intermunicipal de seguridad p\u00fablica","datePublished":"2020-01-20T19:02:32+00:00","mainEntityOfPage":{"@id":"https:\/\/volcanes.net\/?p=6166"},"wordCount":302,"commentCount":0,"publisher":{"@id":"https:\/\/volcanes.net\/#organization"},"image":{"@id":"https:\/\/volcanes.net\/?p=6166#primaryimage"},"thumbnailUrl":"https:\/\/volcanes.net\/wp-content\/uploads\/2020\/01\/VIDEO-Nombran-nuevo-presidente-de-Consejo-Intermunicipal-de-Seguridad-P\u00fablica-al-alcalde-de-Ozumba.jpeg","keywords":["GrupoVolcanes","Ozumba","Seguridad"],"articleSection":["Municipales"],"inLanguage":"es","potentialAction":[{"@type":"CommentAction","name":"Comment","target":["https:\/\/volcanes.net\/?p=6166#respond"]}]},{"@type":"WebPage","@id":"https:\/\/volcanes.net\/?p=6166","url":"https:\/\/volcanes.net\/?p=6166","name":"VIDEO: Alcalde de Ozumba fue nombrado presidente del consejo intermunicipal de seguridad p\u00fablica - Volcanes","isPartOf":{"@id":"https:\/\/volcanes.net\/#website"},"primaryImageOfPage":{"@id":"https:\/\/volcanes.net\/?p=6166#primaryimage"},"image":{"@id":"https:\/\/volcanes.net\/?p=6166#primaryimage"},"thumbnailUrl":"https:\/\/volcanes.net\/wp-content\/uploads\/2020\/01\/VIDEO-Nombran-nuevo-presidente-de-Consejo-Intermunicipal-de-Seguridad-P\u00fablica-al-alcalde-de-Ozumba.jpeg","datePublished":"2020-01-20T19:02:32+00:00","breadcrumb":{"@id":"https:\/\/volcanes.net\/?p=6166#breadcrumb"},"inLanguage":"es","potentialAction":[{"@type":"ReadAction","target":["https:\/\/volcanes.net\/?p=6166"]}]},{"@type":"ImageObject","inLanguage":"es","@id":"https:\/\/volcanes.net\/?p=6166#primaryimage","url":"https:\/\/volcanes.net\/wp-content\/uploads\/2020\/01\/VIDEO-Nombran-nuevo-presidente-de-Consejo-Intermunicipal-de-Seguridad-P\u00fablica-al-alcalde-de-Ozumba.jpeg","contentUrl":"https:\/\/volcanes.net\/wp-content\/uploads\/2020\/01\/VIDEO-Nombran-nuevo-presidente-de-Consejo-Intermunicipal-de-Seguridad-P\u00fablica-al-alcalde-de-Ozumba.jpeg","width":1280,"height":720},{"@type":"BreadcrumbList","@id":"https:\/\/volcanes.net\/?p=6166#breadcrumb","itemListElement":[{"@type":"ListItem","position":1,"name":"Portada","item":"https:\/\/volcanes.net\/"},{"@type":"ListItem","position":2,"name":"VIDEO: Alcalde de Ozumba fue nombrado presidente del consejo intermunicipal de seguridad p\u00fablica"}]},{"@type":"WebSite","@id":"https:\/\/volcanes.net\/#website","url":"https:\/\/volcanes.net\/","name":"Volcanes.Net","description":"Periodismo Profesional","publisher":{"@id":"https:\/\/volcanes.net\/#organization"},"potentialAction":[{"@type":"SearchAction","target":{"@type":"EntryPoint","urlTemplate":"https:\/\/volcanes.net\/?s={search_term_string}"},"query-input":{"@type":"PropertyValueSpecification","valueRequired":true,"valueName":"search_term_string"}}],"inLanguage":"es"},{"@type":"Organization","@id":"https:\/\/volcanes.net\/#organization","name":"Grupo Volcanes","url":"https:\/\/volcanes.net\/","logo":{"@type":"ImageObject","inLanguage":"es","@id":"https:\/\/volcanes.net\/#\/schema\/logo\/image\/","url":"http:\/\/volcanes.net\/wp-content\/uploads\/2017\/12\/Avatar2.jpg","contentUrl":"http:\/\/volcanes.net\/wp-content\/uploads\/2017\/12\/Avatar2.jpg","width":378,"height":378,"caption":"Grupo Volcanes"},"image":{"@id":"https:\/\/volcanes.net\/#\/schema\/logo\/image\/"},"sameAs":["https:\/\/www.facebook.com\/volcanes.net\/"]},{"@type":"Person","@id":"https:\/\/volcanes.net\/#\/schema\/person\/4bf0f383940966a4abd53f5048c0e6b9","name":"admin","image":{"@type":"ImageObject","inLanguage":"es","@id":"https:\/\/volcanes.net\/#\/schema\/person\/image\/","url":"https:\/\/secure.gravatar.com\/avatar\/ca004e6cba8462b8cb7abc86e382930c?s=96&d=mm&r=g","contentUrl":"https:\/\/secure.gravatar.com\/avatar\/ca004e6cba8462b8cb7abc86e382930c?s=96&d=mm&r=g","caption":"admin"}}]}},"_links":{"self":[{"href":"https:\/\/volcanes.net\/index.php?rest_route=\/wp\/v2\/posts\/6166"}],"collection":[{"href":"https:\/\/volcanes.net\/index.php?rest_route=\/wp\/v2\/posts"}],"about":[{"href":"https:\/\/volcanes.net\/index.php?rest_route=\/wp\/v2\/types\/post"}],"author":[{"embeddable":true,"href":"https:\/\/volcanes.net\/index.php?rest_route=\/wp\/v2\/users\/1"}],"replies":[{"embeddable":true,"href":"https:\/\/volcanes.net\/index.php?rest_route=%2Fwp%2Fv2%2Fcomments&post=6166"}],"version-history":[{"count":1,"href":"https:\/\/volcanes.net\/index.php?rest_route=\/wp\/v2\/posts\/6166\/revisions"}],"predecessor-version":[{"id":6168,"href":"https:\/\/volcanes.net\/index.php?rest_route=\/wp\/v2\/posts\/6166\/revisions\/6168"}],"wp:featuredmedia":[{"embeddable":true,"href":"https:\/\/volcanes.net\/index.php?rest_route=\/wp\/v2\/media\/6167"}],"wp:attachment":[{"href":"https:\/\/volcanes.net\/index.php?rest_route=%2Fwp%2Fv2%2Fmedia&parent=6166"}],"wp:term":[{"taxonomy":"category","embeddable":true,"href":"https:\/\/volcanes.net\/index.php?rest_route=%2Fwp%2Fv2%2Fcategories&post=6166"},{"taxonomy":"post_tag","embeddable":true,"href":"https:\/\/volcanes.net\/index.php?rest_route=%2Fwp%2Fv2%2Ftags&post=6166"}],"curies":[{"name":"wp","href":"https:\/\/api.w.org\/{rel}","templated":true}]}}