{"id":6217,"date":"2020-01-22T07:02:20","date_gmt":"2020-01-22T13:02:20","guid":{"rendered":"http:\/\/volcanes.net\/?p=6217"},"modified":"2020-01-22T07:02:20","modified_gmt":"2020-01-22T13:02:20","slug":"en-chalco-recorren-los-reyes-magos-todas-las-comunidades","status":"publish","type":"post","link":"https:\/\/volcanes.net\/?p=6217","title":{"rendered":"En Chalco recorren los Reyes Magos todas las comunidades"},"content":{"rendered":"<div style=\"margin-top: 0px; margin-bottom: 0px;\" class=\"sharethis-inline-share-buttons\" ><\/div><p>Chalco, Estado de M\u00e9xico.- El presidente municipal de Chalco, Jos\u00e9 Miguel Guti\u00e9rrez Morales, dio a conocer que para este a\u00f1o se espera superar los 54 mil regalos que se repartieron el primer a\u00f1o con motivo del d\u00eda de Reyes.<\/p>\n<p>La tarde de este martes, la gran gira de los Reyes Magos lleg\u00f3 a la comunidad de San Mateo Tezoquipan Miraflores en el municipio de Chalco, y es que durante todo el mes han recorrido todas las comunidades y colonias de este municipio.<\/p>\n<p>El presidente municipal, tambi\u00e9n inform\u00f3 sobre las obras y acciones que se ejecutan por parte de la administraci\u00f3n municipal tanto de infraestructura urbana como hidr\u00e1ulica.<\/p>\n<p>Para Miraflores enfatiz\u00f3 la introducci\u00f3n de drenajes, as\u00ed como la construcci\u00f3n de un centro de atenci\u00f3n social que se construy\u00f3 en este lugar, que consta de un m\u00f3dulo de atenci\u00f3n a v\u00edctimas del delito, un consultorio m\u00e9dico y un espacio para las autoridades auxiliares para esta comunidad.<\/p>\n<p>Agrego Miguel Guti\u00e9rrez que la administraci\u00f3n que \u00e9l encabeza, aprovecha todas las oportunidades que tiene con la sociedad, se informa sobre las obras p\u00fablicas y acciones emprendidas por el gobierno municipal.<\/p>\n<p>Dijo el alcalde que el gobierno municipal busca la participaci\u00f3n de la ciudadan\u00eda, como se ha hecho a trav\u00e9s de oficios de petici\u00f3n o a trav\u00e9s de la gesti\u00f3n con Consejos de participaci\u00f3n ciudadana (COPACIS), para invertir donde la ciudadan\u00eda lo necesite.<\/p>\n<p>Inform\u00f3 que se elabora el presupuesto de Egresos del a\u00f1o 2020 as\u00ed como el Plan Anual de Obra P\u00fablica. Por ello invit\u00f3 a la ciudadan\u00eda a participar, agreg\u00f3 que se mantendr\u00e1 el contacto con la sociedad, dijo que se seguir\u00e1n visitando las comunidades y recorriendo las calles para ser &#8220;atinados&#8221; en la aplicaci\u00f3n de los recursos.<\/p>\n<p>Finalmente invit\u00f3 a las 10 comunidades que aun faltan de esta gira de Reyes magos a llevar a los peque\u00f1os a disfrutar de un bello momento y sobre todo para que reciban su regalo.<\/p>\n<p>&nbsp;<\/p>\n","protected":false},"excerpt":{"rendered":"<p>Chalco, Estado de M\u00e9xico.- El presidente municipal de Chalco, Jos\u00e9 Miguel Guti\u00e9rrez Morales, dio a<\/p>\n","protected":false},"author":1,"featured_media":6218,"comment_status":"open","ping_status":"open","sticky":false,"template":"","format":"standard","meta":{"footnotes":""},"categories":[1],"tags":[9,265],"class_list":["post-6217","post","type-post","status-publish","format-standard","has-post-thumbnail","hentry","category-municipales","tag-chalco","tag-grupovolcanes","has-post-video"],"yoast_head":"<!-- This site is optimized with the Yoast SEO plugin v25.3 - https:\/\/yoast.com\/wordpress\/plugins\/seo\/ -->\n<title>En Chalco recorren los Reyes Magos todas las comunidades - Volcanes<\/title>\n<meta name=\"robots\" content=\"index, follow, max-snippet:-1, max-image-preview:large, max-video-preview:-1\" \/>\n<link rel=\"canonical\" href=\"https:\/\/volcanes.net\/?p=6217\" \/>\n<meta property=\"og:locale\" content=\"es_MX\" \/>\n<meta property=\"og:type\" content=\"article\" \/>\n<meta property=\"og:title\" content=\"En Chalco recorren los Reyes Magos todas las comunidades - Volcanes\" \/>\n<meta property=\"og:description\" content=\"Chalco, Estado de M\u00e9xico.- El presidente municipal de Chalco, Jos\u00e9 Miguel Guti\u00e9rrez Morales, dio a\" \/>\n<meta property=\"og:url\" content=\"https:\/\/volcanes.net\/?p=6217\" \/>\n<meta property=\"og:site_name\" content=\"Volcanes\" \/>\n<meta property=\"article:publisher\" content=\"https:\/\/www.facebook.com\/volcanes.net\/\" \/>\n<meta property=\"article:published_time\" content=\"2020-01-22T13:02:20+00:00\" \/>\n<meta property=\"og:image\" content=\"https:\/\/volcanes.net\/wp-content\/uploads\/2020\/01\/En-Chalco-recorren-los-Reyes-Magos-todas-las-comunidades.jpeg\" \/>\n\t<meta property=\"og:image:width\" content=\"1280\" \/>\n\t<meta property=\"og:image:height\" content=\"720\" \/>\n\t<meta property=\"og:image:type\" content=\"image\/jpeg\" \/>\n<meta name=\"author\" content=\"admin\" \/>\n<meta name=\"twitter:card\" content=\"summary_large_image\" \/>\n<meta name=\"twitter:label1\" content=\"Escrito por\" \/>\n\t<meta name=\"twitter:data1\" content=\"admin\" \/>\n\t<meta name=\"twitter:label2\" content=\"Tiempo de lectura\" \/>\n\t<meta name=\"twitter:data2\" content=\"2 minutos\" \/>\n<script type=\"application\/ld+json\" class=\"yoast-schema-graph\">{\"@context\":\"https:\/\/schema.org\",\"@graph\":[{\"@type\":\"Article\",\"@id\":\"https:\/\/volcanes.net\/?p=6217#article\",\"isPartOf\":{\"@id\":\"https:\/\/volcanes.net\/?p=6217\"},\"author\":{\"name\":\"admin\",\"@id\":\"https:\/\/volcanes.net\/#\/schema\/person\/4bf0f383940966a4abd53f5048c0e6b9\"},\"headline\":\"En Chalco recorren los Reyes Magos todas las comunidades\",\"datePublished\":\"2020-01-22T13:02:20+00:00\",\"mainEntityOfPage\":{\"@id\":\"https:\/\/volcanes.net\/?p=6217\"},\"wordCount\":357,\"commentCount\":0,\"publisher\":{\"@id\":\"https:\/\/volcanes.net\/#organization\"},\"image\":{\"@id\":\"https:\/\/volcanes.net\/?p=6217#primaryimage\"},\"thumbnailUrl\":\"https:\/\/volcanes.net\/wp-content\/uploads\/2020\/01\/En-Chalco-recorren-los-Reyes-Magos-todas-las-comunidades.jpeg\",\"keywords\":[\"Chalco\",\"GrupoVolcanes\"],\"articleSection\":[\"Municipales\"],\"inLanguage\":\"es\",\"potentialAction\":[{\"@type\":\"CommentAction\",\"name\":\"Comment\",\"target\":[\"https:\/\/volcanes.net\/?p=6217#respond\"]}]},{\"@type\":\"WebPage\",\"@id\":\"https:\/\/volcanes.net\/?p=6217\",\"url\":\"https:\/\/volcanes.net\/?p=6217\",\"name\":\"En Chalco recorren los Reyes Magos todas las comunidades - Volcanes\",\"isPartOf\":{\"@id\":\"https:\/\/volcanes.net\/#website\"},\"primaryImageOfPage\":{\"@id\":\"https:\/\/volcanes.net\/?p=6217#primaryimage\"},\"image\":{\"@id\":\"https:\/\/volcanes.net\/?p=6217#primaryimage\"},\"thumbnailUrl\":\"https:\/\/volcanes.net\/wp-content\/uploads\/2020\/01\/En-Chalco-recorren-los-Reyes-Magos-todas-las-comunidades.jpeg\",\"datePublished\":\"2020-01-22T13:02:20+00:00\",\"breadcrumb\":{\"@id\":\"https:\/\/volcanes.net\/?p=6217#breadcrumb\"},\"inLanguage\":\"es\",\"potentialAction\":[{\"@type\":\"ReadAction\",\"target\":[\"https:\/\/volcanes.net\/?p=6217\"]}]},{\"@type\":\"ImageObject\",\"inLanguage\":\"es\",\"@id\":\"https:\/\/volcanes.net\/?p=6217#primaryimage\",\"url\":\"https:\/\/volcanes.net\/wp-content\/uploads\/2020\/01\/En-Chalco-recorren-los-Reyes-Magos-todas-las-comunidades.jpeg\",\"contentUrl\":\"https:\/\/volcanes.net\/wp-content\/uploads\/2020\/01\/En-Chalco-recorren-los-Reyes-Magos-todas-las-comunidades.jpeg\",\"width\":1280,\"height\":720},{\"@type\":\"BreadcrumbList\",\"@id\":\"https:\/\/volcanes.net\/?p=6217#breadcrumb\",\"itemListElement\":[{\"@type\":\"ListItem\",\"position\":1,\"name\":\"Portada\",\"item\":\"https:\/\/volcanes.net\/\"},{\"@type\":\"ListItem\",\"position\":2,\"name\":\"En Chalco recorren los Reyes Magos todas las comunidades\"}]},{\"@type\":\"WebSite\",\"@id\":\"https:\/\/volcanes.net\/#website\",\"url\":\"https:\/\/volcanes.net\/\",\"name\":\"Volcanes.Net\",\"description\":\"Periodismo Profesional\",\"publisher\":{\"@id\":\"https:\/\/volcanes.net\/#organization\"},\"potentialAction\":[{\"@type\":\"SearchAction\",\"target\":{\"@type\":\"EntryPoint\",\"urlTemplate\":\"https:\/\/volcanes.net\/?s={search_term_string}\"},\"query-input\":{\"@type\":\"PropertyValueSpecification\",\"valueRequired\":true,\"valueName\":\"search_term_string\"}}],\"inLanguage\":\"es\"},{\"@type\":\"Organization\",\"@id\":\"https:\/\/volcanes.net\/#organization\",\"name\":\"Grupo Volcanes\",\"url\":\"https:\/\/volcanes.net\/\",\"logo\":{\"@type\":\"ImageObject\",\"inLanguage\":\"es\",\"@id\":\"https:\/\/volcanes.net\/#\/schema\/logo\/image\/\",\"url\":\"http:\/\/volcanes.net\/wp-content\/uploads\/2017\/12\/Avatar2.jpg\",\"contentUrl\":\"http:\/\/volcanes.net\/wp-content\/uploads\/2017\/12\/Avatar2.jpg\",\"width\":378,\"height\":378,\"caption\":\"Grupo Volcanes\"},\"image\":{\"@id\":\"https:\/\/volcanes.net\/#\/schema\/logo\/image\/\"},\"sameAs\":[\"https:\/\/www.facebook.com\/volcanes.net\/\"]},{\"@type\":\"Person\",\"@id\":\"https:\/\/volcanes.net\/#\/schema\/person\/4bf0f383940966a4abd53f5048c0e6b9\",\"name\":\"admin\",\"image\":{\"@type\":\"ImageObject\",\"inLanguage\":\"es\",\"@id\":\"https:\/\/volcanes.net\/#\/schema\/person\/image\/\",\"url\":\"https:\/\/secure.gravatar.com\/avatar\/ca004e6cba8462b8cb7abc86e382930c?s=96&d=mm&r=g\",\"contentUrl\":\"https:\/\/secure.gravatar.com\/avatar\/ca004e6cba8462b8cb7abc86e382930c?s=96&d=mm&r=g\",\"caption\":\"admin\"}}]}<\/script>\n<!-- \/ Yoast SEO plugin. -->","yoast_head_json":{"title":"En Chalco recorren los Reyes Magos todas las comunidades - Volcanes","robots":{"index":"index","follow":"follow","max-snippet":"max-snippet:-1","max-image-preview":"max-image-preview:large","max-video-preview":"max-video-preview:-1"},"canonical":"https:\/\/volcanes.net\/?p=6217","og_locale":"es_MX","og_type":"article","og_title":"En Chalco recorren los Reyes Magos todas las comunidades - Volcanes","og_description":"Chalco, Estado de M\u00e9xico.- El presidente municipal de Chalco, Jos\u00e9 Miguel Guti\u00e9rrez Morales, dio a","og_url":"https:\/\/volcanes.net\/?p=6217","og_site_name":"Volcanes","article_publisher":"https:\/\/www.facebook.com\/volcanes.net\/","article_published_time":"2020-01-22T13:02:20+00:00","og_image":[{"width":1280,"height":720,"url":"https:\/\/volcanes.net\/wp-content\/uploads\/2020\/01\/En-Chalco-recorren-los-Reyes-Magos-todas-las-comunidades.jpeg","type":"image\/jpeg"}],"author":"admin","twitter_card":"summary_large_image","twitter_misc":{"Escrito por":"admin","Tiempo de lectura":"2 minutos"},"schema":{"@context":"https:\/\/schema.org","@graph":[{"@type":"Article","@id":"https:\/\/volcanes.net\/?p=6217#article","isPartOf":{"@id":"https:\/\/volcanes.net\/?p=6217"},"author":{"name":"admin","@id":"https:\/\/volcanes.net\/#\/schema\/person\/4bf0f383940966a4abd53f5048c0e6b9"},"headline":"En Chalco recorren los Reyes Magos todas las comunidades","datePublished":"2020-01-22T13:02:20+00:00","mainEntityOfPage":{"@id":"https:\/\/volcanes.net\/?p=6217"},"wordCount":357,"commentCount":0,"publisher":{"@id":"https:\/\/volcanes.net\/#organization"},"image":{"@id":"https:\/\/volcanes.net\/?p=6217#primaryimage"},"thumbnailUrl":"https:\/\/volcanes.net\/wp-content\/uploads\/2020\/01\/En-Chalco-recorren-los-Reyes-Magos-todas-las-comunidades.jpeg","keywords":["Chalco","GrupoVolcanes"],"articleSection":["Municipales"],"inLanguage":"es","potentialAction":[{"@type":"CommentAction","name":"Comment","target":["https:\/\/volcanes.net\/?p=6217#respond"]}]},{"@type":"WebPage","@id":"https:\/\/volcanes.net\/?p=6217","url":"https:\/\/volcanes.net\/?p=6217","name":"En Chalco recorren los Reyes Magos todas las comunidades - Volcanes","isPartOf":{"@id":"https:\/\/volcanes.net\/#website"},"primaryImageOfPage":{"@id":"https:\/\/volcanes.net\/?p=6217#primaryimage"},"image":{"@id":"https:\/\/volcanes.net\/?p=6217#primaryimage"},"thumbnailUrl":"https:\/\/volcanes.net\/wp-content\/uploads\/2020\/01\/En-Chalco-recorren-los-Reyes-Magos-todas-las-comunidades.jpeg","datePublished":"2020-01-22T13:02:20+00:00","breadcrumb":{"@id":"https:\/\/volcanes.net\/?p=6217#breadcrumb"},"inLanguage":"es","potentialAction":[{"@type":"ReadAction","target":["https:\/\/volcanes.net\/?p=6217"]}]},{"@type":"ImageObject","inLanguage":"es","@id":"https:\/\/volcanes.net\/?p=6217#primaryimage","url":"https:\/\/volcanes.net\/wp-content\/uploads\/2020\/01\/En-Chalco-recorren-los-Reyes-Magos-todas-las-comunidades.jpeg","contentUrl":"https:\/\/volcanes.net\/wp-content\/uploads\/2020\/01\/En-Chalco-recorren-los-Reyes-Magos-todas-las-comunidades.jpeg","width":1280,"height":720},{"@type":"BreadcrumbList","@id":"https:\/\/volcanes.net\/?p=6217#breadcrumb","itemListElement":[{"@type":"ListItem","position":1,"name":"Portada","item":"https:\/\/volcanes.net\/"},{"@type":"ListItem","position":2,"name":"En Chalco recorren los Reyes Magos todas las comunidades"}]},{"@type":"WebSite","@id":"https:\/\/volcanes.net\/#website","url":"https:\/\/volcanes.net\/","name":"Volcanes.Net","description":"Periodismo Profesional","publisher":{"@id":"https:\/\/volcanes.net\/#organization"},"potentialAction":[{"@type":"SearchAction","target":{"@type":"EntryPoint","urlTemplate":"https:\/\/volcanes.net\/?s={search_term_string}"},"query-input":{"@type":"PropertyValueSpecification","valueRequired":true,"valueName":"search_term_string"}}],"inLanguage":"es"},{"@type":"Organization","@id":"https:\/\/volcanes.net\/#organization","name":"Grupo Volcanes","url":"https:\/\/volcanes.net\/","logo":{"@type":"ImageObject","inLanguage":"es","@id":"https:\/\/volcanes.net\/#\/schema\/logo\/image\/","url":"http:\/\/volcanes.net\/wp-content\/uploads\/2017\/12\/Avatar2.jpg","contentUrl":"http:\/\/volcanes.net\/wp-content\/uploads\/2017\/12\/Avatar2.jpg","width":378,"height":378,"caption":"Grupo Volcanes"},"image":{"@id":"https:\/\/volcanes.net\/#\/schema\/logo\/image\/"},"sameAs":["https:\/\/www.facebook.com\/volcanes.net\/"]},{"@type":"Person","@id":"https:\/\/volcanes.net\/#\/schema\/person\/4bf0f383940966a4abd53f5048c0e6b9","name":"admin","image":{"@type":"ImageObject","inLanguage":"es","@id":"https:\/\/volcanes.net\/#\/schema\/person\/image\/","url":"https:\/\/secure.gravatar.com\/avatar\/ca004e6cba8462b8cb7abc86e382930c?s=96&d=mm&r=g","contentUrl":"https:\/\/secure.gravatar.com\/avatar\/ca004e6cba8462b8cb7abc86e382930c?s=96&d=mm&r=g","caption":"admin"}}]}},"_links":{"self":[{"href":"https:\/\/volcanes.net\/index.php?rest_route=\/wp\/v2\/posts\/6217"}],"collection":[{"href":"https:\/\/volcanes.net\/index.php?rest_route=\/wp\/v2\/posts"}],"about":[{"href":"https:\/\/volcanes.net\/index.php?rest_route=\/wp\/v2\/types\/post"}],"author":[{"embeddable":true,"href":"https:\/\/volcanes.net\/index.php?rest_route=\/wp\/v2\/users\/1"}],"replies":[{"embeddable":true,"href":"https:\/\/volcanes.net\/index.php?rest_route=%2Fwp%2Fv2%2Fcomments&post=6217"}],"version-history":[{"count":1,"href":"https:\/\/volcanes.net\/index.php?rest_route=\/wp\/v2\/posts\/6217\/revisions"}],"predecessor-version":[{"id":6219,"href":"https:\/\/volcanes.net\/index.php?rest_route=\/wp\/v2\/posts\/6217\/revisions\/6219"}],"wp:featuredmedia":[{"embeddable":true,"href":"https:\/\/volcanes.net\/index.php?rest_route=\/wp\/v2\/media\/6218"}],"wp:attachment":[{"href":"https:\/\/volcanes.net\/index.php?rest_route=%2Fwp%2Fv2%2Fmedia&parent=6217"}],"wp:term":[{"taxonomy":"category","embeddable":true,"href":"https:\/\/volcanes.net\/index.php?rest_route=%2Fwp%2Fv2%2Fcategories&post=6217"},{"taxonomy":"post_tag","embeddable":true,"href":"https:\/\/volcanes.net\/index.php?rest_route=%2Fwp%2Fv2%2Ftags&post=6217"}],"curies":[{"name":"wp","href":"https:\/\/api.w.org\/{rel}","templated":true}]}}