{"id":6255,"date":"2020-01-23T14:54:21","date_gmt":"2020-01-23T20:54:21","guid":{"rendered":"http:\/\/volcanes.net\/?p=6255"},"modified":"2020-01-23T14:54:21","modified_gmt":"2020-01-23T20:54:21","slug":"el-gobierno-del-edomex-impulsa-las-contrataciones-publicas-como-herramientas-para-el-desarrollo","status":"publish","type":"post","link":"https:\/\/volcanes.net\/?p=6255","title":{"rendered":"El Gobierno del Edom\u00e9x impulsa las contrataciones p\u00fablicas como herramientas para el desarrollo"},"content":{"rendered":"<div style=\"margin-top: 0px; margin-bottom: 0px;\" class=\"sharethis-inline-share-buttons\" ><\/div><h1 class=\"post-title\"><\/h1>\n<div class=\"entry\">\n<p><em>A fin de generar ahorros y garantizar resultados, los Secretarios de la Contralor\u00eda y de Finanzas, Javier Vargas Zempoaltecatl y Rodrigo Jarque Lira, respectivamente, coincidieron en que la contrataci\u00f3n p\u00fablica se ha convertido en una herramienta clave para el desarrollo econ\u00f3mico, por lo que es prioridad para la administraci\u00f3n del Gobernador Alfredo Del Mazo Maza profesionalizar y modernizar los procesos adquisitivos.<\/em><\/p>\n<p>Lo anterior, durante la inauguraci\u00f3n del Taller de Buenas Pr\u00e1cticas en Contrataciones P\u00fablicas, impartido por una delegaci\u00f3n de especialistas de la Organizaci\u00f3n para la Cooperaci\u00f3n y el Desarrollo Econ\u00f3micos (OCDE), derivado del acuerdo suscrito entre el Gobierno del Estado de M\u00e9xico, a trav\u00e9s de la Secretar\u00eda de la Contralor\u00eda y dicho organismo multilateral.<\/p>\n<p>Al dar la bienvenida en nombre del Gobernador Alfredo Del Mazo Maza, el Secretario Javier Vargas Zempoaltecatl, inform\u00f3 que durante el desarrollo del taller, revisar\u00e1n temas como la investigaci\u00f3n inteligente de mercado de suministro, el dise\u00f1o de criterios de adjudicaci\u00f3n e implementaci\u00f3n de contrataciones abiertas.<\/p>\n<p>Todo ello, record\u00f3, en el marco del acuerdo suscrito entre el Gobierno del Estado de M\u00e9xico, a trav\u00e9s de la Secretar\u00eda de la Contralor\u00eda y la Organizaci\u00f3n para la OCDE, para la realizaci\u00f3n de un Estudio sobre las Pol\u00edticas de Compras P\u00fablicas.<\/p>\n<p>Al respecto, Vargas Zempoaltecatl asegur\u00f3 que al tratarse de una actividad estrat\u00e9gica del gobierno, la contrataci\u00f3n p\u00fablica se ha convertido en una herramienta clave para obtener un crecimiento inteligente, sostenible e integrador de la econom\u00eda de los pa\u00edses, al tiempo que garantiza la racionalidad de los fondos p\u00fablicos.<\/p>\n<p>En su oportunidad, el Secretario Rodrigo Jarque Lira mencion\u00f3 el inter\u00e9s de la actual administraci\u00f3n p\u00fablica en profesionalizar y modernizar los procesos adquisitivos para generar ahorros y garantizar resultados.<\/p>\n<p>Por esta raz\u00f3n, dijo, en junio pasado iniciaron reuniones de trabajo para el Estudio sobre las Pol\u00edticas de Compras P\u00fablicas del Gobierno del Estado de M\u00e9xico, en el que integrantes de la Divisi\u00f3n de Integridad en el sector p\u00fablico de la OCDE, ayudaron a identificar \u00e1reas de oportunidad y a elaborar recomendaciones para mejorar los procesos de contrataci\u00f3n p\u00fablica.<\/p>\n<p>Jarque Lira destac\u00f3 que esta gran responsabilidad es la que ha instruido el Gobernador Alfredo Del Mazo Maza, quien desde el inicio de su administraci\u00f3n ha estado muy pendiente para incentivar la competencia en los procesos de licitaci\u00f3n, generar m\u00e1s valor y ahorros en las adquisiciones p\u00fablicas.<\/p>\n<p>En representaci\u00f3n de la delegaci\u00f3n de la OCDE, Jacobo Garc\u00eda Villarreal, Especialista Senior en Pol\u00edticas de Integridad y Compras P\u00fablicas, reconoci\u00f3 el compromiso del Gobierno del Estado de M\u00e9xico en materia de contrataci\u00f3n p\u00fablica, mismo que no se manifiesta en otras entidades del pa\u00eds.<\/p>\n<p>Subray\u00f3 que el inter\u00e9s de las autoridades mexiquenses en este tema manda tambi\u00e9n un mensaje muy poderoso a la ciudadan\u00eda, toda vez que la contrataci\u00f3n p\u00fablica, adem\u00e1s de generar ahorros puede contribuir a la eficiente prestaci\u00f3n de servicios p\u00fablicos.<\/p>\n<p>Advirti\u00f3 que ante una situaci\u00f3n de presi\u00f3n econ\u00f3mica, la contrataci\u00f3n p\u00fablica puede convertirse en una palanca de desarrollo que aliente a las Peque\u00f1as y Medianas Empresas (PYMES), as\u00ed como al emprendimiento.<\/p>\n<p>A la inauguraci\u00f3n tambi\u00e9n asistieron el Subsecretario de Administraci\u00f3n de la Secretar\u00eda de Finanzas, V\u00edctor Curioca Ram\u00edrez, el Presidente de los Comit\u00e9s de Participaci\u00f3n Ciudadana y Coordinador del Sistema Anticorrupci\u00f3n del Estado de M\u00e9xico y Municipios (SAEMM), Alberto Benabib Montero.<\/p>\n<p>Cabe se\u00f1alar que en las diferentes mesas de trabajo participar\u00e1n los especialistas en Pol\u00edticas de Contrataci\u00f3n P\u00fablica de la OCDE, Costanza Caputi y Masayuki Omote, Lars Ohse, Jefe de la Central de Compras del Estado Federal de Schleswing-Holstein, Alemania, as\u00ed como Nicol\u00e1s Penagos, Administrador Senior del Programa para Am\u00e9rica Latina, Alianza para las Contrataciones Abiertas.<\/p>\n<\/div>\n","protected":false},"excerpt":{"rendered":"<p>A fin de generar ahorros y garantizar resultados, los Secretarios de la Contralor\u00eda y de<\/p>\n","protected":false},"author":1,"featured_media":6256,"comment_status":"open","ping_status":"open","sticky":false,"template":"","format":"image","meta":{"footnotes":""},"categories":[3],"tags":[174,265],"class_list":["post-6255","post","type-post","status-publish","format-image","has-post-thumbnail","hentry","category-estatales","tag-estado-de-mexico","tag-grupovolcanes","post_format-post-format-image"],"yoast_head":"<!-- This site is optimized with the Yoast SEO plugin v25.3 - https:\/\/yoast.com\/wordpress\/plugins\/seo\/ -->\n<title>El Gobierno del Edom\u00e9x impulsa las contrataciones p\u00fablicas como herramientas para el desarrollo - Volcanes<\/title>\n<meta name=\"robots\" content=\"index, follow, max-snippet:-1, max-image-preview:large, max-video-preview:-1\" \/>\n<link rel=\"canonical\" href=\"https:\/\/volcanes.net\/?p=6255\" \/>\n<meta property=\"og:locale\" content=\"es_MX\" \/>\n<meta property=\"og:type\" content=\"article\" \/>\n<meta property=\"og:title\" content=\"El Gobierno del Edom\u00e9x impulsa las contrataciones p\u00fablicas como herramientas para el desarrollo - Volcanes\" \/>\n<meta property=\"og:description\" content=\"A fin de generar ahorros y garantizar resultados, los Secretarios de la Contralor\u00eda y de\" \/>\n<meta property=\"og:url\" content=\"https:\/\/volcanes.net\/?p=6255\" \/>\n<meta property=\"og:site_name\" content=\"Volcanes\" \/>\n<meta property=\"article:publisher\" content=\"https:\/\/www.facebook.com\/volcanes.net\/\" \/>\n<meta property=\"article:published_time\" content=\"2020-01-23T20:54:21+00:00\" \/>\n<meta property=\"og:image\" content=\"https:\/\/volcanes.net\/wp-content\/uploads\/2020\/01\/WhatsApp-Image-2020-01-22-at-1.53.39-PM.jpeg\" \/>\n\t<meta property=\"og:image:width\" content=\"680\" \/>\n\t<meta property=\"og:image:height\" content=\"371\" \/>\n\t<meta property=\"og:image:type\" content=\"image\/jpeg\" \/>\n<meta name=\"author\" content=\"admin\" \/>\n<meta name=\"twitter:card\" content=\"summary_large_image\" \/>\n<meta name=\"twitter:label1\" content=\"Escrito por\" \/>\n\t<meta name=\"twitter:data1\" content=\"admin\" \/>\n\t<meta name=\"twitter:label2\" content=\"Tiempo de lectura\" \/>\n\t<meta name=\"twitter:data2\" content=\"3 minutos\" \/>\n<script type=\"application\/ld+json\" class=\"yoast-schema-graph\">{\"@context\":\"https:\/\/schema.org\",\"@graph\":[{\"@type\":\"Article\",\"@id\":\"https:\/\/volcanes.net\/?p=6255#article\",\"isPartOf\":{\"@id\":\"https:\/\/volcanes.net\/?p=6255\"},\"author\":{\"name\":\"admin\",\"@id\":\"https:\/\/volcanes.net\/#\/schema\/person\/4bf0f383940966a4abd53f5048c0e6b9\"},\"headline\":\"El Gobierno del Edom\u00e9x impulsa las contrataciones p\u00fablicas como herramientas para el desarrollo\",\"datePublished\":\"2020-01-23T20:54:21+00:00\",\"mainEntityOfPage\":{\"@id\":\"https:\/\/volcanes.net\/?p=6255\"},\"wordCount\":698,\"commentCount\":0,\"publisher\":{\"@id\":\"https:\/\/volcanes.net\/#organization\"},\"image\":{\"@id\":\"https:\/\/volcanes.net\/?p=6255#primaryimage\"},\"thumbnailUrl\":\"https:\/\/volcanes.net\/wp-content\/uploads\/2020\/01\/WhatsApp-Image-2020-01-22-at-1.53.39-PM.jpeg\",\"keywords\":[\"Estado de M\u00e9xico\",\"GrupoVolcanes\"],\"articleSection\":[\"Estatales\"],\"inLanguage\":\"es\",\"potentialAction\":[{\"@type\":\"CommentAction\",\"name\":\"Comment\",\"target\":[\"https:\/\/volcanes.net\/?p=6255#respond\"]}]},{\"@type\":\"WebPage\",\"@id\":\"https:\/\/volcanes.net\/?p=6255\",\"url\":\"https:\/\/volcanes.net\/?p=6255\",\"name\":\"El Gobierno del Edom\u00e9x impulsa las contrataciones p\u00fablicas como herramientas para el desarrollo - Volcanes\",\"isPartOf\":{\"@id\":\"https:\/\/volcanes.net\/#website\"},\"primaryImageOfPage\":{\"@id\":\"https:\/\/volcanes.net\/?p=6255#primaryimage\"},\"image\":{\"@id\":\"https:\/\/volcanes.net\/?p=6255#primaryimage\"},\"thumbnailUrl\":\"https:\/\/volcanes.net\/wp-content\/uploads\/2020\/01\/WhatsApp-Image-2020-01-22-at-1.53.39-PM.jpeg\",\"datePublished\":\"2020-01-23T20:54:21+00:00\",\"breadcrumb\":{\"@id\":\"https:\/\/volcanes.net\/?p=6255#breadcrumb\"},\"inLanguage\":\"es\",\"potentialAction\":[{\"@type\":\"ReadAction\",\"target\":[\"https:\/\/volcanes.net\/?p=6255\"]}]},{\"@type\":\"ImageObject\",\"inLanguage\":\"es\",\"@id\":\"https:\/\/volcanes.net\/?p=6255#primaryimage\",\"url\":\"https:\/\/volcanes.net\/wp-content\/uploads\/2020\/01\/WhatsApp-Image-2020-01-22-at-1.53.39-PM.jpeg\",\"contentUrl\":\"https:\/\/volcanes.net\/wp-content\/uploads\/2020\/01\/WhatsApp-Image-2020-01-22-at-1.53.39-PM.jpeg\",\"width\":680,\"height\":371},{\"@type\":\"BreadcrumbList\",\"@id\":\"https:\/\/volcanes.net\/?p=6255#breadcrumb\",\"itemListElement\":[{\"@type\":\"ListItem\",\"position\":1,\"name\":\"Portada\",\"item\":\"https:\/\/volcanes.net\/\"},{\"@type\":\"ListItem\",\"position\":2,\"name\":\"El Gobierno del Edom\u00e9x impulsa las contrataciones p\u00fablicas como herramientas para el desarrollo\"}]},{\"@type\":\"WebSite\",\"@id\":\"https:\/\/volcanes.net\/#website\",\"url\":\"https:\/\/volcanes.net\/\",\"name\":\"Volcanes.Net\",\"description\":\"Periodismo Profesional\",\"publisher\":{\"@id\":\"https:\/\/volcanes.net\/#organization\"},\"potentialAction\":[{\"@type\":\"SearchAction\",\"target\":{\"@type\":\"EntryPoint\",\"urlTemplate\":\"https:\/\/volcanes.net\/?s={search_term_string}\"},\"query-input\":{\"@type\":\"PropertyValueSpecification\",\"valueRequired\":true,\"valueName\":\"search_term_string\"}}],\"inLanguage\":\"es\"},{\"@type\":\"Organization\",\"@id\":\"https:\/\/volcanes.net\/#organization\",\"name\":\"Grupo Volcanes\",\"url\":\"https:\/\/volcanes.net\/\",\"logo\":{\"@type\":\"ImageObject\",\"inLanguage\":\"es\",\"@id\":\"https:\/\/volcanes.net\/#\/schema\/logo\/image\/\",\"url\":\"http:\/\/volcanes.net\/wp-content\/uploads\/2017\/12\/Avatar2.jpg\",\"contentUrl\":\"http:\/\/volcanes.net\/wp-content\/uploads\/2017\/12\/Avatar2.jpg\",\"width\":378,\"height\":378,\"caption\":\"Grupo Volcanes\"},\"image\":{\"@id\":\"https:\/\/volcanes.net\/#\/schema\/logo\/image\/\"},\"sameAs\":[\"https:\/\/www.facebook.com\/volcanes.net\/\"]},{\"@type\":\"Person\",\"@id\":\"https:\/\/volcanes.net\/#\/schema\/person\/4bf0f383940966a4abd53f5048c0e6b9\",\"name\":\"admin\",\"image\":{\"@type\":\"ImageObject\",\"inLanguage\":\"es\",\"@id\":\"https:\/\/volcanes.net\/#\/schema\/person\/image\/\",\"url\":\"https:\/\/secure.gravatar.com\/avatar\/ca004e6cba8462b8cb7abc86e382930c?s=96&d=mm&r=g\",\"contentUrl\":\"https:\/\/secure.gravatar.com\/avatar\/ca004e6cba8462b8cb7abc86e382930c?s=96&d=mm&r=g\",\"caption\":\"admin\"}}]}<\/script>\n<!-- \/ Yoast SEO plugin. -->","yoast_head_json":{"title":"El Gobierno del Edom\u00e9x impulsa las contrataciones p\u00fablicas como herramientas para el desarrollo - Volcanes","robots":{"index":"index","follow":"follow","max-snippet":"max-snippet:-1","max-image-preview":"max-image-preview:large","max-video-preview":"max-video-preview:-1"},"canonical":"https:\/\/volcanes.net\/?p=6255","og_locale":"es_MX","og_type":"article","og_title":"El Gobierno del Edom\u00e9x impulsa las contrataciones p\u00fablicas como herramientas para el desarrollo - Volcanes","og_description":"A fin de generar ahorros y garantizar resultados, los Secretarios de la Contralor\u00eda y de","og_url":"https:\/\/volcanes.net\/?p=6255","og_site_name":"Volcanes","article_publisher":"https:\/\/www.facebook.com\/volcanes.net\/","article_published_time":"2020-01-23T20:54:21+00:00","og_image":[{"width":680,"height":371,"url":"https:\/\/volcanes.net\/wp-content\/uploads\/2020\/01\/WhatsApp-Image-2020-01-22-at-1.53.39-PM.jpeg","type":"image\/jpeg"}],"author":"admin","twitter_card":"summary_large_image","twitter_misc":{"Escrito por":"admin","Tiempo de lectura":"3 minutos"},"schema":{"@context":"https:\/\/schema.org","@graph":[{"@type":"Article","@id":"https:\/\/volcanes.net\/?p=6255#article","isPartOf":{"@id":"https:\/\/volcanes.net\/?p=6255"},"author":{"name":"admin","@id":"https:\/\/volcanes.net\/#\/schema\/person\/4bf0f383940966a4abd53f5048c0e6b9"},"headline":"El Gobierno del Edom\u00e9x impulsa las contrataciones p\u00fablicas como herramientas para el desarrollo","datePublished":"2020-01-23T20:54:21+00:00","mainEntityOfPage":{"@id":"https:\/\/volcanes.net\/?p=6255"},"wordCount":698,"commentCount":0,"publisher":{"@id":"https:\/\/volcanes.net\/#organization"},"image":{"@id":"https:\/\/volcanes.net\/?p=6255#primaryimage"},"thumbnailUrl":"https:\/\/volcanes.net\/wp-content\/uploads\/2020\/01\/WhatsApp-Image-2020-01-22-at-1.53.39-PM.jpeg","keywords":["Estado de M\u00e9xico","GrupoVolcanes"],"articleSection":["Estatales"],"inLanguage":"es","potentialAction":[{"@type":"CommentAction","name":"Comment","target":["https:\/\/volcanes.net\/?p=6255#respond"]}]},{"@type":"WebPage","@id":"https:\/\/volcanes.net\/?p=6255","url":"https:\/\/volcanes.net\/?p=6255","name":"El Gobierno del Edom\u00e9x impulsa las contrataciones p\u00fablicas como herramientas para el desarrollo - Volcanes","isPartOf":{"@id":"https:\/\/volcanes.net\/#website"},"primaryImageOfPage":{"@id":"https:\/\/volcanes.net\/?p=6255#primaryimage"},"image":{"@id":"https:\/\/volcanes.net\/?p=6255#primaryimage"},"thumbnailUrl":"https:\/\/volcanes.net\/wp-content\/uploads\/2020\/01\/WhatsApp-Image-2020-01-22-at-1.53.39-PM.jpeg","datePublished":"2020-01-23T20:54:21+00:00","breadcrumb":{"@id":"https:\/\/volcanes.net\/?p=6255#breadcrumb"},"inLanguage":"es","potentialAction":[{"@type":"ReadAction","target":["https:\/\/volcanes.net\/?p=6255"]}]},{"@type":"ImageObject","inLanguage":"es","@id":"https:\/\/volcanes.net\/?p=6255#primaryimage","url":"https:\/\/volcanes.net\/wp-content\/uploads\/2020\/01\/WhatsApp-Image-2020-01-22-at-1.53.39-PM.jpeg","contentUrl":"https:\/\/volcanes.net\/wp-content\/uploads\/2020\/01\/WhatsApp-Image-2020-01-22-at-1.53.39-PM.jpeg","width":680,"height":371},{"@type":"BreadcrumbList","@id":"https:\/\/volcanes.net\/?p=6255#breadcrumb","itemListElement":[{"@type":"ListItem","position":1,"name":"Portada","item":"https:\/\/volcanes.net\/"},{"@type":"ListItem","position":2,"name":"El Gobierno del Edom\u00e9x impulsa las contrataciones p\u00fablicas como herramientas para el desarrollo"}]},{"@type":"WebSite","@id":"https:\/\/volcanes.net\/#website","url":"https:\/\/volcanes.net\/","name":"Volcanes.Net","description":"Periodismo Profesional","publisher":{"@id":"https:\/\/volcanes.net\/#organization"},"potentialAction":[{"@type":"SearchAction","target":{"@type":"EntryPoint","urlTemplate":"https:\/\/volcanes.net\/?s={search_term_string}"},"query-input":{"@type":"PropertyValueSpecification","valueRequired":true,"valueName":"search_term_string"}}],"inLanguage":"es"},{"@type":"Organization","@id":"https:\/\/volcanes.net\/#organization","name":"Grupo Volcanes","url":"https:\/\/volcanes.net\/","logo":{"@type":"ImageObject","inLanguage":"es","@id":"https:\/\/volcanes.net\/#\/schema\/logo\/image\/","url":"http:\/\/volcanes.net\/wp-content\/uploads\/2017\/12\/Avatar2.jpg","contentUrl":"http:\/\/volcanes.net\/wp-content\/uploads\/2017\/12\/Avatar2.jpg","width":378,"height":378,"caption":"Grupo Volcanes"},"image":{"@id":"https:\/\/volcanes.net\/#\/schema\/logo\/image\/"},"sameAs":["https:\/\/www.facebook.com\/volcanes.net\/"]},{"@type":"Person","@id":"https:\/\/volcanes.net\/#\/schema\/person\/4bf0f383940966a4abd53f5048c0e6b9","name":"admin","image":{"@type":"ImageObject","inLanguage":"es","@id":"https:\/\/volcanes.net\/#\/schema\/person\/image\/","url":"https:\/\/secure.gravatar.com\/avatar\/ca004e6cba8462b8cb7abc86e382930c?s=96&d=mm&r=g","contentUrl":"https:\/\/secure.gravatar.com\/avatar\/ca004e6cba8462b8cb7abc86e382930c?s=96&d=mm&r=g","caption":"admin"}}]}},"_links":{"self":[{"href":"https:\/\/volcanes.net\/index.php?rest_route=\/wp\/v2\/posts\/6255"}],"collection":[{"href":"https:\/\/volcanes.net\/index.php?rest_route=\/wp\/v2\/posts"}],"about":[{"href":"https:\/\/volcanes.net\/index.php?rest_route=\/wp\/v2\/types\/post"}],"author":[{"embeddable":true,"href":"https:\/\/volcanes.net\/index.php?rest_route=\/wp\/v2\/users\/1"}],"replies":[{"embeddable":true,"href":"https:\/\/volcanes.net\/index.php?rest_route=%2Fwp%2Fv2%2Fcomments&post=6255"}],"version-history":[{"count":1,"href":"https:\/\/volcanes.net\/index.php?rest_route=\/wp\/v2\/posts\/6255\/revisions"}],"predecessor-version":[{"id":6258,"href":"https:\/\/volcanes.net\/index.php?rest_route=\/wp\/v2\/posts\/6255\/revisions\/6258"}],"wp:featuredmedia":[{"embeddable":true,"href":"https:\/\/volcanes.net\/index.php?rest_route=\/wp\/v2\/media\/6256"}],"wp:attachment":[{"href":"https:\/\/volcanes.net\/index.php?rest_route=%2Fwp%2Fv2%2Fmedia&parent=6255"}],"wp:term":[{"taxonomy":"category","embeddable":true,"href":"https:\/\/volcanes.net\/index.php?rest_route=%2Fwp%2Fv2%2Fcategories&post=6255"},{"taxonomy":"post_tag","embeddable":true,"href":"https:\/\/volcanes.net\/index.php?rest_route=%2Fwp%2Fv2%2Ftags&post=6255"}],"curies":[{"name":"wp","href":"https:\/\/api.w.org\/{rel}","templated":true}]}}