{"id":6260,"date":"2020-01-24T01:35:20","date_gmt":"2020-01-24T07:35:20","guid":{"rendered":"http:\/\/volcanes.net\/?p=6260"},"modified":"2020-01-24T10:29:13","modified_gmt":"2020-01-24T16:29:13","slug":"video-entrevista-con-el-padre-de-vanessa-para-grupo-volcanes-tras-la-sentencia-del-feminicida-de-su-hija","status":"publish","type":"post","link":"https:\/\/volcanes.net\/?p=6260","title":{"rendered":"VIDEO: Entrevista con el Padre de Vanessa para Grupo Volcanes tras la sentencia del feminicida de su hija"},"content":{"rendered":"<div style=\"margin-top: 0px; margin-bottom: 0px;\" class=\"sharethis-inline-share-buttons\" ><\/div><p>Atlautla, Estado de M\u00e9xico.- Ricardo Hern\u00e1ndez Cruz fue sentenciado a 70 a\u00f1os de prisi\u00f3n y 5 a\u00f1os de confinamiento, por el feminicidio de la joven Vanessa Ruiz.<br \/>\nEl conductor de la ruta 85 que fue asegurado por el feminicidio de Vanessa, la ma\u00f1ana del 2 de febrero del 2019, fue declarado culpable, imput\u00e1ndole una sentencia de 70 a\u00f1os de prisi\u00f3n.<br \/>\nAlfredo Ruiz S\u00e1nchez, padre de Vanessa, luego de casi un a\u00f1o de la muerte de su hija, narra el calvario que vivi\u00f3 en este proceso, donde finalmente se sentenci\u00f3 a este tipo sin escr\u00fapulos.<br \/>\nDio a conocer c\u00f3mo fue que sucedi\u00f3 este lamentable episodio, y los detalles de lo vivido aquella noche del 1 de Febrero del 2019. Con la voz quebrada comparti\u00f3 el gran sufrimiento que vivi\u00f3 ante la desaparici\u00f3n de su joven hija.<br \/>\nA trav\u00e9s de una Asociaci\u00f3n, el padre de Vanessa busca concientizar a otros padres y j\u00f3venes para que nunca m\u00e1s, otra familia viva lo que la familia Ruiz Guzm\u00e1n vivi\u00f3 a lo largo de todo ese tiempo, desde la desaparici\u00f3n de Vanessa hasta el d\u00eda de la sentencia del culpable. As\u00ed tambi\u00e9n pidi\u00f3 a los j\u00f3venes mantener comunicaci\u00f3n con sus padres. Y pide a los novios de las jovencitas que sean unos caballeros, tal vez esta muerte pudo haberse evitado.<\/p>\n<p>El Feminicidio de Vanessa marc\u00f3 un punto de partida de los feminicidios en la Zona de los Volcanes, ya que con el apoyo de las autoridades y de la misma sociedad, que en varias ocasiones se sumaron a los familiares para exigir justicia, hoy, por fin, despu\u00e9s de casi un a\u00f1o, lleg\u00f3.<br \/>\nLa muerte de Vanessa conmocion\u00f3 al Estado de M\u00e9xico, incluso al pa\u00eds, pues en la c\u00e1mara de diputados federal, se guard\u00f3 un minuto de silencio por la muerte de esta joven, que a punto de ser graduada de la UAEMEX, sus sue\u00f1os se truncaron.<br \/>\nCon profundo respeto y con el fin de crear conciencia entre la sociedad, presentamos esta entrevista y agradecemos a la familia por abrir las puertas de su hogar y de su coraz\u00f3n.<br \/>\n\u00a1Vanessa vive!, \u00a1Hasta pronto Vane!.<\/p>\n","protected":false},"excerpt":{"rendered":"<p>Atlautla, Estado de M\u00e9xico.- Ricardo Hern\u00e1ndez Cruz fue sentenciado a 70 a\u00f1os de prisi\u00f3n y<\/p>\n","protected":false},"author":1,"featured_media":6261,"comment_status":"open","ping_status":"open","sticky":false,"template":"","format":"standard","meta":{"footnotes":""},"categories":[3],"tags":[80,281,14,24,280],"class_list":["post-6260","post","type-post","status-publish","format-standard","has-post-thumbnail","hentry","category-estatales","tag-atlautla","tag-feminicidio","tag-ozumba","tag-uaemex","tag-vanessa","has-post-video"],"yoast_head":"<!-- This site is optimized with the Yoast SEO plugin v25.3 - https:\/\/yoast.com\/wordpress\/plugins\/seo\/ -->\n<title>VIDEO: Entrevista con el Padre de Vanessa para Grupo Volcanes tras la sentencia del feminicida de su hija - Volcanes<\/title>\n<meta name=\"robots\" content=\"index, follow, max-snippet:-1, max-image-preview:large, max-video-preview:-1\" \/>\n<link rel=\"canonical\" href=\"https:\/\/volcanes.net\/?p=6260\" \/>\n<meta property=\"og:locale\" content=\"es_MX\" \/>\n<meta property=\"og:type\" content=\"article\" \/>\n<meta property=\"og:title\" content=\"VIDEO: Entrevista con el Padre de Vanessa para Grupo Volcanes tras la sentencia del feminicida de su hija - Volcanes\" \/>\n<meta property=\"og:description\" content=\"Atlautla, Estado de M\u00e9xico.- Ricardo Hern\u00e1ndez Cruz fue sentenciado a 70 a\u00f1os de prisi\u00f3n y\" \/>\n<meta property=\"og:url\" content=\"https:\/\/volcanes.net\/?p=6260\" \/>\n<meta property=\"og:site_name\" content=\"Volcanes\" \/>\n<meta property=\"article:publisher\" content=\"https:\/\/www.facebook.com\/volcanes.net\/\" \/>\n<meta property=\"article:published_time\" content=\"2020-01-24T07:35:20+00:00\" \/>\n<meta property=\"article:modified_time\" content=\"2020-01-24T16:29:13+00:00\" \/>\n<meta property=\"og:image\" content=\"https:\/\/volcanes.net\/wp-content\/uploads\/2020\/01\/ENTREVISTA-con-el-Padre-de-Vanessa-para-Grupo-Volcanes-tras-la-sentencia-del-feminicida-de-su-hija.jpeg\" \/>\n\t<meta property=\"og:image:width\" content=\"480\" \/>\n\t<meta property=\"og:image:height\" content=\"360\" \/>\n\t<meta property=\"og:image:type\" content=\"image\/jpeg\" \/>\n<meta name=\"author\" content=\"admin\" \/>\n<meta name=\"twitter:card\" content=\"summary_large_image\" \/>\n<meta name=\"twitter:label1\" content=\"Escrito por\" \/>\n\t<meta name=\"twitter:data1\" content=\"admin\" \/>\n\t<meta name=\"twitter:label2\" content=\"Tiempo de lectura\" \/>\n\t<meta name=\"twitter:data2\" content=\"2 minutos\" \/>\n<script type=\"application\/ld+json\" class=\"yoast-schema-graph\">{\"@context\":\"https:\/\/schema.org\",\"@graph\":[{\"@type\":\"Article\",\"@id\":\"https:\/\/volcanes.net\/?p=6260#article\",\"isPartOf\":{\"@id\":\"https:\/\/volcanes.net\/?p=6260\"},\"author\":{\"name\":\"admin\",\"@id\":\"https:\/\/volcanes.net\/#\/schema\/person\/4bf0f383940966a4abd53f5048c0e6b9\"},\"headline\":\"VIDEO: Entrevista con el Padre de Vanessa para Grupo Volcanes tras la sentencia del feminicida de su hija\",\"datePublished\":\"2020-01-24T07:35:20+00:00\",\"dateModified\":\"2020-01-24T16:29:13+00:00\",\"mainEntityOfPage\":{\"@id\":\"https:\/\/volcanes.net\/?p=6260\"},\"wordCount\":390,\"commentCount\":0,\"publisher\":{\"@id\":\"https:\/\/volcanes.net\/#organization\"},\"image\":{\"@id\":\"https:\/\/volcanes.net\/?p=6260#primaryimage\"},\"thumbnailUrl\":\"https:\/\/volcanes.net\/wp-content\/uploads\/2020\/01\/ENTREVISTA-con-el-Padre-de-Vanessa-para-Grupo-Volcanes-tras-la-sentencia-del-feminicida-de-su-hija.jpeg\",\"keywords\":[\"Atlautla\",\"Feminicidio\",\"Ozumba\",\"UAEMEX\",\"Vanessa\"],\"articleSection\":[\"Estatales\"],\"inLanguage\":\"es\",\"potentialAction\":[{\"@type\":\"CommentAction\",\"name\":\"Comment\",\"target\":[\"https:\/\/volcanes.net\/?p=6260#respond\"]}]},{\"@type\":\"WebPage\",\"@id\":\"https:\/\/volcanes.net\/?p=6260\",\"url\":\"https:\/\/volcanes.net\/?p=6260\",\"name\":\"VIDEO: Entrevista con el Padre de Vanessa para Grupo Volcanes tras la sentencia del feminicida de su hija - Volcanes\",\"isPartOf\":{\"@id\":\"https:\/\/volcanes.net\/#website\"},\"primaryImageOfPage\":{\"@id\":\"https:\/\/volcanes.net\/?p=6260#primaryimage\"},\"image\":{\"@id\":\"https:\/\/volcanes.net\/?p=6260#primaryimage\"},\"thumbnailUrl\":\"https:\/\/volcanes.net\/wp-content\/uploads\/2020\/01\/ENTREVISTA-con-el-Padre-de-Vanessa-para-Grupo-Volcanes-tras-la-sentencia-del-feminicida-de-su-hija.jpeg\",\"datePublished\":\"2020-01-24T07:35:20+00:00\",\"dateModified\":\"2020-01-24T16:29:13+00:00\",\"breadcrumb\":{\"@id\":\"https:\/\/volcanes.net\/?p=6260#breadcrumb\"},\"inLanguage\":\"es\",\"potentialAction\":[{\"@type\":\"ReadAction\",\"target\":[\"https:\/\/volcanes.net\/?p=6260\"]}]},{\"@type\":\"ImageObject\",\"inLanguage\":\"es\",\"@id\":\"https:\/\/volcanes.net\/?p=6260#primaryimage\",\"url\":\"https:\/\/volcanes.net\/wp-content\/uploads\/2020\/01\/ENTREVISTA-con-el-Padre-de-Vanessa-para-Grupo-Volcanes-tras-la-sentencia-del-feminicida-de-su-hija.jpeg\",\"contentUrl\":\"https:\/\/volcanes.net\/wp-content\/uploads\/2020\/01\/ENTREVISTA-con-el-Padre-de-Vanessa-para-Grupo-Volcanes-tras-la-sentencia-del-feminicida-de-su-hija.jpeg\",\"width\":480,\"height\":360},{\"@type\":\"BreadcrumbList\",\"@id\":\"https:\/\/volcanes.net\/?p=6260#breadcrumb\",\"itemListElement\":[{\"@type\":\"ListItem\",\"position\":1,\"name\":\"Portada\",\"item\":\"https:\/\/volcanes.net\/\"},{\"@type\":\"ListItem\",\"position\":2,\"name\":\"VIDEO: Entrevista con el Padre de Vanessa para Grupo Volcanes tras la sentencia del feminicida de su hija\"}]},{\"@type\":\"WebSite\",\"@id\":\"https:\/\/volcanes.net\/#website\",\"url\":\"https:\/\/volcanes.net\/\",\"name\":\"Volcanes.Net\",\"description\":\"Periodismo Profesional\",\"publisher\":{\"@id\":\"https:\/\/volcanes.net\/#organization\"},\"potentialAction\":[{\"@type\":\"SearchAction\",\"target\":{\"@type\":\"EntryPoint\",\"urlTemplate\":\"https:\/\/volcanes.net\/?s={search_term_string}\"},\"query-input\":{\"@type\":\"PropertyValueSpecification\",\"valueRequired\":true,\"valueName\":\"search_term_string\"}}],\"inLanguage\":\"es\"},{\"@type\":\"Organization\",\"@id\":\"https:\/\/volcanes.net\/#organization\",\"name\":\"Grupo Volcanes\",\"url\":\"https:\/\/volcanes.net\/\",\"logo\":{\"@type\":\"ImageObject\",\"inLanguage\":\"es\",\"@id\":\"https:\/\/volcanes.net\/#\/schema\/logo\/image\/\",\"url\":\"http:\/\/volcanes.net\/wp-content\/uploads\/2017\/12\/Avatar2.jpg\",\"contentUrl\":\"http:\/\/volcanes.net\/wp-content\/uploads\/2017\/12\/Avatar2.jpg\",\"width\":378,\"height\":378,\"caption\":\"Grupo Volcanes\"},\"image\":{\"@id\":\"https:\/\/volcanes.net\/#\/schema\/logo\/image\/\"},\"sameAs\":[\"https:\/\/www.facebook.com\/volcanes.net\/\"]},{\"@type\":\"Person\",\"@id\":\"https:\/\/volcanes.net\/#\/schema\/person\/4bf0f383940966a4abd53f5048c0e6b9\",\"name\":\"admin\",\"image\":{\"@type\":\"ImageObject\",\"inLanguage\":\"es\",\"@id\":\"https:\/\/volcanes.net\/#\/schema\/person\/image\/\",\"url\":\"https:\/\/secure.gravatar.com\/avatar\/ca004e6cba8462b8cb7abc86e382930c?s=96&d=mm&r=g\",\"contentUrl\":\"https:\/\/secure.gravatar.com\/avatar\/ca004e6cba8462b8cb7abc86e382930c?s=96&d=mm&r=g\",\"caption\":\"admin\"}}]}<\/script>\n<!-- \/ Yoast SEO plugin. -->","yoast_head_json":{"title":"VIDEO: Entrevista con el Padre de Vanessa para Grupo Volcanes tras la sentencia del feminicida de su hija - Volcanes","robots":{"index":"index","follow":"follow","max-snippet":"max-snippet:-1","max-image-preview":"max-image-preview:large","max-video-preview":"max-video-preview:-1"},"canonical":"https:\/\/volcanes.net\/?p=6260","og_locale":"es_MX","og_type":"article","og_title":"VIDEO: Entrevista con el Padre de Vanessa para Grupo Volcanes tras la sentencia del feminicida de su hija - Volcanes","og_description":"Atlautla, Estado de M\u00e9xico.- Ricardo Hern\u00e1ndez Cruz fue sentenciado a 70 a\u00f1os de prisi\u00f3n y","og_url":"https:\/\/volcanes.net\/?p=6260","og_site_name":"Volcanes","article_publisher":"https:\/\/www.facebook.com\/volcanes.net\/","article_published_time":"2020-01-24T07:35:20+00:00","article_modified_time":"2020-01-24T16:29:13+00:00","og_image":[{"width":480,"height":360,"url":"https:\/\/volcanes.net\/wp-content\/uploads\/2020\/01\/ENTREVISTA-con-el-Padre-de-Vanessa-para-Grupo-Volcanes-tras-la-sentencia-del-feminicida-de-su-hija.jpeg","type":"image\/jpeg"}],"author":"admin","twitter_card":"summary_large_image","twitter_misc":{"Escrito por":"admin","Tiempo de lectura":"2 minutos"},"schema":{"@context":"https:\/\/schema.org","@graph":[{"@type":"Article","@id":"https:\/\/volcanes.net\/?p=6260#article","isPartOf":{"@id":"https:\/\/volcanes.net\/?p=6260"},"author":{"name":"admin","@id":"https:\/\/volcanes.net\/#\/schema\/person\/4bf0f383940966a4abd53f5048c0e6b9"},"headline":"VIDEO: Entrevista con el Padre de Vanessa para Grupo Volcanes tras la sentencia del feminicida de su hija","datePublished":"2020-01-24T07:35:20+00:00","dateModified":"2020-01-24T16:29:13+00:00","mainEntityOfPage":{"@id":"https:\/\/volcanes.net\/?p=6260"},"wordCount":390,"commentCount":0,"publisher":{"@id":"https:\/\/volcanes.net\/#organization"},"image":{"@id":"https:\/\/volcanes.net\/?p=6260#primaryimage"},"thumbnailUrl":"https:\/\/volcanes.net\/wp-content\/uploads\/2020\/01\/ENTREVISTA-con-el-Padre-de-Vanessa-para-Grupo-Volcanes-tras-la-sentencia-del-feminicida-de-su-hija.jpeg","keywords":["Atlautla","Feminicidio","Ozumba","UAEMEX","Vanessa"],"articleSection":["Estatales"],"inLanguage":"es","potentialAction":[{"@type":"CommentAction","name":"Comment","target":["https:\/\/volcanes.net\/?p=6260#respond"]}]},{"@type":"WebPage","@id":"https:\/\/volcanes.net\/?p=6260","url":"https:\/\/volcanes.net\/?p=6260","name":"VIDEO: Entrevista con el Padre de Vanessa para Grupo Volcanes tras la sentencia del feminicida de su hija - Volcanes","isPartOf":{"@id":"https:\/\/volcanes.net\/#website"},"primaryImageOfPage":{"@id":"https:\/\/volcanes.net\/?p=6260#primaryimage"},"image":{"@id":"https:\/\/volcanes.net\/?p=6260#primaryimage"},"thumbnailUrl":"https:\/\/volcanes.net\/wp-content\/uploads\/2020\/01\/ENTREVISTA-con-el-Padre-de-Vanessa-para-Grupo-Volcanes-tras-la-sentencia-del-feminicida-de-su-hija.jpeg","datePublished":"2020-01-24T07:35:20+00:00","dateModified":"2020-01-24T16:29:13+00:00","breadcrumb":{"@id":"https:\/\/volcanes.net\/?p=6260#breadcrumb"},"inLanguage":"es","potentialAction":[{"@type":"ReadAction","target":["https:\/\/volcanes.net\/?p=6260"]}]},{"@type":"ImageObject","inLanguage":"es","@id":"https:\/\/volcanes.net\/?p=6260#primaryimage","url":"https:\/\/volcanes.net\/wp-content\/uploads\/2020\/01\/ENTREVISTA-con-el-Padre-de-Vanessa-para-Grupo-Volcanes-tras-la-sentencia-del-feminicida-de-su-hija.jpeg","contentUrl":"https:\/\/volcanes.net\/wp-content\/uploads\/2020\/01\/ENTREVISTA-con-el-Padre-de-Vanessa-para-Grupo-Volcanes-tras-la-sentencia-del-feminicida-de-su-hija.jpeg","width":480,"height":360},{"@type":"BreadcrumbList","@id":"https:\/\/volcanes.net\/?p=6260#breadcrumb","itemListElement":[{"@type":"ListItem","position":1,"name":"Portada","item":"https:\/\/volcanes.net\/"},{"@type":"ListItem","position":2,"name":"VIDEO: Entrevista con el Padre de Vanessa para Grupo Volcanes tras la sentencia del feminicida de su hija"}]},{"@type":"WebSite","@id":"https:\/\/volcanes.net\/#website","url":"https:\/\/volcanes.net\/","name":"Volcanes.Net","description":"Periodismo Profesional","publisher":{"@id":"https:\/\/volcanes.net\/#organization"},"potentialAction":[{"@type":"SearchAction","target":{"@type":"EntryPoint","urlTemplate":"https:\/\/volcanes.net\/?s={search_term_string}"},"query-input":{"@type":"PropertyValueSpecification","valueRequired":true,"valueName":"search_term_string"}}],"inLanguage":"es"},{"@type":"Organization","@id":"https:\/\/volcanes.net\/#organization","name":"Grupo Volcanes","url":"https:\/\/volcanes.net\/","logo":{"@type":"ImageObject","inLanguage":"es","@id":"https:\/\/volcanes.net\/#\/schema\/logo\/image\/","url":"http:\/\/volcanes.net\/wp-content\/uploads\/2017\/12\/Avatar2.jpg","contentUrl":"http:\/\/volcanes.net\/wp-content\/uploads\/2017\/12\/Avatar2.jpg","width":378,"height":378,"caption":"Grupo Volcanes"},"image":{"@id":"https:\/\/volcanes.net\/#\/schema\/logo\/image\/"},"sameAs":["https:\/\/www.facebook.com\/volcanes.net\/"]},{"@type":"Person","@id":"https:\/\/volcanes.net\/#\/schema\/person\/4bf0f383940966a4abd53f5048c0e6b9","name":"admin","image":{"@type":"ImageObject","inLanguage":"es","@id":"https:\/\/volcanes.net\/#\/schema\/person\/image\/","url":"https:\/\/secure.gravatar.com\/avatar\/ca004e6cba8462b8cb7abc86e382930c?s=96&d=mm&r=g","contentUrl":"https:\/\/secure.gravatar.com\/avatar\/ca004e6cba8462b8cb7abc86e382930c?s=96&d=mm&r=g","caption":"admin"}}]}},"_links":{"self":[{"href":"https:\/\/volcanes.net\/index.php?rest_route=\/wp\/v2\/posts\/6260"}],"collection":[{"href":"https:\/\/volcanes.net\/index.php?rest_route=\/wp\/v2\/posts"}],"about":[{"href":"https:\/\/volcanes.net\/index.php?rest_route=\/wp\/v2\/types\/post"}],"author":[{"embeddable":true,"href":"https:\/\/volcanes.net\/index.php?rest_route=\/wp\/v2\/users\/1"}],"replies":[{"embeddable":true,"href":"https:\/\/volcanes.net\/index.php?rest_route=%2Fwp%2Fv2%2Fcomments&post=6260"}],"version-history":[{"count":4,"href":"https:\/\/volcanes.net\/index.php?rest_route=\/wp\/v2\/posts\/6260\/revisions"}],"predecessor-version":[{"id":6265,"href":"https:\/\/volcanes.net\/index.php?rest_route=\/wp\/v2\/posts\/6260\/revisions\/6265"}],"wp:featuredmedia":[{"embeddable":true,"href":"https:\/\/volcanes.net\/index.php?rest_route=\/wp\/v2\/media\/6261"}],"wp:attachment":[{"href":"https:\/\/volcanes.net\/index.php?rest_route=%2Fwp%2Fv2%2Fmedia&parent=6260"}],"wp:term":[{"taxonomy":"category","embeddable":true,"href":"https:\/\/volcanes.net\/index.php?rest_route=%2Fwp%2Fv2%2Fcategories&post=6260"},{"taxonomy":"post_tag","embeddable":true,"href":"https:\/\/volcanes.net\/index.php?rest_route=%2Fwp%2Fv2%2Ftags&post=6260"}],"curies":[{"name":"wp","href":"https:\/\/api.w.org\/{rel}","templated":true}]}}