{"id":627,"date":"2018-01-21T00:04:36","date_gmt":"2018-01-21T00:04:36","guid":{"rendered":"http:\/\/volcanes.net\/?p=627"},"modified":"2018-01-21T00:04:36","modified_gmt":"2018-01-21T00:04:36","slug":"70-de-los-servidores-publicos-considera-que-existe-una-politica-de-igualdad-laboral-en-el-edomex","status":"publish","type":"post","link":"https:\/\/volcanes.net\/?p=627","title":{"rendered":"70% de los servidores p\u00fablicos considera que existe una pol\u00edtica de igualdad laboral en el Edom\u00e9x"},"content":{"rendered":"<div style=\"margin-top: 0px; margin-bottom: 0px;\" class=\"sharethis-inline-share-buttons\" ><\/div><p>M\u00e1s del 70 por ciento de quienes laboran en dependencias p\u00fablicas considera que existe una pol\u00edtica de igualdad laboral y sin discriminaci\u00f3n, as\u00ed lo constat\u00f3 el Consejo Estatal de la Mujer y Bienestar Social (<strong>CEMyBS<\/strong>) tras aplicar un cuestionario especializado al interior de diferentes dependencias de la administraci\u00f3n p\u00fablica como parte de las acciones realizadas a trav\u00e9s de la Alerta de Violencia de G\u00e9nero en la entidad.<\/p>\n<p>Melissa Vargas, vocal ejecutiva del CEMyBS, destac\u00f3 que este ejercicio impulsa y garantiza al interior de la administraci\u00f3n p\u00fablica, la construcci\u00f3n de igualdad sustantiva entre mujeres y hombres.<\/p>\n<p>Durante el ejercicio, se encuestaron a 735 servidores p\u00fablicos de diferentes secretar\u00edas e instituciones tambi\u00e9n con la finalidad de constatar que exista un mejor trato hacia la ciudadan\u00eda que es atendida diariamente por las dependencias estatales.<\/p>\n<p>En las mesas de trabajo del programa de \u201cCultura Institucional para la Igualdad entre Mujeres y Hombres de la Administraci\u00f3n P\u00fablica del Estado de M\u00e9xico\u201d, Melissa Vargas asegur\u00f3 que para el gobernador Alfredo Del Mazo es una prioridad erradicar la desigualdad de g\u00e9nero, as\u00ed como los problemas que \u00e9sta conlleva.<\/p>\n<p>El CEMyBS dio a conocer que con este programa se trabaja de manera espec\u00edfica en la capacitaci\u00f3n y asesoramiento del personal, donde tambi\u00e9n participan los ayuntamientos, la Fiscal\u00eda General de Justicia estatal, la Secretar\u00eda de Justicia y Derechos Humanos, as\u00ed como las dependencia sanitaria involucradas en temas de violencia de g\u00e9nero.<\/p>\n","protected":false},"excerpt":{"rendered":"<p>M\u00e1s del 70 por ciento de quienes laboran en dependencias p\u00fablicas considera que existe una<\/p>\n","protected":false},"author":1,"featured_media":618,"comment_status":"open","ping_status":"open","sticky":false,"template":"","format":"standard","meta":{"footnotes":""},"categories":[3],"tags":[4],"class_list":["post-627","post","type-post","status-publish","format-standard","has-post-thumbnail","hentry","category-estatales","tag-gobierno-del-estado-de-mexico"],"yoast_head":"<!-- This site is optimized with the Yoast SEO plugin v25.3 - https:\/\/yoast.com\/wordpress\/plugins\/seo\/ -->\n<title>70% de los servidores p\u00fablicos considera que existe una pol\u00edtica de igualdad laboral en el Edom\u00e9x - Volcanes<\/title>\n<meta name=\"robots\" content=\"index, follow, max-snippet:-1, max-image-preview:large, max-video-preview:-1\" \/>\n<link rel=\"canonical\" href=\"https:\/\/volcanes.net\/?p=627\" \/>\n<meta property=\"og:locale\" content=\"es_MX\" \/>\n<meta property=\"og:type\" content=\"article\" \/>\n<meta property=\"og:title\" content=\"70% de los servidores p\u00fablicos considera que existe una pol\u00edtica de igualdad laboral en el Edom\u00e9x - Volcanes\" \/>\n<meta property=\"og:description\" content=\"M\u00e1s del 70 por ciento de quienes laboran en dependencias p\u00fablicas considera que existe una\" \/>\n<meta property=\"og:url\" content=\"https:\/\/volcanes.net\/?p=627\" \/>\n<meta property=\"og:site_name\" content=\"Volcanes\" \/>\n<meta property=\"article:publisher\" content=\"https:\/\/www.facebook.com\/volcanes.net\/\" \/>\n<meta property=\"article:published_time\" content=\"2018-01-21T00:04:36+00:00\" \/>\n<meta property=\"og:image\" content=\"https:\/\/volcanes.net\/wp-content\/uploads\/2018\/01\/Igualdad-laboral-2w-1.jpg\" \/>\n\t<meta property=\"og:image:width\" content=\"680\" \/>\n\t<meta property=\"og:image:height\" content=\"510\" \/>\n\t<meta property=\"og:image:type\" content=\"image\/jpeg\" \/>\n<meta name=\"author\" content=\"admin\" \/>\n<meta name=\"twitter:card\" content=\"summary_large_image\" \/>\n<meta name=\"twitter:label1\" content=\"Escrito por\" \/>\n\t<meta name=\"twitter:data1\" content=\"admin\" \/>\n\t<meta name=\"twitter:label2\" content=\"Tiempo de lectura\" \/>\n\t<meta name=\"twitter:data2\" content=\"1 minuto\" \/>\n<script type=\"application\/ld+json\" class=\"yoast-schema-graph\">{\"@context\":\"https:\/\/schema.org\",\"@graph\":[{\"@type\":\"Article\",\"@id\":\"https:\/\/volcanes.net\/?p=627#article\",\"isPartOf\":{\"@id\":\"https:\/\/volcanes.net\/?p=627\"},\"author\":{\"name\":\"admin\",\"@id\":\"https:\/\/volcanes.net\/#\/schema\/person\/4bf0f383940966a4abd53f5048c0e6b9\"},\"headline\":\"70% de los servidores p\u00fablicos considera que existe una pol\u00edtica de igualdad laboral en el Edom\u00e9x\",\"datePublished\":\"2018-01-21T00:04:36+00:00\",\"mainEntityOfPage\":{\"@id\":\"https:\/\/volcanes.net\/?p=627\"},\"wordCount\":273,\"commentCount\":0,\"publisher\":{\"@id\":\"https:\/\/volcanes.net\/#organization\"},\"image\":{\"@id\":\"https:\/\/volcanes.net\/?p=627#primaryimage\"},\"thumbnailUrl\":\"https:\/\/volcanes.net\/wp-content\/uploads\/2018\/01\/Igualdad-laboral-2w-1.jpg\",\"keywords\":[\"Gobierno del Estado de M\u00e9xico\"],\"articleSection\":[\"Estatales\"],\"inLanguage\":\"es\",\"potentialAction\":[{\"@type\":\"CommentAction\",\"name\":\"Comment\",\"target\":[\"https:\/\/volcanes.net\/?p=627#respond\"]}]},{\"@type\":\"WebPage\",\"@id\":\"https:\/\/volcanes.net\/?p=627\",\"url\":\"https:\/\/volcanes.net\/?p=627\",\"name\":\"70% de los servidores p\u00fablicos considera que existe una pol\u00edtica de igualdad laboral en el Edom\u00e9x - Volcanes\",\"isPartOf\":{\"@id\":\"https:\/\/volcanes.net\/#website\"},\"primaryImageOfPage\":{\"@id\":\"https:\/\/volcanes.net\/?p=627#primaryimage\"},\"image\":{\"@id\":\"https:\/\/volcanes.net\/?p=627#primaryimage\"},\"thumbnailUrl\":\"https:\/\/volcanes.net\/wp-content\/uploads\/2018\/01\/Igualdad-laboral-2w-1.jpg\",\"datePublished\":\"2018-01-21T00:04:36+00:00\",\"breadcrumb\":{\"@id\":\"https:\/\/volcanes.net\/?p=627#breadcrumb\"},\"inLanguage\":\"es\",\"potentialAction\":[{\"@type\":\"ReadAction\",\"target\":[\"https:\/\/volcanes.net\/?p=627\"]}]},{\"@type\":\"ImageObject\",\"inLanguage\":\"es\",\"@id\":\"https:\/\/volcanes.net\/?p=627#primaryimage\",\"url\":\"https:\/\/volcanes.net\/wp-content\/uploads\/2018\/01\/Igualdad-laboral-2w-1.jpg\",\"contentUrl\":\"https:\/\/volcanes.net\/wp-content\/uploads\/2018\/01\/Igualdad-laboral-2w-1.jpg\",\"width\":680,\"height\":510},{\"@type\":\"BreadcrumbList\",\"@id\":\"https:\/\/volcanes.net\/?p=627#breadcrumb\",\"itemListElement\":[{\"@type\":\"ListItem\",\"position\":1,\"name\":\"Portada\",\"item\":\"https:\/\/volcanes.net\/\"},{\"@type\":\"ListItem\",\"position\":2,\"name\":\"70% de los servidores p\u00fablicos considera que existe una pol\u00edtica de igualdad laboral en el Edom\u00e9x\"}]},{\"@type\":\"WebSite\",\"@id\":\"https:\/\/volcanes.net\/#website\",\"url\":\"https:\/\/volcanes.net\/\",\"name\":\"Volcanes.Net\",\"description\":\"Periodismo Profesional\",\"publisher\":{\"@id\":\"https:\/\/volcanes.net\/#organization\"},\"potentialAction\":[{\"@type\":\"SearchAction\",\"target\":{\"@type\":\"EntryPoint\",\"urlTemplate\":\"https:\/\/volcanes.net\/?s={search_term_string}\"},\"query-input\":{\"@type\":\"PropertyValueSpecification\",\"valueRequired\":true,\"valueName\":\"search_term_string\"}}],\"inLanguage\":\"es\"},{\"@type\":\"Organization\",\"@id\":\"https:\/\/volcanes.net\/#organization\",\"name\":\"Grupo Volcanes\",\"url\":\"https:\/\/volcanes.net\/\",\"logo\":{\"@type\":\"ImageObject\",\"inLanguage\":\"es\",\"@id\":\"https:\/\/volcanes.net\/#\/schema\/logo\/image\/\",\"url\":\"http:\/\/volcanes.net\/wp-content\/uploads\/2017\/12\/Avatar2.jpg\",\"contentUrl\":\"http:\/\/volcanes.net\/wp-content\/uploads\/2017\/12\/Avatar2.jpg\",\"width\":378,\"height\":378,\"caption\":\"Grupo Volcanes\"},\"image\":{\"@id\":\"https:\/\/volcanes.net\/#\/schema\/logo\/image\/\"},\"sameAs\":[\"https:\/\/www.facebook.com\/volcanes.net\/\"]},{\"@type\":\"Person\",\"@id\":\"https:\/\/volcanes.net\/#\/schema\/person\/4bf0f383940966a4abd53f5048c0e6b9\",\"name\":\"admin\",\"image\":{\"@type\":\"ImageObject\",\"inLanguage\":\"es\",\"@id\":\"https:\/\/volcanes.net\/#\/schema\/person\/image\/\",\"url\":\"https:\/\/secure.gravatar.com\/avatar\/ca004e6cba8462b8cb7abc86e382930c?s=96&d=mm&r=g\",\"contentUrl\":\"https:\/\/secure.gravatar.com\/avatar\/ca004e6cba8462b8cb7abc86e382930c?s=96&d=mm&r=g\",\"caption\":\"admin\"}}]}<\/script>\n<!-- \/ Yoast SEO plugin. -->","yoast_head_json":{"title":"70% de los servidores p\u00fablicos considera que existe una pol\u00edtica de igualdad laboral en el Edom\u00e9x - Volcanes","robots":{"index":"index","follow":"follow","max-snippet":"max-snippet:-1","max-image-preview":"max-image-preview:large","max-video-preview":"max-video-preview:-1"},"canonical":"https:\/\/volcanes.net\/?p=627","og_locale":"es_MX","og_type":"article","og_title":"70% de los servidores p\u00fablicos considera que existe una pol\u00edtica de igualdad laboral en el Edom\u00e9x - Volcanes","og_description":"M\u00e1s del 70 por ciento de quienes laboran en dependencias p\u00fablicas considera que existe una","og_url":"https:\/\/volcanes.net\/?p=627","og_site_name":"Volcanes","article_publisher":"https:\/\/www.facebook.com\/volcanes.net\/","article_published_time":"2018-01-21T00:04:36+00:00","og_image":[{"width":680,"height":510,"url":"https:\/\/volcanes.net\/wp-content\/uploads\/2018\/01\/Igualdad-laboral-2w-1.jpg","type":"image\/jpeg"}],"author":"admin","twitter_card":"summary_large_image","twitter_misc":{"Escrito por":"admin","Tiempo de lectura":"1 minuto"},"schema":{"@context":"https:\/\/schema.org","@graph":[{"@type":"Article","@id":"https:\/\/volcanes.net\/?p=627#article","isPartOf":{"@id":"https:\/\/volcanes.net\/?p=627"},"author":{"name":"admin","@id":"https:\/\/volcanes.net\/#\/schema\/person\/4bf0f383940966a4abd53f5048c0e6b9"},"headline":"70% de los servidores p\u00fablicos considera que existe una pol\u00edtica de igualdad laboral en el Edom\u00e9x","datePublished":"2018-01-21T00:04:36+00:00","mainEntityOfPage":{"@id":"https:\/\/volcanes.net\/?p=627"},"wordCount":273,"commentCount":0,"publisher":{"@id":"https:\/\/volcanes.net\/#organization"},"image":{"@id":"https:\/\/volcanes.net\/?p=627#primaryimage"},"thumbnailUrl":"https:\/\/volcanes.net\/wp-content\/uploads\/2018\/01\/Igualdad-laboral-2w-1.jpg","keywords":["Gobierno del Estado de M\u00e9xico"],"articleSection":["Estatales"],"inLanguage":"es","potentialAction":[{"@type":"CommentAction","name":"Comment","target":["https:\/\/volcanes.net\/?p=627#respond"]}]},{"@type":"WebPage","@id":"https:\/\/volcanes.net\/?p=627","url":"https:\/\/volcanes.net\/?p=627","name":"70% de los servidores p\u00fablicos considera que existe una pol\u00edtica de igualdad laboral en el Edom\u00e9x - Volcanes","isPartOf":{"@id":"https:\/\/volcanes.net\/#website"},"primaryImageOfPage":{"@id":"https:\/\/volcanes.net\/?p=627#primaryimage"},"image":{"@id":"https:\/\/volcanes.net\/?p=627#primaryimage"},"thumbnailUrl":"https:\/\/volcanes.net\/wp-content\/uploads\/2018\/01\/Igualdad-laboral-2w-1.jpg","datePublished":"2018-01-21T00:04:36+00:00","breadcrumb":{"@id":"https:\/\/volcanes.net\/?p=627#breadcrumb"},"inLanguage":"es","potentialAction":[{"@type":"ReadAction","target":["https:\/\/volcanes.net\/?p=627"]}]},{"@type":"ImageObject","inLanguage":"es","@id":"https:\/\/volcanes.net\/?p=627#primaryimage","url":"https:\/\/volcanes.net\/wp-content\/uploads\/2018\/01\/Igualdad-laboral-2w-1.jpg","contentUrl":"https:\/\/volcanes.net\/wp-content\/uploads\/2018\/01\/Igualdad-laboral-2w-1.jpg","width":680,"height":510},{"@type":"BreadcrumbList","@id":"https:\/\/volcanes.net\/?p=627#breadcrumb","itemListElement":[{"@type":"ListItem","position":1,"name":"Portada","item":"https:\/\/volcanes.net\/"},{"@type":"ListItem","position":2,"name":"70% de los servidores p\u00fablicos considera que existe una pol\u00edtica de igualdad laboral en el Edom\u00e9x"}]},{"@type":"WebSite","@id":"https:\/\/volcanes.net\/#website","url":"https:\/\/volcanes.net\/","name":"Volcanes.Net","description":"Periodismo Profesional","publisher":{"@id":"https:\/\/volcanes.net\/#organization"},"potentialAction":[{"@type":"SearchAction","target":{"@type":"EntryPoint","urlTemplate":"https:\/\/volcanes.net\/?s={search_term_string}"},"query-input":{"@type":"PropertyValueSpecification","valueRequired":true,"valueName":"search_term_string"}}],"inLanguage":"es"},{"@type":"Organization","@id":"https:\/\/volcanes.net\/#organization","name":"Grupo Volcanes","url":"https:\/\/volcanes.net\/","logo":{"@type":"ImageObject","inLanguage":"es","@id":"https:\/\/volcanes.net\/#\/schema\/logo\/image\/","url":"http:\/\/volcanes.net\/wp-content\/uploads\/2017\/12\/Avatar2.jpg","contentUrl":"http:\/\/volcanes.net\/wp-content\/uploads\/2017\/12\/Avatar2.jpg","width":378,"height":378,"caption":"Grupo Volcanes"},"image":{"@id":"https:\/\/volcanes.net\/#\/schema\/logo\/image\/"},"sameAs":["https:\/\/www.facebook.com\/volcanes.net\/"]},{"@type":"Person","@id":"https:\/\/volcanes.net\/#\/schema\/person\/4bf0f383940966a4abd53f5048c0e6b9","name":"admin","image":{"@type":"ImageObject","inLanguage":"es","@id":"https:\/\/volcanes.net\/#\/schema\/person\/image\/","url":"https:\/\/secure.gravatar.com\/avatar\/ca004e6cba8462b8cb7abc86e382930c?s=96&d=mm&r=g","contentUrl":"https:\/\/secure.gravatar.com\/avatar\/ca004e6cba8462b8cb7abc86e382930c?s=96&d=mm&r=g","caption":"admin"}}]}},"_links":{"self":[{"href":"https:\/\/volcanes.net\/index.php?rest_route=\/wp\/v2\/posts\/627"}],"collection":[{"href":"https:\/\/volcanes.net\/index.php?rest_route=\/wp\/v2\/posts"}],"about":[{"href":"https:\/\/volcanes.net\/index.php?rest_route=\/wp\/v2\/types\/post"}],"author":[{"embeddable":true,"href":"https:\/\/volcanes.net\/index.php?rest_route=\/wp\/v2\/users\/1"}],"replies":[{"embeddable":true,"href":"https:\/\/volcanes.net\/index.php?rest_route=%2Fwp%2Fv2%2Fcomments&post=627"}],"version-history":[{"count":1,"href":"https:\/\/volcanes.net\/index.php?rest_route=\/wp\/v2\/posts\/627\/revisions"}],"predecessor-version":[{"id":628,"href":"https:\/\/volcanes.net\/index.php?rest_route=\/wp\/v2\/posts\/627\/revisions\/628"}],"wp:featuredmedia":[{"embeddable":true,"href":"https:\/\/volcanes.net\/index.php?rest_route=\/wp\/v2\/media\/618"}],"wp:attachment":[{"href":"https:\/\/volcanes.net\/index.php?rest_route=%2Fwp%2Fv2%2Fmedia&parent=627"}],"wp:term":[{"taxonomy":"category","embeddable":true,"href":"https:\/\/volcanes.net\/index.php?rest_route=%2Fwp%2Fv2%2Fcategories&post=627"},{"taxonomy":"post_tag","embeddable":true,"href":"https:\/\/volcanes.net\/index.php?rest_route=%2Fwp%2Fv2%2Ftags&post=627"}],"curies":[{"name":"wp","href":"https:\/\/api.w.org\/{rel}","templated":true}]}}