{"id":6277,"date":"2020-01-27T00:13:22","date_gmt":"2020-01-27T06:13:22","guid":{"rendered":"http:\/\/volcanes.net\/?p=6277"},"modified":"2020-01-27T00:13:22","modified_gmt":"2020-01-27T06:13:22","slug":"video-entregan-la-calle-colima-en-atlautla","status":"publish","type":"post","link":"https:\/\/volcanes.net\/?p=6277","title":{"rendered":"VIDEO: Entregan la calle Colima en Atlautla"},"content":{"rendered":"<div style=\"margin-top: 0px; margin-bottom: 0px;\" class=\"sharethis-inline-share-buttons\" ><\/div><blockquote><p>Se acord\u00f3 con las constructoras para que contraten a los vecinos de Atlautla para el trabajo temporal<\/p><\/blockquote>\n<p>Atlautla, Estado de M\u00e9xico.- Se entrega Calle Colima con una inversi\u00f3n de un mill\u00f3n 400 mil pesos, en el municipio de Atlautla, por parte del Presidente Municipal, Hermenegildo Lozada Amaro, que beneficiar\u00e1 adem\u00e1s de los vecinos de dicha calle, tambi\u00e9n a los estudiantes del CBTA 290 de Atlautla.<\/p>\n<p>En presencia de los vecinos y de la Diputada Federal, Graciela S\u00e1nchez Ort\u00edz, se inaugur\u00f3 la Calle Colima que estaba en total abandono, a pesar de ser una v\u00eda de acceso a esta escuela, sin embargo, estaba obscura y era pr\u00e1cticamente un callej\u00f3n, por lo que ya era una demanda ciudadana, pero sobre todo, un proyecto de vialidad de la Administraci\u00f3n de Lozada Amaro, quien ahora se congratula con los vecinos que reciben un apoyo m\u00e1s en favor la mejora en su nivel de vida, se han visto beneficiados con la construcci\u00f3n de cuartos dormitorio y cuartos cocina, debido a que varios de ellos viv\u00edan en malas condiciones.<\/p>\n<p>Cabe indicar que adem\u00e1s del beneficio de la calle, se acord\u00f3 con las constructoras para que contraten a los vecinos de Atlautla para el trabajo temporal, pues en cada obra entregada en este municipio han sido los propios vecinos quienes realizaron la mano de obra, recibiendo un sueldo por su trabajo para el apoyo econ\u00f3mico de sus familias.<\/p>\n<p>As\u00ed estamos trabajando para mejorar la calidad de vida de nuestros ciudadanos y en la seguridad de ellos, por eso dedicamos tanto apoyos directos como obra p\u00fablica con la misma importancia, mencion\u00f3 el edil atlautlense.<\/p>\n<p>Por su parte la Diputada Federal por el distrito 21, Graciela S\u00e1nchez Ort\u00edz, manifest\u00f3 estar satisfecha al ver que se est\u00e1n ejerciendo los recursos y canalizando a quienes m\u00e1s los necesitan y prueba de ello es esta Calle Colima. Pues el Gobierno Federal, que encabeza Andr\u00e9s Manuel L\u00f3pez Obrador, cuenta con que los beneficios se otorguen directamente a los ciudadanos vulnerables, sin distinci\u00f3n.<\/p>\n","protected":false},"excerpt":{"rendered":"<p>Se acord\u00f3 con las constructoras para que contraten a los vecinos de Atlautla para el<\/p>\n","protected":false},"author":1,"featured_media":6278,"comment_status":"open","ping_status":"open","sticky":false,"template":"","format":"standard","meta":{"footnotes":""},"categories":[1],"tags":[80,265],"class_list":["post-6277","post","type-post","status-publish","format-standard","has-post-thumbnail","hentry","category-municipales","tag-atlautla","tag-grupovolcanes","has-post-video"],"yoast_head":"<!-- This site is optimized with the Yoast SEO plugin v25.3 - https:\/\/yoast.com\/wordpress\/plugins\/seo\/ -->\n<title>VIDEO: Entregan la calle Colima en Atlautla - Volcanes<\/title>\n<meta name=\"robots\" content=\"index, follow, max-snippet:-1, max-image-preview:large, max-video-preview:-1\" \/>\n<link rel=\"canonical\" href=\"https:\/\/volcanes.net\/?p=6277\" \/>\n<meta property=\"og:locale\" content=\"es_MX\" \/>\n<meta property=\"og:type\" content=\"article\" \/>\n<meta property=\"og:title\" content=\"VIDEO: Entregan la calle Colima en Atlautla - Volcanes\" \/>\n<meta property=\"og:description\" content=\"Se acord\u00f3 con las constructoras para que contraten a los vecinos de Atlautla para el\" \/>\n<meta property=\"og:url\" content=\"https:\/\/volcanes.net\/?p=6277\" \/>\n<meta property=\"og:site_name\" content=\"Volcanes\" \/>\n<meta property=\"article:publisher\" content=\"https:\/\/www.facebook.com\/volcanes.net\/\" \/>\n<meta property=\"article:published_time\" content=\"2020-01-27T06:13:22+00:00\" \/>\n<meta property=\"og:image\" content=\"https:\/\/volcanes.net\/wp-content\/uploads\/2020\/01\/Entregan-la-Calle-Colima-en-Atlautla.jpeg\" \/>\n\t<meta property=\"og:image:width\" content=\"1280\" \/>\n\t<meta property=\"og:image:height\" content=\"720\" \/>\n\t<meta property=\"og:image:type\" content=\"image\/jpeg\" \/>\n<meta name=\"author\" content=\"admin\" \/>\n<meta name=\"twitter:card\" content=\"summary_large_image\" \/>\n<meta name=\"twitter:label1\" content=\"Escrito por\" \/>\n\t<meta name=\"twitter:data1\" content=\"admin\" \/>\n\t<meta name=\"twitter:label2\" content=\"Tiempo de lectura\" \/>\n\t<meta name=\"twitter:data2\" content=\"2 minutos\" \/>\n<script type=\"application\/ld+json\" class=\"yoast-schema-graph\">{\"@context\":\"https:\/\/schema.org\",\"@graph\":[{\"@type\":\"Article\",\"@id\":\"https:\/\/volcanes.net\/?p=6277#article\",\"isPartOf\":{\"@id\":\"https:\/\/volcanes.net\/?p=6277\"},\"author\":{\"name\":\"admin\",\"@id\":\"https:\/\/volcanes.net\/#\/schema\/person\/4bf0f383940966a4abd53f5048c0e6b9\"},\"headline\":\"VIDEO: Entregan la calle Colima en Atlautla\",\"datePublished\":\"2020-01-27T06:13:22+00:00\",\"mainEntityOfPage\":{\"@id\":\"https:\/\/volcanes.net\/?p=6277\"},\"wordCount\":358,\"commentCount\":0,\"publisher\":{\"@id\":\"https:\/\/volcanes.net\/#organization\"},\"image\":{\"@id\":\"https:\/\/volcanes.net\/?p=6277#primaryimage\"},\"thumbnailUrl\":\"https:\/\/volcanes.net\/wp-content\/uploads\/2020\/01\/Entregan-la-Calle-Colima-en-Atlautla.jpeg\",\"keywords\":[\"Atlautla\",\"GrupoVolcanes\"],\"articleSection\":[\"Municipales\"],\"inLanguage\":\"es\",\"potentialAction\":[{\"@type\":\"CommentAction\",\"name\":\"Comment\",\"target\":[\"https:\/\/volcanes.net\/?p=6277#respond\"]}]},{\"@type\":\"WebPage\",\"@id\":\"https:\/\/volcanes.net\/?p=6277\",\"url\":\"https:\/\/volcanes.net\/?p=6277\",\"name\":\"VIDEO: Entregan la calle Colima en Atlautla - Volcanes\",\"isPartOf\":{\"@id\":\"https:\/\/volcanes.net\/#website\"},\"primaryImageOfPage\":{\"@id\":\"https:\/\/volcanes.net\/?p=6277#primaryimage\"},\"image\":{\"@id\":\"https:\/\/volcanes.net\/?p=6277#primaryimage\"},\"thumbnailUrl\":\"https:\/\/volcanes.net\/wp-content\/uploads\/2020\/01\/Entregan-la-Calle-Colima-en-Atlautla.jpeg\",\"datePublished\":\"2020-01-27T06:13:22+00:00\",\"breadcrumb\":{\"@id\":\"https:\/\/volcanes.net\/?p=6277#breadcrumb\"},\"inLanguage\":\"es\",\"potentialAction\":[{\"@type\":\"ReadAction\",\"target\":[\"https:\/\/volcanes.net\/?p=6277\"]}]},{\"@type\":\"ImageObject\",\"inLanguage\":\"es\",\"@id\":\"https:\/\/volcanes.net\/?p=6277#primaryimage\",\"url\":\"https:\/\/volcanes.net\/wp-content\/uploads\/2020\/01\/Entregan-la-Calle-Colima-en-Atlautla.jpeg\",\"contentUrl\":\"https:\/\/volcanes.net\/wp-content\/uploads\/2020\/01\/Entregan-la-Calle-Colima-en-Atlautla.jpeg\",\"width\":1280,\"height\":720},{\"@type\":\"BreadcrumbList\",\"@id\":\"https:\/\/volcanes.net\/?p=6277#breadcrumb\",\"itemListElement\":[{\"@type\":\"ListItem\",\"position\":1,\"name\":\"Portada\",\"item\":\"https:\/\/volcanes.net\/\"},{\"@type\":\"ListItem\",\"position\":2,\"name\":\"VIDEO: Entregan la calle Colima en Atlautla\"}]},{\"@type\":\"WebSite\",\"@id\":\"https:\/\/volcanes.net\/#website\",\"url\":\"https:\/\/volcanes.net\/\",\"name\":\"Volcanes.Net\",\"description\":\"Periodismo Profesional\",\"publisher\":{\"@id\":\"https:\/\/volcanes.net\/#organization\"},\"potentialAction\":[{\"@type\":\"SearchAction\",\"target\":{\"@type\":\"EntryPoint\",\"urlTemplate\":\"https:\/\/volcanes.net\/?s={search_term_string}\"},\"query-input\":{\"@type\":\"PropertyValueSpecification\",\"valueRequired\":true,\"valueName\":\"search_term_string\"}}],\"inLanguage\":\"es\"},{\"@type\":\"Organization\",\"@id\":\"https:\/\/volcanes.net\/#organization\",\"name\":\"Grupo Volcanes\",\"url\":\"https:\/\/volcanes.net\/\",\"logo\":{\"@type\":\"ImageObject\",\"inLanguage\":\"es\",\"@id\":\"https:\/\/volcanes.net\/#\/schema\/logo\/image\/\",\"url\":\"http:\/\/volcanes.net\/wp-content\/uploads\/2017\/12\/Avatar2.jpg\",\"contentUrl\":\"http:\/\/volcanes.net\/wp-content\/uploads\/2017\/12\/Avatar2.jpg\",\"width\":378,\"height\":378,\"caption\":\"Grupo Volcanes\"},\"image\":{\"@id\":\"https:\/\/volcanes.net\/#\/schema\/logo\/image\/\"},\"sameAs\":[\"https:\/\/www.facebook.com\/volcanes.net\/\"]},{\"@type\":\"Person\",\"@id\":\"https:\/\/volcanes.net\/#\/schema\/person\/4bf0f383940966a4abd53f5048c0e6b9\",\"name\":\"admin\",\"image\":{\"@type\":\"ImageObject\",\"inLanguage\":\"es\",\"@id\":\"https:\/\/volcanes.net\/#\/schema\/person\/image\/\",\"url\":\"https:\/\/secure.gravatar.com\/avatar\/ca004e6cba8462b8cb7abc86e382930c?s=96&d=mm&r=g\",\"contentUrl\":\"https:\/\/secure.gravatar.com\/avatar\/ca004e6cba8462b8cb7abc86e382930c?s=96&d=mm&r=g\",\"caption\":\"admin\"}}]}<\/script>\n<!-- \/ Yoast SEO plugin. -->","yoast_head_json":{"title":"VIDEO: Entregan la calle Colima en Atlautla - Volcanes","robots":{"index":"index","follow":"follow","max-snippet":"max-snippet:-1","max-image-preview":"max-image-preview:large","max-video-preview":"max-video-preview:-1"},"canonical":"https:\/\/volcanes.net\/?p=6277","og_locale":"es_MX","og_type":"article","og_title":"VIDEO: Entregan la calle Colima en Atlautla - Volcanes","og_description":"Se acord\u00f3 con las constructoras para que contraten a los vecinos de Atlautla para el","og_url":"https:\/\/volcanes.net\/?p=6277","og_site_name":"Volcanes","article_publisher":"https:\/\/www.facebook.com\/volcanes.net\/","article_published_time":"2020-01-27T06:13:22+00:00","og_image":[{"width":1280,"height":720,"url":"https:\/\/volcanes.net\/wp-content\/uploads\/2020\/01\/Entregan-la-Calle-Colima-en-Atlautla.jpeg","type":"image\/jpeg"}],"author":"admin","twitter_card":"summary_large_image","twitter_misc":{"Escrito por":"admin","Tiempo de lectura":"2 minutos"},"schema":{"@context":"https:\/\/schema.org","@graph":[{"@type":"Article","@id":"https:\/\/volcanes.net\/?p=6277#article","isPartOf":{"@id":"https:\/\/volcanes.net\/?p=6277"},"author":{"name":"admin","@id":"https:\/\/volcanes.net\/#\/schema\/person\/4bf0f383940966a4abd53f5048c0e6b9"},"headline":"VIDEO: Entregan la calle Colima en Atlautla","datePublished":"2020-01-27T06:13:22+00:00","mainEntityOfPage":{"@id":"https:\/\/volcanes.net\/?p=6277"},"wordCount":358,"commentCount":0,"publisher":{"@id":"https:\/\/volcanes.net\/#organization"},"image":{"@id":"https:\/\/volcanes.net\/?p=6277#primaryimage"},"thumbnailUrl":"https:\/\/volcanes.net\/wp-content\/uploads\/2020\/01\/Entregan-la-Calle-Colima-en-Atlautla.jpeg","keywords":["Atlautla","GrupoVolcanes"],"articleSection":["Municipales"],"inLanguage":"es","potentialAction":[{"@type":"CommentAction","name":"Comment","target":["https:\/\/volcanes.net\/?p=6277#respond"]}]},{"@type":"WebPage","@id":"https:\/\/volcanes.net\/?p=6277","url":"https:\/\/volcanes.net\/?p=6277","name":"VIDEO: Entregan la calle Colima en Atlautla - Volcanes","isPartOf":{"@id":"https:\/\/volcanes.net\/#website"},"primaryImageOfPage":{"@id":"https:\/\/volcanes.net\/?p=6277#primaryimage"},"image":{"@id":"https:\/\/volcanes.net\/?p=6277#primaryimage"},"thumbnailUrl":"https:\/\/volcanes.net\/wp-content\/uploads\/2020\/01\/Entregan-la-Calle-Colima-en-Atlautla.jpeg","datePublished":"2020-01-27T06:13:22+00:00","breadcrumb":{"@id":"https:\/\/volcanes.net\/?p=6277#breadcrumb"},"inLanguage":"es","potentialAction":[{"@type":"ReadAction","target":["https:\/\/volcanes.net\/?p=6277"]}]},{"@type":"ImageObject","inLanguage":"es","@id":"https:\/\/volcanes.net\/?p=6277#primaryimage","url":"https:\/\/volcanes.net\/wp-content\/uploads\/2020\/01\/Entregan-la-Calle-Colima-en-Atlautla.jpeg","contentUrl":"https:\/\/volcanes.net\/wp-content\/uploads\/2020\/01\/Entregan-la-Calle-Colima-en-Atlautla.jpeg","width":1280,"height":720},{"@type":"BreadcrumbList","@id":"https:\/\/volcanes.net\/?p=6277#breadcrumb","itemListElement":[{"@type":"ListItem","position":1,"name":"Portada","item":"https:\/\/volcanes.net\/"},{"@type":"ListItem","position":2,"name":"VIDEO: Entregan la calle Colima en Atlautla"}]},{"@type":"WebSite","@id":"https:\/\/volcanes.net\/#website","url":"https:\/\/volcanes.net\/","name":"Volcanes.Net","description":"Periodismo Profesional","publisher":{"@id":"https:\/\/volcanes.net\/#organization"},"potentialAction":[{"@type":"SearchAction","target":{"@type":"EntryPoint","urlTemplate":"https:\/\/volcanes.net\/?s={search_term_string}"},"query-input":{"@type":"PropertyValueSpecification","valueRequired":true,"valueName":"search_term_string"}}],"inLanguage":"es"},{"@type":"Organization","@id":"https:\/\/volcanes.net\/#organization","name":"Grupo Volcanes","url":"https:\/\/volcanes.net\/","logo":{"@type":"ImageObject","inLanguage":"es","@id":"https:\/\/volcanes.net\/#\/schema\/logo\/image\/","url":"http:\/\/volcanes.net\/wp-content\/uploads\/2017\/12\/Avatar2.jpg","contentUrl":"http:\/\/volcanes.net\/wp-content\/uploads\/2017\/12\/Avatar2.jpg","width":378,"height":378,"caption":"Grupo Volcanes"},"image":{"@id":"https:\/\/volcanes.net\/#\/schema\/logo\/image\/"},"sameAs":["https:\/\/www.facebook.com\/volcanes.net\/"]},{"@type":"Person","@id":"https:\/\/volcanes.net\/#\/schema\/person\/4bf0f383940966a4abd53f5048c0e6b9","name":"admin","image":{"@type":"ImageObject","inLanguage":"es","@id":"https:\/\/volcanes.net\/#\/schema\/person\/image\/","url":"https:\/\/secure.gravatar.com\/avatar\/ca004e6cba8462b8cb7abc86e382930c?s=96&d=mm&r=g","contentUrl":"https:\/\/secure.gravatar.com\/avatar\/ca004e6cba8462b8cb7abc86e382930c?s=96&d=mm&r=g","caption":"admin"}}]}},"_links":{"self":[{"href":"https:\/\/volcanes.net\/index.php?rest_route=\/wp\/v2\/posts\/6277"}],"collection":[{"href":"https:\/\/volcanes.net\/index.php?rest_route=\/wp\/v2\/posts"}],"about":[{"href":"https:\/\/volcanes.net\/index.php?rest_route=\/wp\/v2\/types\/post"}],"author":[{"embeddable":true,"href":"https:\/\/volcanes.net\/index.php?rest_route=\/wp\/v2\/users\/1"}],"replies":[{"embeddable":true,"href":"https:\/\/volcanes.net\/index.php?rest_route=%2Fwp%2Fv2%2Fcomments&post=6277"}],"version-history":[{"count":1,"href":"https:\/\/volcanes.net\/index.php?rest_route=\/wp\/v2\/posts\/6277\/revisions"}],"predecessor-version":[{"id":6279,"href":"https:\/\/volcanes.net\/index.php?rest_route=\/wp\/v2\/posts\/6277\/revisions\/6279"}],"wp:featuredmedia":[{"embeddable":true,"href":"https:\/\/volcanes.net\/index.php?rest_route=\/wp\/v2\/media\/6278"}],"wp:attachment":[{"href":"https:\/\/volcanes.net\/index.php?rest_route=%2Fwp%2Fv2%2Fmedia&parent=6277"}],"wp:term":[{"taxonomy":"category","embeddable":true,"href":"https:\/\/volcanes.net\/index.php?rest_route=%2Fwp%2Fv2%2Fcategories&post=6277"},{"taxonomy":"post_tag","embeddable":true,"href":"https:\/\/volcanes.net\/index.php?rest_route=%2Fwp%2Fv2%2Ftags&post=6277"}],"curies":[{"name":"wp","href":"https:\/\/api.w.org\/{rel}","templated":true}]}}