{"id":6297,"date":"2020-01-28T17:29:30","date_gmt":"2020-01-28T23:29:30","guid":{"rendered":"http:\/\/volcanes.net\/?p=6297"},"modified":"2020-01-28T17:29:30","modified_gmt":"2020-01-28T23:29:30","slug":"video-rinde-protesta-valentin-martinez-castillo-como-presidente-del-consejo-intermunicipal-de-seguridad","status":"publish","type":"post","link":"https:\/\/volcanes.net\/?p=6297","title":{"rendered":"VIDEO: Rinde protesta Valent\u00edn Mart\u00ednez Castillo como Presidente del Consejo Intermunicipal de Seguridad"},"content":{"rendered":"<div style=\"margin-top: 0px; margin-bottom: 0px;\" class=\"sharethis-inline-share-buttons\" ><\/div><p>Toluca, Estado de M\u00e9xico.- El d\u00eda de hoy rindi\u00f3 protesta como presidente del Consejo Intermunicipal de Seguridad P\u00fablica Zona 1 Amecameca el alcalde de Ozumba, Valent\u00edn Mart\u00ednez Castillo, en el marco de la D\u00e9cima Tercera Sesi\u00f3n Ordinaria del Consejo Estatal de Seguridad P\u00fablica, en la ciudad de Toluca.<\/p>\n<p>El titular del ejecutivo estatal, Alfredo del Mazo Maza, fue el encargado de tomar protesta a los alcaldes que cumplir\u00e1n con esta importante encomienda en sus diferentes regiones.<\/p>\n<p>Al encabezar la D\u00e9cima Tercera Sesi\u00f3n Ordinaria del Consejo Estatal de Seguridad P\u00fablica, el Gobernador Alfredo Del Mazo Maza inform\u00f3 que los Secretarios del Gabinete estatal, as\u00ed como Subsecretarios de su administraci\u00f3n, asistir\u00e1n a las Mesas de Coordinaci\u00f3n Territorial para la Paz, con la finalidad de reforzar el trabajo y la coordinaci\u00f3n entre las autoridades del estado y de la federaci\u00f3n en materia de seguridad, para brindar mayor protecci\u00f3n a la sociedad mexiquense.<\/p>\n<p>Asimismo, el gobernador subray\u00f3 que el Edom\u00e9x es la \u00fanica entidad del pa\u00eds que ha determinado enviar a los miembros del Gabinete a estas reuniones, ya que es un tema de la mayor seriedad y en el que la coordinaci\u00f3n resulta fundamental.<\/p>\n","protected":false},"excerpt":{"rendered":"<p>Toluca, Estado de M\u00e9xico.- El d\u00eda de hoy rindi\u00f3 protesta como presidente del Consejo Intermunicipal<\/p>\n","protected":false},"author":1,"featured_media":6298,"comment_status":"open","ping_status":"open","sticky":false,"template":"","format":"standard","meta":{"footnotes":""},"categories":[3],"tags":[14,61,41],"class_list":["post-6297","post","type-post","status-publish","format-standard","has-post-thumbnail","hentry","category-estatales","tag-ozumba","tag-seguridad","tag-toluca","has-post-video"],"yoast_head":"<!-- This site is optimized with the Yoast SEO plugin v25.3 - https:\/\/yoast.com\/wordpress\/plugins\/seo\/ -->\n<title>VIDEO: Rinde protesta Valent\u00edn Mart\u00ednez Castillo como Presidente del Consejo Intermunicipal de Seguridad - Volcanes<\/title>\n<meta name=\"robots\" content=\"index, follow, max-snippet:-1, max-image-preview:large, max-video-preview:-1\" \/>\n<link rel=\"canonical\" href=\"https:\/\/volcanes.net\/?p=6297\" \/>\n<meta property=\"og:locale\" content=\"es_MX\" \/>\n<meta property=\"og:type\" content=\"article\" \/>\n<meta property=\"og:title\" content=\"VIDEO: Rinde protesta Valent\u00edn Mart\u00ednez Castillo como Presidente del Consejo Intermunicipal de Seguridad - Volcanes\" \/>\n<meta property=\"og:description\" content=\"Toluca, Estado de M\u00e9xico.- El d\u00eda de hoy rindi\u00f3 protesta como presidente del Consejo Intermunicipal\" \/>\n<meta property=\"og:url\" content=\"https:\/\/volcanes.net\/?p=6297\" \/>\n<meta property=\"og:site_name\" content=\"Volcanes\" \/>\n<meta property=\"article:publisher\" content=\"https:\/\/www.facebook.com\/volcanes.net\/\" \/>\n<meta property=\"article:published_time\" content=\"2020-01-28T23:29:30+00:00\" \/>\n<meta property=\"og:image\" content=\"https:\/\/volcanes.net\/wp-content\/uploads\/2020\/01\/Rinde-protesta-Valent\u00edn-Mart\u00ednez-Castillo-como-Presidente-del-Consejo-Intermunicipal-de-Seguridad.jpeg\" \/>\n\t<meta property=\"og:image:width\" content=\"1280\" \/>\n\t<meta property=\"og:image:height\" content=\"720\" \/>\n\t<meta property=\"og:image:type\" content=\"image\/jpeg\" \/>\n<meta name=\"author\" content=\"admin\" \/>\n<meta name=\"twitter:card\" content=\"summary_large_image\" \/>\n<meta name=\"twitter:label1\" content=\"Escrito por\" \/>\n\t<meta name=\"twitter:data1\" content=\"admin\" \/>\n\t<meta name=\"twitter:label2\" content=\"Tiempo de lectura\" \/>\n\t<meta name=\"twitter:data2\" content=\"1 minuto\" \/>\n<script type=\"application\/ld+json\" class=\"yoast-schema-graph\">{\"@context\":\"https:\/\/schema.org\",\"@graph\":[{\"@type\":\"Article\",\"@id\":\"https:\/\/volcanes.net\/?p=6297#article\",\"isPartOf\":{\"@id\":\"https:\/\/volcanes.net\/?p=6297\"},\"author\":{\"name\":\"admin\",\"@id\":\"https:\/\/volcanes.net\/#\/schema\/person\/4bf0f383940966a4abd53f5048c0e6b9\"},\"headline\":\"VIDEO: Rinde protesta Valent\u00edn Mart\u00ednez Castillo como Presidente del Consejo Intermunicipal de Seguridad\",\"datePublished\":\"2020-01-28T23:29:30+00:00\",\"mainEntityOfPage\":{\"@id\":\"https:\/\/volcanes.net\/?p=6297\"},\"wordCount\":227,\"commentCount\":0,\"publisher\":{\"@id\":\"https:\/\/volcanes.net\/#organization\"},\"image\":{\"@id\":\"https:\/\/volcanes.net\/?p=6297#primaryimage\"},\"thumbnailUrl\":\"https:\/\/volcanes.net\/wp-content\/uploads\/2020\/01\/Rinde-protesta-Valent\u00edn-Mart\u00ednez-Castillo-como-Presidente-del-Consejo-Intermunicipal-de-Seguridad.jpeg\",\"keywords\":[\"Ozumba\",\"Seguridad\",\"Toluca\"],\"articleSection\":[\"Estatales\"],\"inLanguage\":\"es\",\"potentialAction\":[{\"@type\":\"CommentAction\",\"name\":\"Comment\",\"target\":[\"https:\/\/volcanes.net\/?p=6297#respond\"]}]},{\"@type\":\"WebPage\",\"@id\":\"https:\/\/volcanes.net\/?p=6297\",\"url\":\"https:\/\/volcanes.net\/?p=6297\",\"name\":\"VIDEO: Rinde protesta Valent\u00edn Mart\u00ednez Castillo como Presidente del Consejo Intermunicipal de Seguridad - Volcanes\",\"isPartOf\":{\"@id\":\"https:\/\/volcanes.net\/#website\"},\"primaryImageOfPage\":{\"@id\":\"https:\/\/volcanes.net\/?p=6297#primaryimage\"},\"image\":{\"@id\":\"https:\/\/volcanes.net\/?p=6297#primaryimage\"},\"thumbnailUrl\":\"https:\/\/volcanes.net\/wp-content\/uploads\/2020\/01\/Rinde-protesta-Valent\u00edn-Mart\u00ednez-Castillo-como-Presidente-del-Consejo-Intermunicipal-de-Seguridad.jpeg\",\"datePublished\":\"2020-01-28T23:29:30+00:00\",\"breadcrumb\":{\"@id\":\"https:\/\/volcanes.net\/?p=6297#breadcrumb\"},\"inLanguage\":\"es\",\"potentialAction\":[{\"@type\":\"ReadAction\",\"target\":[\"https:\/\/volcanes.net\/?p=6297\"]}]},{\"@type\":\"ImageObject\",\"inLanguage\":\"es\",\"@id\":\"https:\/\/volcanes.net\/?p=6297#primaryimage\",\"url\":\"https:\/\/volcanes.net\/wp-content\/uploads\/2020\/01\/Rinde-protesta-Valent\u00edn-Mart\u00ednez-Castillo-como-Presidente-del-Consejo-Intermunicipal-de-Seguridad.jpeg\",\"contentUrl\":\"https:\/\/volcanes.net\/wp-content\/uploads\/2020\/01\/Rinde-protesta-Valent\u00edn-Mart\u00ednez-Castillo-como-Presidente-del-Consejo-Intermunicipal-de-Seguridad.jpeg\",\"width\":1280,\"height\":720},{\"@type\":\"BreadcrumbList\",\"@id\":\"https:\/\/volcanes.net\/?p=6297#breadcrumb\",\"itemListElement\":[{\"@type\":\"ListItem\",\"position\":1,\"name\":\"Portada\",\"item\":\"https:\/\/volcanes.net\/\"},{\"@type\":\"ListItem\",\"position\":2,\"name\":\"VIDEO: Rinde protesta Valent\u00edn Mart\u00ednez Castillo como Presidente del Consejo Intermunicipal de Seguridad\"}]},{\"@type\":\"WebSite\",\"@id\":\"https:\/\/volcanes.net\/#website\",\"url\":\"https:\/\/volcanes.net\/\",\"name\":\"Volcanes.Net\",\"description\":\"Periodismo Profesional\",\"publisher\":{\"@id\":\"https:\/\/volcanes.net\/#organization\"},\"potentialAction\":[{\"@type\":\"SearchAction\",\"target\":{\"@type\":\"EntryPoint\",\"urlTemplate\":\"https:\/\/volcanes.net\/?s={search_term_string}\"},\"query-input\":{\"@type\":\"PropertyValueSpecification\",\"valueRequired\":true,\"valueName\":\"search_term_string\"}}],\"inLanguage\":\"es\"},{\"@type\":\"Organization\",\"@id\":\"https:\/\/volcanes.net\/#organization\",\"name\":\"Grupo Volcanes\",\"url\":\"https:\/\/volcanes.net\/\",\"logo\":{\"@type\":\"ImageObject\",\"inLanguage\":\"es\",\"@id\":\"https:\/\/volcanes.net\/#\/schema\/logo\/image\/\",\"url\":\"http:\/\/volcanes.net\/wp-content\/uploads\/2017\/12\/Avatar2.jpg\",\"contentUrl\":\"http:\/\/volcanes.net\/wp-content\/uploads\/2017\/12\/Avatar2.jpg\",\"width\":378,\"height\":378,\"caption\":\"Grupo Volcanes\"},\"image\":{\"@id\":\"https:\/\/volcanes.net\/#\/schema\/logo\/image\/\"},\"sameAs\":[\"https:\/\/www.facebook.com\/volcanes.net\/\"]},{\"@type\":\"Person\",\"@id\":\"https:\/\/volcanes.net\/#\/schema\/person\/4bf0f383940966a4abd53f5048c0e6b9\",\"name\":\"admin\",\"image\":{\"@type\":\"ImageObject\",\"inLanguage\":\"es\",\"@id\":\"https:\/\/volcanes.net\/#\/schema\/person\/image\/\",\"url\":\"https:\/\/secure.gravatar.com\/avatar\/ca004e6cba8462b8cb7abc86e382930c?s=96&d=mm&r=g\",\"contentUrl\":\"https:\/\/secure.gravatar.com\/avatar\/ca004e6cba8462b8cb7abc86e382930c?s=96&d=mm&r=g\",\"caption\":\"admin\"}}]}<\/script>\n<!-- \/ Yoast SEO plugin. -->","yoast_head_json":{"title":"VIDEO: Rinde protesta Valent\u00edn Mart\u00ednez Castillo como Presidente del Consejo Intermunicipal de Seguridad - Volcanes","robots":{"index":"index","follow":"follow","max-snippet":"max-snippet:-1","max-image-preview":"max-image-preview:large","max-video-preview":"max-video-preview:-1"},"canonical":"https:\/\/volcanes.net\/?p=6297","og_locale":"es_MX","og_type":"article","og_title":"VIDEO: Rinde protesta Valent\u00edn Mart\u00ednez Castillo como Presidente del Consejo Intermunicipal de Seguridad - Volcanes","og_description":"Toluca, Estado de M\u00e9xico.- El d\u00eda de hoy rindi\u00f3 protesta como presidente del Consejo Intermunicipal","og_url":"https:\/\/volcanes.net\/?p=6297","og_site_name":"Volcanes","article_publisher":"https:\/\/www.facebook.com\/volcanes.net\/","article_published_time":"2020-01-28T23:29:30+00:00","og_image":[{"width":1280,"height":720,"url":"https:\/\/volcanes.net\/wp-content\/uploads\/2020\/01\/Rinde-protesta-Valent\u00edn-Mart\u00ednez-Castillo-como-Presidente-del-Consejo-Intermunicipal-de-Seguridad.jpeg","type":"image\/jpeg"}],"author":"admin","twitter_card":"summary_large_image","twitter_misc":{"Escrito por":"admin","Tiempo de lectura":"1 minuto"},"schema":{"@context":"https:\/\/schema.org","@graph":[{"@type":"Article","@id":"https:\/\/volcanes.net\/?p=6297#article","isPartOf":{"@id":"https:\/\/volcanes.net\/?p=6297"},"author":{"name":"admin","@id":"https:\/\/volcanes.net\/#\/schema\/person\/4bf0f383940966a4abd53f5048c0e6b9"},"headline":"VIDEO: Rinde protesta Valent\u00edn Mart\u00ednez Castillo como Presidente del Consejo Intermunicipal de Seguridad","datePublished":"2020-01-28T23:29:30+00:00","mainEntityOfPage":{"@id":"https:\/\/volcanes.net\/?p=6297"},"wordCount":227,"commentCount":0,"publisher":{"@id":"https:\/\/volcanes.net\/#organization"},"image":{"@id":"https:\/\/volcanes.net\/?p=6297#primaryimage"},"thumbnailUrl":"https:\/\/volcanes.net\/wp-content\/uploads\/2020\/01\/Rinde-protesta-Valent\u00edn-Mart\u00ednez-Castillo-como-Presidente-del-Consejo-Intermunicipal-de-Seguridad.jpeg","keywords":["Ozumba","Seguridad","Toluca"],"articleSection":["Estatales"],"inLanguage":"es","potentialAction":[{"@type":"CommentAction","name":"Comment","target":["https:\/\/volcanes.net\/?p=6297#respond"]}]},{"@type":"WebPage","@id":"https:\/\/volcanes.net\/?p=6297","url":"https:\/\/volcanes.net\/?p=6297","name":"VIDEO: Rinde protesta Valent\u00edn Mart\u00ednez Castillo como Presidente del Consejo Intermunicipal de Seguridad - Volcanes","isPartOf":{"@id":"https:\/\/volcanes.net\/#website"},"primaryImageOfPage":{"@id":"https:\/\/volcanes.net\/?p=6297#primaryimage"},"image":{"@id":"https:\/\/volcanes.net\/?p=6297#primaryimage"},"thumbnailUrl":"https:\/\/volcanes.net\/wp-content\/uploads\/2020\/01\/Rinde-protesta-Valent\u00edn-Mart\u00ednez-Castillo-como-Presidente-del-Consejo-Intermunicipal-de-Seguridad.jpeg","datePublished":"2020-01-28T23:29:30+00:00","breadcrumb":{"@id":"https:\/\/volcanes.net\/?p=6297#breadcrumb"},"inLanguage":"es","potentialAction":[{"@type":"ReadAction","target":["https:\/\/volcanes.net\/?p=6297"]}]},{"@type":"ImageObject","inLanguage":"es","@id":"https:\/\/volcanes.net\/?p=6297#primaryimage","url":"https:\/\/volcanes.net\/wp-content\/uploads\/2020\/01\/Rinde-protesta-Valent\u00edn-Mart\u00ednez-Castillo-como-Presidente-del-Consejo-Intermunicipal-de-Seguridad.jpeg","contentUrl":"https:\/\/volcanes.net\/wp-content\/uploads\/2020\/01\/Rinde-protesta-Valent\u00edn-Mart\u00ednez-Castillo-como-Presidente-del-Consejo-Intermunicipal-de-Seguridad.jpeg","width":1280,"height":720},{"@type":"BreadcrumbList","@id":"https:\/\/volcanes.net\/?p=6297#breadcrumb","itemListElement":[{"@type":"ListItem","position":1,"name":"Portada","item":"https:\/\/volcanes.net\/"},{"@type":"ListItem","position":2,"name":"VIDEO: Rinde protesta Valent\u00edn Mart\u00ednez Castillo como Presidente del Consejo Intermunicipal de Seguridad"}]},{"@type":"WebSite","@id":"https:\/\/volcanes.net\/#website","url":"https:\/\/volcanes.net\/","name":"Volcanes.Net","description":"Periodismo Profesional","publisher":{"@id":"https:\/\/volcanes.net\/#organization"},"potentialAction":[{"@type":"SearchAction","target":{"@type":"EntryPoint","urlTemplate":"https:\/\/volcanes.net\/?s={search_term_string}"},"query-input":{"@type":"PropertyValueSpecification","valueRequired":true,"valueName":"search_term_string"}}],"inLanguage":"es"},{"@type":"Organization","@id":"https:\/\/volcanes.net\/#organization","name":"Grupo Volcanes","url":"https:\/\/volcanes.net\/","logo":{"@type":"ImageObject","inLanguage":"es","@id":"https:\/\/volcanes.net\/#\/schema\/logo\/image\/","url":"http:\/\/volcanes.net\/wp-content\/uploads\/2017\/12\/Avatar2.jpg","contentUrl":"http:\/\/volcanes.net\/wp-content\/uploads\/2017\/12\/Avatar2.jpg","width":378,"height":378,"caption":"Grupo Volcanes"},"image":{"@id":"https:\/\/volcanes.net\/#\/schema\/logo\/image\/"},"sameAs":["https:\/\/www.facebook.com\/volcanes.net\/"]},{"@type":"Person","@id":"https:\/\/volcanes.net\/#\/schema\/person\/4bf0f383940966a4abd53f5048c0e6b9","name":"admin","image":{"@type":"ImageObject","inLanguage":"es","@id":"https:\/\/volcanes.net\/#\/schema\/person\/image\/","url":"https:\/\/secure.gravatar.com\/avatar\/ca004e6cba8462b8cb7abc86e382930c?s=96&d=mm&r=g","contentUrl":"https:\/\/secure.gravatar.com\/avatar\/ca004e6cba8462b8cb7abc86e382930c?s=96&d=mm&r=g","caption":"admin"}}]}},"_links":{"self":[{"href":"https:\/\/volcanes.net\/index.php?rest_route=\/wp\/v2\/posts\/6297"}],"collection":[{"href":"https:\/\/volcanes.net\/index.php?rest_route=\/wp\/v2\/posts"}],"about":[{"href":"https:\/\/volcanes.net\/index.php?rest_route=\/wp\/v2\/types\/post"}],"author":[{"embeddable":true,"href":"https:\/\/volcanes.net\/index.php?rest_route=\/wp\/v2\/users\/1"}],"replies":[{"embeddable":true,"href":"https:\/\/volcanes.net\/index.php?rest_route=%2Fwp%2Fv2%2Fcomments&post=6297"}],"version-history":[{"count":1,"href":"https:\/\/volcanes.net\/index.php?rest_route=\/wp\/v2\/posts\/6297\/revisions"}],"predecessor-version":[{"id":6299,"href":"https:\/\/volcanes.net\/index.php?rest_route=\/wp\/v2\/posts\/6297\/revisions\/6299"}],"wp:featuredmedia":[{"embeddable":true,"href":"https:\/\/volcanes.net\/index.php?rest_route=\/wp\/v2\/media\/6298"}],"wp:attachment":[{"href":"https:\/\/volcanes.net\/index.php?rest_route=%2Fwp%2Fv2%2Fmedia&parent=6297"}],"wp:term":[{"taxonomy":"category","embeddable":true,"href":"https:\/\/volcanes.net\/index.php?rest_route=%2Fwp%2Fv2%2Fcategories&post=6297"},{"taxonomy":"post_tag","embeddable":true,"href":"https:\/\/volcanes.net\/index.php?rest_route=%2Fwp%2Fv2%2Ftags&post=6297"}],"curies":[{"name":"wp","href":"https:\/\/api.w.org\/{rel}","templated":true}]}}