{"id":6312,"date":"2020-01-29T20:29:40","date_gmt":"2020-01-30T02:29:40","guid":{"rendered":"http:\/\/volcanes.net\/?p=6312"},"modified":"2020-01-30T16:31:12","modified_gmt":"2020-01-30T22:31:12","slug":"dif-de-tenango-del-aire-se-suma-a-las-audiencias-publicas-acercando-servicios-para-los-tenanguenses","status":"publish","type":"post","link":"https:\/\/volcanes.net\/?p=6312","title":{"rendered":"Video: DIF de Tenango del Aire se suma a las audiencias p\u00fablicas acercando servicios para los tenanguenses"},"content":{"rendered":"<div style=\"margin-top: 0px; margin-bottom: 0px;\" class=\"sharethis-inline-share-buttons\" ><\/div><p class=\"p1\">Tenango del Aire, Estado de M\u00e9xico.- El DIF municipal de Tenango del Aire se traslad\u00f3 a la Delegaciones de Tenango del Aire , \u201ccon la finalidad de brindarles toda la informaci\u00f3n, la asesor\u00eda y para que conozcan cu\u00e1les son los 16 programas con los que contamos en este sistema\u201d. \u201cHoy traemos todas las \u00e1reas del DIF, porque somos un gobierno que quiere estar cerca de la ciudadan\u00eda\u201d, subray\u00f3 la Presidenta Honoraria del SMDIF de este municipio, Johanna Fern\u00e1ndez Ruiz.<\/p>\n<p class=\"p1\">Johanna Fern\u00e1ndez, con todo su equipo del SMDIF, se dio cita en esta Delegaci\u00f3n para atender personalmente cada de una de las peticiones y problemas que presenta la parte m\u00e1s vulnerable de la ciudadan\u00eda de las delegaciones de este municipio y extender los apoyos que se brindan dentro de los 16 programas con que cuenta el Sistema, entre los que se encuentra el <i>Servicio m\u00e9dico,<\/i> en el que se ofrecen consultas gratuitas con un m\u00e9dico totalmente calificado. \u201cPues sabemos que tenemos una problem\u00e1tica de salud al no contar con personal m\u00e9dico suficiente\u201d asever\u00f3.<\/p>\n<p class=\"p1\">Tambi\u00e9n se encuentra el servicio de <i>Capacitaci\u00f3n para el trabajo<\/i>, \u201cya que es muy importante estar fomentando el autoempleo de las mujeres de nuestras comunidades con cursos de manualidades y otras actividades\u201d; el programa <i>HortaDif<\/i>, con el programa de <i>Huertos familiares<\/i>; el \u00e1rea <i>Atenci\u00f3n a la Discapacidad<\/i>, en el cual se entrega equipo funcional para personas de la tercera edad y personas con discapacidad, en esta \u00e1rea se recibe toda la documentaci\u00f3n necesaria para solicitar estos apoyos.<\/p>\n<p class=\"p1\">\u201cEl objetivo principal del sistema es la integraci\u00f3n familiar, nosotros y todo el equipo del DIF estamos para servir a todas las familias tenanguenses, con mucho cari\u00f1o<span class=\"Apple-converted-space\">\u00a0 <\/span>y esmero para darles soluci\u00f3n a todas sus necesidades\u201d.<\/p>\n<p class=\"p1\">Para concluir, la Presidenta del SMDIF, reiter\u00f3 su compromiso con la poblaci\u00f3n de Tenango del Aire, \u201cEstamos para servirles, ac\u00e9rquense a nosotros para que podamos atenderles personalmente, disipar dudas y mejorar las condiciones de este gobierno, tiene<span class=\"Apple-converted-space\">\u00a0 <\/span>las puertas abiertas en sus DIF.<\/p>\n","protected":false},"excerpt":{"rendered":"<p>Tenango del Aire, Estado de M\u00e9xico.- El DIF municipal de Tenango del Aire se traslad\u00f3<\/p>\n","protected":false},"author":1,"featured_media":6313,"comment_status":"open","ping_status":"open","sticky":false,"template":"","format":"standard","meta":{"footnotes":""},"categories":[1],"tags":[265,17],"class_list":["post-6312","post","type-post","status-publish","format-standard","has-post-thumbnail","hentry","category-municipales","tag-grupovolcanes","tag-tenango-del-aire","has-post-video"],"yoast_head":"<!-- This site is optimized with the Yoast SEO plugin v25.3 - https:\/\/yoast.com\/wordpress\/plugins\/seo\/ -->\n<title>Video: DIF de Tenango del Aire se suma a las audiencias p\u00fablicas acercando servicios para los tenanguenses - Volcanes<\/title>\n<meta name=\"robots\" content=\"index, follow, max-snippet:-1, max-image-preview:large, max-video-preview:-1\" \/>\n<link rel=\"canonical\" href=\"https:\/\/volcanes.net\/?p=6312\" \/>\n<meta property=\"og:locale\" content=\"es_MX\" \/>\n<meta property=\"og:type\" content=\"article\" \/>\n<meta property=\"og:title\" content=\"Video: DIF de Tenango del Aire se suma a las audiencias p\u00fablicas acercando servicios para los tenanguenses - Volcanes\" \/>\n<meta property=\"og:description\" content=\"Tenango del Aire, Estado de M\u00e9xico.- El DIF municipal de Tenango del Aire se traslad\u00f3\" \/>\n<meta property=\"og:url\" content=\"https:\/\/volcanes.net\/?p=6312\" \/>\n<meta property=\"og:site_name\" content=\"Volcanes\" \/>\n<meta property=\"article:publisher\" content=\"https:\/\/www.facebook.com\/volcanes.net\/\" \/>\n<meta property=\"article:published_time\" content=\"2020-01-30T02:29:40+00:00\" \/>\n<meta property=\"article:modified_time\" content=\"2020-01-30T22:31:12+00:00\" \/>\n<meta property=\"og:image\" content=\"https:\/\/volcanes.net\/wp-content\/uploads\/2020\/01\/DIF-de-Tenango-del-Aire-se-suma-a-las-audiencias-p\u00fablicas-acercando-servicios-para-los-tenanguenses.jpeg\" \/>\n\t<meta property=\"og:image:width\" content=\"1280\" \/>\n\t<meta property=\"og:image:height\" content=\"720\" \/>\n\t<meta property=\"og:image:type\" content=\"image\/jpeg\" \/>\n<meta name=\"author\" content=\"admin\" \/>\n<meta name=\"twitter:card\" content=\"summary_large_image\" \/>\n<meta name=\"twitter:label1\" content=\"Escrito por\" \/>\n\t<meta name=\"twitter:data1\" content=\"admin\" \/>\n\t<meta name=\"twitter:label2\" content=\"Tiempo de lectura\" \/>\n\t<meta name=\"twitter:data2\" content=\"2 minutos\" \/>\n<script type=\"application\/ld+json\" class=\"yoast-schema-graph\">{\"@context\":\"https:\/\/schema.org\",\"@graph\":[{\"@type\":\"Article\",\"@id\":\"https:\/\/volcanes.net\/?p=6312#article\",\"isPartOf\":{\"@id\":\"https:\/\/volcanes.net\/?p=6312\"},\"author\":{\"name\":\"admin\",\"@id\":\"https:\/\/volcanes.net\/#\/schema\/person\/4bf0f383940966a4abd53f5048c0e6b9\"},\"headline\":\"Video: DIF de Tenango del Aire se suma a las audiencias p\u00fablicas acercando servicios para los tenanguenses\",\"datePublished\":\"2020-01-30T02:29:40+00:00\",\"dateModified\":\"2020-01-30T22:31:12+00:00\",\"mainEntityOfPage\":{\"@id\":\"https:\/\/volcanes.net\/?p=6312\"},\"wordCount\":367,\"commentCount\":0,\"publisher\":{\"@id\":\"https:\/\/volcanes.net\/#organization\"},\"image\":{\"@id\":\"https:\/\/volcanes.net\/?p=6312#primaryimage\"},\"thumbnailUrl\":\"https:\/\/volcanes.net\/wp-content\/uploads\/2020\/01\/DIF-de-Tenango-del-Aire-se-suma-a-las-audiencias-p\u00fablicas-acercando-servicios-para-los-tenanguenses.jpeg\",\"keywords\":[\"GrupoVolcanes\",\"Tenango del Aire\"],\"articleSection\":[\"Municipales\"],\"inLanguage\":\"es\",\"potentialAction\":[{\"@type\":\"CommentAction\",\"name\":\"Comment\",\"target\":[\"https:\/\/volcanes.net\/?p=6312#respond\"]}]},{\"@type\":\"WebPage\",\"@id\":\"https:\/\/volcanes.net\/?p=6312\",\"url\":\"https:\/\/volcanes.net\/?p=6312\",\"name\":\"Video: DIF de Tenango del Aire se suma a las audiencias p\u00fablicas acercando servicios para los tenanguenses - Volcanes\",\"isPartOf\":{\"@id\":\"https:\/\/volcanes.net\/#website\"},\"primaryImageOfPage\":{\"@id\":\"https:\/\/volcanes.net\/?p=6312#primaryimage\"},\"image\":{\"@id\":\"https:\/\/volcanes.net\/?p=6312#primaryimage\"},\"thumbnailUrl\":\"https:\/\/volcanes.net\/wp-content\/uploads\/2020\/01\/DIF-de-Tenango-del-Aire-se-suma-a-las-audiencias-p\u00fablicas-acercando-servicios-para-los-tenanguenses.jpeg\",\"datePublished\":\"2020-01-30T02:29:40+00:00\",\"dateModified\":\"2020-01-30T22:31:12+00:00\",\"breadcrumb\":{\"@id\":\"https:\/\/volcanes.net\/?p=6312#breadcrumb\"},\"inLanguage\":\"es\",\"potentialAction\":[{\"@type\":\"ReadAction\",\"target\":[\"https:\/\/volcanes.net\/?p=6312\"]}]},{\"@type\":\"ImageObject\",\"inLanguage\":\"es\",\"@id\":\"https:\/\/volcanes.net\/?p=6312#primaryimage\",\"url\":\"https:\/\/volcanes.net\/wp-content\/uploads\/2020\/01\/DIF-de-Tenango-del-Aire-se-suma-a-las-audiencias-p\u00fablicas-acercando-servicios-para-los-tenanguenses.jpeg\",\"contentUrl\":\"https:\/\/volcanes.net\/wp-content\/uploads\/2020\/01\/DIF-de-Tenango-del-Aire-se-suma-a-las-audiencias-p\u00fablicas-acercando-servicios-para-los-tenanguenses.jpeg\",\"width\":1280,\"height\":720},{\"@type\":\"BreadcrumbList\",\"@id\":\"https:\/\/volcanes.net\/?p=6312#breadcrumb\",\"itemListElement\":[{\"@type\":\"ListItem\",\"position\":1,\"name\":\"Portada\",\"item\":\"https:\/\/volcanes.net\/\"},{\"@type\":\"ListItem\",\"position\":2,\"name\":\"Video: DIF de Tenango del Aire se suma a las audiencias p\u00fablicas acercando servicios para los tenanguenses\"}]},{\"@type\":\"WebSite\",\"@id\":\"https:\/\/volcanes.net\/#website\",\"url\":\"https:\/\/volcanes.net\/\",\"name\":\"Volcanes.Net\",\"description\":\"Periodismo Profesional\",\"publisher\":{\"@id\":\"https:\/\/volcanes.net\/#organization\"},\"potentialAction\":[{\"@type\":\"SearchAction\",\"target\":{\"@type\":\"EntryPoint\",\"urlTemplate\":\"https:\/\/volcanes.net\/?s={search_term_string}\"},\"query-input\":{\"@type\":\"PropertyValueSpecification\",\"valueRequired\":true,\"valueName\":\"search_term_string\"}}],\"inLanguage\":\"es\"},{\"@type\":\"Organization\",\"@id\":\"https:\/\/volcanes.net\/#organization\",\"name\":\"Grupo Volcanes\",\"url\":\"https:\/\/volcanes.net\/\",\"logo\":{\"@type\":\"ImageObject\",\"inLanguage\":\"es\",\"@id\":\"https:\/\/volcanes.net\/#\/schema\/logo\/image\/\",\"url\":\"http:\/\/volcanes.net\/wp-content\/uploads\/2017\/12\/Avatar2.jpg\",\"contentUrl\":\"http:\/\/volcanes.net\/wp-content\/uploads\/2017\/12\/Avatar2.jpg\",\"width\":378,\"height\":378,\"caption\":\"Grupo Volcanes\"},\"image\":{\"@id\":\"https:\/\/volcanes.net\/#\/schema\/logo\/image\/\"},\"sameAs\":[\"https:\/\/www.facebook.com\/volcanes.net\/\"]},{\"@type\":\"Person\",\"@id\":\"https:\/\/volcanes.net\/#\/schema\/person\/4bf0f383940966a4abd53f5048c0e6b9\",\"name\":\"admin\",\"image\":{\"@type\":\"ImageObject\",\"inLanguage\":\"es\",\"@id\":\"https:\/\/volcanes.net\/#\/schema\/person\/image\/\",\"url\":\"https:\/\/secure.gravatar.com\/avatar\/ca004e6cba8462b8cb7abc86e382930c?s=96&d=mm&r=g\",\"contentUrl\":\"https:\/\/secure.gravatar.com\/avatar\/ca004e6cba8462b8cb7abc86e382930c?s=96&d=mm&r=g\",\"caption\":\"admin\"}}]}<\/script>\n<!-- \/ Yoast SEO plugin. -->","yoast_head_json":{"title":"Video: DIF de Tenango del Aire se suma a las audiencias p\u00fablicas acercando servicios para los tenanguenses - Volcanes","robots":{"index":"index","follow":"follow","max-snippet":"max-snippet:-1","max-image-preview":"max-image-preview:large","max-video-preview":"max-video-preview:-1"},"canonical":"https:\/\/volcanes.net\/?p=6312","og_locale":"es_MX","og_type":"article","og_title":"Video: DIF de Tenango del Aire se suma a las audiencias p\u00fablicas acercando servicios para los tenanguenses - Volcanes","og_description":"Tenango del Aire, Estado de M\u00e9xico.- El DIF municipal de Tenango del Aire se traslad\u00f3","og_url":"https:\/\/volcanes.net\/?p=6312","og_site_name":"Volcanes","article_publisher":"https:\/\/www.facebook.com\/volcanes.net\/","article_published_time":"2020-01-30T02:29:40+00:00","article_modified_time":"2020-01-30T22:31:12+00:00","og_image":[{"width":1280,"height":720,"url":"https:\/\/volcanes.net\/wp-content\/uploads\/2020\/01\/DIF-de-Tenango-del-Aire-se-suma-a-las-audiencias-p\u00fablicas-acercando-servicios-para-los-tenanguenses.jpeg","type":"image\/jpeg"}],"author":"admin","twitter_card":"summary_large_image","twitter_misc":{"Escrito por":"admin","Tiempo de lectura":"2 minutos"},"schema":{"@context":"https:\/\/schema.org","@graph":[{"@type":"Article","@id":"https:\/\/volcanes.net\/?p=6312#article","isPartOf":{"@id":"https:\/\/volcanes.net\/?p=6312"},"author":{"name":"admin","@id":"https:\/\/volcanes.net\/#\/schema\/person\/4bf0f383940966a4abd53f5048c0e6b9"},"headline":"Video: DIF de Tenango del Aire se suma a las audiencias p\u00fablicas acercando servicios para los tenanguenses","datePublished":"2020-01-30T02:29:40+00:00","dateModified":"2020-01-30T22:31:12+00:00","mainEntityOfPage":{"@id":"https:\/\/volcanes.net\/?p=6312"},"wordCount":367,"commentCount":0,"publisher":{"@id":"https:\/\/volcanes.net\/#organization"},"image":{"@id":"https:\/\/volcanes.net\/?p=6312#primaryimage"},"thumbnailUrl":"https:\/\/volcanes.net\/wp-content\/uploads\/2020\/01\/DIF-de-Tenango-del-Aire-se-suma-a-las-audiencias-p\u00fablicas-acercando-servicios-para-los-tenanguenses.jpeg","keywords":["GrupoVolcanes","Tenango del Aire"],"articleSection":["Municipales"],"inLanguage":"es","potentialAction":[{"@type":"CommentAction","name":"Comment","target":["https:\/\/volcanes.net\/?p=6312#respond"]}]},{"@type":"WebPage","@id":"https:\/\/volcanes.net\/?p=6312","url":"https:\/\/volcanes.net\/?p=6312","name":"Video: DIF de Tenango del Aire se suma a las audiencias p\u00fablicas acercando servicios para los tenanguenses - Volcanes","isPartOf":{"@id":"https:\/\/volcanes.net\/#website"},"primaryImageOfPage":{"@id":"https:\/\/volcanes.net\/?p=6312#primaryimage"},"image":{"@id":"https:\/\/volcanes.net\/?p=6312#primaryimage"},"thumbnailUrl":"https:\/\/volcanes.net\/wp-content\/uploads\/2020\/01\/DIF-de-Tenango-del-Aire-se-suma-a-las-audiencias-p\u00fablicas-acercando-servicios-para-los-tenanguenses.jpeg","datePublished":"2020-01-30T02:29:40+00:00","dateModified":"2020-01-30T22:31:12+00:00","breadcrumb":{"@id":"https:\/\/volcanes.net\/?p=6312#breadcrumb"},"inLanguage":"es","potentialAction":[{"@type":"ReadAction","target":["https:\/\/volcanes.net\/?p=6312"]}]},{"@type":"ImageObject","inLanguage":"es","@id":"https:\/\/volcanes.net\/?p=6312#primaryimage","url":"https:\/\/volcanes.net\/wp-content\/uploads\/2020\/01\/DIF-de-Tenango-del-Aire-se-suma-a-las-audiencias-p\u00fablicas-acercando-servicios-para-los-tenanguenses.jpeg","contentUrl":"https:\/\/volcanes.net\/wp-content\/uploads\/2020\/01\/DIF-de-Tenango-del-Aire-se-suma-a-las-audiencias-p\u00fablicas-acercando-servicios-para-los-tenanguenses.jpeg","width":1280,"height":720},{"@type":"BreadcrumbList","@id":"https:\/\/volcanes.net\/?p=6312#breadcrumb","itemListElement":[{"@type":"ListItem","position":1,"name":"Portada","item":"https:\/\/volcanes.net\/"},{"@type":"ListItem","position":2,"name":"Video: DIF de Tenango del Aire se suma a las audiencias p\u00fablicas acercando servicios para los tenanguenses"}]},{"@type":"WebSite","@id":"https:\/\/volcanes.net\/#website","url":"https:\/\/volcanes.net\/","name":"Volcanes.Net","description":"Periodismo Profesional","publisher":{"@id":"https:\/\/volcanes.net\/#organization"},"potentialAction":[{"@type":"SearchAction","target":{"@type":"EntryPoint","urlTemplate":"https:\/\/volcanes.net\/?s={search_term_string}"},"query-input":{"@type":"PropertyValueSpecification","valueRequired":true,"valueName":"search_term_string"}}],"inLanguage":"es"},{"@type":"Organization","@id":"https:\/\/volcanes.net\/#organization","name":"Grupo Volcanes","url":"https:\/\/volcanes.net\/","logo":{"@type":"ImageObject","inLanguage":"es","@id":"https:\/\/volcanes.net\/#\/schema\/logo\/image\/","url":"http:\/\/volcanes.net\/wp-content\/uploads\/2017\/12\/Avatar2.jpg","contentUrl":"http:\/\/volcanes.net\/wp-content\/uploads\/2017\/12\/Avatar2.jpg","width":378,"height":378,"caption":"Grupo Volcanes"},"image":{"@id":"https:\/\/volcanes.net\/#\/schema\/logo\/image\/"},"sameAs":["https:\/\/www.facebook.com\/volcanes.net\/"]},{"@type":"Person","@id":"https:\/\/volcanes.net\/#\/schema\/person\/4bf0f383940966a4abd53f5048c0e6b9","name":"admin","image":{"@type":"ImageObject","inLanguage":"es","@id":"https:\/\/volcanes.net\/#\/schema\/person\/image\/","url":"https:\/\/secure.gravatar.com\/avatar\/ca004e6cba8462b8cb7abc86e382930c?s=96&d=mm&r=g","contentUrl":"https:\/\/secure.gravatar.com\/avatar\/ca004e6cba8462b8cb7abc86e382930c?s=96&d=mm&r=g","caption":"admin"}}]}},"_links":{"self":[{"href":"https:\/\/volcanes.net\/index.php?rest_route=\/wp\/v2\/posts\/6312"}],"collection":[{"href":"https:\/\/volcanes.net\/index.php?rest_route=\/wp\/v2\/posts"}],"about":[{"href":"https:\/\/volcanes.net\/index.php?rest_route=\/wp\/v2\/types\/post"}],"author":[{"embeddable":true,"href":"https:\/\/volcanes.net\/index.php?rest_route=\/wp\/v2\/users\/1"}],"replies":[{"embeddable":true,"href":"https:\/\/volcanes.net\/index.php?rest_route=%2Fwp%2Fv2%2Fcomments&post=6312"}],"version-history":[{"count":2,"href":"https:\/\/volcanes.net\/index.php?rest_route=\/wp\/v2\/posts\/6312\/revisions"}],"predecessor-version":[{"id":6320,"href":"https:\/\/volcanes.net\/index.php?rest_route=\/wp\/v2\/posts\/6312\/revisions\/6320"}],"wp:featuredmedia":[{"embeddable":true,"href":"https:\/\/volcanes.net\/index.php?rest_route=\/wp\/v2\/media\/6313"}],"wp:attachment":[{"href":"https:\/\/volcanes.net\/index.php?rest_route=%2Fwp%2Fv2%2Fmedia&parent=6312"}],"wp:term":[{"taxonomy":"category","embeddable":true,"href":"https:\/\/volcanes.net\/index.php?rest_route=%2Fwp%2Fv2%2Fcategories&post=6312"},{"taxonomy":"post_tag","embeddable":true,"href":"https:\/\/volcanes.net\/index.php?rest_route=%2Fwp%2Fv2%2Ftags&post=6312"}],"curies":[{"name":"wp","href":"https:\/\/api.w.org\/{rel}","templated":true}]}}