{"id":6315,"date":"2020-01-29T20:40:52","date_gmt":"2020-01-30T02:40:52","guid":{"rendered":"http:\/\/volcanes.net\/?p=6315"},"modified":"2020-01-29T20:40:52","modified_gmt":"2020-01-30T02:40:52","slug":"graciela-sanchez-ortiz-verifica-la-aplicacion-de-los-recursos-publicos-en-atlautla","status":"publish","type":"post","link":"https:\/\/volcanes.net\/?p=6315","title":{"rendered":"Graciela S\u00e1nchez Ortiz, verifica la aplicaci\u00f3n de los recursos p\u00fablicos en Atlautla"},"content":{"rendered":"<div style=\"margin-top: 0px; margin-bottom: 0px;\" class=\"sharethis-inline-share-buttons\" ><\/div><p class=\"p1\">Atlautla, Estado de M\u00e9xico.- \u201cMe siento muy satisfecha de ver que el presupuesto que inicialmente se aprob\u00f3 en el Congreso de la C\u00e1mara de Diputados, para los estados, efectivamente est\u00e1 llegando directamente a las personas que m\u00e1s los necesitan\u201d, mencion\u00f3 en entrevista para este medio informativo, Graciela S\u00e1nchez Ortiz, Diputada Federal por el distrito 21, que presenci\u00f3 la entrega de obras p\u00fablicas del Edil Hermenegildo Lozada Amaro, en el municipio de Atlautla, \u201cpues una pol\u00edtica del actual Gobierno de Andr\u00e9s Manuel L\u00f3pez Obrador que el presupuesto se entregue directamente a los m\u00e1s necesitados\u201d.<\/p>\n<p class=\"p1\">La Diputada inform\u00f3 que el Congreso Nacional ya ha aprobado el presupuesto para este a\u00f1o 2020, del cual se contempla invertir en esta Regi\u00f3n de los Volcanes, sin embargo, explic\u00f3, se parte de la designaci\u00f3n del presupuesto nacional del cual se etiqueta un presupuesto para cada estado y en los estados se distribuye para cada municipio que lo conforma.<\/p>\n<p class=\"p1\">La disminuci\u00f3n de recursos para los partidos pol\u00edticos, es un tema muy importante que se retomar\u00e1<span class=\"Apple-converted-space\">\u00a0 <\/span>en el Congreso para este a\u00f1o, dijo Graciela S\u00e1nchez, quien dio a conocer que para que los recursos lleguen a las comunidades, estamos por la austeridad en este gobierno, pero desafortunadamente en 2019 no alcanzamos la mayor\u00eda en el Congreso a favor de que los partidos pol\u00edticos ya no gocen del dinero de dispendio, puesto que las necesidades de nuestro M\u00e9xico son mayores y es mejor canalizar esos recursos directamente a la comunidad que lo necesita. Pues en M\u00e9xico tenemos m\u00e1s de 60 millones de pobres, seg\u00fan el Consejo Nacional de Evaluaci\u00f3n, y no podemos tener partidos pol\u00edticos que dispongan de recursos en cantidades realmente insultantes\u201d, enfatiz\u00f3.<\/p>\n<p class=\"p1\">La diputada inform\u00f3 que tambi\u00e9n estar\u00e1 trabajando en la regulaci\u00f3n de los <i>Outsourcing<\/i> o subcontrataci\u00f3n de servicios por parte de las<span class=\"Apple-converted-space\">\u00a0 <\/span>empresas a otras empresas externas, pues estamos viviendo en M\u00e9xico una explotaci\u00f3n a trav\u00e9s de terceros que subcontratan a la poblaci\u00f3n, y estos trabajadores no tienen derecho a ciertas prestaciones que deber\u00edan ser obligatorias de acuerdo a la Ley Federal del Trabajo. Por eso es necesario que se regulen estas empresas que se est\u00e1n enriqueciendo con la explotaci\u00f3n de nuestros compa\u00f1eros trabajadores.<\/p>\n<p class=\"p1\">Finalmente, la Diputada Federal pidi\u00f3 a la poblaci\u00f3n tener paciencia en los cambios que estamos viviendo en nuestra Naci\u00f3n y que afectan a nuestras comunidades, cambios como el que se est\u00e1 implementando en el rubro de salud con la creaci\u00f3n de un nuevo Instituto de Salud para el Bienestar, que tiene un objetivo ambicioso de dar gratuidad en los servicios de 1\u00b0 y 2\u00b0 nivel, los institutos y hospitales de tercer nivel est\u00e1n y seguir\u00e1n siendo facultados para cobrar una cuota de recuperaci\u00f3n por sus servicios. Por estos cambios se est\u00e1 viviendo el desabasto de medicamentos entre otras complicaciones.<span class=\"Apple-converted-space\">\u00a0 <\/span>Sin embargo, \u201clleva su tiempo estamos trabajando en ello, se va a regularizar. T\u00e9nganos un poco de paciencia\u201d, concluy\u00f3.<\/p>\n","protected":false},"excerpt":{"rendered":"<p>Atlautla, Estado de M\u00e9xico.- \u201cMe siento muy satisfecha de ver que el presupuesto que inicialmente<\/p>\n","protected":false},"author":1,"featured_media":6316,"comment_status":"open","ping_status":"open","sticky":false,"template":"","format":"standard","meta":{"footnotes":""},"categories":[1],"tags":[80,284,265],"class_list":["post-6315","post","type-post","status-publish","format-standard","has-post-thumbnail","hentry","category-municipales","tag-atlautla","tag-distrito-21","tag-grupovolcanes","has-post-video"],"yoast_head":"<!-- This site is optimized with the Yoast SEO plugin v25.3 - https:\/\/yoast.com\/wordpress\/plugins\/seo\/ -->\n<title>Graciela S\u00e1nchez Ortiz, verifica la aplicaci\u00f3n de los recursos p\u00fablicos en Atlautla - Volcanes<\/title>\n<meta name=\"robots\" content=\"index, follow, max-snippet:-1, max-image-preview:large, max-video-preview:-1\" \/>\n<link rel=\"canonical\" href=\"https:\/\/volcanes.net\/?p=6315\" \/>\n<meta property=\"og:locale\" content=\"es_MX\" \/>\n<meta property=\"og:type\" content=\"article\" \/>\n<meta property=\"og:title\" content=\"Graciela S\u00e1nchez Ortiz, verifica la aplicaci\u00f3n de los recursos p\u00fablicos en Atlautla - Volcanes\" \/>\n<meta property=\"og:description\" content=\"Atlautla, Estado de M\u00e9xico.- \u201cMe siento muy satisfecha de ver que el presupuesto que inicialmente\" \/>\n<meta property=\"og:url\" content=\"https:\/\/volcanes.net\/?p=6315\" \/>\n<meta property=\"og:site_name\" content=\"Volcanes\" \/>\n<meta property=\"article:publisher\" content=\"https:\/\/www.facebook.com\/volcanes.net\/\" \/>\n<meta property=\"article:published_time\" content=\"2020-01-30T02:40:52+00:00\" \/>\n<meta property=\"og:image\" content=\"https:\/\/volcanes.net\/wp-content\/uploads\/2020\/01\/Graciela-S\u00e1nchez-Ortiz-verifica-la-aplicaci\u00f3n-de-los-recursos-p\u00fablicos-en-Atlautla.jpeg\" \/>\n\t<meta property=\"og:image:width\" content=\"1280\" \/>\n\t<meta property=\"og:image:height\" content=\"720\" \/>\n\t<meta property=\"og:image:type\" content=\"image\/jpeg\" \/>\n<meta name=\"author\" content=\"admin\" \/>\n<meta name=\"twitter:card\" content=\"summary_large_image\" \/>\n<meta name=\"twitter:label1\" content=\"Escrito por\" \/>\n\t<meta name=\"twitter:data1\" content=\"admin\" \/>\n\t<meta name=\"twitter:label2\" content=\"Tiempo de lectura\" \/>\n\t<meta name=\"twitter:data2\" content=\"3 minutos\" \/>\n<script type=\"application\/ld+json\" class=\"yoast-schema-graph\">{\"@context\":\"https:\/\/schema.org\",\"@graph\":[{\"@type\":\"Article\",\"@id\":\"https:\/\/volcanes.net\/?p=6315#article\",\"isPartOf\":{\"@id\":\"https:\/\/volcanes.net\/?p=6315\"},\"author\":{\"name\":\"admin\",\"@id\":\"https:\/\/volcanes.net\/#\/schema\/person\/4bf0f383940966a4abd53f5048c0e6b9\"},\"headline\":\"Graciela S\u00e1nchez Ortiz, verifica la aplicaci\u00f3n de los recursos p\u00fablicos en Atlautla\",\"datePublished\":\"2020-01-30T02:40:52+00:00\",\"mainEntityOfPage\":{\"@id\":\"https:\/\/volcanes.net\/?p=6315\"},\"wordCount\":528,\"commentCount\":0,\"publisher\":{\"@id\":\"https:\/\/volcanes.net\/#organization\"},\"image\":{\"@id\":\"https:\/\/volcanes.net\/?p=6315#primaryimage\"},\"thumbnailUrl\":\"https:\/\/volcanes.net\/wp-content\/uploads\/2020\/01\/Graciela-S\u00e1nchez-Ortiz-verifica-la-aplicaci\u00f3n-de-los-recursos-p\u00fablicos-en-Atlautla.jpeg\",\"keywords\":[\"Atlautla\",\"Distrito 21\",\"GrupoVolcanes\"],\"articleSection\":[\"Municipales\"],\"inLanguage\":\"es\",\"potentialAction\":[{\"@type\":\"CommentAction\",\"name\":\"Comment\",\"target\":[\"https:\/\/volcanes.net\/?p=6315#respond\"]}]},{\"@type\":\"WebPage\",\"@id\":\"https:\/\/volcanes.net\/?p=6315\",\"url\":\"https:\/\/volcanes.net\/?p=6315\",\"name\":\"Graciela S\u00e1nchez Ortiz, verifica la aplicaci\u00f3n de los recursos p\u00fablicos en Atlautla - Volcanes\",\"isPartOf\":{\"@id\":\"https:\/\/volcanes.net\/#website\"},\"primaryImageOfPage\":{\"@id\":\"https:\/\/volcanes.net\/?p=6315#primaryimage\"},\"image\":{\"@id\":\"https:\/\/volcanes.net\/?p=6315#primaryimage\"},\"thumbnailUrl\":\"https:\/\/volcanes.net\/wp-content\/uploads\/2020\/01\/Graciela-S\u00e1nchez-Ortiz-verifica-la-aplicaci\u00f3n-de-los-recursos-p\u00fablicos-en-Atlautla.jpeg\",\"datePublished\":\"2020-01-30T02:40:52+00:00\",\"breadcrumb\":{\"@id\":\"https:\/\/volcanes.net\/?p=6315#breadcrumb\"},\"inLanguage\":\"es\",\"potentialAction\":[{\"@type\":\"ReadAction\",\"target\":[\"https:\/\/volcanes.net\/?p=6315\"]}]},{\"@type\":\"ImageObject\",\"inLanguage\":\"es\",\"@id\":\"https:\/\/volcanes.net\/?p=6315#primaryimage\",\"url\":\"https:\/\/volcanes.net\/wp-content\/uploads\/2020\/01\/Graciela-S\u00e1nchez-Ortiz-verifica-la-aplicaci\u00f3n-de-los-recursos-p\u00fablicos-en-Atlautla.jpeg\",\"contentUrl\":\"https:\/\/volcanes.net\/wp-content\/uploads\/2020\/01\/Graciela-S\u00e1nchez-Ortiz-verifica-la-aplicaci\u00f3n-de-los-recursos-p\u00fablicos-en-Atlautla.jpeg\",\"width\":1280,\"height\":720},{\"@type\":\"BreadcrumbList\",\"@id\":\"https:\/\/volcanes.net\/?p=6315#breadcrumb\",\"itemListElement\":[{\"@type\":\"ListItem\",\"position\":1,\"name\":\"Portada\",\"item\":\"https:\/\/volcanes.net\/\"},{\"@type\":\"ListItem\",\"position\":2,\"name\":\"Graciela S\u00e1nchez Ortiz, verifica la aplicaci\u00f3n de los recursos p\u00fablicos en Atlautla\"}]},{\"@type\":\"WebSite\",\"@id\":\"https:\/\/volcanes.net\/#website\",\"url\":\"https:\/\/volcanes.net\/\",\"name\":\"Volcanes.Net\",\"description\":\"Periodismo Profesional\",\"publisher\":{\"@id\":\"https:\/\/volcanes.net\/#organization\"},\"potentialAction\":[{\"@type\":\"SearchAction\",\"target\":{\"@type\":\"EntryPoint\",\"urlTemplate\":\"https:\/\/volcanes.net\/?s={search_term_string}\"},\"query-input\":{\"@type\":\"PropertyValueSpecification\",\"valueRequired\":true,\"valueName\":\"search_term_string\"}}],\"inLanguage\":\"es\"},{\"@type\":\"Organization\",\"@id\":\"https:\/\/volcanes.net\/#organization\",\"name\":\"Grupo Volcanes\",\"url\":\"https:\/\/volcanes.net\/\",\"logo\":{\"@type\":\"ImageObject\",\"inLanguage\":\"es\",\"@id\":\"https:\/\/volcanes.net\/#\/schema\/logo\/image\/\",\"url\":\"http:\/\/volcanes.net\/wp-content\/uploads\/2017\/12\/Avatar2.jpg\",\"contentUrl\":\"http:\/\/volcanes.net\/wp-content\/uploads\/2017\/12\/Avatar2.jpg\",\"width\":378,\"height\":378,\"caption\":\"Grupo Volcanes\"},\"image\":{\"@id\":\"https:\/\/volcanes.net\/#\/schema\/logo\/image\/\"},\"sameAs\":[\"https:\/\/www.facebook.com\/volcanes.net\/\"]},{\"@type\":\"Person\",\"@id\":\"https:\/\/volcanes.net\/#\/schema\/person\/4bf0f383940966a4abd53f5048c0e6b9\",\"name\":\"admin\",\"image\":{\"@type\":\"ImageObject\",\"inLanguage\":\"es\",\"@id\":\"https:\/\/volcanes.net\/#\/schema\/person\/image\/\",\"url\":\"https:\/\/secure.gravatar.com\/avatar\/ca004e6cba8462b8cb7abc86e382930c?s=96&d=mm&r=g\",\"contentUrl\":\"https:\/\/secure.gravatar.com\/avatar\/ca004e6cba8462b8cb7abc86e382930c?s=96&d=mm&r=g\",\"caption\":\"admin\"}}]}<\/script>\n<!-- \/ Yoast SEO plugin. -->","yoast_head_json":{"title":"Graciela S\u00e1nchez Ortiz, verifica la aplicaci\u00f3n de los recursos p\u00fablicos en Atlautla - Volcanes","robots":{"index":"index","follow":"follow","max-snippet":"max-snippet:-1","max-image-preview":"max-image-preview:large","max-video-preview":"max-video-preview:-1"},"canonical":"https:\/\/volcanes.net\/?p=6315","og_locale":"es_MX","og_type":"article","og_title":"Graciela S\u00e1nchez Ortiz, verifica la aplicaci\u00f3n de los recursos p\u00fablicos en Atlautla - Volcanes","og_description":"Atlautla, Estado de M\u00e9xico.- \u201cMe siento muy satisfecha de ver que el presupuesto que inicialmente","og_url":"https:\/\/volcanes.net\/?p=6315","og_site_name":"Volcanes","article_publisher":"https:\/\/www.facebook.com\/volcanes.net\/","article_published_time":"2020-01-30T02:40:52+00:00","og_image":[{"width":1280,"height":720,"url":"https:\/\/volcanes.net\/wp-content\/uploads\/2020\/01\/Graciela-S\u00e1nchez-Ortiz-verifica-la-aplicaci\u00f3n-de-los-recursos-p\u00fablicos-en-Atlautla.jpeg","type":"image\/jpeg"}],"author":"admin","twitter_card":"summary_large_image","twitter_misc":{"Escrito por":"admin","Tiempo de lectura":"3 minutos"},"schema":{"@context":"https:\/\/schema.org","@graph":[{"@type":"Article","@id":"https:\/\/volcanes.net\/?p=6315#article","isPartOf":{"@id":"https:\/\/volcanes.net\/?p=6315"},"author":{"name":"admin","@id":"https:\/\/volcanes.net\/#\/schema\/person\/4bf0f383940966a4abd53f5048c0e6b9"},"headline":"Graciela S\u00e1nchez Ortiz, verifica la aplicaci\u00f3n de los recursos p\u00fablicos en Atlautla","datePublished":"2020-01-30T02:40:52+00:00","mainEntityOfPage":{"@id":"https:\/\/volcanes.net\/?p=6315"},"wordCount":528,"commentCount":0,"publisher":{"@id":"https:\/\/volcanes.net\/#organization"},"image":{"@id":"https:\/\/volcanes.net\/?p=6315#primaryimage"},"thumbnailUrl":"https:\/\/volcanes.net\/wp-content\/uploads\/2020\/01\/Graciela-S\u00e1nchez-Ortiz-verifica-la-aplicaci\u00f3n-de-los-recursos-p\u00fablicos-en-Atlautla.jpeg","keywords":["Atlautla","Distrito 21","GrupoVolcanes"],"articleSection":["Municipales"],"inLanguage":"es","potentialAction":[{"@type":"CommentAction","name":"Comment","target":["https:\/\/volcanes.net\/?p=6315#respond"]}]},{"@type":"WebPage","@id":"https:\/\/volcanes.net\/?p=6315","url":"https:\/\/volcanes.net\/?p=6315","name":"Graciela S\u00e1nchez Ortiz, verifica la aplicaci\u00f3n de los recursos p\u00fablicos en Atlautla - Volcanes","isPartOf":{"@id":"https:\/\/volcanes.net\/#website"},"primaryImageOfPage":{"@id":"https:\/\/volcanes.net\/?p=6315#primaryimage"},"image":{"@id":"https:\/\/volcanes.net\/?p=6315#primaryimage"},"thumbnailUrl":"https:\/\/volcanes.net\/wp-content\/uploads\/2020\/01\/Graciela-S\u00e1nchez-Ortiz-verifica-la-aplicaci\u00f3n-de-los-recursos-p\u00fablicos-en-Atlautla.jpeg","datePublished":"2020-01-30T02:40:52+00:00","breadcrumb":{"@id":"https:\/\/volcanes.net\/?p=6315#breadcrumb"},"inLanguage":"es","potentialAction":[{"@type":"ReadAction","target":["https:\/\/volcanes.net\/?p=6315"]}]},{"@type":"ImageObject","inLanguage":"es","@id":"https:\/\/volcanes.net\/?p=6315#primaryimage","url":"https:\/\/volcanes.net\/wp-content\/uploads\/2020\/01\/Graciela-S\u00e1nchez-Ortiz-verifica-la-aplicaci\u00f3n-de-los-recursos-p\u00fablicos-en-Atlautla.jpeg","contentUrl":"https:\/\/volcanes.net\/wp-content\/uploads\/2020\/01\/Graciela-S\u00e1nchez-Ortiz-verifica-la-aplicaci\u00f3n-de-los-recursos-p\u00fablicos-en-Atlautla.jpeg","width":1280,"height":720},{"@type":"BreadcrumbList","@id":"https:\/\/volcanes.net\/?p=6315#breadcrumb","itemListElement":[{"@type":"ListItem","position":1,"name":"Portada","item":"https:\/\/volcanes.net\/"},{"@type":"ListItem","position":2,"name":"Graciela S\u00e1nchez Ortiz, verifica la aplicaci\u00f3n de los recursos p\u00fablicos en Atlautla"}]},{"@type":"WebSite","@id":"https:\/\/volcanes.net\/#website","url":"https:\/\/volcanes.net\/","name":"Volcanes.Net","description":"Periodismo Profesional","publisher":{"@id":"https:\/\/volcanes.net\/#organization"},"potentialAction":[{"@type":"SearchAction","target":{"@type":"EntryPoint","urlTemplate":"https:\/\/volcanes.net\/?s={search_term_string}"},"query-input":{"@type":"PropertyValueSpecification","valueRequired":true,"valueName":"search_term_string"}}],"inLanguage":"es"},{"@type":"Organization","@id":"https:\/\/volcanes.net\/#organization","name":"Grupo Volcanes","url":"https:\/\/volcanes.net\/","logo":{"@type":"ImageObject","inLanguage":"es","@id":"https:\/\/volcanes.net\/#\/schema\/logo\/image\/","url":"http:\/\/volcanes.net\/wp-content\/uploads\/2017\/12\/Avatar2.jpg","contentUrl":"http:\/\/volcanes.net\/wp-content\/uploads\/2017\/12\/Avatar2.jpg","width":378,"height":378,"caption":"Grupo Volcanes"},"image":{"@id":"https:\/\/volcanes.net\/#\/schema\/logo\/image\/"},"sameAs":["https:\/\/www.facebook.com\/volcanes.net\/"]},{"@type":"Person","@id":"https:\/\/volcanes.net\/#\/schema\/person\/4bf0f383940966a4abd53f5048c0e6b9","name":"admin","image":{"@type":"ImageObject","inLanguage":"es","@id":"https:\/\/volcanes.net\/#\/schema\/person\/image\/","url":"https:\/\/secure.gravatar.com\/avatar\/ca004e6cba8462b8cb7abc86e382930c?s=96&d=mm&r=g","contentUrl":"https:\/\/secure.gravatar.com\/avatar\/ca004e6cba8462b8cb7abc86e382930c?s=96&d=mm&r=g","caption":"admin"}}]}},"_links":{"self":[{"href":"https:\/\/volcanes.net\/index.php?rest_route=\/wp\/v2\/posts\/6315"}],"collection":[{"href":"https:\/\/volcanes.net\/index.php?rest_route=\/wp\/v2\/posts"}],"about":[{"href":"https:\/\/volcanes.net\/index.php?rest_route=\/wp\/v2\/types\/post"}],"author":[{"embeddable":true,"href":"https:\/\/volcanes.net\/index.php?rest_route=\/wp\/v2\/users\/1"}],"replies":[{"embeddable":true,"href":"https:\/\/volcanes.net\/index.php?rest_route=%2Fwp%2Fv2%2Fcomments&post=6315"}],"version-history":[{"count":1,"href":"https:\/\/volcanes.net\/index.php?rest_route=\/wp\/v2\/posts\/6315\/revisions"}],"predecessor-version":[{"id":6317,"href":"https:\/\/volcanes.net\/index.php?rest_route=\/wp\/v2\/posts\/6315\/revisions\/6317"}],"wp:featuredmedia":[{"embeddable":true,"href":"https:\/\/volcanes.net\/index.php?rest_route=\/wp\/v2\/media\/6316"}],"wp:attachment":[{"href":"https:\/\/volcanes.net\/index.php?rest_route=%2Fwp%2Fv2%2Fmedia&parent=6315"}],"wp:term":[{"taxonomy":"category","embeddable":true,"href":"https:\/\/volcanes.net\/index.php?rest_route=%2Fwp%2Fv2%2Fcategories&post=6315"},{"taxonomy":"post_tag","embeddable":true,"href":"https:\/\/volcanes.net\/index.php?rest_route=%2Fwp%2Fv2%2Ftags&post=6315"}],"curies":[{"name":"wp","href":"https:\/\/api.w.org\/{rel}","templated":true}]}}