{"id":6341,"date":"2020-01-31T19:58:56","date_gmt":"2020-02-01T01:58:56","guid":{"rendered":"http:\/\/volcanes.net\/?p=6341"},"modified":"2020-01-31T19:58:56","modified_gmt":"2020-02-01T01:58:56","slug":"video-rehabilitan-el-relleno-sanitario-de-juchitepec","status":"publish","type":"post","link":"https:\/\/volcanes.net\/?p=6341","title":{"rendered":"VIDEO: Rehabilitan el relleno sanitario de Juchitepec"},"content":{"rendered":"<div style=\"margin-top: 0px; margin-bottom: 0px;\" class=\"sharethis-inline-share-buttons\" ><\/div><p class=\"p1\">Juchitepec, Estado de M\u00e9xico.- Se rehabilita al cien por ciento el relleno sanitario municipal de Juchitepec por parte del gobierno de Felipe Mej\u00eda Valdez, rescat\u00e1ndose m\u00e1s de tres hect\u00e1reas libres de basura, lo que le permitir\u00e1 tener de 15 a 20 a\u00f1os de vida \u00fatil, para las 25 toneladas diarias de basura que se generan en el Municipio de Juchitepec y la Delegaci\u00f3n de San Mat\u00edas Cuijingo.<\/p>\n<p class=\"p1\">El Relleno sanitario<span class=\"Apple-converted-space\">\u00a0 <\/span>fue recibido por la presente administraci\u00f3n el 1 de enero de 2019, a punto de colapsar, pues de las 5 hect\u00e1reas con que cuenta el Relleno sanitario estaban totalmente cubiertas de basura m\u00e1s de 4 hect\u00e1reas, misma que variaba de 1 a 2 metros de altura. Sin embargo ahora est\u00e1 totalmente saneado, no hay fauna nociva, roedores, moscas, ni mal olor. Se colocaron chimeneas sobre el talud para evitar incendios \u201ces una obra que no se ve pero es muy importante. Todos generamos basura, pero no sabemos a d\u00f3nde termina\u201d, subray\u00f3 el edil.<\/p>\n<p class=\"p1\">La primera acci\u00f3n fue sanear el \u00e1rea, al ir colocando una capa de basura y una de tepetate, sucesivamente y se van sacando las chimeneas para evitar incendios, manifest\u00f3 el Presidente municipal, quien inform\u00f3 que se cuenta con 5 personas trabajando directamente en el relleno sanitario, quienes realizan la separaci\u00f3n manual de basura, aparte de las personas que est\u00e1n a cargo de la limpieza en el municipio y su Delegaci\u00f3n. \u201cNosotros tenemos la ventaja de que vivimos en un pueblo en el cual todav\u00eda se conserva la costumbre de utilizar los desechos org\u00e1nicos como alimento para los animales, entre otros usos\u201d, coment\u00f3.<\/p>\n<p class=\"p1\">El Presidente Municipal recibi\u00f3 una felicitaci\u00f3n por parte de las autoridades de Ecolog\u00eda, quienes llegaron con la instrucci\u00f3n de clausurar el Relleno Sanitario a los tres meses de gesti\u00f3n de Mej\u00eda Valdez. Sin embargo, al llegar al lugar y darse cuenta de los avances del proceso de saneamiento, decidieron dejarlo en servicio, por lo que se recuperaron m\u00e1s de tres hect\u00e1reas. Este relleno sanitario tendr\u00e1 de 15 a 20 a\u00f1os de vida \u00fatil, siempre y cuando se le d\u00e9 el mantenimiento que se ha dado durante la presente administraci\u00f3n, subray\u00f3 el alcalde.<\/p>\n<p class=\"p1\">Anteriormente el relleno sanitario era intermunicipal con el municipio de Ayapango. Sin embargo, por normatividad dicho municipio tendr\u00e1 su propio tiradero, por lo que los gastos de la rehabilitaci\u00f3n fue absorbida \u00fanicamente por el gobierno de Juchitepec.<\/p>\n<p class=\"p1\">El alcalde manifest\u00f3 tambi\u00e9n que se colocar\u00e1n botes recolectores de basura en los campos de siembra para que los agricultores depositen los envases vac\u00edos de herbicidas y fertilizantes para llevarse a las empresas correspondientes para su desecho. Por lo que pidi\u00f3 a la ciudadan\u00eda \u201ctener consciencia como habitantes porque es muy importante que sepamos d\u00f3nde va a llegar toda la basura que generamos\u201d.<\/p>\n","protected":false},"excerpt":{"rendered":"<p>Juchitepec, Estado de M\u00e9xico.- Se rehabilita al cien por ciento el relleno sanitario municipal de<\/p>\n","protected":false},"author":1,"featured_media":6342,"comment_status":"open","ping_status":"open","sticky":false,"template":"","format":"standard","meta":{"footnotes":""},"categories":[1],"tags":[265,179],"class_list":["post-6341","post","type-post","status-publish","format-standard","has-post-thumbnail","hentry","category-municipales","tag-grupovolcanes","tag-juchitepec","has-post-video"],"yoast_head":"<!-- This site is optimized with the Yoast SEO plugin v25.3 - https:\/\/yoast.com\/wordpress\/plugins\/seo\/ -->\n<title>VIDEO: Rehabilitan el relleno sanitario de Juchitepec - Volcanes<\/title>\n<meta name=\"robots\" content=\"index, follow, max-snippet:-1, max-image-preview:large, max-video-preview:-1\" \/>\n<link rel=\"canonical\" href=\"https:\/\/volcanes.net\/?p=6341\" \/>\n<meta property=\"og:locale\" content=\"es_MX\" \/>\n<meta property=\"og:type\" content=\"article\" \/>\n<meta property=\"og:title\" content=\"VIDEO: Rehabilitan el relleno sanitario de Juchitepec - Volcanes\" \/>\n<meta property=\"og:description\" content=\"Juchitepec, Estado de M\u00e9xico.- Se rehabilita al cien por ciento el relleno sanitario municipal de\" \/>\n<meta property=\"og:url\" content=\"https:\/\/volcanes.net\/?p=6341\" \/>\n<meta property=\"og:site_name\" content=\"Volcanes\" \/>\n<meta property=\"article:publisher\" content=\"https:\/\/www.facebook.com\/volcanes.net\/\" \/>\n<meta property=\"article:published_time\" content=\"2020-02-01T01:58:56+00:00\" \/>\n<meta property=\"og:image\" content=\"https:\/\/volcanes.net\/wp-content\/uploads\/2020\/01\/Rehabilitan-relleno-sanitario-de-Juchitepec.jpeg\" \/>\n\t<meta property=\"og:image:width\" content=\"1280\" \/>\n\t<meta property=\"og:image:height\" content=\"720\" \/>\n\t<meta property=\"og:image:type\" content=\"image\/jpeg\" \/>\n<meta name=\"author\" content=\"admin\" \/>\n<meta name=\"twitter:card\" content=\"summary_large_image\" \/>\n<meta name=\"twitter:label1\" content=\"Escrito por\" \/>\n\t<meta name=\"twitter:data1\" content=\"admin\" \/>\n\t<meta name=\"twitter:label2\" content=\"Tiempo de lectura\" \/>\n\t<meta name=\"twitter:data2\" content=\"2 minutos\" \/>\n<script type=\"application\/ld+json\" class=\"yoast-schema-graph\">{\"@context\":\"https:\/\/schema.org\",\"@graph\":[{\"@type\":\"Article\",\"@id\":\"https:\/\/volcanes.net\/?p=6341#article\",\"isPartOf\":{\"@id\":\"https:\/\/volcanes.net\/?p=6341\"},\"author\":{\"name\":\"admin\",\"@id\":\"https:\/\/volcanes.net\/#\/schema\/person\/4bf0f383940966a4abd53f5048c0e6b9\"},\"headline\":\"VIDEO: Rehabilitan el relleno sanitario de Juchitepec\",\"datePublished\":\"2020-02-01T01:58:56+00:00\",\"mainEntityOfPage\":{\"@id\":\"https:\/\/volcanes.net\/?p=6341\"},\"wordCount\":487,\"commentCount\":0,\"publisher\":{\"@id\":\"https:\/\/volcanes.net\/#organization\"},\"image\":{\"@id\":\"https:\/\/volcanes.net\/?p=6341#primaryimage\"},\"thumbnailUrl\":\"https:\/\/volcanes.net\/wp-content\/uploads\/2020\/01\/Rehabilitan-relleno-sanitario-de-Juchitepec.jpeg\",\"keywords\":[\"GrupoVolcanes\",\"Juchitepec\"],\"articleSection\":[\"Municipales\"],\"inLanguage\":\"es\",\"potentialAction\":[{\"@type\":\"CommentAction\",\"name\":\"Comment\",\"target\":[\"https:\/\/volcanes.net\/?p=6341#respond\"]}]},{\"@type\":\"WebPage\",\"@id\":\"https:\/\/volcanes.net\/?p=6341\",\"url\":\"https:\/\/volcanes.net\/?p=6341\",\"name\":\"VIDEO: Rehabilitan el relleno sanitario de Juchitepec - Volcanes\",\"isPartOf\":{\"@id\":\"https:\/\/volcanes.net\/#website\"},\"primaryImageOfPage\":{\"@id\":\"https:\/\/volcanes.net\/?p=6341#primaryimage\"},\"image\":{\"@id\":\"https:\/\/volcanes.net\/?p=6341#primaryimage\"},\"thumbnailUrl\":\"https:\/\/volcanes.net\/wp-content\/uploads\/2020\/01\/Rehabilitan-relleno-sanitario-de-Juchitepec.jpeg\",\"datePublished\":\"2020-02-01T01:58:56+00:00\",\"breadcrumb\":{\"@id\":\"https:\/\/volcanes.net\/?p=6341#breadcrumb\"},\"inLanguage\":\"es\",\"potentialAction\":[{\"@type\":\"ReadAction\",\"target\":[\"https:\/\/volcanes.net\/?p=6341\"]}]},{\"@type\":\"ImageObject\",\"inLanguage\":\"es\",\"@id\":\"https:\/\/volcanes.net\/?p=6341#primaryimage\",\"url\":\"https:\/\/volcanes.net\/wp-content\/uploads\/2020\/01\/Rehabilitan-relleno-sanitario-de-Juchitepec.jpeg\",\"contentUrl\":\"https:\/\/volcanes.net\/wp-content\/uploads\/2020\/01\/Rehabilitan-relleno-sanitario-de-Juchitepec.jpeg\",\"width\":1280,\"height\":720},{\"@type\":\"BreadcrumbList\",\"@id\":\"https:\/\/volcanes.net\/?p=6341#breadcrumb\",\"itemListElement\":[{\"@type\":\"ListItem\",\"position\":1,\"name\":\"Portada\",\"item\":\"https:\/\/volcanes.net\/\"},{\"@type\":\"ListItem\",\"position\":2,\"name\":\"VIDEO: Rehabilitan el relleno sanitario de Juchitepec\"}]},{\"@type\":\"WebSite\",\"@id\":\"https:\/\/volcanes.net\/#website\",\"url\":\"https:\/\/volcanes.net\/\",\"name\":\"Volcanes.Net\",\"description\":\"Periodismo Profesional\",\"publisher\":{\"@id\":\"https:\/\/volcanes.net\/#organization\"},\"potentialAction\":[{\"@type\":\"SearchAction\",\"target\":{\"@type\":\"EntryPoint\",\"urlTemplate\":\"https:\/\/volcanes.net\/?s={search_term_string}\"},\"query-input\":{\"@type\":\"PropertyValueSpecification\",\"valueRequired\":true,\"valueName\":\"search_term_string\"}}],\"inLanguage\":\"es\"},{\"@type\":\"Organization\",\"@id\":\"https:\/\/volcanes.net\/#organization\",\"name\":\"Grupo Volcanes\",\"url\":\"https:\/\/volcanes.net\/\",\"logo\":{\"@type\":\"ImageObject\",\"inLanguage\":\"es\",\"@id\":\"https:\/\/volcanes.net\/#\/schema\/logo\/image\/\",\"url\":\"http:\/\/volcanes.net\/wp-content\/uploads\/2017\/12\/Avatar2.jpg\",\"contentUrl\":\"http:\/\/volcanes.net\/wp-content\/uploads\/2017\/12\/Avatar2.jpg\",\"width\":378,\"height\":378,\"caption\":\"Grupo Volcanes\"},\"image\":{\"@id\":\"https:\/\/volcanes.net\/#\/schema\/logo\/image\/\"},\"sameAs\":[\"https:\/\/www.facebook.com\/volcanes.net\/\"]},{\"@type\":\"Person\",\"@id\":\"https:\/\/volcanes.net\/#\/schema\/person\/4bf0f383940966a4abd53f5048c0e6b9\",\"name\":\"admin\",\"image\":{\"@type\":\"ImageObject\",\"inLanguage\":\"es\",\"@id\":\"https:\/\/volcanes.net\/#\/schema\/person\/image\/\",\"url\":\"https:\/\/secure.gravatar.com\/avatar\/ca004e6cba8462b8cb7abc86e382930c?s=96&d=mm&r=g\",\"contentUrl\":\"https:\/\/secure.gravatar.com\/avatar\/ca004e6cba8462b8cb7abc86e382930c?s=96&d=mm&r=g\",\"caption\":\"admin\"}}]}<\/script>\n<!-- \/ Yoast SEO plugin. -->","yoast_head_json":{"title":"VIDEO: Rehabilitan el relleno sanitario de Juchitepec - Volcanes","robots":{"index":"index","follow":"follow","max-snippet":"max-snippet:-1","max-image-preview":"max-image-preview:large","max-video-preview":"max-video-preview:-1"},"canonical":"https:\/\/volcanes.net\/?p=6341","og_locale":"es_MX","og_type":"article","og_title":"VIDEO: Rehabilitan el relleno sanitario de Juchitepec - Volcanes","og_description":"Juchitepec, Estado de M\u00e9xico.- Se rehabilita al cien por ciento el relleno sanitario municipal de","og_url":"https:\/\/volcanes.net\/?p=6341","og_site_name":"Volcanes","article_publisher":"https:\/\/www.facebook.com\/volcanes.net\/","article_published_time":"2020-02-01T01:58:56+00:00","og_image":[{"width":1280,"height":720,"url":"https:\/\/volcanes.net\/wp-content\/uploads\/2020\/01\/Rehabilitan-relleno-sanitario-de-Juchitepec.jpeg","type":"image\/jpeg"}],"author":"admin","twitter_card":"summary_large_image","twitter_misc":{"Escrito por":"admin","Tiempo de lectura":"2 minutos"},"schema":{"@context":"https:\/\/schema.org","@graph":[{"@type":"Article","@id":"https:\/\/volcanes.net\/?p=6341#article","isPartOf":{"@id":"https:\/\/volcanes.net\/?p=6341"},"author":{"name":"admin","@id":"https:\/\/volcanes.net\/#\/schema\/person\/4bf0f383940966a4abd53f5048c0e6b9"},"headline":"VIDEO: Rehabilitan el relleno sanitario de Juchitepec","datePublished":"2020-02-01T01:58:56+00:00","mainEntityOfPage":{"@id":"https:\/\/volcanes.net\/?p=6341"},"wordCount":487,"commentCount":0,"publisher":{"@id":"https:\/\/volcanes.net\/#organization"},"image":{"@id":"https:\/\/volcanes.net\/?p=6341#primaryimage"},"thumbnailUrl":"https:\/\/volcanes.net\/wp-content\/uploads\/2020\/01\/Rehabilitan-relleno-sanitario-de-Juchitepec.jpeg","keywords":["GrupoVolcanes","Juchitepec"],"articleSection":["Municipales"],"inLanguage":"es","potentialAction":[{"@type":"CommentAction","name":"Comment","target":["https:\/\/volcanes.net\/?p=6341#respond"]}]},{"@type":"WebPage","@id":"https:\/\/volcanes.net\/?p=6341","url":"https:\/\/volcanes.net\/?p=6341","name":"VIDEO: Rehabilitan el relleno sanitario de Juchitepec - Volcanes","isPartOf":{"@id":"https:\/\/volcanes.net\/#website"},"primaryImageOfPage":{"@id":"https:\/\/volcanes.net\/?p=6341#primaryimage"},"image":{"@id":"https:\/\/volcanes.net\/?p=6341#primaryimage"},"thumbnailUrl":"https:\/\/volcanes.net\/wp-content\/uploads\/2020\/01\/Rehabilitan-relleno-sanitario-de-Juchitepec.jpeg","datePublished":"2020-02-01T01:58:56+00:00","breadcrumb":{"@id":"https:\/\/volcanes.net\/?p=6341#breadcrumb"},"inLanguage":"es","potentialAction":[{"@type":"ReadAction","target":["https:\/\/volcanes.net\/?p=6341"]}]},{"@type":"ImageObject","inLanguage":"es","@id":"https:\/\/volcanes.net\/?p=6341#primaryimage","url":"https:\/\/volcanes.net\/wp-content\/uploads\/2020\/01\/Rehabilitan-relleno-sanitario-de-Juchitepec.jpeg","contentUrl":"https:\/\/volcanes.net\/wp-content\/uploads\/2020\/01\/Rehabilitan-relleno-sanitario-de-Juchitepec.jpeg","width":1280,"height":720},{"@type":"BreadcrumbList","@id":"https:\/\/volcanes.net\/?p=6341#breadcrumb","itemListElement":[{"@type":"ListItem","position":1,"name":"Portada","item":"https:\/\/volcanes.net\/"},{"@type":"ListItem","position":2,"name":"VIDEO: Rehabilitan el relleno sanitario de Juchitepec"}]},{"@type":"WebSite","@id":"https:\/\/volcanes.net\/#website","url":"https:\/\/volcanes.net\/","name":"Volcanes.Net","description":"Periodismo Profesional","publisher":{"@id":"https:\/\/volcanes.net\/#organization"},"potentialAction":[{"@type":"SearchAction","target":{"@type":"EntryPoint","urlTemplate":"https:\/\/volcanes.net\/?s={search_term_string}"},"query-input":{"@type":"PropertyValueSpecification","valueRequired":true,"valueName":"search_term_string"}}],"inLanguage":"es"},{"@type":"Organization","@id":"https:\/\/volcanes.net\/#organization","name":"Grupo Volcanes","url":"https:\/\/volcanes.net\/","logo":{"@type":"ImageObject","inLanguage":"es","@id":"https:\/\/volcanes.net\/#\/schema\/logo\/image\/","url":"http:\/\/volcanes.net\/wp-content\/uploads\/2017\/12\/Avatar2.jpg","contentUrl":"http:\/\/volcanes.net\/wp-content\/uploads\/2017\/12\/Avatar2.jpg","width":378,"height":378,"caption":"Grupo Volcanes"},"image":{"@id":"https:\/\/volcanes.net\/#\/schema\/logo\/image\/"},"sameAs":["https:\/\/www.facebook.com\/volcanes.net\/"]},{"@type":"Person","@id":"https:\/\/volcanes.net\/#\/schema\/person\/4bf0f383940966a4abd53f5048c0e6b9","name":"admin","image":{"@type":"ImageObject","inLanguage":"es","@id":"https:\/\/volcanes.net\/#\/schema\/person\/image\/","url":"https:\/\/secure.gravatar.com\/avatar\/ca004e6cba8462b8cb7abc86e382930c?s=96&d=mm&r=g","contentUrl":"https:\/\/secure.gravatar.com\/avatar\/ca004e6cba8462b8cb7abc86e382930c?s=96&d=mm&r=g","caption":"admin"}}]}},"_links":{"self":[{"href":"https:\/\/volcanes.net\/index.php?rest_route=\/wp\/v2\/posts\/6341"}],"collection":[{"href":"https:\/\/volcanes.net\/index.php?rest_route=\/wp\/v2\/posts"}],"about":[{"href":"https:\/\/volcanes.net\/index.php?rest_route=\/wp\/v2\/types\/post"}],"author":[{"embeddable":true,"href":"https:\/\/volcanes.net\/index.php?rest_route=\/wp\/v2\/users\/1"}],"replies":[{"embeddable":true,"href":"https:\/\/volcanes.net\/index.php?rest_route=%2Fwp%2Fv2%2Fcomments&post=6341"}],"version-history":[{"count":1,"href":"https:\/\/volcanes.net\/index.php?rest_route=\/wp\/v2\/posts\/6341\/revisions"}],"predecessor-version":[{"id":6343,"href":"https:\/\/volcanes.net\/index.php?rest_route=\/wp\/v2\/posts\/6341\/revisions\/6343"}],"wp:featuredmedia":[{"embeddable":true,"href":"https:\/\/volcanes.net\/index.php?rest_route=\/wp\/v2\/media\/6342"}],"wp:attachment":[{"href":"https:\/\/volcanes.net\/index.php?rest_route=%2Fwp%2Fv2%2Fmedia&parent=6341"}],"wp:term":[{"taxonomy":"category","embeddable":true,"href":"https:\/\/volcanes.net\/index.php?rest_route=%2Fwp%2Fv2%2Fcategories&post=6341"},{"taxonomy":"post_tag","embeddable":true,"href":"https:\/\/volcanes.net\/index.php?rest_route=%2Fwp%2Fv2%2Ftags&post=6341"}],"curies":[{"name":"wp","href":"https:\/\/api.w.org\/{rel}","templated":true}]}}