{"id":6344,"date":"2020-01-31T20:09:48","date_gmt":"2020-02-01T02:09:48","guid":{"rendered":"http:\/\/volcanes.net\/?p=6344"},"modified":"2020-01-31T20:09:48","modified_gmt":"2020-02-01T02:09:48","slug":"se-realiza-en-amecameca-primera-reunion-de-directores-de-los-imcufide-de-la-region-oriente","status":"publish","type":"post","link":"https:\/\/volcanes.net\/?p=6344","title":{"rendered":"Se realiza en Amecameca Primera Reuni\u00f3n de Directores de los IMCUFIDE de la Regi\u00f3n Oriente"},"content":{"rendered":"<div style=\"margin-top: 0px; margin-bottom: 0px;\" class=\"sharethis-inline-share-buttons\" ><\/div><p class=\"p2\">Amecameca de Ju\u00e1rez, Estado de M\u00e9xico a 31 de enero de 2020.-Tras reconocer la labor que realizan los titulares de los IMCUFIDE de la regi\u00f3n, el Presidente Municipal Miguel \u00c1ngel Salom\u00f3n Cort\u00e9s manifest\u00f3 su apoyo para la realizaci\u00f3n de m\u00e1s eventos deportivos que ayuden a fomentar buenos h\u00e1bitos en los ni\u00f1os y coadyuven con la integraci\u00f3n familiar.<\/p>\n<p class=\"p2\">Lo anterior durante la Primera Reuni\u00f3n de Directores de los IMCUFIDE de la Regi\u00f3n Oriente integrada por Amecameca, Ayapango, Atlautla, Cocotitl\u00e1n, Ecatzingo, Ozumba, Juchitepec, Tepetlixpa, Temamatla, Tlalmanalco y Chalco.<\/p>\n<p class=\"p2\">Tambi\u00e9n estuvieron presentes<span class=\"Apple-converted-space\">\u00a0 <\/span>Federico Lemus V\u00e1zquez, coordinador del Valle de M\u00e9xico, Mois\u00e9s Requena Eslava, presidente de la Asociaci\u00f3n Mexicana de Atletismo y Pedro Chipolini Cejudo, coordinador regional zona oriente, quienes reconocieron al Edil amecamequense por considerar al deporte como una actividad fundamental para el buen desarrollo de hombres y mujeres.<\/p>\n<p class=\"p2\">Ah\u00ed mismo se convoc\u00f3 a todos los municipios a participar en los torneos de basquetbol 5&#215;6, basquetbol 3&#215;3, f\u00fatbol y voleibol de sala, que se realizar\u00e1n con alumnos de nivel medio superior, en ramas femenil y varonil.<\/p>\n","protected":false},"excerpt":{"rendered":"<p>Amecameca de Ju\u00e1rez, Estado de M\u00e9xico a 31 de enero de 2020.-Tras reconocer la labor<\/p>\n","protected":false},"author":1,"featured_media":6345,"comment_status":"open","ping_status":"open","sticky":false,"template":"","format":"standard","meta":{"footnotes":""},"categories":[1],"tags":[7,265],"class_list":["post-6344","post","type-post","status-publish","format-standard","has-post-thumbnail","hentry","category-municipales","tag-amecameca","tag-grupovolcanes"],"yoast_head":"<!-- This site is optimized with the Yoast SEO plugin v25.3 - https:\/\/yoast.com\/wordpress\/plugins\/seo\/ -->\n<title>Se realiza en Amecameca Primera Reuni\u00f3n de Directores de los IMCUFIDE de la Regi\u00f3n Oriente - Volcanes<\/title>\n<meta name=\"robots\" content=\"index, follow, max-snippet:-1, max-image-preview:large, max-video-preview:-1\" \/>\n<link rel=\"canonical\" href=\"https:\/\/volcanes.net\/?p=6344\" \/>\n<meta property=\"og:locale\" content=\"es_MX\" \/>\n<meta property=\"og:type\" content=\"article\" \/>\n<meta property=\"og:title\" content=\"Se realiza en Amecameca Primera Reuni\u00f3n de Directores de los IMCUFIDE de la Regi\u00f3n Oriente - Volcanes\" \/>\n<meta property=\"og:description\" content=\"Amecameca de Ju\u00e1rez, Estado de M\u00e9xico a 31 de enero de 2020.-Tras reconocer la labor\" \/>\n<meta property=\"og:url\" content=\"https:\/\/volcanes.net\/?p=6344\" \/>\n<meta property=\"og:site_name\" content=\"Volcanes\" \/>\n<meta property=\"article:publisher\" content=\"https:\/\/www.facebook.com\/volcanes.net\/\" \/>\n<meta property=\"article:published_time\" content=\"2020-02-01T02:09:48+00:00\" \/>\n<meta property=\"og:image\" content=\"https:\/\/volcanes.net\/wp-content\/uploads\/2020\/01\/WhatsApp-Image-2020-01-31-at-6.33.46-PM.jpeg\" \/>\n\t<meta property=\"og:image:width\" content=\"1280\" \/>\n\t<meta property=\"og:image:height\" content=\"797\" \/>\n\t<meta property=\"og:image:type\" content=\"image\/jpeg\" \/>\n<meta name=\"author\" content=\"admin\" \/>\n<meta name=\"twitter:card\" content=\"summary_large_image\" \/>\n<meta name=\"twitter:label1\" content=\"Escrito por\" \/>\n\t<meta name=\"twitter:data1\" content=\"admin\" \/>\n\t<meta name=\"twitter:label2\" content=\"Tiempo de lectura\" \/>\n\t<meta name=\"twitter:data2\" content=\"1 minuto\" \/>\n<script type=\"application\/ld+json\" class=\"yoast-schema-graph\">{\"@context\":\"https:\/\/schema.org\",\"@graph\":[{\"@type\":\"Article\",\"@id\":\"https:\/\/volcanes.net\/?p=6344#article\",\"isPartOf\":{\"@id\":\"https:\/\/volcanes.net\/?p=6344\"},\"author\":{\"name\":\"admin\",\"@id\":\"https:\/\/volcanes.net\/#\/schema\/person\/4bf0f383940966a4abd53f5048c0e6b9\"},\"headline\":\"Se realiza en Amecameca Primera Reuni\u00f3n de Directores de los IMCUFIDE de la Regi\u00f3n Oriente\",\"datePublished\":\"2020-02-01T02:09:48+00:00\",\"mainEntityOfPage\":{\"@id\":\"https:\/\/volcanes.net\/?p=6344\"},\"wordCount\":209,\"commentCount\":0,\"publisher\":{\"@id\":\"https:\/\/volcanes.net\/#organization\"},\"image\":{\"@id\":\"https:\/\/volcanes.net\/?p=6344#primaryimage\"},\"thumbnailUrl\":\"https:\/\/volcanes.net\/wp-content\/uploads\/2020\/01\/WhatsApp-Image-2020-01-31-at-6.33.46-PM.jpeg\",\"keywords\":[\"Amecameca\",\"GrupoVolcanes\"],\"articleSection\":[\"Municipales\"],\"inLanguage\":\"es\",\"potentialAction\":[{\"@type\":\"CommentAction\",\"name\":\"Comment\",\"target\":[\"https:\/\/volcanes.net\/?p=6344#respond\"]}]},{\"@type\":\"WebPage\",\"@id\":\"https:\/\/volcanes.net\/?p=6344\",\"url\":\"https:\/\/volcanes.net\/?p=6344\",\"name\":\"Se realiza en Amecameca Primera Reuni\u00f3n de Directores de los IMCUFIDE de la Regi\u00f3n Oriente - Volcanes\",\"isPartOf\":{\"@id\":\"https:\/\/volcanes.net\/#website\"},\"primaryImageOfPage\":{\"@id\":\"https:\/\/volcanes.net\/?p=6344#primaryimage\"},\"image\":{\"@id\":\"https:\/\/volcanes.net\/?p=6344#primaryimage\"},\"thumbnailUrl\":\"https:\/\/volcanes.net\/wp-content\/uploads\/2020\/01\/WhatsApp-Image-2020-01-31-at-6.33.46-PM.jpeg\",\"datePublished\":\"2020-02-01T02:09:48+00:00\",\"breadcrumb\":{\"@id\":\"https:\/\/volcanes.net\/?p=6344#breadcrumb\"},\"inLanguage\":\"es\",\"potentialAction\":[{\"@type\":\"ReadAction\",\"target\":[\"https:\/\/volcanes.net\/?p=6344\"]}]},{\"@type\":\"ImageObject\",\"inLanguage\":\"es\",\"@id\":\"https:\/\/volcanes.net\/?p=6344#primaryimage\",\"url\":\"https:\/\/volcanes.net\/wp-content\/uploads\/2020\/01\/WhatsApp-Image-2020-01-31-at-6.33.46-PM.jpeg\",\"contentUrl\":\"https:\/\/volcanes.net\/wp-content\/uploads\/2020\/01\/WhatsApp-Image-2020-01-31-at-6.33.46-PM.jpeg\",\"width\":1280,\"height\":797},{\"@type\":\"BreadcrumbList\",\"@id\":\"https:\/\/volcanes.net\/?p=6344#breadcrumb\",\"itemListElement\":[{\"@type\":\"ListItem\",\"position\":1,\"name\":\"Portada\",\"item\":\"https:\/\/volcanes.net\/\"},{\"@type\":\"ListItem\",\"position\":2,\"name\":\"Se realiza en Amecameca Primera Reuni\u00f3n de Directores de los IMCUFIDE de la Regi\u00f3n Oriente\"}]},{\"@type\":\"WebSite\",\"@id\":\"https:\/\/volcanes.net\/#website\",\"url\":\"https:\/\/volcanes.net\/\",\"name\":\"Volcanes.Net\",\"description\":\"Periodismo Profesional\",\"publisher\":{\"@id\":\"https:\/\/volcanes.net\/#organization\"},\"potentialAction\":[{\"@type\":\"SearchAction\",\"target\":{\"@type\":\"EntryPoint\",\"urlTemplate\":\"https:\/\/volcanes.net\/?s={search_term_string}\"},\"query-input\":{\"@type\":\"PropertyValueSpecification\",\"valueRequired\":true,\"valueName\":\"search_term_string\"}}],\"inLanguage\":\"es\"},{\"@type\":\"Organization\",\"@id\":\"https:\/\/volcanes.net\/#organization\",\"name\":\"Grupo Volcanes\",\"url\":\"https:\/\/volcanes.net\/\",\"logo\":{\"@type\":\"ImageObject\",\"inLanguage\":\"es\",\"@id\":\"https:\/\/volcanes.net\/#\/schema\/logo\/image\/\",\"url\":\"http:\/\/volcanes.net\/wp-content\/uploads\/2017\/12\/Avatar2.jpg\",\"contentUrl\":\"http:\/\/volcanes.net\/wp-content\/uploads\/2017\/12\/Avatar2.jpg\",\"width\":378,\"height\":378,\"caption\":\"Grupo Volcanes\"},\"image\":{\"@id\":\"https:\/\/volcanes.net\/#\/schema\/logo\/image\/\"},\"sameAs\":[\"https:\/\/www.facebook.com\/volcanes.net\/\"]},{\"@type\":\"Person\",\"@id\":\"https:\/\/volcanes.net\/#\/schema\/person\/4bf0f383940966a4abd53f5048c0e6b9\",\"name\":\"admin\",\"image\":{\"@type\":\"ImageObject\",\"inLanguage\":\"es\",\"@id\":\"https:\/\/volcanes.net\/#\/schema\/person\/image\/\",\"url\":\"https:\/\/secure.gravatar.com\/avatar\/ca004e6cba8462b8cb7abc86e382930c?s=96&d=mm&r=g\",\"contentUrl\":\"https:\/\/secure.gravatar.com\/avatar\/ca004e6cba8462b8cb7abc86e382930c?s=96&d=mm&r=g\",\"caption\":\"admin\"}}]}<\/script>\n<!-- \/ Yoast SEO plugin. -->","yoast_head_json":{"title":"Se realiza en Amecameca Primera Reuni\u00f3n de Directores de los IMCUFIDE de la Regi\u00f3n Oriente - Volcanes","robots":{"index":"index","follow":"follow","max-snippet":"max-snippet:-1","max-image-preview":"max-image-preview:large","max-video-preview":"max-video-preview:-1"},"canonical":"https:\/\/volcanes.net\/?p=6344","og_locale":"es_MX","og_type":"article","og_title":"Se realiza en Amecameca Primera Reuni\u00f3n de Directores de los IMCUFIDE de la Regi\u00f3n Oriente - Volcanes","og_description":"Amecameca de Ju\u00e1rez, Estado de M\u00e9xico a 31 de enero de 2020.-Tras reconocer la labor","og_url":"https:\/\/volcanes.net\/?p=6344","og_site_name":"Volcanes","article_publisher":"https:\/\/www.facebook.com\/volcanes.net\/","article_published_time":"2020-02-01T02:09:48+00:00","og_image":[{"width":1280,"height":797,"url":"https:\/\/volcanes.net\/wp-content\/uploads\/2020\/01\/WhatsApp-Image-2020-01-31-at-6.33.46-PM.jpeg","type":"image\/jpeg"}],"author":"admin","twitter_card":"summary_large_image","twitter_misc":{"Escrito por":"admin","Tiempo de lectura":"1 minuto"},"schema":{"@context":"https:\/\/schema.org","@graph":[{"@type":"Article","@id":"https:\/\/volcanes.net\/?p=6344#article","isPartOf":{"@id":"https:\/\/volcanes.net\/?p=6344"},"author":{"name":"admin","@id":"https:\/\/volcanes.net\/#\/schema\/person\/4bf0f383940966a4abd53f5048c0e6b9"},"headline":"Se realiza en Amecameca Primera Reuni\u00f3n de Directores de los IMCUFIDE de la Regi\u00f3n Oriente","datePublished":"2020-02-01T02:09:48+00:00","mainEntityOfPage":{"@id":"https:\/\/volcanes.net\/?p=6344"},"wordCount":209,"commentCount":0,"publisher":{"@id":"https:\/\/volcanes.net\/#organization"},"image":{"@id":"https:\/\/volcanes.net\/?p=6344#primaryimage"},"thumbnailUrl":"https:\/\/volcanes.net\/wp-content\/uploads\/2020\/01\/WhatsApp-Image-2020-01-31-at-6.33.46-PM.jpeg","keywords":["Amecameca","GrupoVolcanes"],"articleSection":["Municipales"],"inLanguage":"es","potentialAction":[{"@type":"CommentAction","name":"Comment","target":["https:\/\/volcanes.net\/?p=6344#respond"]}]},{"@type":"WebPage","@id":"https:\/\/volcanes.net\/?p=6344","url":"https:\/\/volcanes.net\/?p=6344","name":"Se realiza en Amecameca Primera Reuni\u00f3n de Directores de los IMCUFIDE de la Regi\u00f3n Oriente - Volcanes","isPartOf":{"@id":"https:\/\/volcanes.net\/#website"},"primaryImageOfPage":{"@id":"https:\/\/volcanes.net\/?p=6344#primaryimage"},"image":{"@id":"https:\/\/volcanes.net\/?p=6344#primaryimage"},"thumbnailUrl":"https:\/\/volcanes.net\/wp-content\/uploads\/2020\/01\/WhatsApp-Image-2020-01-31-at-6.33.46-PM.jpeg","datePublished":"2020-02-01T02:09:48+00:00","breadcrumb":{"@id":"https:\/\/volcanes.net\/?p=6344#breadcrumb"},"inLanguage":"es","potentialAction":[{"@type":"ReadAction","target":["https:\/\/volcanes.net\/?p=6344"]}]},{"@type":"ImageObject","inLanguage":"es","@id":"https:\/\/volcanes.net\/?p=6344#primaryimage","url":"https:\/\/volcanes.net\/wp-content\/uploads\/2020\/01\/WhatsApp-Image-2020-01-31-at-6.33.46-PM.jpeg","contentUrl":"https:\/\/volcanes.net\/wp-content\/uploads\/2020\/01\/WhatsApp-Image-2020-01-31-at-6.33.46-PM.jpeg","width":1280,"height":797},{"@type":"BreadcrumbList","@id":"https:\/\/volcanes.net\/?p=6344#breadcrumb","itemListElement":[{"@type":"ListItem","position":1,"name":"Portada","item":"https:\/\/volcanes.net\/"},{"@type":"ListItem","position":2,"name":"Se realiza en Amecameca Primera Reuni\u00f3n de Directores de los IMCUFIDE de la Regi\u00f3n Oriente"}]},{"@type":"WebSite","@id":"https:\/\/volcanes.net\/#website","url":"https:\/\/volcanes.net\/","name":"Volcanes.Net","description":"Periodismo Profesional","publisher":{"@id":"https:\/\/volcanes.net\/#organization"},"potentialAction":[{"@type":"SearchAction","target":{"@type":"EntryPoint","urlTemplate":"https:\/\/volcanes.net\/?s={search_term_string}"},"query-input":{"@type":"PropertyValueSpecification","valueRequired":true,"valueName":"search_term_string"}}],"inLanguage":"es"},{"@type":"Organization","@id":"https:\/\/volcanes.net\/#organization","name":"Grupo Volcanes","url":"https:\/\/volcanes.net\/","logo":{"@type":"ImageObject","inLanguage":"es","@id":"https:\/\/volcanes.net\/#\/schema\/logo\/image\/","url":"http:\/\/volcanes.net\/wp-content\/uploads\/2017\/12\/Avatar2.jpg","contentUrl":"http:\/\/volcanes.net\/wp-content\/uploads\/2017\/12\/Avatar2.jpg","width":378,"height":378,"caption":"Grupo Volcanes"},"image":{"@id":"https:\/\/volcanes.net\/#\/schema\/logo\/image\/"},"sameAs":["https:\/\/www.facebook.com\/volcanes.net\/"]},{"@type":"Person","@id":"https:\/\/volcanes.net\/#\/schema\/person\/4bf0f383940966a4abd53f5048c0e6b9","name":"admin","image":{"@type":"ImageObject","inLanguage":"es","@id":"https:\/\/volcanes.net\/#\/schema\/person\/image\/","url":"https:\/\/secure.gravatar.com\/avatar\/ca004e6cba8462b8cb7abc86e382930c?s=96&d=mm&r=g","contentUrl":"https:\/\/secure.gravatar.com\/avatar\/ca004e6cba8462b8cb7abc86e382930c?s=96&d=mm&r=g","caption":"admin"}}]}},"_links":{"self":[{"href":"https:\/\/volcanes.net\/index.php?rest_route=\/wp\/v2\/posts\/6344"}],"collection":[{"href":"https:\/\/volcanes.net\/index.php?rest_route=\/wp\/v2\/posts"}],"about":[{"href":"https:\/\/volcanes.net\/index.php?rest_route=\/wp\/v2\/types\/post"}],"author":[{"embeddable":true,"href":"https:\/\/volcanes.net\/index.php?rest_route=\/wp\/v2\/users\/1"}],"replies":[{"embeddable":true,"href":"https:\/\/volcanes.net\/index.php?rest_route=%2Fwp%2Fv2%2Fcomments&post=6344"}],"version-history":[{"count":1,"href":"https:\/\/volcanes.net\/index.php?rest_route=\/wp\/v2\/posts\/6344\/revisions"}],"predecessor-version":[{"id":6346,"href":"https:\/\/volcanes.net\/index.php?rest_route=\/wp\/v2\/posts\/6344\/revisions\/6346"}],"wp:featuredmedia":[{"embeddable":true,"href":"https:\/\/volcanes.net\/index.php?rest_route=\/wp\/v2\/media\/6345"}],"wp:attachment":[{"href":"https:\/\/volcanes.net\/index.php?rest_route=%2Fwp%2Fv2%2Fmedia&parent=6344"}],"wp:term":[{"taxonomy":"category","embeddable":true,"href":"https:\/\/volcanes.net\/index.php?rest_route=%2Fwp%2Fv2%2Fcategories&post=6344"},{"taxonomy":"post_tag","embeddable":true,"href":"https:\/\/volcanes.net\/index.php?rest_route=%2Fwp%2Fv2%2Ftags&post=6344"}],"curies":[{"name":"wp","href":"https:\/\/api.w.org\/{rel}","templated":true}]}}