{"id":6352,"date":"2020-01-31T20:27:06","date_gmt":"2020-02-01T02:27:06","guid":{"rendered":"http:\/\/volcanes.net\/?p=6352"},"modified":"2020-01-31T20:27:06","modified_gmt":"2020-02-01T02:27:06","slug":"en-amecameca-inauguran-repavimentacion-de-calle-el-rosario","status":"publish","type":"post","link":"https:\/\/volcanes.net\/?p=6352","title":{"rendered":"En Amecameca inauguran  repavimentaci\u00f3n de calle El Rosario"},"content":{"rendered":"<div style=\"margin-top: 0px; margin-bottom: 0px;\" class=\"sharethis-inline-share-buttons\" ><\/div><p class=\"p1\">\n<blockquote>\n<p class=\"p2\">La inversi\u00f3n fue superior a los 7 millones de pesos<\/p>\n<\/blockquote>\n<p class=\"p3\">Amecameca de Ju\u00e1rez, Estado de M\u00e9xico a 31 de enero de 2020.- \u201cLas grandes obras, atraen grandes beneficios, y eso es lo que esperamos de la repavimentaci\u00f3n de la calle El Rosario, que el centro de Amecameca tenga mejores vialidades, crecimiento comercial y sobre todo movilidad humana segura\u201d, afirm\u00f3 el Presidente Municipal Miguel \u00c1ngel Salom\u00f3n Cort\u00e9s, durante la inauguraci\u00f3n de esta obra cuya inversi\u00f3n fue superior a los 7 millones de pesos.<\/p>\n<p class=\"p3\">Acompa\u00f1ado por los integrantes del Ayuntamiento; del Subsecretario de Gobierno, Ricardo Enr\u00edquez Fuentes; de Rolando Castellanos Hern\u00e1ndez, Representante personal del Gobernador Alfredo Del Mazo Maza; del Director de Gobierno Regi\u00f3n Amecameca, Edgar Mart\u00ednez Barrag\u00e1n y de la Presidenta del sistema DIF Amecameca, Patricia Tufi\u00f1o Carranza, el Mun\u00edcipe recorri\u00f3 la reci\u00e9n inaugurada calle.<\/p>\n<p class=\"p3\">El Edil agradeci\u00f3 p\u00fablicamente el apoyo del Gobernador Alfredo Del Mazo Maza, de quien dijo ha demostrado con hechos que est\u00e1 comprometido con los amecamequenses.<\/p>\n<p class=\"p3\">En su oportunidad el Subsecretario de Gobierno asegur\u00f3 que todos los presentes eran testigos del buen oficio de gestor permanente del Presidente Municipal; por su parte el Representante del Gobernador Mexiquense sostuvo que la repavimentaci\u00f3n de la calle El Rosario es una obra de primer nivel, \u201cresultado de la uni\u00f3n de esfuerzos de los distintos \u00f3rdenes de gobierno\u201d, concluy\u00f3.<\/p>\n<p class=\"p3\">Por su parte el vecino Israel Ju\u00e1rez C\u00f3rdoba reconoci\u00f3 que \u201ctanto la ciudadan\u00eda como las autoridades municipales pusieron de su parte para tomar acuerdos que redundaran en esta obra que beneficia a miles de habitantes y visitantes al centro de Amecameca\u201d.<\/p>\n<p class=\"p3\">Cabe se\u00f1alar que los trabajos que se realizaron en la calle El Rosario, en el tramo comprendido entre Av. Miguel Hidalgo y Av. Independencia, son rehabilitaci\u00f3n de la red de agua potable; rehabilitaci\u00f3n de la red de drenaje; mejoramiento de la base del subsuelo; construcci\u00f3n de pavimento a base de piedra cortada, ahogada en concreto; construcci\u00f3n de banquetas con adocreto; construcci\u00f3n de guarniciones en tramos da\u00f1ados; colocaci\u00f3n de postes, luminarias y bases de apoyo y pinta de las guarniciones.<\/p>\n","protected":false},"excerpt":{"rendered":"<p>La inversi\u00f3n fue superior a los 7 millones de pesos Amecameca de Ju\u00e1rez, Estado de<\/p>\n","protected":false},"author":1,"featured_media":6353,"comment_status":"open","ping_status":"open","sticky":false,"template":"","format":"standard","meta":{"footnotes":""},"categories":[1],"tags":[7,265],"class_list":["post-6352","post","type-post","status-publish","format-standard","has-post-thumbnail","hentry","category-municipales","tag-amecameca","tag-grupovolcanes"],"yoast_head":"<!-- This site is optimized with the Yoast SEO plugin v25.3 - https:\/\/yoast.com\/wordpress\/plugins\/seo\/ -->\n<title>En Amecameca inauguran repavimentaci\u00f3n de calle El Rosario - Volcanes<\/title>\n<meta name=\"robots\" content=\"index, follow, max-snippet:-1, max-image-preview:large, max-video-preview:-1\" \/>\n<link rel=\"canonical\" href=\"https:\/\/volcanes.net\/?p=6352\" \/>\n<meta property=\"og:locale\" content=\"es_MX\" \/>\n<meta property=\"og:type\" content=\"article\" \/>\n<meta property=\"og:title\" content=\"En Amecameca inauguran repavimentaci\u00f3n de calle El Rosario - Volcanes\" \/>\n<meta property=\"og:description\" content=\"La inversi\u00f3n fue superior a los 7 millones de pesos Amecameca de Ju\u00e1rez, Estado de\" \/>\n<meta property=\"og:url\" content=\"https:\/\/volcanes.net\/?p=6352\" \/>\n<meta property=\"og:site_name\" content=\"Volcanes\" \/>\n<meta property=\"article:publisher\" content=\"https:\/\/www.facebook.com\/volcanes.net\/\" \/>\n<meta property=\"article:published_time\" content=\"2020-02-01T02:27:06+00:00\" \/>\n<meta property=\"og:image\" content=\"https:\/\/volcanes.net\/wp-content\/uploads\/2020\/01\/WhatsApp-Image-2020-01-31-at-8.06.07-PM-1-e1580524004573.jpeg\" \/>\n\t<meta property=\"og:image:width\" content=\"800\" \/>\n\t<meta property=\"og:image:height\" content=\"511\" \/>\n\t<meta property=\"og:image:type\" content=\"image\/jpeg\" \/>\n<meta name=\"author\" content=\"admin\" \/>\n<meta name=\"twitter:card\" content=\"summary_large_image\" \/>\n<meta name=\"twitter:label1\" content=\"Escrito por\" \/>\n\t<meta name=\"twitter:data1\" content=\"admin\" \/>\n\t<meta name=\"twitter:label2\" content=\"Tiempo de lectura\" \/>\n\t<meta name=\"twitter:data2\" content=\"2 minutos\" \/>\n<script type=\"application\/ld+json\" class=\"yoast-schema-graph\">{\"@context\":\"https:\/\/schema.org\",\"@graph\":[{\"@type\":\"Article\",\"@id\":\"https:\/\/volcanes.net\/?p=6352#article\",\"isPartOf\":{\"@id\":\"https:\/\/volcanes.net\/?p=6352\"},\"author\":{\"name\":\"admin\",\"@id\":\"https:\/\/volcanes.net\/#\/schema\/person\/4bf0f383940966a4abd53f5048c0e6b9\"},\"headline\":\"En Amecameca inauguran repavimentaci\u00f3n de calle El Rosario\",\"datePublished\":\"2020-02-01T02:27:06+00:00\",\"mainEntityOfPage\":{\"@id\":\"https:\/\/volcanes.net\/?p=6352\"},\"wordCount\":375,\"commentCount\":0,\"publisher\":{\"@id\":\"https:\/\/volcanes.net\/#organization\"},\"image\":{\"@id\":\"https:\/\/volcanes.net\/?p=6352#primaryimage\"},\"thumbnailUrl\":\"https:\/\/volcanes.net\/wp-content\/uploads\/2020\/01\/WhatsApp-Image-2020-01-31-at-8.06.07-PM-1-e1580524004573.jpeg\",\"keywords\":[\"Amecameca\",\"GrupoVolcanes\"],\"articleSection\":[\"Municipales\"],\"inLanguage\":\"es\",\"potentialAction\":[{\"@type\":\"CommentAction\",\"name\":\"Comment\",\"target\":[\"https:\/\/volcanes.net\/?p=6352#respond\"]}]},{\"@type\":\"WebPage\",\"@id\":\"https:\/\/volcanes.net\/?p=6352\",\"url\":\"https:\/\/volcanes.net\/?p=6352\",\"name\":\"En Amecameca inauguran repavimentaci\u00f3n de calle El Rosario - Volcanes\",\"isPartOf\":{\"@id\":\"https:\/\/volcanes.net\/#website\"},\"primaryImageOfPage\":{\"@id\":\"https:\/\/volcanes.net\/?p=6352#primaryimage\"},\"image\":{\"@id\":\"https:\/\/volcanes.net\/?p=6352#primaryimage\"},\"thumbnailUrl\":\"https:\/\/volcanes.net\/wp-content\/uploads\/2020\/01\/WhatsApp-Image-2020-01-31-at-8.06.07-PM-1-e1580524004573.jpeg\",\"datePublished\":\"2020-02-01T02:27:06+00:00\",\"breadcrumb\":{\"@id\":\"https:\/\/volcanes.net\/?p=6352#breadcrumb\"},\"inLanguage\":\"es\",\"potentialAction\":[{\"@type\":\"ReadAction\",\"target\":[\"https:\/\/volcanes.net\/?p=6352\"]}]},{\"@type\":\"ImageObject\",\"inLanguage\":\"es\",\"@id\":\"https:\/\/volcanes.net\/?p=6352#primaryimage\",\"url\":\"https:\/\/volcanes.net\/wp-content\/uploads\/2020\/01\/WhatsApp-Image-2020-01-31-at-8.06.07-PM-1-e1580524004573.jpeg\",\"contentUrl\":\"https:\/\/volcanes.net\/wp-content\/uploads\/2020\/01\/WhatsApp-Image-2020-01-31-at-8.06.07-PM-1-e1580524004573.jpeg\",\"width\":800,\"height\":511},{\"@type\":\"BreadcrumbList\",\"@id\":\"https:\/\/volcanes.net\/?p=6352#breadcrumb\",\"itemListElement\":[{\"@type\":\"ListItem\",\"position\":1,\"name\":\"Portada\",\"item\":\"https:\/\/volcanes.net\/\"},{\"@type\":\"ListItem\",\"position\":2,\"name\":\"En Amecameca inauguran repavimentaci\u00f3n de calle El Rosario\"}]},{\"@type\":\"WebSite\",\"@id\":\"https:\/\/volcanes.net\/#website\",\"url\":\"https:\/\/volcanes.net\/\",\"name\":\"Volcanes.Net\",\"description\":\"Periodismo Profesional\",\"publisher\":{\"@id\":\"https:\/\/volcanes.net\/#organization\"},\"potentialAction\":[{\"@type\":\"SearchAction\",\"target\":{\"@type\":\"EntryPoint\",\"urlTemplate\":\"https:\/\/volcanes.net\/?s={search_term_string}\"},\"query-input\":{\"@type\":\"PropertyValueSpecification\",\"valueRequired\":true,\"valueName\":\"search_term_string\"}}],\"inLanguage\":\"es\"},{\"@type\":\"Organization\",\"@id\":\"https:\/\/volcanes.net\/#organization\",\"name\":\"Grupo Volcanes\",\"url\":\"https:\/\/volcanes.net\/\",\"logo\":{\"@type\":\"ImageObject\",\"inLanguage\":\"es\",\"@id\":\"https:\/\/volcanes.net\/#\/schema\/logo\/image\/\",\"url\":\"http:\/\/volcanes.net\/wp-content\/uploads\/2017\/12\/Avatar2.jpg\",\"contentUrl\":\"http:\/\/volcanes.net\/wp-content\/uploads\/2017\/12\/Avatar2.jpg\",\"width\":378,\"height\":378,\"caption\":\"Grupo Volcanes\"},\"image\":{\"@id\":\"https:\/\/volcanes.net\/#\/schema\/logo\/image\/\"},\"sameAs\":[\"https:\/\/www.facebook.com\/volcanes.net\/\"]},{\"@type\":\"Person\",\"@id\":\"https:\/\/volcanes.net\/#\/schema\/person\/4bf0f383940966a4abd53f5048c0e6b9\",\"name\":\"admin\",\"image\":{\"@type\":\"ImageObject\",\"inLanguage\":\"es\",\"@id\":\"https:\/\/volcanes.net\/#\/schema\/person\/image\/\",\"url\":\"https:\/\/secure.gravatar.com\/avatar\/ca004e6cba8462b8cb7abc86e382930c?s=96&d=mm&r=g\",\"contentUrl\":\"https:\/\/secure.gravatar.com\/avatar\/ca004e6cba8462b8cb7abc86e382930c?s=96&d=mm&r=g\",\"caption\":\"admin\"}}]}<\/script>\n<!-- \/ Yoast SEO plugin. -->","yoast_head_json":{"title":"En Amecameca inauguran repavimentaci\u00f3n de calle El Rosario - Volcanes","robots":{"index":"index","follow":"follow","max-snippet":"max-snippet:-1","max-image-preview":"max-image-preview:large","max-video-preview":"max-video-preview:-1"},"canonical":"https:\/\/volcanes.net\/?p=6352","og_locale":"es_MX","og_type":"article","og_title":"En Amecameca inauguran repavimentaci\u00f3n de calle El Rosario - Volcanes","og_description":"La inversi\u00f3n fue superior a los 7 millones de pesos Amecameca de Ju\u00e1rez, Estado de","og_url":"https:\/\/volcanes.net\/?p=6352","og_site_name":"Volcanes","article_publisher":"https:\/\/www.facebook.com\/volcanes.net\/","article_published_time":"2020-02-01T02:27:06+00:00","og_image":[{"width":800,"height":511,"url":"https:\/\/volcanes.net\/wp-content\/uploads\/2020\/01\/WhatsApp-Image-2020-01-31-at-8.06.07-PM-1-e1580524004573.jpeg","type":"image\/jpeg"}],"author":"admin","twitter_card":"summary_large_image","twitter_misc":{"Escrito por":"admin","Tiempo de lectura":"2 minutos"},"schema":{"@context":"https:\/\/schema.org","@graph":[{"@type":"Article","@id":"https:\/\/volcanes.net\/?p=6352#article","isPartOf":{"@id":"https:\/\/volcanes.net\/?p=6352"},"author":{"name":"admin","@id":"https:\/\/volcanes.net\/#\/schema\/person\/4bf0f383940966a4abd53f5048c0e6b9"},"headline":"En Amecameca inauguran repavimentaci\u00f3n de calle El Rosario","datePublished":"2020-02-01T02:27:06+00:00","mainEntityOfPage":{"@id":"https:\/\/volcanes.net\/?p=6352"},"wordCount":375,"commentCount":0,"publisher":{"@id":"https:\/\/volcanes.net\/#organization"},"image":{"@id":"https:\/\/volcanes.net\/?p=6352#primaryimage"},"thumbnailUrl":"https:\/\/volcanes.net\/wp-content\/uploads\/2020\/01\/WhatsApp-Image-2020-01-31-at-8.06.07-PM-1-e1580524004573.jpeg","keywords":["Amecameca","GrupoVolcanes"],"articleSection":["Municipales"],"inLanguage":"es","potentialAction":[{"@type":"CommentAction","name":"Comment","target":["https:\/\/volcanes.net\/?p=6352#respond"]}]},{"@type":"WebPage","@id":"https:\/\/volcanes.net\/?p=6352","url":"https:\/\/volcanes.net\/?p=6352","name":"En Amecameca inauguran repavimentaci\u00f3n de calle El Rosario - Volcanes","isPartOf":{"@id":"https:\/\/volcanes.net\/#website"},"primaryImageOfPage":{"@id":"https:\/\/volcanes.net\/?p=6352#primaryimage"},"image":{"@id":"https:\/\/volcanes.net\/?p=6352#primaryimage"},"thumbnailUrl":"https:\/\/volcanes.net\/wp-content\/uploads\/2020\/01\/WhatsApp-Image-2020-01-31-at-8.06.07-PM-1-e1580524004573.jpeg","datePublished":"2020-02-01T02:27:06+00:00","breadcrumb":{"@id":"https:\/\/volcanes.net\/?p=6352#breadcrumb"},"inLanguage":"es","potentialAction":[{"@type":"ReadAction","target":["https:\/\/volcanes.net\/?p=6352"]}]},{"@type":"ImageObject","inLanguage":"es","@id":"https:\/\/volcanes.net\/?p=6352#primaryimage","url":"https:\/\/volcanes.net\/wp-content\/uploads\/2020\/01\/WhatsApp-Image-2020-01-31-at-8.06.07-PM-1-e1580524004573.jpeg","contentUrl":"https:\/\/volcanes.net\/wp-content\/uploads\/2020\/01\/WhatsApp-Image-2020-01-31-at-8.06.07-PM-1-e1580524004573.jpeg","width":800,"height":511},{"@type":"BreadcrumbList","@id":"https:\/\/volcanes.net\/?p=6352#breadcrumb","itemListElement":[{"@type":"ListItem","position":1,"name":"Portada","item":"https:\/\/volcanes.net\/"},{"@type":"ListItem","position":2,"name":"En Amecameca inauguran repavimentaci\u00f3n de calle El Rosario"}]},{"@type":"WebSite","@id":"https:\/\/volcanes.net\/#website","url":"https:\/\/volcanes.net\/","name":"Volcanes.Net","description":"Periodismo Profesional","publisher":{"@id":"https:\/\/volcanes.net\/#organization"},"potentialAction":[{"@type":"SearchAction","target":{"@type":"EntryPoint","urlTemplate":"https:\/\/volcanes.net\/?s={search_term_string}"},"query-input":{"@type":"PropertyValueSpecification","valueRequired":true,"valueName":"search_term_string"}}],"inLanguage":"es"},{"@type":"Organization","@id":"https:\/\/volcanes.net\/#organization","name":"Grupo Volcanes","url":"https:\/\/volcanes.net\/","logo":{"@type":"ImageObject","inLanguage":"es","@id":"https:\/\/volcanes.net\/#\/schema\/logo\/image\/","url":"http:\/\/volcanes.net\/wp-content\/uploads\/2017\/12\/Avatar2.jpg","contentUrl":"http:\/\/volcanes.net\/wp-content\/uploads\/2017\/12\/Avatar2.jpg","width":378,"height":378,"caption":"Grupo Volcanes"},"image":{"@id":"https:\/\/volcanes.net\/#\/schema\/logo\/image\/"},"sameAs":["https:\/\/www.facebook.com\/volcanes.net\/"]},{"@type":"Person","@id":"https:\/\/volcanes.net\/#\/schema\/person\/4bf0f383940966a4abd53f5048c0e6b9","name":"admin","image":{"@type":"ImageObject","inLanguage":"es","@id":"https:\/\/volcanes.net\/#\/schema\/person\/image\/","url":"https:\/\/secure.gravatar.com\/avatar\/ca004e6cba8462b8cb7abc86e382930c?s=96&d=mm&r=g","contentUrl":"https:\/\/secure.gravatar.com\/avatar\/ca004e6cba8462b8cb7abc86e382930c?s=96&d=mm&r=g","caption":"admin"}}]}},"_links":{"self":[{"href":"https:\/\/volcanes.net\/index.php?rest_route=\/wp\/v2\/posts\/6352"}],"collection":[{"href":"https:\/\/volcanes.net\/index.php?rest_route=\/wp\/v2\/posts"}],"about":[{"href":"https:\/\/volcanes.net\/index.php?rest_route=\/wp\/v2\/types\/post"}],"author":[{"embeddable":true,"href":"https:\/\/volcanes.net\/index.php?rest_route=\/wp\/v2\/users\/1"}],"replies":[{"embeddable":true,"href":"https:\/\/volcanes.net\/index.php?rest_route=%2Fwp%2Fv2%2Fcomments&post=6352"}],"version-history":[{"count":1,"href":"https:\/\/volcanes.net\/index.php?rest_route=\/wp\/v2\/posts\/6352\/revisions"}],"predecessor-version":[{"id":6354,"href":"https:\/\/volcanes.net\/index.php?rest_route=\/wp\/v2\/posts\/6352\/revisions\/6354"}],"wp:featuredmedia":[{"embeddable":true,"href":"https:\/\/volcanes.net\/index.php?rest_route=\/wp\/v2\/media\/6353"}],"wp:attachment":[{"href":"https:\/\/volcanes.net\/index.php?rest_route=%2Fwp%2Fv2%2Fmedia&parent=6352"}],"wp:term":[{"taxonomy":"category","embeddable":true,"href":"https:\/\/volcanes.net\/index.php?rest_route=%2Fwp%2Fv2%2Fcategories&post=6352"},{"taxonomy":"post_tag","embeddable":true,"href":"https:\/\/volcanes.net\/index.php?rest_route=%2Fwp%2Fv2%2Ftags&post=6352"}],"curies":[{"name":"wp","href":"https:\/\/api.w.org\/{rel}","templated":true}]}}