{"id":636,"date":"2018-01-21T00:29:56","date_gmt":"2018-01-21T00:29:56","guid":{"rendered":"http:\/\/volcanes.net\/?p=636"},"modified":"2018-01-21T00:29:56","modified_gmt":"2018-01-21T00:29:56","slug":"ciudad-de-mexico-refrenda-su-interes-en-recibir-el-mundial-2026","status":"publish","type":"post","link":"https:\/\/volcanes.net\/?p=636","title":{"rendered":"Ciudad de M\u00e9xico refrenda su inter\u00e9s en recibir el Mundial 2026"},"content":{"rendered":"<div style=\"margin-top: 0px; margin-bottom: 0px;\" class=\"sharethis-inline-share-buttons\" ><\/div><p>La Ciudad de M\u00e9xico es la primera candidata a sede en entregar toda la documentaci\u00f3n requerida por la FIFA para albergar el Mundial de Futbol \u00a02026, asegur\u00f3 el jefe de gobierno Miguel \u00c1ngel Mancera Espinosa.<\/p>\n<p>Durante el acto protocolario de entrega en el Antiguo Palacio del Ayuntamiento y \u00a0acompa\u00f1ado por los dirigentes de la Federaci\u00f3n Mexicana de Futbol (FMF) el mandatario local record\u00f3 que la candidatura fue presentada en conjunto entre M\u00e9xico, Canad\u00e1 y los Estados Unidos, lo que consider\u00f3 \u201cun mensaje importante\u201d para las negociaciones que los tres pa\u00edses llevan \u201cotras materias\u201d.<\/p>\n<p>Si M\u00e9xico, Estados Unidos y Canad\u00e1 pueden ponerse de acuerdo para realizar un mundial de futbol, \u201c\u00bfpor qu\u00e9 no nos podemos poner de acuerdo para temas comerciales?\u201d, expuso Mancera Espinosa.<\/p>\n<p>Asegur\u00f3 que se cumpli\u00f3 con los requisitos en tiempo y forma pese al sismo del pasado 19 de septiembre, pues hay una reconstrucci\u00f3n y una reestructuraci\u00f3n que permite a la Ciudad de M\u00e9xico ser sede del Mundial 2026.<\/p>\n<p>\u201cHoy la Ciudad de M\u00e9xico est\u00e1 cumpliendo; es la primera ciudad que entrega todo esto que fue requerido, la primera de todas tanto de Estados Unidos, como de Canad\u00e1, como de nuestro pa\u00eds.<\/p>\n<p>\u201cHemos firmado nuestra solicitud de ciudad sede. Hemos entregado todos y cada uno de los puntos que nos solicitaron en materia de seguridad, de movilidad, de medio ambiente, de infraestructura, de todas las tareas necesarias.<\/p>\n<p>Indic\u00f3 que trabajar esta candidatura no ha sido sencillo, pues los documentos que se entregan complementan una tarea ardua y demandante; se entregar\u00e1 a la FIFA un compendio \u201ccon m\u00e1s de 50 mil documentos firmados, rubricados con compromisos puntuales de cada una de las sedes\u201d.<\/p>\n<p>Reconoci\u00f3 el trabajo del director general del Instituto del Deporte local, Horacio de la Vega Flores, quien fue el designado para estas tareas como representante del gobierno capitalino para dar cumplimiento a todos los tr\u00e1mites y compromisos que se asumieron en dichos documentos.<\/p>\n<p>El presidente de la FMF, Decio de Mar\u00eda, subray\u00f3 que con la entrega de documentos a Ciudad de M\u00e9xico da un paso adelante y pone el ejemplo para las otras ciudades.<\/p>\n<p>\u201cEste esfuerzo de hacer una candidatura con tres pa\u00edses tiene un significado muy importante, porque el deporte tiene la virtud de sentar en la mesa a tres naciones y alcanzar un objetivo en com\u00fan\u201d, a\u00f1adi\u00f3.<\/p>\n<p>El 13 de junio se anunciar\u00e1 de manera oficial cu\u00e1l ser\u00e1 la sede para la Copa Mundial de la FIFA 2026.<\/p>\n","protected":false},"excerpt":{"rendered":"<p>La Ciudad de M\u00e9xico es la primera candidata a sede en entregar toda la documentaci\u00f3n<\/p>\n","protected":false},"author":1,"featured_media":622,"comment_status":"open","ping_status":"open","sticky":false,"template":"","format":"standard","meta":{"footnotes":""},"categories":[1],"tags":[28],"class_list":["post-636","post","type-post","status-publish","format-standard","has-post-thumbnail","hentry","category-municipales","tag-cdmx"],"yoast_head":"<!-- This site is optimized with the Yoast SEO plugin v25.3 - https:\/\/yoast.com\/wordpress\/plugins\/seo\/ -->\n<title>Ciudad de M\u00e9xico refrenda su inter\u00e9s en recibir el Mundial 2026 - Volcanes<\/title>\n<meta name=\"robots\" content=\"index, follow, max-snippet:-1, max-image-preview:large, max-video-preview:-1\" \/>\n<link rel=\"canonical\" href=\"https:\/\/volcanes.net\/?p=636\" \/>\n<meta property=\"og:locale\" content=\"es_MX\" \/>\n<meta property=\"og:type\" content=\"article\" \/>\n<meta property=\"og:title\" content=\"Ciudad de M\u00e9xico refrenda su inter\u00e9s en recibir el Mundial 2026 - Volcanes\" \/>\n<meta property=\"og:description\" content=\"La Ciudad de M\u00e9xico es la primera candidata a sede en entregar toda la documentaci\u00f3n\" \/>\n<meta property=\"og:url\" content=\"https:\/\/volcanes.net\/?p=636\" \/>\n<meta property=\"og:site_name\" content=\"Volcanes\" \/>\n<meta property=\"article:publisher\" content=\"https:\/\/www.facebook.com\/volcanes.net\/\" \/>\n<meta property=\"article:published_time\" content=\"2018-01-21T00:29:56+00:00\" \/>\n<meta property=\"og:image\" content=\"https:\/\/volcanes.net\/wp-content\/uploads\/2018\/01\/manseda-sede-mundial-2026.jpg\" \/>\n\t<meta property=\"og:image:width\" content=\"400\" \/>\n\t<meta property=\"og:image:height\" content=\"200\" \/>\n\t<meta property=\"og:image:type\" content=\"image\/jpeg\" \/>\n<meta name=\"author\" content=\"admin\" \/>\n<meta name=\"twitter:card\" content=\"summary_large_image\" \/>\n<meta name=\"twitter:label1\" content=\"Escrito por\" \/>\n\t<meta name=\"twitter:data1\" content=\"admin\" \/>\n\t<meta name=\"twitter:label2\" content=\"Tiempo de lectura\" \/>\n\t<meta name=\"twitter:data2\" content=\"2 minutos\" \/>\n<script type=\"application\/ld+json\" class=\"yoast-schema-graph\">{\"@context\":\"https:\/\/schema.org\",\"@graph\":[{\"@type\":\"Article\",\"@id\":\"https:\/\/volcanes.net\/?p=636#article\",\"isPartOf\":{\"@id\":\"https:\/\/volcanes.net\/?p=636\"},\"author\":{\"name\":\"admin\",\"@id\":\"https:\/\/volcanes.net\/#\/schema\/person\/4bf0f383940966a4abd53f5048c0e6b9\"},\"headline\":\"Ciudad de M\u00e9xico refrenda su inter\u00e9s en recibir el Mundial 2026\",\"datePublished\":\"2018-01-21T00:29:56+00:00\",\"mainEntityOfPage\":{\"@id\":\"https:\/\/volcanes.net\/?p=636\"},\"wordCount\":430,\"commentCount\":0,\"publisher\":{\"@id\":\"https:\/\/volcanes.net\/#organization\"},\"image\":{\"@id\":\"https:\/\/volcanes.net\/?p=636#primaryimage\"},\"thumbnailUrl\":\"https:\/\/volcanes.net\/wp-content\/uploads\/2018\/01\/manseda-sede-mundial-2026.jpg\",\"keywords\":[\"CDMX\"],\"articleSection\":[\"Municipales\"],\"inLanguage\":\"es\",\"potentialAction\":[{\"@type\":\"CommentAction\",\"name\":\"Comment\",\"target\":[\"https:\/\/volcanes.net\/?p=636#respond\"]}]},{\"@type\":\"WebPage\",\"@id\":\"https:\/\/volcanes.net\/?p=636\",\"url\":\"https:\/\/volcanes.net\/?p=636\",\"name\":\"Ciudad de M\u00e9xico refrenda su inter\u00e9s en recibir el Mundial 2026 - Volcanes\",\"isPartOf\":{\"@id\":\"https:\/\/volcanes.net\/#website\"},\"primaryImageOfPage\":{\"@id\":\"https:\/\/volcanes.net\/?p=636#primaryimage\"},\"image\":{\"@id\":\"https:\/\/volcanes.net\/?p=636#primaryimage\"},\"thumbnailUrl\":\"https:\/\/volcanes.net\/wp-content\/uploads\/2018\/01\/manseda-sede-mundial-2026.jpg\",\"datePublished\":\"2018-01-21T00:29:56+00:00\",\"breadcrumb\":{\"@id\":\"https:\/\/volcanes.net\/?p=636#breadcrumb\"},\"inLanguage\":\"es\",\"potentialAction\":[{\"@type\":\"ReadAction\",\"target\":[\"https:\/\/volcanes.net\/?p=636\"]}]},{\"@type\":\"ImageObject\",\"inLanguage\":\"es\",\"@id\":\"https:\/\/volcanes.net\/?p=636#primaryimage\",\"url\":\"https:\/\/volcanes.net\/wp-content\/uploads\/2018\/01\/manseda-sede-mundial-2026.jpg\",\"contentUrl\":\"https:\/\/volcanes.net\/wp-content\/uploads\/2018\/01\/manseda-sede-mundial-2026.jpg\",\"width\":400,\"height\":200},{\"@type\":\"BreadcrumbList\",\"@id\":\"https:\/\/volcanes.net\/?p=636#breadcrumb\",\"itemListElement\":[{\"@type\":\"ListItem\",\"position\":1,\"name\":\"Portada\",\"item\":\"https:\/\/volcanes.net\/\"},{\"@type\":\"ListItem\",\"position\":2,\"name\":\"Ciudad de M\u00e9xico refrenda su inter\u00e9s en recibir el Mundial 2026\"}]},{\"@type\":\"WebSite\",\"@id\":\"https:\/\/volcanes.net\/#website\",\"url\":\"https:\/\/volcanes.net\/\",\"name\":\"Volcanes.Net\",\"description\":\"Periodismo Profesional\",\"publisher\":{\"@id\":\"https:\/\/volcanes.net\/#organization\"},\"potentialAction\":[{\"@type\":\"SearchAction\",\"target\":{\"@type\":\"EntryPoint\",\"urlTemplate\":\"https:\/\/volcanes.net\/?s={search_term_string}\"},\"query-input\":{\"@type\":\"PropertyValueSpecification\",\"valueRequired\":true,\"valueName\":\"search_term_string\"}}],\"inLanguage\":\"es\"},{\"@type\":\"Organization\",\"@id\":\"https:\/\/volcanes.net\/#organization\",\"name\":\"Grupo Volcanes\",\"url\":\"https:\/\/volcanes.net\/\",\"logo\":{\"@type\":\"ImageObject\",\"inLanguage\":\"es\",\"@id\":\"https:\/\/volcanes.net\/#\/schema\/logo\/image\/\",\"url\":\"http:\/\/volcanes.net\/wp-content\/uploads\/2017\/12\/Avatar2.jpg\",\"contentUrl\":\"http:\/\/volcanes.net\/wp-content\/uploads\/2017\/12\/Avatar2.jpg\",\"width\":378,\"height\":378,\"caption\":\"Grupo Volcanes\"},\"image\":{\"@id\":\"https:\/\/volcanes.net\/#\/schema\/logo\/image\/\"},\"sameAs\":[\"https:\/\/www.facebook.com\/volcanes.net\/\"]},{\"@type\":\"Person\",\"@id\":\"https:\/\/volcanes.net\/#\/schema\/person\/4bf0f383940966a4abd53f5048c0e6b9\",\"name\":\"admin\",\"image\":{\"@type\":\"ImageObject\",\"inLanguage\":\"es\",\"@id\":\"https:\/\/volcanes.net\/#\/schema\/person\/image\/\",\"url\":\"https:\/\/secure.gravatar.com\/avatar\/ca004e6cba8462b8cb7abc86e382930c?s=96&d=mm&r=g\",\"contentUrl\":\"https:\/\/secure.gravatar.com\/avatar\/ca004e6cba8462b8cb7abc86e382930c?s=96&d=mm&r=g\",\"caption\":\"admin\"}}]}<\/script>\n<!-- \/ Yoast SEO plugin. -->","yoast_head_json":{"title":"Ciudad de M\u00e9xico refrenda su inter\u00e9s en recibir el Mundial 2026 - Volcanes","robots":{"index":"index","follow":"follow","max-snippet":"max-snippet:-1","max-image-preview":"max-image-preview:large","max-video-preview":"max-video-preview:-1"},"canonical":"https:\/\/volcanes.net\/?p=636","og_locale":"es_MX","og_type":"article","og_title":"Ciudad de M\u00e9xico refrenda su inter\u00e9s en recibir el Mundial 2026 - Volcanes","og_description":"La Ciudad de M\u00e9xico es la primera candidata a sede en entregar toda la documentaci\u00f3n","og_url":"https:\/\/volcanes.net\/?p=636","og_site_name":"Volcanes","article_publisher":"https:\/\/www.facebook.com\/volcanes.net\/","article_published_time":"2018-01-21T00:29:56+00:00","og_image":[{"width":400,"height":200,"url":"https:\/\/volcanes.net\/wp-content\/uploads\/2018\/01\/manseda-sede-mundial-2026.jpg","type":"image\/jpeg"}],"author":"admin","twitter_card":"summary_large_image","twitter_misc":{"Escrito por":"admin","Tiempo de lectura":"2 minutos"},"schema":{"@context":"https:\/\/schema.org","@graph":[{"@type":"Article","@id":"https:\/\/volcanes.net\/?p=636#article","isPartOf":{"@id":"https:\/\/volcanes.net\/?p=636"},"author":{"name":"admin","@id":"https:\/\/volcanes.net\/#\/schema\/person\/4bf0f383940966a4abd53f5048c0e6b9"},"headline":"Ciudad de M\u00e9xico refrenda su inter\u00e9s en recibir el Mundial 2026","datePublished":"2018-01-21T00:29:56+00:00","mainEntityOfPage":{"@id":"https:\/\/volcanes.net\/?p=636"},"wordCount":430,"commentCount":0,"publisher":{"@id":"https:\/\/volcanes.net\/#organization"},"image":{"@id":"https:\/\/volcanes.net\/?p=636#primaryimage"},"thumbnailUrl":"https:\/\/volcanes.net\/wp-content\/uploads\/2018\/01\/manseda-sede-mundial-2026.jpg","keywords":["CDMX"],"articleSection":["Municipales"],"inLanguage":"es","potentialAction":[{"@type":"CommentAction","name":"Comment","target":["https:\/\/volcanes.net\/?p=636#respond"]}]},{"@type":"WebPage","@id":"https:\/\/volcanes.net\/?p=636","url":"https:\/\/volcanes.net\/?p=636","name":"Ciudad de M\u00e9xico refrenda su inter\u00e9s en recibir el Mundial 2026 - Volcanes","isPartOf":{"@id":"https:\/\/volcanes.net\/#website"},"primaryImageOfPage":{"@id":"https:\/\/volcanes.net\/?p=636#primaryimage"},"image":{"@id":"https:\/\/volcanes.net\/?p=636#primaryimage"},"thumbnailUrl":"https:\/\/volcanes.net\/wp-content\/uploads\/2018\/01\/manseda-sede-mundial-2026.jpg","datePublished":"2018-01-21T00:29:56+00:00","breadcrumb":{"@id":"https:\/\/volcanes.net\/?p=636#breadcrumb"},"inLanguage":"es","potentialAction":[{"@type":"ReadAction","target":["https:\/\/volcanes.net\/?p=636"]}]},{"@type":"ImageObject","inLanguage":"es","@id":"https:\/\/volcanes.net\/?p=636#primaryimage","url":"https:\/\/volcanes.net\/wp-content\/uploads\/2018\/01\/manseda-sede-mundial-2026.jpg","contentUrl":"https:\/\/volcanes.net\/wp-content\/uploads\/2018\/01\/manseda-sede-mundial-2026.jpg","width":400,"height":200},{"@type":"BreadcrumbList","@id":"https:\/\/volcanes.net\/?p=636#breadcrumb","itemListElement":[{"@type":"ListItem","position":1,"name":"Portada","item":"https:\/\/volcanes.net\/"},{"@type":"ListItem","position":2,"name":"Ciudad de M\u00e9xico refrenda su inter\u00e9s en recibir el Mundial 2026"}]},{"@type":"WebSite","@id":"https:\/\/volcanes.net\/#website","url":"https:\/\/volcanes.net\/","name":"Volcanes.Net","description":"Periodismo Profesional","publisher":{"@id":"https:\/\/volcanes.net\/#organization"},"potentialAction":[{"@type":"SearchAction","target":{"@type":"EntryPoint","urlTemplate":"https:\/\/volcanes.net\/?s={search_term_string}"},"query-input":{"@type":"PropertyValueSpecification","valueRequired":true,"valueName":"search_term_string"}}],"inLanguage":"es"},{"@type":"Organization","@id":"https:\/\/volcanes.net\/#organization","name":"Grupo Volcanes","url":"https:\/\/volcanes.net\/","logo":{"@type":"ImageObject","inLanguage":"es","@id":"https:\/\/volcanes.net\/#\/schema\/logo\/image\/","url":"http:\/\/volcanes.net\/wp-content\/uploads\/2017\/12\/Avatar2.jpg","contentUrl":"http:\/\/volcanes.net\/wp-content\/uploads\/2017\/12\/Avatar2.jpg","width":378,"height":378,"caption":"Grupo Volcanes"},"image":{"@id":"https:\/\/volcanes.net\/#\/schema\/logo\/image\/"},"sameAs":["https:\/\/www.facebook.com\/volcanes.net\/"]},{"@type":"Person","@id":"https:\/\/volcanes.net\/#\/schema\/person\/4bf0f383940966a4abd53f5048c0e6b9","name":"admin","image":{"@type":"ImageObject","inLanguage":"es","@id":"https:\/\/volcanes.net\/#\/schema\/person\/image\/","url":"https:\/\/secure.gravatar.com\/avatar\/ca004e6cba8462b8cb7abc86e382930c?s=96&d=mm&r=g","contentUrl":"https:\/\/secure.gravatar.com\/avatar\/ca004e6cba8462b8cb7abc86e382930c?s=96&d=mm&r=g","caption":"admin"}}]}},"_links":{"self":[{"href":"https:\/\/volcanes.net\/index.php?rest_route=\/wp\/v2\/posts\/636"}],"collection":[{"href":"https:\/\/volcanes.net\/index.php?rest_route=\/wp\/v2\/posts"}],"about":[{"href":"https:\/\/volcanes.net\/index.php?rest_route=\/wp\/v2\/types\/post"}],"author":[{"embeddable":true,"href":"https:\/\/volcanes.net\/index.php?rest_route=\/wp\/v2\/users\/1"}],"replies":[{"embeddable":true,"href":"https:\/\/volcanes.net\/index.php?rest_route=%2Fwp%2Fv2%2Fcomments&post=636"}],"version-history":[{"count":1,"href":"https:\/\/volcanes.net\/index.php?rest_route=\/wp\/v2\/posts\/636\/revisions"}],"predecessor-version":[{"id":637,"href":"https:\/\/volcanes.net\/index.php?rest_route=\/wp\/v2\/posts\/636\/revisions\/637"}],"wp:featuredmedia":[{"embeddable":true,"href":"https:\/\/volcanes.net\/index.php?rest_route=\/wp\/v2\/media\/622"}],"wp:attachment":[{"href":"https:\/\/volcanes.net\/index.php?rest_route=%2Fwp%2Fv2%2Fmedia&parent=636"}],"wp:term":[{"taxonomy":"category","embeddable":true,"href":"https:\/\/volcanes.net\/index.php?rest_route=%2Fwp%2Fv2%2Fcategories&post=636"},{"taxonomy":"post_tag","embeddable":true,"href":"https:\/\/volcanes.net\/index.php?rest_route=%2Fwp%2Fv2%2Ftags&post=636"}],"curies":[{"name":"wp","href":"https:\/\/api.w.org\/{rel}","templated":true}]}}