{"id":6372,"date":"2020-02-05T06:48:37","date_gmt":"2020-02-05T12:48:37","guid":{"rendered":"http:\/\/volcanes.net\/?p=6372"},"modified":"2020-02-05T06:48:37","modified_gmt":"2020-02-05T12:48:37","slug":"video-cbt-de-juchitepec-ya-tiene-arco-techo","status":"publish","type":"post","link":"https:\/\/volcanes.net\/?p=6372","title":{"rendered":"VIDEO: CBT de Juchitepec ya tiene arco techo"},"content":{"rendered":"<div style=\"margin-top: 0px; margin-bottom: 0px;\" class=\"sharethis-inline-share-buttons\" ><\/div><blockquote><p>Mej\u00eda Valdez, anunci\u00f3 que este a\u00f1o 2020 se invertir\u00e1n de 19 a 20 millones de pesos para las escuelas tanto de la cabecera municipal como para su delegaci\u00f3n, pues \u201ceste 2020 es el a\u00f1o de las escuelas\u201d, subray\u00f3.<\/p><\/blockquote>\n<p>Juchitepec, Estado de M\u00e9xico.- El alcalde del municipio de Juchitepec, Felipe Mej\u00eda Valdez, realiz\u00f3 la entrega de la techumbre del CBT, con una inversi\u00f3n de dos millones 900 mil pesos en total, beneficiando a m\u00e1s de 600 estudiantes y 61 docentes de este plantel educativo.<\/p>\n<p>El CBT de Juchitepec era el \u00fanico en la Regi\u00f3n de Los volcanes que no contaba con esta importante obra, en el 2019 se invirti\u00f3 en dos techumbres, en las cuales se invirtieron Un mill\u00f3n 200 mil pesos en la construcci\u00f3n de la primera, y un mill\u00f3n 700 mil pesos, en la segunda, con recursos provenientes del programa ( FEFOM).<\/p>\n<p>Es una techumbre grande, La del CBT Dr. Carlos Sosa Moss, que cubre toda la explanada de la escuela que servir\u00e1 adem\u00e1s de las actividades propias del plantel educativo, tambi\u00e9n para resguardo durante la ca\u00edda de ceniza del Volc\u00e1n Popocat\u00e9petl, subray\u00f3 el alcalde.<\/p>\n<p>El edil agradeci\u00f3 el apoyo del cuerpo edilicio que tuvo a bien la aprobaci\u00f3n de esta obra de impacto social, pues son quienes eval\u00faan la prioridad de las obras propuestas en cabildo y las aceptan o rechazan de acuerdo a la necesidad de las mismas, lo cual tiene que ver con el tipo de beneficio que las obras ofrezcan a la ciudadan\u00eda y con el n\u00famero de personas beneficiadas, explic\u00f3.<\/p>\n<p>Mej\u00eda Valdez, anunci\u00f3 que este a\u00f1o 2020 se invertir\u00e1n de 19 a 20 millones de pesos para las escuelas tanto de la cabecera municipal como para su delegaci\u00f3n, pues \u201ceste 2020 es el a\u00f1o de las escuelas\u201d, subray\u00f3.<\/p>\n<p>Por su parte, Guadalupe D\u00edaz Esquivel, Directora del CBT, manifest\u00f3 su agradecimiento a las autoridades municipales, ya que desde hace tiempo, ella personalmente ya hab\u00eda realizado las gestiones correspondientes para recibir este importante apoyo y hoy fue entregado, representando un avance m\u00e1s que beneficia a los 620 alumnos inscritos en este plantel, y a 61 docentes que laboran en el mismo. \u201cTodo lo que contribuya a que nuestros estudiantes tengan una educaci\u00f3n integral es de suma importancia para nosotros como plantel, por lo que agradecemos a la actual administraci\u00f3n el hecho de que se haya ocupado de apoyar a esta escuela, puesto que despu\u00e9s de treinta a\u00f1os de servicio no contaba con un arco techo para la realizaci\u00f3n de las actividades c\u00edvicas, culturales, deportivas y art\u00edsticas\u201d.<\/p>\n","protected":false},"excerpt":{"rendered":"<p>Mej\u00eda Valdez, anunci\u00f3 que este a\u00f1o 2020 se invertir\u00e1n de 19 a 20 millones de<\/p>\n","protected":false},"author":1,"featured_media":6373,"comment_status":"open","ping_status":"open","sticky":false,"template":"","format":"video","meta":{"footnotes":""},"categories":[1],"tags":[265,179],"class_list":["post-6372","post","type-post","status-publish","format-video","has-post-thumbnail","hentry","category-municipales","tag-grupovolcanes","tag-juchitepec","post_format-post-format-video","has-post-video"],"yoast_head":"<!-- This site is optimized with the Yoast SEO plugin v25.3 - https:\/\/yoast.com\/wordpress\/plugins\/seo\/ -->\n<title>VIDEO: CBT de Juchitepec ya tiene arco techo - Volcanes<\/title>\n<meta name=\"robots\" content=\"index, follow, max-snippet:-1, max-image-preview:large, max-video-preview:-1\" \/>\n<link rel=\"canonical\" href=\"https:\/\/volcanes.net\/?p=6372\" \/>\n<meta property=\"og:locale\" content=\"es_MX\" \/>\n<meta property=\"og:type\" content=\"article\" \/>\n<meta property=\"og:title\" content=\"VIDEO: CBT de Juchitepec ya tiene arco techo - Volcanes\" \/>\n<meta property=\"og:description\" content=\"Mej\u00eda Valdez, anunci\u00f3 que este a\u00f1o 2020 se invertir\u00e1n de 19 a 20 millones de\" \/>\n<meta property=\"og:url\" content=\"https:\/\/volcanes.net\/?p=6372\" \/>\n<meta property=\"og:site_name\" content=\"Volcanes\" \/>\n<meta property=\"article:publisher\" content=\"https:\/\/www.facebook.com\/volcanes.net\/\" \/>\n<meta property=\"article:published_time\" content=\"2020-02-05T12:48:37+00:00\" \/>\n<meta property=\"og:image\" content=\"https:\/\/volcanes.net\/wp-content\/uploads\/2020\/02\/CBT-de-Juchitepec-ya-tiene-arco-techo.jpeg\" \/>\n\t<meta property=\"og:image:width\" content=\"1280\" \/>\n\t<meta property=\"og:image:height\" content=\"720\" \/>\n\t<meta property=\"og:image:type\" content=\"image\/jpeg\" \/>\n<meta name=\"author\" content=\"admin\" \/>\n<meta name=\"twitter:card\" content=\"summary_large_image\" \/>\n<meta name=\"twitter:label1\" content=\"Escrito por\" \/>\n\t<meta name=\"twitter:data1\" content=\"admin\" \/>\n\t<meta name=\"twitter:label2\" content=\"Tiempo de lectura\" \/>\n\t<meta name=\"twitter:data2\" content=\"2 minutos\" \/>\n<script type=\"application\/ld+json\" class=\"yoast-schema-graph\">{\"@context\":\"https:\/\/schema.org\",\"@graph\":[{\"@type\":\"Article\",\"@id\":\"https:\/\/volcanes.net\/?p=6372#article\",\"isPartOf\":{\"@id\":\"https:\/\/volcanes.net\/?p=6372\"},\"author\":{\"name\":\"admin\",\"@id\":\"https:\/\/volcanes.net\/#\/schema\/person\/4bf0f383940966a4abd53f5048c0e6b9\"},\"headline\":\"VIDEO: CBT de Juchitepec ya tiene arco techo\",\"datePublished\":\"2020-02-05T12:48:37+00:00\",\"mainEntityOfPage\":{\"@id\":\"https:\/\/volcanes.net\/?p=6372\"},\"wordCount\":449,\"commentCount\":0,\"publisher\":{\"@id\":\"https:\/\/volcanes.net\/#organization\"},\"image\":{\"@id\":\"https:\/\/volcanes.net\/?p=6372#primaryimage\"},\"thumbnailUrl\":\"https:\/\/volcanes.net\/wp-content\/uploads\/2020\/02\/CBT-de-Juchitepec-ya-tiene-arco-techo.jpeg\",\"keywords\":[\"GrupoVolcanes\",\"Juchitepec\"],\"articleSection\":[\"Municipales\"],\"inLanguage\":\"es\",\"potentialAction\":[{\"@type\":\"CommentAction\",\"name\":\"Comment\",\"target\":[\"https:\/\/volcanes.net\/?p=6372#respond\"]}]},{\"@type\":\"WebPage\",\"@id\":\"https:\/\/volcanes.net\/?p=6372\",\"url\":\"https:\/\/volcanes.net\/?p=6372\",\"name\":\"VIDEO: CBT de Juchitepec ya tiene arco techo - Volcanes\",\"isPartOf\":{\"@id\":\"https:\/\/volcanes.net\/#website\"},\"primaryImageOfPage\":{\"@id\":\"https:\/\/volcanes.net\/?p=6372#primaryimage\"},\"image\":{\"@id\":\"https:\/\/volcanes.net\/?p=6372#primaryimage\"},\"thumbnailUrl\":\"https:\/\/volcanes.net\/wp-content\/uploads\/2020\/02\/CBT-de-Juchitepec-ya-tiene-arco-techo.jpeg\",\"datePublished\":\"2020-02-05T12:48:37+00:00\",\"breadcrumb\":{\"@id\":\"https:\/\/volcanes.net\/?p=6372#breadcrumb\"},\"inLanguage\":\"es\",\"potentialAction\":[{\"@type\":\"ReadAction\",\"target\":[\"https:\/\/volcanes.net\/?p=6372\"]}]},{\"@type\":\"ImageObject\",\"inLanguage\":\"es\",\"@id\":\"https:\/\/volcanes.net\/?p=6372#primaryimage\",\"url\":\"https:\/\/volcanes.net\/wp-content\/uploads\/2020\/02\/CBT-de-Juchitepec-ya-tiene-arco-techo.jpeg\",\"contentUrl\":\"https:\/\/volcanes.net\/wp-content\/uploads\/2020\/02\/CBT-de-Juchitepec-ya-tiene-arco-techo.jpeg\",\"width\":1280,\"height\":720},{\"@type\":\"BreadcrumbList\",\"@id\":\"https:\/\/volcanes.net\/?p=6372#breadcrumb\",\"itemListElement\":[{\"@type\":\"ListItem\",\"position\":1,\"name\":\"Portada\",\"item\":\"https:\/\/volcanes.net\/\"},{\"@type\":\"ListItem\",\"position\":2,\"name\":\"VIDEO: CBT de Juchitepec ya tiene arco techo\"}]},{\"@type\":\"WebSite\",\"@id\":\"https:\/\/volcanes.net\/#website\",\"url\":\"https:\/\/volcanes.net\/\",\"name\":\"Volcanes.Net\",\"description\":\"Periodismo Profesional\",\"publisher\":{\"@id\":\"https:\/\/volcanes.net\/#organization\"},\"potentialAction\":[{\"@type\":\"SearchAction\",\"target\":{\"@type\":\"EntryPoint\",\"urlTemplate\":\"https:\/\/volcanes.net\/?s={search_term_string}\"},\"query-input\":{\"@type\":\"PropertyValueSpecification\",\"valueRequired\":true,\"valueName\":\"search_term_string\"}}],\"inLanguage\":\"es\"},{\"@type\":\"Organization\",\"@id\":\"https:\/\/volcanes.net\/#organization\",\"name\":\"Grupo Volcanes\",\"url\":\"https:\/\/volcanes.net\/\",\"logo\":{\"@type\":\"ImageObject\",\"inLanguage\":\"es\",\"@id\":\"https:\/\/volcanes.net\/#\/schema\/logo\/image\/\",\"url\":\"http:\/\/volcanes.net\/wp-content\/uploads\/2017\/12\/Avatar2.jpg\",\"contentUrl\":\"http:\/\/volcanes.net\/wp-content\/uploads\/2017\/12\/Avatar2.jpg\",\"width\":378,\"height\":378,\"caption\":\"Grupo Volcanes\"},\"image\":{\"@id\":\"https:\/\/volcanes.net\/#\/schema\/logo\/image\/\"},\"sameAs\":[\"https:\/\/www.facebook.com\/volcanes.net\/\"]},{\"@type\":\"Person\",\"@id\":\"https:\/\/volcanes.net\/#\/schema\/person\/4bf0f383940966a4abd53f5048c0e6b9\",\"name\":\"admin\",\"image\":{\"@type\":\"ImageObject\",\"inLanguage\":\"es\",\"@id\":\"https:\/\/volcanes.net\/#\/schema\/person\/image\/\",\"url\":\"https:\/\/secure.gravatar.com\/avatar\/ca004e6cba8462b8cb7abc86e382930c?s=96&d=mm&r=g\",\"contentUrl\":\"https:\/\/secure.gravatar.com\/avatar\/ca004e6cba8462b8cb7abc86e382930c?s=96&d=mm&r=g\",\"caption\":\"admin\"}}]}<\/script>\n<!-- \/ Yoast SEO plugin. -->","yoast_head_json":{"title":"VIDEO: CBT de Juchitepec ya tiene arco techo - Volcanes","robots":{"index":"index","follow":"follow","max-snippet":"max-snippet:-1","max-image-preview":"max-image-preview:large","max-video-preview":"max-video-preview:-1"},"canonical":"https:\/\/volcanes.net\/?p=6372","og_locale":"es_MX","og_type":"article","og_title":"VIDEO: CBT de Juchitepec ya tiene arco techo - Volcanes","og_description":"Mej\u00eda Valdez, anunci\u00f3 que este a\u00f1o 2020 se invertir\u00e1n de 19 a 20 millones de","og_url":"https:\/\/volcanes.net\/?p=6372","og_site_name":"Volcanes","article_publisher":"https:\/\/www.facebook.com\/volcanes.net\/","article_published_time":"2020-02-05T12:48:37+00:00","og_image":[{"width":1280,"height":720,"url":"https:\/\/volcanes.net\/wp-content\/uploads\/2020\/02\/CBT-de-Juchitepec-ya-tiene-arco-techo.jpeg","type":"image\/jpeg"}],"author":"admin","twitter_card":"summary_large_image","twitter_misc":{"Escrito por":"admin","Tiempo de lectura":"2 minutos"},"schema":{"@context":"https:\/\/schema.org","@graph":[{"@type":"Article","@id":"https:\/\/volcanes.net\/?p=6372#article","isPartOf":{"@id":"https:\/\/volcanes.net\/?p=6372"},"author":{"name":"admin","@id":"https:\/\/volcanes.net\/#\/schema\/person\/4bf0f383940966a4abd53f5048c0e6b9"},"headline":"VIDEO: CBT de Juchitepec ya tiene arco techo","datePublished":"2020-02-05T12:48:37+00:00","mainEntityOfPage":{"@id":"https:\/\/volcanes.net\/?p=6372"},"wordCount":449,"commentCount":0,"publisher":{"@id":"https:\/\/volcanes.net\/#organization"},"image":{"@id":"https:\/\/volcanes.net\/?p=6372#primaryimage"},"thumbnailUrl":"https:\/\/volcanes.net\/wp-content\/uploads\/2020\/02\/CBT-de-Juchitepec-ya-tiene-arco-techo.jpeg","keywords":["GrupoVolcanes","Juchitepec"],"articleSection":["Municipales"],"inLanguage":"es","potentialAction":[{"@type":"CommentAction","name":"Comment","target":["https:\/\/volcanes.net\/?p=6372#respond"]}]},{"@type":"WebPage","@id":"https:\/\/volcanes.net\/?p=6372","url":"https:\/\/volcanes.net\/?p=6372","name":"VIDEO: CBT de Juchitepec ya tiene arco techo - Volcanes","isPartOf":{"@id":"https:\/\/volcanes.net\/#website"},"primaryImageOfPage":{"@id":"https:\/\/volcanes.net\/?p=6372#primaryimage"},"image":{"@id":"https:\/\/volcanes.net\/?p=6372#primaryimage"},"thumbnailUrl":"https:\/\/volcanes.net\/wp-content\/uploads\/2020\/02\/CBT-de-Juchitepec-ya-tiene-arco-techo.jpeg","datePublished":"2020-02-05T12:48:37+00:00","breadcrumb":{"@id":"https:\/\/volcanes.net\/?p=6372#breadcrumb"},"inLanguage":"es","potentialAction":[{"@type":"ReadAction","target":["https:\/\/volcanes.net\/?p=6372"]}]},{"@type":"ImageObject","inLanguage":"es","@id":"https:\/\/volcanes.net\/?p=6372#primaryimage","url":"https:\/\/volcanes.net\/wp-content\/uploads\/2020\/02\/CBT-de-Juchitepec-ya-tiene-arco-techo.jpeg","contentUrl":"https:\/\/volcanes.net\/wp-content\/uploads\/2020\/02\/CBT-de-Juchitepec-ya-tiene-arco-techo.jpeg","width":1280,"height":720},{"@type":"BreadcrumbList","@id":"https:\/\/volcanes.net\/?p=6372#breadcrumb","itemListElement":[{"@type":"ListItem","position":1,"name":"Portada","item":"https:\/\/volcanes.net\/"},{"@type":"ListItem","position":2,"name":"VIDEO: CBT de Juchitepec ya tiene arco techo"}]},{"@type":"WebSite","@id":"https:\/\/volcanes.net\/#website","url":"https:\/\/volcanes.net\/","name":"Volcanes.Net","description":"Periodismo Profesional","publisher":{"@id":"https:\/\/volcanes.net\/#organization"},"potentialAction":[{"@type":"SearchAction","target":{"@type":"EntryPoint","urlTemplate":"https:\/\/volcanes.net\/?s={search_term_string}"},"query-input":{"@type":"PropertyValueSpecification","valueRequired":true,"valueName":"search_term_string"}}],"inLanguage":"es"},{"@type":"Organization","@id":"https:\/\/volcanes.net\/#organization","name":"Grupo Volcanes","url":"https:\/\/volcanes.net\/","logo":{"@type":"ImageObject","inLanguage":"es","@id":"https:\/\/volcanes.net\/#\/schema\/logo\/image\/","url":"http:\/\/volcanes.net\/wp-content\/uploads\/2017\/12\/Avatar2.jpg","contentUrl":"http:\/\/volcanes.net\/wp-content\/uploads\/2017\/12\/Avatar2.jpg","width":378,"height":378,"caption":"Grupo Volcanes"},"image":{"@id":"https:\/\/volcanes.net\/#\/schema\/logo\/image\/"},"sameAs":["https:\/\/www.facebook.com\/volcanes.net\/"]},{"@type":"Person","@id":"https:\/\/volcanes.net\/#\/schema\/person\/4bf0f383940966a4abd53f5048c0e6b9","name":"admin","image":{"@type":"ImageObject","inLanguage":"es","@id":"https:\/\/volcanes.net\/#\/schema\/person\/image\/","url":"https:\/\/secure.gravatar.com\/avatar\/ca004e6cba8462b8cb7abc86e382930c?s=96&d=mm&r=g","contentUrl":"https:\/\/secure.gravatar.com\/avatar\/ca004e6cba8462b8cb7abc86e382930c?s=96&d=mm&r=g","caption":"admin"}}]}},"_links":{"self":[{"href":"https:\/\/volcanes.net\/index.php?rest_route=\/wp\/v2\/posts\/6372"}],"collection":[{"href":"https:\/\/volcanes.net\/index.php?rest_route=\/wp\/v2\/posts"}],"about":[{"href":"https:\/\/volcanes.net\/index.php?rest_route=\/wp\/v2\/types\/post"}],"author":[{"embeddable":true,"href":"https:\/\/volcanes.net\/index.php?rest_route=\/wp\/v2\/users\/1"}],"replies":[{"embeddable":true,"href":"https:\/\/volcanes.net\/index.php?rest_route=%2Fwp%2Fv2%2Fcomments&post=6372"}],"version-history":[{"count":1,"href":"https:\/\/volcanes.net\/index.php?rest_route=\/wp\/v2\/posts\/6372\/revisions"}],"predecessor-version":[{"id":6374,"href":"https:\/\/volcanes.net\/index.php?rest_route=\/wp\/v2\/posts\/6372\/revisions\/6374"}],"wp:featuredmedia":[{"embeddable":true,"href":"https:\/\/volcanes.net\/index.php?rest_route=\/wp\/v2\/media\/6373"}],"wp:attachment":[{"href":"https:\/\/volcanes.net\/index.php?rest_route=%2Fwp%2Fv2%2Fmedia&parent=6372"}],"wp:term":[{"taxonomy":"category","embeddable":true,"href":"https:\/\/volcanes.net\/index.php?rest_route=%2Fwp%2Fv2%2Fcategories&post=6372"},{"taxonomy":"post_tag","embeddable":true,"href":"https:\/\/volcanes.net\/index.php?rest_route=%2Fwp%2Fv2%2Ftags&post=6372"}],"curies":[{"name":"wp","href":"https:\/\/api.w.org\/{rel}","templated":true}]}}