{"id":6391,"date":"2020-02-06T02:12:03","date_gmt":"2020-02-06T08:12:03","guid":{"rendered":"http:\/\/volcanes.net\/?p=6391"},"modified":"2020-02-06T02:12:03","modified_gmt":"2020-02-06T08:12:03","slug":"hartazgo-social-en-temamatla-por-alcalde-inepto","status":"publish","type":"post","link":"https:\/\/volcanes.net\/?p=6391","title":{"rendered":"Hartazgo social en Temamatla por Alcalde inepto"},"content":{"rendered":"<div style=\"margin-top: 0px; margin-bottom: 0px;\" class=\"sharethis-inline-share-buttons\" ><\/div><p>Temamatla, Estado de M\u00e9xico.- Luego de m\u00e1s de un a\u00f1o como presidente municipal, Juan Martin Orozpe Perez, ha demostrado ser un inepto para el cargo del presidente municipal, un a\u00f1o sin obra p\u00fablica, un a\u00f1o sin acciones, un a\u00f1o que solamente ha cambiado la situaci\u00f3n econ\u00f3mica del presidente municipal, pas\u00e1ndose por el &#8220;arco del triunfo&#8221; la austeridad que pregona el Presidente de M\u00e9xico, Andr\u00e9s Manuel L\u00f3pez Obrador.<\/p>\n<p>Ya en asamblea p\u00fablica, ciudadanos de este municipio se lo gritaron en su cara, incluso lo invitaron a &#8220;renunciar&#8221; por su visible incapacidad para gobernar. Para salir &#8220;bien librado de esta asamblea&#8221;, el alcalde de Temamatla, prometi\u00f3 que ese mismo d\u00eda destituir\u00eda a su &#8220;director y subdirector&#8221; de seguridad p\u00fablica, sin embargo esto no fue as\u00ed pues con la nueva promesa de que su subdirector permanece en el cargo por 15 d\u00edas m\u00e1s, siendo una ma\u00f1a para continuar con desorden en seguridad p\u00fablica.<\/p>\n<p>Hablando de obras, la ciudadan\u00eda de Temamatla est\u00e1 inconforme por que la obra del &#8220;moderno arco&#8221; es un monumento a la corrupci\u00f3n, luego de que se est\u00e9n utilizando materiales que van en contra de la austeridad dictada por el gobierno de M\u00e9xico.<\/p>\n<p>Palos de ciego, es lo \u00fanico que da Juan Martin Orozpe Perez, ahora con la llamada obra &#8220;el vado&#8221;, obra mal planeada, que ha generado molestias entre los vecinos de Temamatla, ciudadanos de este municipio denunciaron que los veh\u00edculos han quedado &#8220;atascados&#8221;, por esta obra que resulta innecesaria, sin embargo, el alcalde esperanza de que el pueblo olvide sus peticiones ha &#8220;prometido que se discutir\u00e1 este tema en la siguiente asamblea p\u00fablica.<\/p>\n<p>As\u00ed como van las cosas en este municipio no se espera que mejore la seguridad, ni tampoco que se genere prosperidad por desarrollo econ\u00f3mico, lo \u00fanico que se espera es que el alcalde compre nuevos autos de lujo, lujo que puede darse con sus ingresos como presidente municipal de Temamatla.<\/p>\n<p>&nbsp;<\/p>\n<p>&nbsp;<\/p>\n","protected":false},"excerpt":{"rendered":"<p>Temamatla, Estado de M\u00e9xico.- Luego de m\u00e1s de un a\u00f1o como presidente municipal, Juan Martin<\/p>\n","protected":false},"author":1,"featured_media":6393,"comment_status":"open","ping_status":"open","sticky":false,"template":"","format":"standard","meta":{"footnotes":""},"categories":[1],"tags":[236],"class_list":["post-6391","post","type-post","status-publish","format-standard","has-post-thumbnail","hentry","category-municipales","tag-temamatla"],"yoast_head":"<!-- This site is optimized with the Yoast SEO plugin v25.3 - https:\/\/yoast.com\/wordpress\/plugins\/seo\/ -->\n<title>Hartazgo social en Temamatla por Alcalde inepto - Volcanes<\/title>\n<meta name=\"robots\" content=\"index, follow, max-snippet:-1, max-image-preview:large, max-video-preview:-1\" \/>\n<link rel=\"canonical\" href=\"https:\/\/volcanes.net\/?p=6391\" \/>\n<meta property=\"og:locale\" content=\"es_MX\" \/>\n<meta property=\"og:type\" content=\"article\" \/>\n<meta property=\"og:title\" content=\"Hartazgo social en Temamatla por Alcalde inepto - Volcanes\" \/>\n<meta property=\"og:description\" content=\"Temamatla, Estado de M\u00e9xico.- Luego de m\u00e1s de un a\u00f1o como presidente municipal, Juan Martin\" \/>\n<meta property=\"og:url\" content=\"https:\/\/volcanes.net\/?p=6391\" \/>\n<meta property=\"og:site_name\" content=\"Volcanes\" \/>\n<meta property=\"article:publisher\" content=\"https:\/\/www.facebook.com\/volcanes.net\/\" \/>\n<meta property=\"article:published_time\" content=\"2020-02-06T08:12:03+00:00\" \/>\n<meta property=\"og:image\" content=\"https:\/\/volcanes.net\/wp-content\/uploads\/2020\/02\/WhatsApp-Image-2020-02-06-at-1.31.33-AM-1.jpeg\" \/>\n\t<meta property=\"og:image:width\" content=\"1280\" \/>\n\t<meta property=\"og:image:height\" content=\"1280\" \/>\n\t<meta property=\"og:image:type\" content=\"image\/jpeg\" \/>\n<meta name=\"author\" content=\"admin\" \/>\n<meta name=\"twitter:card\" content=\"summary_large_image\" \/>\n<meta name=\"twitter:label1\" content=\"Escrito por\" \/>\n\t<meta name=\"twitter:data1\" content=\"admin\" \/>\n\t<meta name=\"twitter:label2\" content=\"Tiempo de lectura\" \/>\n\t<meta name=\"twitter:data2\" content=\"2 minutos\" \/>\n<script type=\"application\/ld+json\" class=\"yoast-schema-graph\">{\"@context\":\"https:\/\/schema.org\",\"@graph\":[{\"@type\":\"Article\",\"@id\":\"https:\/\/volcanes.net\/?p=6391#article\",\"isPartOf\":{\"@id\":\"https:\/\/volcanes.net\/?p=6391\"},\"author\":{\"name\":\"admin\",\"@id\":\"https:\/\/volcanes.net\/#\/schema\/person\/4bf0f383940966a4abd53f5048c0e6b9\"},\"headline\":\"Hartazgo social en Temamatla por Alcalde inepto\",\"datePublished\":\"2020-02-06T08:12:03+00:00\",\"mainEntityOfPage\":{\"@id\":\"https:\/\/volcanes.net\/?p=6391\"},\"wordCount\":351,\"commentCount\":0,\"publisher\":{\"@id\":\"https:\/\/volcanes.net\/#organization\"},\"image\":{\"@id\":\"https:\/\/volcanes.net\/?p=6391#primaryimage\"},\"thumbnailUrl\":\"https:\/\/volcanes.net\/wp-content\/uploads\/2020\/02\/WhatsApp-Image-2020-02-06-at-1.31.33-AM-1.jpeg\",\"keywords\":[\"Temamatla\"],\"articleSection\":[\"Municipales\"],\"inLanguage\":\"es\",\"potentialAction\":[{\"@type\":\"CommentAction\",\"name\":\"Comment\",\"target\":[\"https:\/\/volcanes.net\/?p=6391#respond\"]}]},{\"@type\":\"WebPage\",\"@id\":\"https:\/\/volcanes.net\/?p=6391\",\"url\":\"https:\/\/volcanes.net\/?p=6391\",\"name\":\"Hartazgo social en Temamatla por Alcalde inepto - Volcanes\",\"isPartOf\":{\"@id\":\"https:\/\/volcanes.net\/#website\"},\"primaryImageOfPage\":{\"@id\":\"https:\/\/volcanes.net\/?p=6391#primaryimage\"},\"image\":{\"@id\":\"https:\/\/volcanes.net\/?p=6391#primaryimage\"},\"thumbnailUrl\":\"https:\/\/volcanes.net\/wp-content\/uploads\/2020\/02\/WhatsApp-Image-2020-02-06-at-1.31.33-AM-1.jpeg\",\"datePublished\":\"2020-02-06T08:12:03+00:00\",\"breadcrumb\":{\"@id\":\"https:\/\/volcanes.net\/?p=6391#breadcrumb\"},\"inLanguage\":\"es\",\"potentialAction\":[{\"@type\":\"ReadAction\",\"target\":[\"https:\/\/volcanes.net\/?p=6391\"]}]},{\"@type\":\"ImageObject\",\"inLanguage\":\"es\",\"@id\":\"https:\/\/volcanes.net\/?p=6391#primaryimage\",\"url\":\"https:\/\/volcanes.net\/wp-content\/uploads\/2020\/02\/WhatsApp-Image-2020-02-06-at-1.31.33-AM-1.jpeg\",\"contentUrl\":\"https:\/\/volcanes.net\/wp-content\/uploads\/2020\/02\/WhatsApp-Image-2020-02-06-at-1.31.33-AM-1.jpeg\",\"width\":1280,\"height\":1280},{\"@type\":\"BreadcrumbList\",\"@id\":\"https:\/\/volcanes.net\/?p=6391#breadcrumb\",\"itemListElement\":[{\"@type\":\"ListItem\",\"position\":1,\"name\":\"Portada\",\"item\":\"https:\/\/volcanes.net\/\"},{\"@type\":\"ListItem\",\"position\":2,\"name\":\"Hartazgo social en Temamatla por Alcalde inepto\"}]},{\"@type\":\"WebSite\",\"@id\":\"https:\/\/volcanes.net\/#website\",\"url\":\"https:\/\/volcanes.net\/\",\"name\":\"Volcanes.Net\",\"description\":\"Periodismo Profesional\",\"publisher\":{\"@id\":\"https:\/\/volcanes.net\/#organization\"},\"potentialAction\":[{\"@type\":\"SearchAction\",\"target\":{\"@type\":\"EntryPoint\",\"urlTemplate\":\"https:\/\/volcanes.net\/?s={search_term_string}\"},\"query-input\":{\"@type\":\"PropertyValueSpecification\",\"valueRequired\":true,\"valueName\":\"search_term_string\"}}],\"inLanguage\":\"es\"},{\"@type\":\"Organization\",\"@id\":\"https:\/\/volcanes.net\/#organization\",\"name\":\"Grupo Volcanes\",\"url\":\"https:\/\/volcanes.net\/\",\"logo\":{\"@type\":\"ImageObject\",\"inLanguage\":\"es\",\"@id\":\"https:\/\/volcanes.net\/#\/schema\/logo\/image\/\",\"url\":\"http:\/\/volcanes.net\/wp-content\/uploads\/2017\/12\/Avatar2.jpg\",\"contentUrl\":\"http:\/\/volcanes.net\/wp-content\/uploads\/2017\/12\/Avatar2.jpg\",\"width\":378,\"height\":378,\"caption\":\"Grupo Volcanes\"},\"image\":{\"@id\":\"https:\/\/volcanes.net\/#\/schema\/logo\/image\/\"},\"sameAs\":[\"https:\/\/www.facebook.com\/volcanes.net\/\"]},{\"@type\":\"Person\",\"@id\":\"https:\/\/volcanes.net\/#\/schema\/person\/4bf0f383940966a4abd53f5048c0e6b9\",\"name\":\"admin\",\"image\":{\"@type\":\"ImageObject\",\"inLanguage\":\"es\",\"@id\":\"https:\/\/volcanes.net\/#\/schema\/person\/image\/\",\"url\":\"https:\/\/secure.gravatar.com\/avatar\/ca004e6cba8462b8cb7abc86e382930c?s=96&d=mm&r=g\",\"contentUrl\":\"https:\/\/secure.gravatar.com\/avatar\/ca004e6cba8462b8cb7abc86e382930c?s=96&d=mm&r=g\",\"caption\":\"admin\"}}]}<\/script>\n<!-- \/ Yoast SEO plugin. -->","yoast_head_json":{"title":"Hartazgo social en Temamatla por Alcalde inepto - Volcanes","robots":{"index":"index","follow":"follow","max-snippet":"max-snippet:-1","max-image-preview":"max-image-preview:large","max-video-preview":"max-video-preview:-1"},"canonical":"https:\/\/volcanes.net\/?p=6391","og_locale":"es_MX","og_type":"article","og_title":"Hartazgo social en Temamatla por Alcalde inepto - Volcanes","og_description":"Temamatla, Estado de M\u00e9xico.- Luego de m\u00e1s de un a\u00f1o como presidente municipal, Juan Martin","og_url":"https:\/\/volcanes.net\/?p=6391","og_site_name":"Volcanes","article_publisher":"https:\/\/www.facebook.com\/volcanes.net\/","article_published_time":"2020-02-06T08:12:03+00:00","og_image":[{"width":1280,"height":1280,"url":"https:\/\/volcanes.net\/wp-content\/uploads\/2020\/02\/WhatsApp-Image-2020-02-06-at-1.31.33-AM-1.jpeg","type":"image\/jpeg"}],"author":"admin","twitter_card":"summary_large_image","twitter_misc":{"Escrito por":"admin","Tiempo de lectura":"2 minutos"},"schema":{"@context":"https:\/\/schema.org","@graph":[{"@type":"Article","@id":"https:\/\/volcanes.net\/?p=6391#article","isPartOf":{"@id":"https:\/\/volcanes.net\/?p=6391"},"author":{"name":"admin","@id":"https:\/\/volcanes.net\/#\/schema\/person\/4bf0f383940966a4abd53f5048c0e6b9"},"headline":"Hartazgo social en Temamatla por Alcalde inepto","datePublished":"2020-02-06T08:12:03+00:00","mainEntityOfPage":{"@id":"https:\/\/volcanes.net\/?p=6391"},"wordCount":351,"commentCount":0,"publisher":{"@id":"https:\/\/volcanes.net\/#organization"},"image":{"@id":"https:\/\/volcanes.net\/?p=6391#primaryimage"},"thumbnailUrl":"https:\/\/volcanes.net\/wp-content\/uploads\/2020\/02\/WhatsApp-Image-2020-02-06-at-1.31.33-AM-1.jpeg","keywords":["Temamatla"],"articleSection":["Municipales"],"inLanguage":"es","potentialAction":[{"@type":"CommentAction","name":"Comment","target":["https:\/\/volcanes.net\/?p=6391#respond"]}]},{"@type":"WebPage","@id":"https:\/\/volcanes.net\/?p=6391","url":"https:\/\/volcanes.net\/?p=6391","name":"Hartazgo social en Temamatla por Alcalde inepto - Volcanes","isPartOf":{"@id":"https:\/\/volcanes.net\/#website"},"primaryImageOfPage":{"@id":"https:\/\/volcanes.net\/?p=6391#primaryimage"},"image":{"@id":"https:\/\/volcanes.net\/?p=6391#primaryimage"},"thumbnailUrl":"https:\/\/volcanes.net\/wp-content\/uploads\/2020\/02\/WhatsApp-Image-2020-02-06-at-1.31.33-AM-1.jpeg","datePublished":"2020-02-06T08:12:03+00:00","breadcrumb":{"@id":"https:\/\/volcanes.net\/?p=6391#breadcrumb"},"inLanguage":"es","potentialAction":[{"@type":"ReadAction","target":["https:\/\/volcanes.net\/?p=6391"]}]},{"@type":"ImageObject","inLanguage":"es","@id":"https:\/\/volcanes.net\/?p=6391#primaryimage","url":"https:\/\/volcanes.net\/wp-content\/uploads\/2020\/02\/WhatsApp-Image-2020-02-06-at-1.31.33-AM-1.jpeg","contentUrl":"https:\/\/volcanes.net\/wp-content\/uploads\/2020\/02\/WhatsApp-Image-2020-02-06-at-1.31.33-AM-1.jpeg","width":1280,"height":1280},{"@type":"BreadcrumbList","@id":"https:\/\/volcanes.net\/?p=6391#breadcrumb","itemListElement":[{"@type":"ListItem","position":1,"name":"Portada","item":"https:\/\/volcanes.net\/"},{"@type":"ListItem","position":2,"name":"Hartazgo social en Temamatla por Alcalde inepto"}]},{"@type":"WebSite","@id":"https:\/\/volcanes.net\/#website","url":"https:\/\/volcanes.net\/","name":"Volcanes.Net","description":"Periodismo Profesional","publisher":{"@id":"https:\/\/volcanes.net\/#organization"},"potentialAction":[{"@type":"SearchAction","target":{"@type":"EntryPoint","urlTemplate":"https:\/\/volcanes.net\/?s={search_term_string}"},"query-input":{"@type":"PropertyValueSpecification","valueRequired":true,"valueName":"search_term_string"}}],"inLanguage":"es"},{"@type":"Organization","@id":"https:\/\/volcanes.net\/#organization","name":"Grupo Volcanes","url":"https:\/\/volcanes.net\/","logo":{"@type":"ImageObject","inLanguage":"es","@id":"https:\/\/volcanes.net\/#\/schema\/logo\/image\/","url":"http:\/\/volcanes.net\/wp-content\/uploads\/2017\/12\/Avatar2.jpg","contentUrl":"http:\/\/volcanes.net\/wp-content\/uploads\/2017\/12\/Avatar2.jpg","width":378,"height":378,"caption":"Grupo Volcanes"},"image":{"@id":"https:\/\/volcanes.net\/#\/schema\/logo\/image\/"},"sameAs":["https:\/\/www.facebook.com\/volcanes.net\/"]},{"@type":"Person","@id":"https:\/\/volcanes.net\/#\/schema\/person\/4bf0f383940966a4abd53f5048c0e6b9","name":"admin","image":{"@type":"ImageObject","inLanguage":"es","@id":"https:\/\/volcanes.net\/#\/schema\/person\/image\/","url":"https:\/\/secure.gravatar.com\/avatar\/ca004e6cba8462b8cb7abc86e382930c?s=96&d=mm&r=g","contentUrl":"https:\/\/secure.gravatar.com\/avatar\/ca004e6cba8462b8cb7abc86e382930c?s=96&d=mm&r=g","caption":"admin"}}]}},"_links":{"self":[{"href":"https:\/\/volcanes.net\/index.php?rest_route=\/wp\/v2\/posts\/6391"}],"collection":[{"href":"https:\/\/volcanes.net\/index.php?rest_route=\/wp\/v2\/posts"}],"about":[{"href":"https:\/\/volcanes.net\/index.php?rest_route=\/wp\/v2\/types\/post"}],"author":[{"embeddable":true,"href":"https:\/\/volcanes.net\/index.php?rest_route=\/wp\/v2\/users\/1"}],"replies":[{"embeddable":true,"href":"https:\/\/volcanes.net\/index.php?rest_route=%2Fwp%2Fv2%2Fcomments&post=6391"}],"version-history":[{"count":1,"href":"https:\/\/volcanes.net\/index.php?rest_route=\/wp\/v2\/posts\/6391\/revisions"}],"predecessor-version":[{"id":6394,"href":"https:\/\/volcanes.net\/index.php?rest_route=\/wp\/v2\/posts\/6391\/revisions\/6394"}],"wp:featuredmedia":[{"embeddable":true,"href":"https:\/\/volcanes.net\/index.php?rest_route=\/wp\/v2\/media\/6393"}],"wp:attachment":[{"href":"https:\/\/volcanes.net\/index.php?rest_route=%2Fwp%2Fv2%2Fmedia&parent=6391"}],"wp:term":[{"taxonomy":"category","embeddable":true,"href":"https:\/\/volcanes.net\/index.php?rest_route=%2Fwp%2Fv2%2Fcategories&post=6391"},{"taxonomy":"post_tag","embeddable":true,"href":"https:\/\/volcanes.net\/index.php?rest_route=%2Fwp%2Fv2%2Ftags&post=6391"}],"curies":[{"name":"wp","href":"https:\/\/api.w.org\/{rel}","templated":true}]}}