{"id":6396,"date":"2020-02-07T10:02:10","date_gmt":"2020-02-07T16:02:10","guid":{"rendered":"http:\/\/volcanes.net\/?p=6396"},"modified":"2020-02-07T10:02:10","modified_gmt":"2020-02-07T16:02:10","slug":"video-instalan-consultorio-medico-en-tenango-del-aire","status":"publish","type":"post","link":"https:\/\/volcanes.net\/?p=6396","title":{"rendered":"VIDEO: Instalan consultorio m\u00e9dico en Tenango del Aire"},"content":{"rendered":"<div style=\"margin-top: 0px; margin-bottom: 0px;\" class=\"sharethis-inline-share-buttons\" ><\/div><p class=\"p1\">Tenango del Aire, Estado de M\u00e9xico.- La administraci\u00f3n que encabeza Roberto \u00c1vila Ventura, inaugur\u00f3 consultorio m\u00e9dico en Santiago Tepopula, este jueves 6 de febrero de 2020, que estar\u00e1 brindando consultas a la poblaci\u00f3n que lo requiera en un horario inicial de 9:00 a 16:00 horas con un costo de recuperaci\u00f3n de 30 pesos, para apoyar a las personas de escasos recursos \u201cestamos comprometidos con la salud, porque sabemos que cuando nos enfermamos no contamos con los recursos necesarios, y sobre todo, para los adultos mayores, pues ya no les quieren dar trabajo\u201d, subray\u00f3.<\/p>\n<p class=\"p1\">Asimismo, \u00c1vila Ventura, manifest\u00f3 que se est\u00e1n concertando convenios con los laboratorios para traer medicamentos de patente a muy bajo costo, y abastecer de m\u00e1s medicamento, cuyo costo solo ser\u00e1 de recuperaci\u00f3n, y anunci\u00f3 que en este consultorio reci\u00e9n inaugurado se contar\u00e1 con otro m\u00e9dico que atender\u00e1 en un horario de 7:00 a 13:00 horas, pues a veces se necesita atender nuestra salud temprano y no hay servicio, apunt\u00f3 el edil, quien dijo que pr\u00f3ximamente se abrir\u00e1 un consultorio m\u00e9dico en San Juan Coxtoc\u00e1n.<\/p>\n<p class=\"p1\">El alcalde tenanguense asegur\u00f3 que est\u00e1 y seguir\u00e1 trabajando para las personas de la tercera edad con equidad en toda la comunidad, tanto en la cabecera municipal como en todas sus Delegaciones, hoy le toc\u00f3 a Santiago Tepopula y despu\u00e9s les tocar\u00e1 a las dem\u00e1s comunidades\u201d.<\/p>\n<p class=\"p1\">De igual forma, el edil reiter\u00f3 la invitaci\u00f3n a toda la ciudadan\u00eda asistir a las audiencias p\u00fablicas que se siguen llevando a cabo en su municipio y el pr\u00f3ximo mi\u00e9rcoles 12 de febrero, tendr\u00e1 lugar en los arcos del palacio municipal.<\/p>\n<p class=\"p1\">Por su parte, Johanna Fern\u00e1ndez S\u00e1nchez, Presidenta Honoraria del SMDIF, asegur\u00f3 que se est\u00e1n cumpliendo los compromisos que se han concertado con la gente de Tenango, y dijo sentirse muy emocionada de poder ayudar a satisfacer las necesidades de los tenanguenses, pues se anunci\u00f3 la construcci\u00f3n del sal\u00f3n de usos m\u00faltiples para los adultos mayores en Santiago Tepopula, por lo que agradeci\u00f3 el apoyo del Presidente Municipal. As\u00ed tambi\u00e9n dijo que ya se est\u00e1n llevando a cabo actividades recreativas para los ni\u00f1os y mujeres en San Juan Coxtoc\u00e1n y pr\u00f3ximamente tambi\u00e9n en Santiago Tepopula.<\/p>\n<p class=\"p1\">\u201cHoy me he tocado cumplir una misi\u00f3n y es la de dejar un legado y ese legado es seguir trabajando para cumplir los sue\u00f1os de nuestra gente\u201d, subray\u00f3, Johanna , Presidenta Honoraria del SMDIF de Tenango del Aire.<\/p>\n<p class=\"p1\">A su vez la se\u00f1ora, Yolanda S\u00e1nchez Garc\u00eda, habitante de Santiago Tepopula manifest\u00f3 sentirse agradecida y contenta por el servicio que brindar\u00e1 el consultorio inaugurado y habl\u00f3 en nombre de los adultos mayores de esta Delegaci\u00f3n \u201cEstamos muy agradecidos con nuestro presidente, pues somos de la tercera edad y nos enfermamos frecuentemente\u201d.<\/p>\n<p class=\"p1\">\u201cLe deseo mucho \u00e9xito en todas sus metas, se\u00f1or Presidente y a su esposa, ojal\u00e1 que sus objetivos se logren para bien de nuestra comunidad, gracias por el apoyo\u201d, expres\u00f3<span class=\"Apple-converted-space\">\u00a0 <\/span>Joaqu\u00edn Faustino Reyes, tambi\u00e9n adulto mayor, vecino de la comunidad.<\/p>\n","protected":false},"excerpt":{"rendered":"<p>Tenango del Aire, Estado de M\u00e9xico.- La administraci\u00f3n que encabeza Roberto \u00c1vila Ventura, inaugur\u00f3 consultorio<\/p>\n","protected":false},"author":1,"featured_media":6409,"comment_status":"open","ping_status":"open","sticky":false,"template":"","format":"standard","meta":{"footnotes":""},"categories":[1],"tags":[17],"class_list":["post-6396","post","type-post","status-publish","format-standard","has-post-thumbnail","hentry","category-municipales","tag-tenango-del-aire","has-post-video"],"yoast_head":"<!-- This site is optimized with the Yoast SEO plugin v25.3 - https:\/\/yoast.com\/wordpress\/plugins\/seo\/ -->\n<title>VIDEO: Instalan consultorio m\u00e9dico en Tenango del Aire - Volcanes<\/title>\n<meta name=\"robots\" content=\"index, follow, max-snippet:-1, max-image-preview:large, max-video-preview:-1\" \/>\n<link rel=\"canonical\" href=\"https:\/\/volcanes.net\/?p=6396\" \/>\n<meta property=\"og:locale\" content=\"es_MX\" \/>\n<meta property=\"og:type\" content=\"article\" \/>\n<meta property=\"og:title\" content=\"VIDEO: Instalan consultorio m\u00e9dico en Tenango del Aire - Volcanes\" \/>\n<meta property=\"og:description\" content=\"Tenango del Aire, Estado de M\u00e9xico.- La administraci\u00f3n que encabeza Roberto \u00c1vila Ventura, inaugur\u00f3 consultorio\" \/>\n<meta property=\"og:url\" content=\"https:\/\/volcanes.net\/?p=6396\" \/>\n<meta property=\"og:site_name\" content=\"Volcanes\" \/>\n<meta property=\"article:publisher\" content=\"https:\/\/www.facebook.com\/volcanes.net\/\" \/>\n<meta property=\"article:published_time\" content=\"2020-02-07T16:02:10+00:00\" \/>\n<meta property=\"og:image\" content=\"https:\/\/volcanes.net\/wp-content\/uploads\/2020\/02\/Instalan-consultorio-m\u00e9dico-en-Tenango-del-Aire.jpeg\" \/>\n\t<meta property=\"og:image:width\" content=\"1280\" \/>\n\t<meta property=\"og:image:height\" content=\"720\" \/>\n\t<meta property=\"og:image:type\" content=\"image\/jpeg\" \/>\n<meta name=\"author\" content=\"admin\" \/>\n<meta name=\"twitter:card\" content=\"summary_large_image\" \/>\n<meta name=\"twitter:label1\" content=\"Escrito por\" \/>\n\t<meta name=\"twitter:data1\" content=\"admin\" \/>\n\t<meta name=\"twitter:label2\" content=\"Tiempo de lectura\" \/>\n\t<meta name=\"twitter:data2\" content=\"3 minutos\" \/>\n<script type=\"application\/ld+json\" class=\"yoast-schema-graph\">{\"@context\":\"https:\/\/schema.org\",\"@graph\":[{\"@type\":\"Article\",\"@id\":\"https:\/\/volcanes.net\/?p=6396#article\",\"isPartOf\":{\"@id\":\"https:\/\/volcanes.net\/?p=6396\"},\"author\":{\"name\":\"admin\",\"@id\":\"https:\/\/volcanes.net\/#\/schema\/person\/4bf0f383940966a4abd53f5048c0e6b9\"},\"headline\":\"VIDEO: Instalan consultorio m\u00e9dico en Tenango del Aire\",\"datePublished\":\"2020-02-07T16:02:10+00:00\",\"mainEntityOfPage\":{\"@id\":\"https:\/\/volcanes.net\/?p=6396\"},\"wordCount\":530,\"commentCount\":0,\"publisher\":{\"@id\":\"https:\/\/volcanes.net\/#organization\"},\"image\":{\"@id\":\"https:\/\/volcanes.net\/?p=6396#primaryimage\"},\"thumbnailUrl\":\"https:\/\/volcanes.net\/wp-content\/uploads\/2020\/02\/Instalan-consultorio-m\u00e9dico-en-Tenango-del-Aire.jpeg\",\"keywords\":[\"Tenango del Aire\"],\"articleSection\":[\"Municipales\"],\"inLanguage\":\"es\",\"potentialAction\":[{\"@type\":\"CommentAction\",\"name\":\"Comment\",\"target\":[\"https:\/\/volcanes.net\/?p=6396#respond\"]}]},{\"@type\":\"WebPage\",\"@id\":\"https:\/\/volcanes.net\/?p=6396\",\"url\":\"https:\/\/volcanes.net\/?p=6396\",\"name\":\"VIDEO: Instalan consultorio m\u00e9dico en Tenango del Aire - Volcanes\",\"isPartOf\":{\"@id\":\"https:\/\/volcanes.net\/#website\"},\"primaryImageOfPage\":{\"@id\":\"https:\/\/volcanes.net\/?p=6396#primaryimage\"},\"image\":{\"@id\":\"https:\/\/volcanes.net\/?p=6396#primaryimage\"},\"thumbnailUrl\":\"https:\/\/volcanes.net\/wp-content\/uploads\/2020\/02\/Instalan-consultorio-m\u00e9dico-en-Tenango-del-Aire.jpeg\",\"datePublished\":\"2020-02-07T16:02:10+00:00\",\"breadcrumb\":{\"@id\":\"https:\/\/volcanes.net\/?p=6396#breadcrumb\"},\"inLanguage\":\"es\",\"potentialAction\":[{\"@type\":\"ReadAction\",\"target\":[\"https:\/\/volcanes.net\/?p=6396\"]}]},{\"@type\":\"ImageObject\",\"inLanguage\":\"es\",\"@id\":\"https:\/\/volcanes.net\/?p=6396#primaryimage\",\"url\":\"https:\/\/volcanes.net\/wp-content\/uploads\/2020\/02\/Instalan-consultorio-m\u00e9dico-en-Tenango-del-Aire.jpeg\",\"contentUrl\":\"https:\/\/volcanes.net\/wp-content\/uploads\/2020\/02\/Instalan-consultorio-m\u00e9dico-en-Tenango-del-Aire.jpeg\",\"width\":1280,\"height\":720},{\"@type\":\"BreadcrumbList\",\"@id\":\"https:\/\/volcanes.net\/?p=6396#breadcrumb\",\"itemListElement\":[{\"@type\":\"ListItem\",\"position\":1,\"name\":\"Portada\",\"item\":\"https:\/\/volcanes.net\/\"},{\"@type\":\"ListItem\",\"position\":2,\"name\":\"VIDEO: Instalan consultorio m\u00e9dico en Tenango del Aire\"}]},{\"@type\":\"WebSite\",\"@id\":\"https:\/\/volcanes.net\/#website\",\"url\":\"https:\/\/volcanes.net\/\",\"name\":\"Volcanes.Net\",\"description\":\"Periodismo Profesional\",\"publisher\":{\"@id\":\"https:\/\/volcanes.net\/#organization\"},\"potentialAction\":[{\"@type\":\"SearchAction\",\"target\":{\"@type\":\"EntryPoint\",\"urlTemplate\":\"https:\/\/volcanes.net\/?s={search_term_string}\"},\"query-input\":{\"@type\":\"PropertyValueSpecification\",\"valueRequired\":true,\"valueName\":\"search_term_string\"}}],\"inLanguage\":\"es\"},{\"@type\":\"Organization\",\"@id\":\"https:\/\/volcanes.net\/#organization\",\"name\":\"Grupo Volcanes\",\"url\":\"https:\/\/volcanes.net\/\",\"logo\":{\"@type\":\"ImageObject\",\"inLanguage\":\"es\",\"@id\":\"https:\/\/volcanes.net\/#\/schema\/logo\/image\/\",\"url\":\"http:\/\/volcanes.net\/wp-content\/uploads\/2017\/12\/Avatar2.jpg\",\"contentUrl\":\"http:\/\/volcanes.net\/wp-content\/uploads\/2017\/12\/Avatar2.jpg\",\"width\":378,\"height\":378,\"caption\":\"Grupo Volcanes\"},\"image\":{\"@id\":\"https:\/\/volcanes.net\/#\/schema\/logo\/image\/\"},\"sameAs\":[\"https:\/\/www.facebook.com\/volcanes.net\/\"]},{\"@type\":\"Person\",\"@id\":\"https:\/\/volcanes.net\/#\/schema\/person\/4bf0f383940966a4abd53f5048c0e6b9\",\"name\":\"admin\",\"image\":{\"@type\":\"ImageObject\",\"inLanguage\":\"es\",\"@id\":\"https:\/\/volcanes.net\/#\/schema\/person\/image\/\",\"url\":\"https:\/\/secure.gravatar.com\/avatar\/ca004e6cba8462b8cb7abc86e382930c?s=96&d=mm&r=g\",\"contentUrl\":\"https:\/\/secure.gravatar.com\/avatar\/ca004e6cba8462b8cb7abc86e382930c?s=96&d=mm&r=g\",\"caption\":\"admin\"}}]}<\/script>\n<!-- \/ Yoast SEO plugin. -->","yoast_head_json":{"title":"VIDEO: Instalan consultorio m\u00e9dico en Tenango del Aire - Volcanes","robots":{"index":"index","follow":"follow","max-snippet":"max-snippet:-1","max-image-preview":"max-image-preview:large","max-video-preview":"max-video-preview:-1"},"canonical":"https:\/\/volcanes.net\/?p=6396","og_locale":"es_MX","og_type":"article","og_title":"VIDEO: Instalan consultorio m\u00e9dico en Tenango del Aire - Volcanes","og_description":"Tenango del Aire, Estado de M\u00e9xico.- La administraci\u00f3n que encabeza Roberto \u00c1vila Ventura, inaugur\u00f3 consultorio","og_url":"https:\/\/volcanes.net\/?p=6396","og_site_name":"Volcanes","article_publisher":"https:\/\/www.facebook.com\/volcanes.net\/","article_published_time":"2020-02-07T16:02:10+00:00","og_image":[{"width":1280,"height":720,"url":"https:\/\/volcanes.net\/wp-content\/uploads\/2020\/02\/Instalan-consultorio-m\u00e9dico-en-Tenango-del-Aire.jpeg","type":"image\/jpeg"}],"author":"admin","twitter_card":"summary_large_image","twitter_misc":{"Escrito por":"admin","Tiempo de lectura":"3 minutos"},"schema":{"@context":"https:\/\/schema.org","@graph":[{"@type":"Article","@id":"https:\/\/volcanes.net\/?p=6396#article","isPartOf":{"@id":"https:\/\/volcanes.net\/?p=6396"},"author":{"name":"admin","@id":"https:\/\/volcanes.net\/#\/schema\/person\/4bf0f383940966a4abd53f5048c0e6b9"},"headline":"VIDEO: Instalan consultorio m\u00e9dico en Tenango del Aire","datePublished":"2020-02-07T16:02:10+00:00","mainEntityOfPage":{"@id":"https:\/\/volcanes.net\/?p=6396"},"wordCount":530,"commentCount":0,"publisher":{"@id":"https:\/\/volcanes.net\/#organization"},"image":{"@id":"https:\/\/volcanes.net\/?p=6396#primaryimage"},"thumbnailUrl":"https:\/\/volcanes.net\/wp-content\/uploads\/2020\/02\/Instalan-consultorio-m\u00e9dico-en-Tenango-del-Aire.jpeg","keywords":["Tenango del Aire"],"articleSection":["Municipales"],"inLanguage":"es","potentialAction":[{"@type":"CommentAction","name":"Comment","target":["https:\/\/volcanes.net\/?p=6396#respond"]}]},{"@type":"WebPage","@id":"https:\/\/volcanes.net\/?p=6396","url":"https:\/\/volcanes.net\/?p=6396","name":"VIDEO: Instalan consultorio m\u00e9dico en Tenango del Aire - Volcanes","isPartOf":{"@id":"https:\/\/volcanes.net\/#website"},"primaryImageOfPage":{"@id":"https:\/\/volcanes.net\/?p=6396#primaryimage"},"image":{"@id":"https:\/\/volcanes.net\/?p=6396#primaryimage"},"thumbnailUrl":"https:\/\/volcanes.net\/wp-content\/uploads\/2020\/02\/Instalan-consultorio-m\u00e9dico-en-Tenango-del-Aire.jpeg","datePublished":"2020-02-07T16:02:10+00:00","breadcrumb":{"@id":"https:\/\/volcanes.net\/?p=6396#breadcrumb"},"inLanguage":"es","potentialAction":[{"@type":"ReadAction","target":["https:\/\/volcanes.net\/?p=6396"]}]},{"@type":"ImageObject","inLanguage":"es","@id":"https:\/\/volcanes.net\/?p=6396#primaryimage","url":"https:\/\/volcanes.net\/wp-content\/uploads\/2020\/02\/Instalan-consultorio-m\u00e9dico-en-Tenango-del-Aire.jpeg","contentUrl":"https:\/\/volcanes.net\/wp-content\/uploads\/2020\/02\/Instalan-consultorio-m\u00e9dico-en-Tenango-del-Aire.jpeg","width":1280,"height":720},{"@type":"BreadcrumbList","@id":"https:\/\/volcanes.net\/?p=6396#breadcrumb","itemListElement":[{"@type":"ListItem","position":1,"name":"Portada","item":"https:\/\/volcanes.net\/"},{"@type":"ListItem","position":2,"name":"VIDEO: Instalan consultorio m\u00e9dico en Tenango del Aire"}]},{"@type":"WebSite","@id":"https:\/\/volcanes.net\/#website","url":"https:\/\/volcanes.net\/","name":"Volcanes.Net","description":"Periodismo Profesional","publisher":{"@id":"https:\/\/volcanes.net\/#organization"},"potentialAction":[{"@type":"SearchAction","target":{"@type":"EntryPoint","urlTemplate":"https:\/\/volcanes.net\/?s={search_term_string}"},"query-input":{"@type":"PropertyValueSpecification","valueRequired":true,"valueName":"search_term_string"}}],"inLanguage":"es"},{"@type":"Organization","@id":"https:\/\/volcanes.net\/#organization","name":"Grupo Volcanes","url":"https:\/\/volcanes.net\/","logo":{"@type":"ImageObject","inLanguage":"es","@id":"https:\/\/volcanes.net\/#\/schema\/logo\/image\/","url":"http:\/\/volcanes.net\/wp-content\/uploads\/2017\/12\/Avatar2.jpg","contentUrl":"http:\/\/volcanes.net\/wp-content\/uploads\/2017\/12\/Avatar2.jpg","width":378,"height":378,"caption":"Grupo Volcanes"},"image":{"@id":"https:\/\/volcanes.net\/#\/schema\/logo\/image\/"},"sameAs":["https:\/\/www.facebook.com\/volcanes.net\/"]},{"@type":"Person","@id":"https:\/\/volcanes.net\/#\/schema\/person\/4bf0f383940966a4abd53f5048c0e6b9","name":"admin","image":{"@type":"ImageObject","inLanguage":"es","@id":"https:\/\/volcanes.net\/#\/schema\/person\/image\/","url":"https:\/\/secure.gravatar.com\/avatar\/ca004e6cba8462b8cb7abc86e382930c?s=96&d=mm&r=g","contentUrl":"https:\/\/secure.gravatar.com\/avatar\/ca004e6cba8462b8cb7abc86e382930c?s=96&d=mm&r=g","caption":"admin"}}]}},"_links":{"self":[{"href":"https:\/\/volcanes.net\/index.php?rest_route=\/wp\/v2\/posts\/6396"}],"collection":[{"href":"https:\/\/volcanes.net\/index.php?rest_route=\/wp\/v2\/posts"}],"about":[{"href":"https:\/\/volcanes.net\/index.php?rest_route=\/wp\/v2\/types\/post"}],"author":[{"embeddable":true,"href":"https:\/\/volcanes.net\/index.php?rest_route=\/wp\/v2\/users\/1"}],"replies":[{"embeddable":true,"href":"https:\/\/volcanes.net\/index.php?rest_route=%2Fwp%2Fv2%2Fcomments&post=6396"}],"version-history":[{"count":1,"href":"https:\/\/volcanes.net\/index.php?rest_route=\/wp\/v2\/posts\/6396\/revisions"}],"predecessor-version":[{"id":6410,"href":"https:\/\/volcanes.net\/index.php?rest_route=\/wp\/v2\/posts\/6396\/revisions\/6410"}],"wp:featuredmedia":[{"embeddable":true,"href":"https:\/\/volcanes.net\/index.php?rest_route=\/wp\/v2\/media\/6409"}],"wp:attachment":[{"href":"https:\/\/volcanes.net\/index.php?rest_route=%2Fwp%2Fv2%2Fmedia&parent=6396"}],"wp:term":[{"taxonomy":"category","embeddable":true,"href":"https:\/\/volcanes.net\/index.php?rest_route=%2Fwp%2Fv2%2Fcategories&post=6396"},{"taxonomy":"post_tag","embeddable":true,"href":"https:\/\/volcanes.net\/index.php?rest_route=%2Fwp%2Fv2%2Ftags&post=6396"}],"curies":[{"name":"wp","href":"https:\/\/api.w.org\/{rel}","templated":true}]}}