{"id":6414,"date":"2020-02-07T20:42:31","date_gmt":"2020-02-08T02:42:31","guid":{"rendered":"http:\/\/volcanes.net\/?p=6414"},"modified":"2020-02-07T20:42:31","modified_gmt":"2020-02-08T02:42:31","slug":"video-alcalde-de-atlautla-da-a-conocer-modificaciones-al-bando","status":"publish","type":"post","link":"https:\/\/volcanes.net\/?p=6414","title":{"rendered":"VIDEO: Alcalde de Atlautla da a conocer modificaciones al bando"},"content":{"rendered":"<div style=\"margin-top: 0px; margin-bottom: 0px;\" class=\"sharethis-inline-share-buttons\" ><\/div><p class=\"p1\">Atlautla, Estado de M\u00e9xico.- Este 5 de febrero se llev\u00f3 a cabo la publicaci\u00f3n del Bando Municipal de Atlautla, en recorrido por parte del Cabildo de este municipio, encabezado por el edil Hermenegildo Lozada Amaro, acompa\u00f1ando tambi\u00e9n los Delegados Municipales, comenzando desde la Colonia Guadalupe Hidalgo, San Andr\u00e9s Tlal\u00e1mac, San Juan Tepecoculco, la Cabecera Municipal, San Juan Tehuixtitl\u00e1n, Popo Park y se concluy\u00f3 en Fraccionamiento Las Delicias.<\/p>\n<p class=\"p1\">Entre los cambios sustanciales que se presentaron en dicho Bando es la separaci\u00f3n de residuos s\u00f3lidos, pues es una campa\u00f1a que se est\u00e1 promoviendo en el Municipio para acatarse al nuevo reglamento en el manejo de la basura y tiene la finalidad de concientizar a la poblaci\u00f3n atlautlense en el cuidado del medio ambiente, expres\u00f3 el alcalde, quien dio a conocer que adem\u00e1s de este tema el Bando contempla normatividad en el tema del cuidado de los animales y espec\u00edficamente, los perros.<\/p>\n<p class=\"p1\">En cuanto al tema del agua mencion\u00f3 que se implementar algunas sanciones puesto que se est\u00e1 haciendo mal uso de este vital l\u00edquido en algunas zonas espec\u00edficas. En cuanto a la estructura de la administraci\u00f3n dijo que se la direcci\u00f3n de Obra P\u00fablica se fusiona con la Direcci\u00f3n de Desarrollo Urbano; a su vez, el juez conciliador y el juez calificador, mantendr\u00e1n su autonom\u00eda.<\/p>\n<p class=\"p1\">El presidente llam\u00f3 a la ciudadan\u00eda a apegarse a la normatividad para evitar las sanciones correspondientes, pues por eso se hace primeramente el llamado a fin de hacer conciencia en la poblaci\u00f3n, \u201cya que lo m\u00e1s importante es la convivencia y el respeto entre nosotros como ciudadanos\u201d, concluy\u00f3.<\/p>\n","protected":false},"excerpt":{"rendered":"<p>Atlautla, Estado de M\u00e9xico.- Este 5 de febrero se llev\u00f3 a cabo la publicaci\u00f3n del<\/p>\n","protected":false},"author":1,"featured_media":6416,"comment_status":"open","ping_status":"open","sticky":false,"template":"","format":"standard","meta":{"footnotes":""},"categories":[1],"tags":[80,265],"class_list":["post-6414","post","type-post","status-publish","format-standard","has-post-thumbnail","hentry","category-municipales","tag-atlautla","tag-grupovolcanes","has-post-video"],"yoast_head":"<!-- This site is optimized with the Yoast SEO plugin v25.3 - https:\/\/yoast.com\/wordpress\/plugins\/seo\/ -->\n<title>VIDEO: Alcalde de Atlautla da a conocer modificaciones al bando - Volcanes<\/title>\n<meta name=\"robots\" content=\"index, follow, max-snippet:-1, max-image-preview:large, max-video-preview:-1\" \/>\n<link rel=\"canonical\" href=\"https:\/\/volcanes.net\/?p=6414\" \/>\n<meta property=\"og:locale\" content=\"es_MX\" \/>\n<meta property=\"og:type\" content=\"article\" \/>\n<meta property=\"og:title\" content=\"VIDEO: Alcalde de Atlautla da a conocer modificaciones al bando - Volcanes\" \/>\n<meta property=\"og:description\" content=\"Atlautla, Estado de M\u00e9xico.- Este 5 de febrero se llev\u00f3 a cabo la publicaci\u00f3n del\" \/>\n<meta property=\"og:url\" content=\"https:\/\/volcanes.net\/?p=6414\" \/>\n<meta property=\"og:site_name\" content=\"Volcanes\" \/>\n<meta property=\"article:publisher\" content=\"https:\/\/www.facebook.com\/volcanes.net\/\" \/>\n<meta property=\"article:published_time\" content=\"2020-02-08T02:42:31+00:00\" \/>\n<meta property=\"og:image\" content=\"https:\/\/volcanes.net\/wp-content\/uploads\/2020\/02\/VIDEO-Alcalde-de-Atlautla-da-a-conocer-modificaciones-al-bando.jpeg\" \/>\n\t<meta property=\"og:image:width\" content=\"1280\" \/>\n\t<meta property=\"og:image:height\" content=\"720\" \/>\n\t<meta property=\"og:image:type\" content=\"image\/jpeg\" \/>\n<meta name=\"author\" content=\"admin\" \/>\n<meta name=\"twitter:card\" content=\"summary_large_image\" \/>\n<meta name=\"twitter:label1\" content=\"Escrito por\" \/>\n\t<meta name=\"twitter:data1\" content=\"admin\" \/>\n\t<meta name=\"twitter:label2\" content=\"Tiempo de lectura\" \/>\n\t<meta name=\"twitter:data2\" content=\"1 minuto\" \/>\n<script type=\"application\/ld+json\" class=\"yoast-schema-graph\">{\"@context\":\"https:\/\/schema.org\",\"@graph\":[{\"@type\":\"Article\",\"@id\":\"https:\/\/volcanes.net\/?p=6414#article\",\"isPartOf\":{\"@id\":\"https:\/\/volcanes.net\/?p=6414\"},\"author\":{\"name\":\"admin\",\"@id\":\"https:\/\/volcanes.net\/#\/schema\/person\/4bf0f383940966a4abd53f5048c0e6b9\"},\"headline\":\"VIDEO: Alcalde de Atlautla da a conocer modificaciones al bando\",\"datePublished\":\"2020-02-08T02:42:31+00:00\",\"mainEntityOfPage\":{\"@id\":\"https:\/\/volcanes.net\/?p=6414\"},\"wordCount\":295,\"commentCount\":0,\"publisher\":{\"@id\":\"https:\/\/volcanes.net\/#organization\"},\"image\":{\"@id\":\"https:\/\/volcanes.net\/?p=6414#primaryimage\"},\"thumbnailUrl\":\"https:\/\/volcanes.net\/wp-content\/uploads\/2020\/02\/VIDEO-Alcalde-de-Atlautla-da-a-conocer-modificaciones-al-bando.jpeg\",\"keywords\":[\"Atlautla\",\"GrupoVolcanes\"],\"articleSection\":[\"Municipales\"],\"inLanguage\":\"es\",\"potentialAction\":[{\"@type\":\"CommentAction\",\"name\":\"Comment\",\"target\":[\"https:\/\/volcanes.net\/?p=6414#respond\"]}]},{\"@type\":\"WebPage\",\"@id\":\"https:\/\/volcanes.net\/?p=6414\",\"url\":\"https:\/\/volcanes.net\/?p=6414\",\"name\":\"VIDEO: Alcalde de Atlautla da a conocer modificaciones al bando - Volcanes\",\"isPartOf\":{\"@id\":\"https:\/\/volcanes.net\/#website\"},\"primaryImageOfPage\":{\"@id\":\"https:\/\/volcanes.net\/?p=6414#primaryimage\"},\"image\":{\"@id\":\"https:\/\/volcanes.net\/?p=6414#primaryimage\"},\"thumbnailUrl\":\"https:\/\/volcanes.net\/wp-content\/uploads\/2020\/02\/VIDEO-Alcalde-de-Atlautla-da-a-conocer-modificaciones-al-bando.jpeg\",\"datePublished\":\"2020-02-08T02:42:31+00:00\",\"breadcrumb\":{\"@id\":\"https:\/\/volcanes.net\/?p=6414#breadcrumb\"},\"inLanguage\":\"es\",\"potentialAction\":[{\"@type\":\"ReadAction\",\"target\":[\"https:\/\/volcanes.net\/?p=6414\"]}]},{\"@type\":\"ImageObject\",\"inLanguage\":\"es\",\"@id\":\"https:\/\/volcanes.net\/?p=6414#primaryimage\",\"url\":\"https:\/\/volcanes.net\/wp-content\/uploads\/2020\/02\/VIDEO-Alcalde-de-Atlautla-da-a-conocer-modificaciones-al-bando.jpeg\",\"contentUrl\":\"https:\/\/volcanes.net\/wp-content\/uploads\/2020\/02\/VIDEO-Alcalde-de-Atlautla-da-a-conocer-modificaciones-al-bando.jpeg\",\"width\":1280,\"height\":720},{\"@type\":\"BreadcrumbList\",\"@id\":\"https:\/\/volcanes.net\/?p=6414#breadcrumb\",\"itemListElement\":[{\"@type\":\"ListItem\",\"position\":1,\"name\":\"Portada\",\"item\":\"https:\/\/volcanes.net\/\"},{\"@type\":\"ListItem\",\"position\":2,\"name\":\"VIDEO: Alcalde de Atlautla da a conocer modificaciones al bando\"}]},{\"@type\":\"WebSite\",\"@id\":\"https:\/\/volcanes.net\/#website\",\"url\":\"https:\/\/volcanes.net\/\",\"name\":\"Volcanes.Net\",\"description\":\"Periodismo Profesional\",\"publisher\":{\"@id\":\"https:\/\/volcanes.net\/#organization\"},\"potentialAction\":[{\"@type\":\"SearchAction\",\"target\":{\"@type\":\"EntryPoint\",\"urlTemplate\":\"https:\/\/volcanes.net\/?s={search_term_string}\"},\"query-input\":{\"@type\":\"PropertyValueSpecification\",\"valueRequired\":true,\"valueName\":\"search_term_string\"}}],\"inLanguage\":\"es\"},{\"@type\":\"Organization\",\"@id\":\"https:\/\/volcanes.net\/#organization\",\"name\":\"Grupo Volcanes\",\"url\":\"https:\/\/volcanes.net\/\",\"logo\":{\"@type\":\"ImageObject\",\"inLanguage\":\"es\",\"@id\":\"https:\/\/volcanes.net\/#\/schema\/logo\/image\/\",\"url\":\"http:\/\/volcanes.net\/wp-content\/uploads\/2017\/12\/Avatar2.jpg\",\"contentUrl\":\"http:\/\/volcanes.net\/wp-content\/uploads\/2017\/12\/Avatar2.jpg\",\"width\":378,\"height\":378,\"caption\":\"Grupo Volcanes\"},\"image\":{\"@id\":\"https:\/\/volcanes.net\/#\/schema\/logo\/image\/\"},\"sameAs\":[\"https:\/\/www.facebook.com\/volcanes.net\/\"]},{\"@type\":\"Person\",\"@id\":\"https:\/\/volcanes.net\/#\/schema\/person\/4bf0f383940966a4abd53f5048c0e6b9\",\"name\":\"admin\",\"image\":{\"@type\":\"ImageObject\",\"inLanguage\":\"es\",\"@id\":\"https:\/\/volcanes.net\/#\/schema\/person\/image\/\",\"url\":\"https:\/\/secure.gravatar.com\/avatar\/ca004e6cba8462b8cb7abc86e382930c?s=96&d=mm&r=g\",\"contentUrl\":\"https:\/\/secure.gravatar.com\/avatar\/ca004e6cba8462b8cb7abc86e382930c?s=96&d=mm&r=g\",\"caption\":\"admin\"}}]}<\/script>\n<!-- \/ Yoast SEO plugin. -->","yoast_head_json":{"title":"VIDEO: Alcalde de Atlautla da a conocer modificaciones al bando - Volcanes","robots":{"index":"index","follow":"follow","max-snippet":"max-snippet:-1","max-image-preview":"max-image-preview:large","max-video-preview":"max-video-preview:-1"},"canonical":"https:\/\/volcanes.net\/?p=6414","og_locale":"es_MX","og_type":"article","og_title":"VIDEO: Alcalde de Atlautla da a conocer modificaciones al bando - Volcanes","og_description":"Atlautla, Estado de M\u00e9xico.- Este 5 de febrero se llev\u00f3 a cabo la publicaci\u00f3n del","og_url":"https:\/\/volcanes.net\/?p=6414","og_site_name":"Volcanes","article_publisher":"https:\/\/www.facebook.com\/volcanes.net\/","article_published_time":"2020-02-08T02:42:31+00:00","og_image":[{"width":1280,"height":720,"url":"https:\/\/volcanes.net\/wp-content\/uploads\/2020\/02\/VIDEO-Alcalde-de-Atlautla-da-a-conocer-modificaciones-al-bando.jpeg","type":"image\/jpeg"}],"author":"admin","twitter_card":"summary_large_image","twitter_misc":{"Escrito por":"admin","Tiempo de lectura":"1 minuto"},"schema":{"@context":"https:\/\/schema.org","@graph":[{"@type":"Article","@id":"https:\/\/volcanes.net\/?p=6414#article","isPartOf":{"@id":"https:\/\/volcanes.net\/?p=6414"},"author":{"name":"admin","@id":"https:\/\/volcanes.net\/#\/schema\/person\/4bf0f383940966a4abd53f5048c0e6b9"},"headline":"VIDEO: Alcalde de Atlautla da a conocer modificaciones al bando","datePublished":"2020-02-08T02:42:31+00:00","mainEntityOfPage":{"@id":"https:\/\/volcanes.net\/?p=6414"},"wordCount":295,"commentCount":0,"publisher":{"@id":"https:\/\/volcanes.net\/#organization"},"image":{"@id":"https:\/\/volcanes.net\/?p=6414#primaryimage"},"thumbnailUrl":"https:\/\/volcanes.net\/wp-content\/uploads\/2020\/02\/VIDEO-Alcalde-de-Atlautla-da-a-conocer-modificaciones-al-bando.jpeg","keywords":["Atlautla","GrupoVolcanes"],"articleSection":["Municipales"],"inLanguage":"es","potentialAction":[{"@type":"CommentAction","name":"Comment","target":["https:\/\/volcanes.net\/?p=6414#respond"]}]},{"@type":"WebPage","@id":"https:\/\/volcanes.net\/?p=6414","url":"https:\/\/volcanes.net\/?p=6414","name":"VIDEO: Alcalde de Atlautla da a conocer modificaciones al bando - Volcanes","isPartOf":{"@id":"https:\/\/volcanes.net\/#website"},"primaryImageOfPage":{"@id":"https:\/\/volcanes.net\/?p=6414#primaryimage"},"image":{"@id":"https:\/\/volcanes.net\/?p=6414#primaryimage"},"thumbnailUrl":"https:\/\/volcanes.net\/wp-content\/uploads\/2020\/02\/VIDEO-Alcalde-de-Atlautla-da-a-conocer-modificaciones-al-bando.jpeg","datePublished":"2020-02-08T02:42:31+00:00","breadcrumb":{"@id":"https:\/\/volcanes.net\/?p=6414#breadcrumb"},"inLanguage":"es","potentialAction":[{"@type":"ReadAction","target":["https:\/\/volcanes.net\/?p=6414"]}]},{"@type":"ImageObject","inLanguage":"es","@id":"https:\/\/volcanes.net\/?p=6414#primaryimage","url":"https:\/\/volcanes.net\/wp-content\/uploads\/2020\/02\/VIDEO-Alcalde-de-Atlautla-da-a-conocer-modificaciones-al-bando.jpeg","contentUrl":"https:\/\/volcanes.net\/wp-content\/uploads\/2020\/02\/VIDEO-Alcalde-de-Atlautla-da-a-conocer-modificaciones-al-bando.jpeg","width":1280,"height":720},{"@type":"BreadcrumbList","@id":"https:\/\/volcanes.net\/?p=6414#breadcrumb","itemListElement":[{"@type":"ListItem","position":1,"name":"Portada","item":"https:\/\/volcanes.net\/"},{"@type":"ListItem","position":2,"name":"VIDEO: Alcalde de Atlautla da a conocer modificaciones al bando"}]},{"@type":"WebSite","@id":"https:\/\/volcanes.net\/#website","url":"https:\/\/volcanes.net\/","name":"Volcanes.Net","description":"Periodismo Profesional","publisher":{"@id":"https:\/\/volcanes.net\/#organization"},"potentialAction":[{"@type":"SearchAction","target":{"@type":"EntryPoint","urlTemplate":"https:\/\/volcanes.net\/?s={search_term_string}"},"query-input":{"@type":"PropertyValueSpecification","valueRequired":true,"valueName":"search_term_string"}}],"inLanguage":"es"},{"@type":"Organization","@id":"https:\/\/volcanes.net\/#organization","name":"Grupo Volcanes","url":"https:\/\/volcanes.net\/","logo":{"@type":"ImageObject","inLanguage":"es","@id":"https:\/\/volcanes.net\/#\/schema\/logo\/image\/","url":"http:\/\/volcanes.net\/wp-content\/uploads\/2017\/12\/Avatar2.jpg","contentUrl":"http:\/\/volcanes.net\/wp-content\/uploads\/2017\/12\/Avatar2.jpg","width":378,"height":378,"caption":"Grupo Volcanes"},"image":{"@id":"https:\/\/volcanes.net\/#\/schema\/logo\/image\/"},"sameAs":["https:\/\/www.facebook.com\/volcanes.net\/"]},{"@type":"Person","@id":"https:\/\/volcanes.net\/#\/schema\/person\/4bf0f383940966a4abd53f5048c0e6b9","name":"admin","image":{"@type":"ImageObject","inLanguage":"es","@id":"https:\/\/volcanes.net\/#\/schema\/person\/image\/","url":"https:\/\/secure.gravatar.com\/avatar\/ca004e6cba8462b8cb7abc86e382930c?s=96&d=mm&r=g","contentUrl":"https:\/\/secure.gravatar.com\/avatar\/ca004e6cba8462b8cb7abc86e382930c?s=96&d=mm&r=g","caption":"admin"}}]}},"_links":{"self":[{"href":"https:\/\/volcanes.net\/index.php?rest_route=\/wp\/v2\/posts\/6414"}],"collection":[{"href":"https:\/\/volcanes.net\/index.php?rest_route=\/wp\/v2\/posts"}],"about":[{"href":"https:\/\/volcanes.net\/index.php?rest_route=\/wp\/v2\/types\/post"}],"author":[{"embeddable":true,"href":"https:\/\/volcanes.net\/index.php?rest_route=\/wp\/v2\/users\/1"}],"replies":[{"embeddable":true,"href":"https:\/\/volcanes.net\/index.php?rest_route=%2Fwp%2Fv2%2Fcomments&post=6414"}],"version-history":[{"count":1,"href":"https:\/\/volcanes.net\/index.php?rest_route=\/wp\/v2\/posts\/6414\/revisions"}],"predecessor-version":[{"id":6417,"href":"https:\/\/volcanes.net\/index.php?rest_route=\/wp\/v2\/posts\/6414\/revisions\/6417"}],"wp:featuredmedia":[{"embeddable":true,"href":"https:\/\/volcanes.net\/index.php?rest_route=\/wp\/v2\/media\/6416"}],"wp:attachment":[{"href":"https:\/\/volcanes.net\/index.php?rest_route=%2Fwp%2Fv2%2Fmedia&parent=6414"}],"wp:term":[{"taxonomy":"category","embeddable":true,"href":"https:\/\/volcanes.net\/index.php?rest_route=%2Fwp%2Fv2%2Fcategories&post=6414"},{"taxonomy":"post_tag","embeddable":true,"href":"https:\/\/volcanes.net\/index.php?rest_route=%2Fwp%2Fv2%2Ftags&post=6414"}],"curies":[{"name":"wp","href":"https:\/\/api.w.org\/{rel}","templated":true}]}}