{"id":6421,"date":"2020-02-08T00:14:36","date_gmt":"2020-02-08T06:14:36","guid":{"rendered":"http:\/\/volcanes.net\/?p=6421"},"modified":"2020-02-08T00:14:36","modified_gmt":"2020-02-08T06:14:36","slug":"asegura-policia-municipal-de-amecameca-a-dos-presuntos-robacoches","status":"publish","type":"post","link":"https:\/\/volcanes.net\/?p=6421","title":{"rendered":"Asegura Polic\u00eda Municipal de Amecameca  a dos presuntos robacoches"},"content":{"rendered":"<div style=\"margin-top: 0px; margin-bottom: 0px;\" class=\"sharethis-inline-share-buttons\" ><\/div><p class=\"p2\">Amecameca de Ju\u00e1rez, Estado de M\u00e9xico.- La eficiente coordinaci\u00f3n entre el Centro de Mando y Comunicaci\u00f3n C2 y el \u201cGrupo Acero\u201d, de la Direcci\u00f3n de Seguridad Ciudadana, permitieron el aseguramiento de dos hombres que hab\u00edan robado minutos antes un auto en calles del centro del municipio, mismos que fueron puestos a disposici\u00f3n del Ministerio P\u00fablico por el delito de robo de veh\u00edculo automotor.<\/p>\n<p class=\"p2\">Los hechos se suscitaron en la calle Cuauht\u00e9moc, en donde las c\u00e1maras del lugar conectadas al C2 detectaron que hab\u00eda al menos dos sujetos con diferentes juegos de llaves tratando de abrir los veh\u00edculos estacionados, hasta que consiguieron abrir un carro Sentra, entonces uno de los sujetos se puso al volante del veh\u00edculo y el otro subi\u00f3 a un vocho presumiblemente de su propiedad para poderlo seguir.<\/p>\n<p class=\"p2\">Al percatarse de los hechos el C2 informa al Comisario Municipal, Armando Acebo Ortiz, quien instruye al \u201cGrupo Acero\u201d a trasladarse al lugar y constatar la comisi\u00f3n del delito. Los \u201cAceros\u201d cercaron a los sujetos y al revisarlos les encontraron un n\u00famero importante de llaves de autos de distintas marcas y modelos, herramienta especial para abrir veh\u00edculos y no pudieron acreditar la propiedad del veh\u00edculo sentra.<\/p>\n<p class=\"p2\">Los presuntos robacoches quienes dijeron llamarse Ivan Cruz Ram\u00edrez, habitante de Xochimilco y Eduardo L\u00f3pez Ordo\u00f1ez habitantes de<span class=\"Apple-converted-space\">\u00a0 <\/span>Milpa Alta, fueron trasladados al Ministerio P\u00fablico junto con las unidades, ah\u00ed mismo personal de la Direcci\u00f3n de Seguridad Ciudadana espero al due\u00f1o del sentra y luego de explicarle la situaci\u00f3n acept\u00f3 iniciar la denuncia ante el MP.<\/p>\n<p class=\"p2\">Los sujetos fueron vinculados a la carpeta de investigaci\u00f3n AME\/AMC\/02\/MPI\/628\/00427\/20\/20 por el delito de robo de veh\u00edculo automotor.<\/p>\n<p class=\"p2\">Cabe mencionar que el \u201cGrupo Acero\u201d se traslada en motocicletas doble prop\u00f3sito que les permiten atender llamados de emergencia casi inmediatamente.<\/p>\n","protected":false},"excerpt":{"rendered":"<p>Amecameca de Ju\u00e1rez, Estado de M\u00e9xico.- La eficiente coordinaci\u00f3n entre el Centro de Mando y<\/p>\n","protected":false},"author":1,"featured_media":6422,"comment_status":"open","ping_status":"open","sticky":false,"template":"","format":"standard","meta":{"footnotes":""},"categories":[1],"tags":[7,265,61],"class_list":["post-6421","post","type-post","status-publish","format-standard","has-post-thumbnail","hentry","category-municipales","tag-amecameca","tag-grupovolcanes","tag-seguridad"],"yoast_head":"<!-- This site is optimized with the Yoast SEO plugin v25.3 - https:\/\/yoast.com\/wordpress\/plugins\/seo\/ -->\n<title>Asegura Polic\u00eda Municipal de Amecameca a dos presuntos robacoches - Volcanes<\/title>\n<meta name=\"robots\" content=\"index, follow, max-snippet:-1, max-image-preview:large, max-video-preview:-1\" \/>\n<link rel=\"canonical\" href=\"https:\/\/volcanes.net\/?p=6421\" \/>\n<meta property=\"og:locale\" content=\"es_MX\" \/>\n<meta property=\"og:type\" content=\"article\" \/>\n<meta property=\"og:title\" content=\"Asegura Polic\u00eda Municipal de Amecameca a dos presuntos robacoches - Volcanes\" \/>\n<meta property=\"og:description\" content=\"Amecameca de Ju\u00e1rez, Estado de M\u00e9xico.- La eficiente coordinaci\u00f3n entre el Centro de Mando y\" \/>\n<meta property=\"og:url\" content=\"https:\/\/volcanes.net\/?p=6421\" \/>\n<meta property=\"og:site_name\" content=\"Volcanes\" \/>\n<meta property=\"article:publisher\" content=\"https:\/\/www.facebook.com\/volcanes.net\/\" \/>\n<meta property=\"article:published_time\" content=\"2020-02-08T06:14:36+00:00\" \/>\n<meta property=\"og:image\" content=\"https:\/\/volcanes.net\/wp-content\/uploads\/2020\/02\/WhatsApp-Image-2020-02-07-at-9.54.48-PM.jpeg\" \/>\n\t<meta property=\"og:image:width\" content=\"1280\" \/>\n\t<meta property=\"og:image:height\" content=\"720\" \/>\n\t<meta property=\"og:image:type\" content=\"image\/jpeg\" \/>\n<meta name=\"author\" content=\"admin\" \/>\n<meta name=\"twitter:card\" content=\"summary_large_image\" \/>\n<meta name=\"twitter:label1\" content=\"Escrito por\" \/>\n\t<meta name=\"twitter:data1\" content=\"admin\" \/>\n\t<meta name=\"twitter:label2\" content=\"Tiempo de lectura\" \/>\n\t<meta name=\"twitter:data2\" content=\"2 minutos\" \/>\n<script type=\"application\/ld+json\" class=\"yoast-schema-graph\">{\"@context\":\"https:\/\/schema.org\",\"@graph\":[{\"@type\":\"Article\",\"@id\":\"https:\/\/volcanes.net\/?p=6421#article\",\"isPartOf\":{\"@id\":\"https:\/\/volcanes.net\/?p=6421\"},\"author\":{\"name\":\"admin\",\"@id\":\"https:\/\/volcanes.net\/#\/schema\/person\/4bf0f383940966a4abd53f5048c0e6b9\"},\"headline\":\"Asegura Polic\u00eda Municipal de Amecameca a dos presuntos robacoches\",\"datePublished\":\"2020-02-08T06:14:36+00:00\",\"mainEntityOfPage\":{\"@id\":\"https:\/\/volcanes.net\/?p=6421\"},\"wordCount\":332,\"commentCount\":0,\"publisher\":{\"@id\":\"https:\/\/volcanes.net\/#organization\"},\"image\":{\"@id\":\"https:\/\/volcanes.net\/?p=6421#primaryimage\"},\"thumbnailUrl\":\"https:\/\/volcanes.net\/wp-content\/uploads\/2020\/02\/WhatsApp-Image-2020-02-07-at-9.54.48-PM.jpeg\",\"keywords\":[\"Amecameca\",\"GrupoVolcanes\",\"Seguridad\"],\"articleSection\":[\"Municipales\"],\"inLanguage\":\"es\",\"potentialAction\":[{\"@type\":\"CommentAction\",\"name\":\"Comment\",\"target\":[\"https:\/\/volcanes.net\/?p=6421#respond\"]}]},{\"@type\":\"WebPage\",\"@id\":\"https:\/\/volcanes.net\/?p=6421\",\"url\":\"https:\/\/volcanes.net\/?p=6421\",\"name\":\"Asegura Polic\u00eda Municipal de Amecameca a dos presuntos robacoches - Volcanes\",\"isPartOf\":{\"@id\":\"https:\/\/volcanes.net\/#website\"},\"primaryImageOfPage\":{\"@id\":\"https:\/\/volcanes.net\/?p=6421#primaryimage\"},\"image\":{\"@id\":\"https:\/\/volcanes.net\/?p=6421#primaryimage\"},\"thumbnailUrl\":\"https:\/\/volcanes.net\/wp-content\/uploads\/2020\/02\/WhatsApp-Image-2020-02-07-at-9.54.48-PM.jpeg\",\"datePublished\":\"2020-02-08T06:14:36+00:00\",\"breadcrumb\":{\"@id\":\"https:\/\/volcanes.net\/?p=6421#breadcrumb\"},\"inLanguage\":\"es\",\"potentialAction\":[{\"@type\":\"ReadAction\",\"target\":[\"https:\/\/volcanes.net\/?p=6421\"]}]},{\"@type\":\"ImageObject\",\"inLanguage\":\"es\",\"@id\":\"https:\/\/volcanes.net\/?p=6421#primaryimage\",\"url\":\"https:\/\/volcanes.net\/wp-content\/uploads\/2020\/02\/WhatsApp-Image-2020-02-07-at-9.54.48-PM.jpeg\",\"contentUrl\":\"https:\/\/volcanes.net\/wp-content\/uploads\/2020\/02\/WhatsApp-Image-2020-02-07-at-9.54.48-PM.jpeg\",\"width\":1280,\"height\":720},{\"@type\":\"BreadcrumbList\",\"@id\":\"https:\/\/volcanes.net\/?p=6421#breadcrumb\",\"itemListElement\":[{\"@type\":\"ListItem\",\"position\":1,\"name\":\"Portada\",\"item\":\"https:\/\/volcanes.net\/\"},{\"@type\":\"ListItem\",\"position\":2,\"name\":\"Asegura Polic\u00eda Municipal de Amecameca a dos presuntos robacoches\"}]},{\"@type\":\"WebSite\",\"@id\":\"https:\/\/volcanes.net\/#website\",\"url\":\"https:\/\/volcanes.net\/\",\"name\":\"Volcanes.Net\",\"description\":\"Periodismo Profesional\",\"publisher\":{\"@id\":\"https:\/\/volcanes.net\/#organization\"},\"potentialAction\":[{\"@type\":\"SearchAction\",\"target\":{\"@type\":\"EntryPoint\",\"urlTemplate\":\"https:\/\/volcanes.net\/?s={search_term_string}\"},\"query-input\":{\"@type\":\"PropertyValueSpecification\",\"valueRequired\":true,\"valueName\":\"search_term_string\"}}],\"inLanguage\":\"es\"},{\"@type\":\"Organization\",\"@id\":\"https:\/\/volcanes.net\/#organization\",\"name\":\"Grupo Volcanes\",\"url\":\"https:\/\/volcanes.net\/\",\"logo\":{\"@type\":\"ImageObject\",\"inLanguage\":\"es\",\"@id\":\"https:\/\/volcanes.net\/#\/schema\/logo\/image\/\",\"url\":\"http:\/\/volcanes.net\/wp-content\/uploads\/2017\/12\/Avatar2.jpg\",\"contentUrl\":\"http:\/\/volcanes.net\/wp-content\/uploads\/2017\/12\/Avatar2.jpg\",\"width\":378,\"height\":378,\"caption\":\"Grupo Volcanes\"},\"image\":{\"@id\":\"https:\/\/volcanes.net\/#\/schema\/logo\/image\/\"},\"sameAs\":[\"https:\/\/www.facebook.com\/volcanes.net\/\"]},{\"@type\":\"Person\",\"@id\":\"https:\/\/volcanes.net\/#\/schema\/person\/4bf0f383940966a4abd53f5048c0e6b9\",\"name\":\"admin\",\"image\":{\"@type\":\"ImageObject\",\"inLanguage\":\"es\",\"@id\":\"https:\/\/volcanes.net\/#\/schema\/person\/image\/\",\"url\":\"https:\/\/secure.gravatar.com\/avatar\/ca004e6cba8462b8cb7abc86e382930c?s=96&d=mm&r=g\",\"contentUrl\":\"https:\/\/secure.gravatar.com\/avatar\/ca004e6cba8462b8cb7abc86e382930c?s=96&d=mm&r=g\",\"caption\":\"admin\"}}]}<\/script>\n<!-- \/ Yoast SEO plugin. -->","yoast_head_json":{"title":"Asegura Polic\u00eda Municipal de Amecameca a dos presuntos robacoches - Volcanes","robots":{"index":"index","follow":"follow","max-snippet":"max-snippet:-1","max-image-preview":"max-image-preview:large","max-video-preview":"max-video-preview:-1"},"canonical":"https:\/\/volcanes.net\/?p=6421","og_locale":"es_MX","og_type":"article","og_title":"Asegura Polic\u00eda Municipal de Amecameca a dos presuntos robacoches - Volcanes","og_description":"Amecameca de Ju\u00e1rez, Estado de M\u00e9xico.- La eficiente coordinaci\u00f3n entre el Centro de Mando y","og_url":"https:\/\/volcanes.net\/?p=6421","og_site_name":"Volcanes","article_publisher":"https:\/\/www.facebook.com\/volcanes.net\/","article_published_time":"2020-02-08T06:14:36+00:00","og_image":[{"width":1280,"height":720,"url":"https:\/\/volcanes.net\/wp-content\/uploads\/2020\/02\/WhatsApp-Image-2020-02-07-at-9.54.48-PM.jpeg","type":"image\/jpeg"}],"author":"admin","twitter_card":"summary_large_image","twitter_misc":{"Escrito por":"admin","Tiempo de lectura":"2 minutos"},"schema":{"@context":"https:\/\/schema.org","@graph":[{"@type":"Article","@id":"https:\/\/volcanes.net\/?p=6421#article","isPartOf":{"@id":"https:\/\/volcanes.net\/?p=6421"},"author":{"name":"admin","@id":"https:\/\/volcanes.net\/#\/schema\/person\/4bf0f383940966a4abd53f5048c0e6b9"},"headline":"Asegura Polic\u00eda Municipal de Amecameca a dos presuntos robacoches","datePublished":"2020-02-08T06:14:36+00:00","mainEntityOfPage":{"@id":"https:\/\/volcanes.net\/?p=6421"},"wordCount":332,"commentCount":0,"publisher":{"@id":"https:\/\/volcanes.net\/#organization"},"image":{"@id":"https:\/\/volcanes.net\/?p=6421#primaryimage"},"thumbnailUrl":"https:\/\/volcanes.net\/wp-content\/uploads\/2020\/02\/WhatsApp-Image-2020-02-07-at-9.54.48-PM.jpeg","keywords":["Amecameca","GrupoVolcanes","Seguridad"],"articleSection":["Municipales"],"inLanguage":"es","potentialAction":[{"@type":"CommentAction","name":"Comment","target":["https:\/\/volcanes.net\/?p=6421#respond"]}]},{"@type":"WebPage","@id":"https:\/\/volcanes.net\/?p=6421","url":"https:\/\/volcanes.net\/?p=6421","name":"Asegura Polic\u00eda Municipal de Amecameca a dos presuntos robacoches - Volcanes","isPartOf":{"@id":"https:\/\/volcanes.net\/#website"},"primaryImageOfPage":{"@id":"https:\/\/volcanes.net\/?p=6421#primaryimage"},"image":{"@id":"https:\/\/volcanes.net\/?p=6421#primaryimage"},"thumbnailUrl":"https:\/\/volcanes.net\/wp-content\/uploads\/2020\/02\/WhatsApp-Image-2020-02-07-at-9.54.48-PM.jpeg","datePublished":"2020-02-08T06:14:36+00:00","breadcrumb":{"@id":"https:\/\/volcanes.net\/?p=6421#breadcrumb"},"inLanguage":"es","potentialAction":[{"@type":"ReadAction","target":["https:\/\/volcanes.net\/?p=6421"]}]},{"@type":"ImageObject","inLanguage":"es","@id":"https:\/\/volcanes.net\/?p=6421#primaryimage","url":"https:\/\/volcanes.net\/wp-content\/uploads\/2020\/02\/WhatsApp-Image-2020-02-07-at-9.54.48-PM.jpeg","contentUrl":"https:\/\/volcanes.net\/wp-content\/uploads\/2020\/02\/WhatsApp-Image-2020-02-07-at-9.54.48-PM.jpeg","width":1280,"height":720},{"@type":"BreadcrumbList","@id":"https:\/\/volcanes.net\/?p=6421#breadcrumb","itemListElement":[{"@type":"ListItem","position":1,"name":"Portada","item":"https:\/\/volcanes.net\/"},{"@type":"ListItem","position":2,"name":"Asegura Polic\u00eda Municipal de Amecameca a dos presuntos robacoches"}]},{"@type":"WebSite","@id":"https:\/\/volcanes.net\/#website","url":"https:\/\/volcanes.net\/","name":"Volcanes.Net","description":"Periodismo Profesional","publisher":{"@id":"https:\/\/volcanes.net\/#organization"},"potentialAction":[{"@type":"SearchAction","target":{"@type":"EntryPoint","urlTemplate":"https:\/\/volcanes.net\/?s={search_term_string}"},"query-input":{"@type":"PropertyValueSpecification","valueRequired":true,"valueName":"search_term_string"}}],"inLanguage":"es"},{"@type":"Organization","@id":"https:\/\/volcanes.net\/#organization","name":"Grupo Volcanes","url":"https:\/\/volcanes.net\/","logo":{"@type":"ImageObject","inLanguage":"es","@id":"https:\/\/volcanes.net\/#\/schema\/logo\/image\/","url":"http:\/\/volcanes.net\/wp-content\/uploads\/2017\/12\/Avatar2.jpg","contentUrl":"http:\/\/volcanes.net\/wp-content\/uploads\/2017\/12\/Avatar2.jpg","width":378,"height":378,"caption":"Grupo Volcanes"},"image":{"@id":"https:\/\/volcanes.net\/#\/schema\/logo\/image\/"},"sameAs":["https:\/\/www.facebook.com\/volcanes.net\/"]},{"@type":"Person","@id":"https:\/\/volcanes.net\/#\/schema\/person\/4bf0f383940966a4abd53f5048c0e6b9","name":"admin","image":{"@type":"ImageObject","inLanguage":"es","@id":"https:\/\/volcanes.net\/#\/schema\/person\/image\/","url":"https:\/\/secure.gravatar.com\/avatar\/ca004e6cba8462b8cb7abc86e382930c?s=96&d=mm&r=g","contentUrl":"https:\/\/secure.gravatar.com\/avatar\/ca004e6cba8462b8cb7abc86e382930c?s=96&d=mm&r=g","caption":"admin"}}]}},"_links":{"self":[{"href":"https:\/\/volcanes.net\/index.php?rest_route=\/wp\/v2\/posts\/6421"}],"collection":[{"href":"https:\/\/volcanes.net\/index.php?rest_route=\/wp\/v2\/posts"}],"about":[{"href":"https:\/\/volcanes.net\/index.php?rest_route=\/wp\/v2\/types\/post"}],"author":[{"embeddable":true,"href":"https:\/\/volcanes.net\/index.php?rest_route=\/wp\/v2\/users\/1"}],"replies":[{"embeddable":true,"href":"https:\/\/volcanes.net\/index.php?rest_route=%2Fwp%2Fv2%2Fcomments&post=6421"}],"version-history":[{"count":1,"href":"https:\/\/volcanes.net\/index.php?rest_route=\/wp\/v2\/posts\/6421\/revisions"}],"predecessor-version":[{"id":6423,"href":"https:\/\/volcanes.net\/index.php?rest_route=\/wp\/v2\/posts\/6421\/revisions\/6423"}],"wp:featuredmedia":[{"embeddable":true,"href":"https:\/\/volcanes.net\/index.php?rest_route=\/wp\/v2\/media\/6422"}],"wp:attachment":[{"href":"https:\/\/volcanes.net\/index.php?rest_route=%2Fwp%2Fv2%2Fmedia&parent=6421"}],"wp:term":[{"taxonomy":"category","embeddable":true,"href":"https:\/\/volcanes.net\/index.php?rest_route=%2Fwp%2Fv2%2Fcategories&post=6421"},{"taxonomy":"post_tag","embeddable":true,"href":"https:\/\/volcanes.net\/index.php?rest_route=%2Fwp%2Fv2%2Ftags&post=6421"}],"curies":[{"name":"wp","href":"https:\/\/api.w.org\/{rel}","templated":true}]}}