{"id":6438,"date":"2020-02-13T01:22:00","date_gmt":"2020-02-13T07:22:00","guid":{"rendered":"http:\/\/volcanes.net\/?p=6438"},"modified":"2020-02-13T01:22:00","modified_gmt":"2020-02-13T07:22:00","slug":"realizan-jornada-de-esterilizacion-canina-y-felina-en-ozumba","status":"publish","type":"post","link":"https:\/\/volcanes.net\/?p=6438","title":{"rendered":"Realizan jornada de esterilizaci\u00f3n canina y felina en Ozumba"},"content":{"rendered":"<div style=\"margin-top: 0px; margin-bottom: 0px;\" class=\"sharethis-inline-share-buttons\" ><\/div><p class=\"p1\">Ozumba, Estado de M\u00e9xico.- Inici\u00f3 la primera etapa de la <i>Jornada de Esterilizaci\u00f3n Canina y Felina<\/i> en el municipio de Ozumba, este mi\u00e9rcoles 12 de febrero, impulsada por el gobierno municipal encabezado por el Presidente, Valent\u00edn Mart\u00ednez Castillo, quien reconoci\u00f3 el apoyo de Protecci\u00f3n Sanitaria Regi\u00f3n Amecameca, el CEAPS del municipio, y la Fundaci\u00f3n Antonio Haghenbeck, as\u00ed como a la segunda regidur\u00eda a cargo de la regidora Mar\u00eda Elena Maximiliano, quien realiz\u00f3 la gesti\u00f3n de esta importante iniciativa en pro de la salud p\u00fablica tanto de las personas del municipio como de los propios animales.<\/p>\n<p class=\"p1\">El edil de este municipio manifest\u00f3 que se est\u00e1 dando paso a una primera etapa en este rubro, con la realizaci\u00f3n de cien esterilizaciones para las que se gener\u00f3 previa cita, de acuerdo a la convocatoria que se emiti\u00f3 durante las dos semanas anteriores y tendr\u00e1 un costo accesible.<span class=\"Apple-converted-space\">\u00a0 <\/span>Y expres\u00f3 que en Ozumba, as\u00ed como en otros municipios, se enfrenta una gran problem\u00e1tica actual con los perros que viven en la calle y los que no son atendidos de una manera adecuada por sus due\u00f1os, lo cual se convierte en un tema delicado \u201ctenemos que tomar el asunto de una manera responsable, pues cuando no est\u00e1n esterilizados los animales, se echan a la calle a las cr\u00edas lo que ocasiona un problema muy fuerte de salubridad p\u00fablica y de abandono de los animales. Y cuando se pide el apoyo de la poblaci\u00f3n, se nos vienen encima los defensores de los animales\u201d.<\/p>\n<p class=\"p1\">El alcalde inform\u00f3 que se est\u00e1n llevando a cabo pl\u00e1ticas con fundaciones como la Antonio Haghenbeck y otras instancias a fin de seguir realizando estas campa\u00f1as e invit\u00f3 a la poblaci\u00f3n a ser responsables con sus mascotas: \u201cel cuidado de los animales depende de nosotros, es importante no dejarlos en la calle, darles el afecto y no abandonarlos a su propia suerte, pues tenemos muchos en el centro del municipio y cuando queremos tomar acciones se nos vienen encima los protectores de los animales y no nos dejan acercarnos a ellos ni que los movamos de ah\u00ed\u201d. Asimismo expres\u00f3 que se ha pedido el apoyo de albergues para trasladar a los animales callejeros pero solo nos aceptan cierto n\u00famero, sin embargo, son demasiados. No obstante en lo sucesivo se dar\u00e1 seguimiento oportuno.<\/p>\n<p class=\"p1\">\u201cNo queremos tener problemas con los defensores de los animales, ellos est\u00e1n en su rol; los animales merecen respeto. Sin embargo, el problema se genera desde que los echamos de la casa, por eso es importante, brindarles el cuidado y vale la pena realizar jornadas de concientizaci\u00f3n de la poblaci\u00f3n en este tema\u201d, finaliz\u00f3.<\/p>\n","protected":false},"excerpt":{"rendered":"<p>Ozumba, Estado de M\u00e9xico.- Inici\u00f3 la primera etapa de la Jornada de Esterilizaci\u00f3n Canina y<\/p>\n","protected":false},"author":1,"featured_media":6439,"comment_status":"open","ping_status":"open","sticky":false,"template":"","format":"standard","meta":{"footnotes":""},"categories":[1],"tags":[265,14],"class_list":["post-6438","post","type-post","status-publish","format-standard","has-post-thumbnail","hentry","category-municipales","tag-grupovolcanes","tag-ozumba","has-post-video"],"yoast_head":"<!-- This site is optimized with the Yoast SEO plugin v25.3 - https:\/\/yoast.com\/wordpress\/plugins\/seo\/ -->\n<title>Realizan jornada de esterilizaci\u00f3n canina y felina en Ozumba - Volcanes<\/title>\n<meta name=\"robots\" content=\"index, follow, max-snippet:-1, max-image-preview:large, max-video-preview:-1\" \/>\n<link rel=\"canonical\" href=\"https:\/\/volcanes.net\/?p=6438\" \/>\n<meta property=\"og:locale\" content=\"es_MX\" \/>\n<meta property=\"og:type\" content=\"article\" \/>\n<meta property=\"og:title\" content=\"Realizan jornada de esterilizaci\u00f3n canina y felina en Ozumba - Volcanes\" \/>\n<meta property=\"og:description\" content=\"Ozumba, Estado de M\u00e9xico.- Inici\u00f3 la primera etapa de la Jornada de Esterilizaci\u00f3n Canina y\" \/>\n<meta property=\"og:url\" content=\"https:\/\/volcanes.net\/?p=6438\" \/>\n<meta property=\"og:site_name\" content=\"Volcanes\" \/>\n<meta property=\"article:publisher\" content=\"https:\/\/www.facebook.com\/volcanes.net\/\" \/>\n<meta property=\"article:published_time\" content=\"2020-02-13T07:22:00+00:00\" \/>\n<meta property=\"og:image\" content=\"https:\/\/volcanes.net\/wp-content\/uploads\/2020\/02\/Realizan-jornada-de-esterilizaci\u00f3n-canina-y-felina-en-Ozumba.jpeg\" \/>\n\t<meta property=\"og:image:width\" content=\"1280\" \/>\n\t<meta property=\"og:image:height\" content=\"720\" \/>\n\t<meta property=\"og:image:type\" content=\"image\/jpeg\" \/>\n<meta name=\"author\" content=\"admin\" \/>\n<meta name=\"twitter:card\" content=\"summary_large_image\" \/>\n<meta name=\"twitter:label1\" content=\"Escrito por\" \/>\n\t<meta name=\"twitter:data1\" content=\"admin\" \/>\n\t<meta name=\"twitter:label2\" content=\"Tiempo de lectura\" \/>\n\t<meta name=\"twitter:data2\" content=\"2 minutos\" \/>\n<script type=\"application\/ld+json\" class=\"yoast-schema-graph\">{\"@context\":\"https:\/\/schema.org\",\"@graph\":[{\"@type\":\"Article\",\"@id\":\"https:\/\/volcanes.net\/?p=6438#article\",\"isPartOf\":{\"@id\":\"https:\/\/volcanes.net\/?p=6438\"},\"author\":{\"name\":\"admin\",\"@id\":\"https:\/\/volcanes.net\/#\/schema\/person\/4bf0f383940966a4abd53f5048c0e6b9\"},\"headline\":\"Realizan jornada de esterilizaci\u00f3n canina y felina en Ozumba\",\"datePublished\":\"2020-02-13T07:22:00+00:00\",\"mainEntityOfPage\":{\"@id\":\"https:\/\/volcanes.net\/?p=6438\"},\"wordCount\":470,\"commentCount\":0,\"publisher\":{\"@id\":\"https:\/\/volcanes.net\/#organization\"},\"image\":{\"@id\":\"https:\/\/volcanes.net\/?p=6438#primaryimage\"},\"thumbnailUrl\":\"https:\/\/volcanes.net\/wp-content\/uploads\/2020\/02\/Realizan-jornada-de-esterilizaci\u00f3n-canina-y-felina-en-Ozumba.jpeg\",\"keywords\":[\"GrupoVolcanes\",\"Ozumba\"],\"articleSection\":[\"Municipales\"],\"inLanguage\":\"es\",\"potentialAction\":[{\"@type\":\"CommentAction\",\"name\":\"Comment\",\"target\":[\"https:\/\/volcanes.net\/?p=6438#respond\"]}]},{\"@type\":\"WebPage\",\"@id\":\"https:\/\/volcanes.net\/?p=6438\",\"url\":\"https:\/\/volcanes.net\/?p=6438\",\"name\":\"Realizan jornada de esterilizaci\u00f3n canina y felina en Ozumba - Volcanes\",\"isPartOf\":{\"@id\":\"https:\/\/volcanes.net\/#website\"},\"primaryImageOfPage\":{\"@id\":\"https:\/\/volcanes.net\/?p=6438#primaryimage\"},\"image\":{\"@id\":\"https:\/\/volcanes.net\/?p=6438#primaryimage\"},\"thumbnailUrl\":\"https:\/\/volcanes.net\/wp-content\/uploads\/2020\/02\/Realizan-jornada-de-esterilizaci\u00f3n-canina-y-felina-en-Ozumba.jpeg\",\"datePublished\":\"2020-02-13T07:22:00+00:00\",\"breadcrumb\":{\"@id\":\"https:\/\/volcanes.net\/?p=6438#breadcrumb\"},\"inLanguage\":\"es\",\"potentialAction\":[{\"@type\":\"ReadAction\",\"target\":[\"https:\/\/volcanes.net\/?p=6438\"]}]},{\"@type\":\"ImageObject\",\"inLanguage\":\"es\",\"@id\":\"https:\/\/volcanes.net\/?p=6438#primaryimage\",\"url\":\"https:\/\/volcanes.net\/wp-content\/uploads\/2020\/02\/Realizan-jornada-de-esterilizaci\u00f3n-canina-y-felina-en-Ozumba.jpeg\",\"contentUrl\":\"https:\/\/volcanes.net\/wp-content\/uploads\/2020\/02\/Realizan-jornada-de-esterilizaci\u00f3n-canina-y-felina-en-Ozumba.jpeg\",\"width\":1280,\"height\":720},{\"@type\":\"BreadcrumbList\",\"@id\":\"https:\/\/volcanes.net\/?p=6438#breadcrumb\",\"itemListElement\":[{\"@type\":\"ListItem\",\"position\":1,\"name\":\"Portada\",\"item\":\"https:\/\/volcanes.net\/\"},{\"@type\":\"ListItem\",\"position\":2,\"name\":\"Realizan jornada de esterilizaci\u00f3n canina y felina en Ozumba\"}]},{\"@type\":\"WebSite\",\"@id\":\"https:\/\/volcanes.net\/#website\",\"url\":\"https:\/\/volcanes.net\/\",\"name\":\"Volcanes.Net\",\"description\":\"Periodismo Profesional\",\"publisher\":{\"@id\":\"https:\/\/volcanes.net\/#organization\"},\"potentialAction\":[{\"@type\":\"SearchAction\",\"target\":{\"@type\":\"EntryPoint\",\"urlTemplate\":\"https:\/\/volcanes.net\/?s={search_term_string}\"},\"query-input\":{\"@type\":\"PropertyValueSpecification\",\"valueRequired\":true,\"valueName\":\"search_term_string\"}}],\"inLanguage\":\"es\"},{\"@type\":\"Organization\",\"@id\":\"https:\/\/volcanes.net\/#organization\",\"name\":\"Grupo Volcanes\",\"url\":\"https:\/\/volcanes.net\/\",\"logo\":{\"@type\":\"ImageObject\",\"inLanguage\":\"es\",\"@id\":\"https:\/\/volcanes.net\/#\/schema\/logo\/image\/\",\"url\":\"http:\/\/volcanes.net\/wp-content\/uploads\/2017\/12\/Avatar2.jpg\",\"contentUrl\":\"http:\/\/volcanes.net\/wp-content\/uploads\/2017\/12\/Avatar2.jpg\",\"width\":378,\"height\":378,\"caption\":\"Grupo Volcanes\"},\"image\":{\"@id\":\"https:\/\/volcanes.net\/#\/schema\/logo\/image\/\"},\"sameAs\":[\"https:\/\/www.facebook.com\/volcanes.net\/\"]},{\"@type\":\"Person\",\"@id\":\"https:\/\/volcanes.net\/#\/schema\/person\/4bf0f383940966a4abd53f5048c0e6b9\",\"name\":\"admin\",\"image\":{\"@type\":\"ImageObject\",\"inLanguage\":\"es\",\"@id\":\"https:\/\/volcanes.net\/#\/schema\/person\/image\/\",\"url\":\"https:\/\/secure.gravatar.com\/avatar\/ca004e6cba8462b8cb7abc86e382930c?s=96&d=mm&r=g\",\"contentUrl\":\"https:\/\/secure.gravatar.com\/avatar\/ca004e6cba8462b8cb7abc86e382930c?s=96&d=mm&r=g\",\"caption\":\"admin\"}}]}<\/script>\n<!-- \/ Yoast SEO plugin. -->","yoast_head_json":{"title":"Realizan jornada de esterilizaci\u00f3n canina y felina en Ozumba - Volcanes","robots":{"index":"index","follow":"follow","max-snippet":"max-snippet:-1","max-image-preview":"max-image-preview:large","max-video-preview":"max-video-preview:-1"},"canonical":"https:\/\/volcanes.net\/?p=6438","og_locale":"es_MX","og_type":"article","og_title":"Realizan jornada de esterilizaci\u00f3n canina y felina en Ozumba - Volcanes","og_description":"Ozumba, Estado de M\u00e9xico.- Inici\u00f3 la primera etapa de la Jornada de Esterilizaci\u00f3n Canina y","og_url":"https:\/\/volcanes.net\/?p=6438","og_site_name":"Volcanes","article_publisher":"https:\/\/www.facebook.com\/volcanes.net\/","article_published_time":"2020-02-13T07:22:00+00:00","og_image":[{"width":1280,"height":720,"url":"https:\/\/volcanes.net\/wp-content\/uploads\/2020\/02\/Realizan-jornada-de-esterilizaci\u00f3n-canina-y-felina-en-Ozumba.jpeg","type":"image\/jpeg"}],"author":"admin","twitter_card":"summary_large_image","twitter_misc":{"Escrito por":"admin","Tiempo de lectura":"2 minutos"},"schema":{"@context":"https:\/\/schema.org","@graph":[{"@type":"Article","@id":"https:\/\/volcanes.net\/?p=6438#article","isPartOf":{"@id":"https:\/\/volcanes.net\/?p=6438"},"author":{"name":"admin","@id":"https:\/\/volcanes.net\/#\/schema\/person\/4bf0f383940966a4abd53f5048c0e6b9"},"headline":"Realizan jornada de esterilizaci\u00f3n canina y felina en Ozumba","datePublished":"2020-02-13T07:22:00+00:00","mainEntityOfPage":{"@id":"https:\/\/volcanes.net\/?p=6438"},"wordCount":470,"commentCount":0,"publisher":{"@id":"https:\/\/volcanes.net\/#organization"},"image":{"@id":"https:\/\/volcanes.net\/?p=6438#primaryimage"},"thumbnailUrl":"https:\/\/volcanes.net\/wp-content\/uploads\/2020\/02\/Realizan-jornada-de-esterilizaci\u00f3n-canina-y-felina-en-Ozumba.jpeg","keywords":["GrupoVolcanes","Ozumba"],"articleSection":["Municipales"],"inLanguage":"es","potentialAction":[{"@type":"CommentAction","name":"Comment","target":["https:\/\/volcanes.net\/?p=6438#respond"]}]},{"@type":"WebPage","@id":"https:\/\/volcanes.net\/?p=6438","url":"https:\/\/volcanes.net\/?p=6438","name":"Realizan jornada de esterilizaci\u00f3n canina y felina en Ozumba - Volcanes","isPartOf":{"@id":"https:\/\/volcanes.net\/#website"},"primaryImageOfPage":{"@id":"https:\/\/volcanes.net\/?p=6438#primaryimage"},"image":{"@id":"https:\/\/volcanes.net\/?p=6438#primaryimage"},"thumbnailUrl":"https:\/\/volcanes.net\/wp-content\/uploads\/2020\/02\/Realizan-jornada-de-esterilizaci\u00f3n-canina-y-felina-en-Ozumba.jpeg","datePublished":"2020-02-13T07:22:00+00:00","breadcrumb":{"@id":"https:\/\/volcanes.net\/?p=6438#breadcrumb"},"inLanguage":"es","potentialAction":[{"@type":"ReadAction","target":["https:\/\/volcanes.net\/?p=6438"]}]},{"@type":"ImageObject","inLanguage":"es","@id":"https:\/\/volcanes.net\/?p=6438#primaryimage","url":"https:\/\/volcanes.net\/wp-content\/uploads\/2020\/02\/Realizan-jornada-de-esterilizaci\u00f3n-canina-y-felina-en-Ozumba.jpeg","contentUrl":"https:\/\/volcanes.net\/wp-content\/uploads\/2020\/02\/Realizan-jornada-de-esterilizaci\u00f3n-canina-y-felina-en-Ozumba.jpeg","width":1280,"height":720},{"@type":"BreadcrumbList","@id":"https:\/\/volcanes.net\/?p=6438#breadcrumb","itemListElement":[{"@type":"ListItem","position":1,"name":"Portada","item":"https:\/\/volcanes.net\/"},{"@type":"ListItem","position":2,"name":"Realizan jornada de esterilizaci\u00f3n canina y felina en Ozumba"}]},{"@type":"WebSite","@id":"https:\/\/volcanes.net\/#website","url":"https:\/\/volcanes.net\/","name":"Volcanes.Net","description":"Periodismo Profesional","publisher":{"@id":"https:\/\/volcanes.net\/#organization"},"potentialAction":[{"@type":"SearchAction","target":{"@type":"EntryPoint","urlTemplate":"https:\/\/volcanes.net\/?s={search_term_string}"},"query-input":{"@type":"PropertyValueSpecification","valueRequired":true,"valueName":"search_term_string"}}],"inLanguage":"es"},{"@type":"Organization","@id":"https:\/\/volcanes.net\/#organization","name":"Grupo Volcanes","url":"https:\/\/volcanes.net\/","logo":{"@type":"ImageObject","inLanguage":"es","@id":"https:\/\/volcanes.net\/#\/schema\/logo\/image\/","url":"http:\/\/volcanes.net\/wp-content\/uploads\/2017\/12\/Avatar2.jpg","contentUrl":"http:\/\/volcanes.net\/wp-content\/uploads\/2017\/12\/Avatar2.jpg","width":378,"height":378,"caption":"Grupo Volcanes"},"image":{"@id":"https:\/\/volcanes.net\/#\/schema\/logo\/image\/"},"sameAs":["https:\/\/www.facebook.com\/volcanes.net\/"]},{"@type":"Person","@id":"https:\/\/volcanes.net\/#\/schema\/person\/4bf0f383940966a4abd53f5048c0e6b9","name":"admin","image":{"@type":"ImageObject","inLanguage":"es","@id":"https:\/\/volcanes.net\/#\/schema\/person\/image\/","url":"https:\/\/secure.gravatar.com\/avatar\/ca004e6cba8462b8cb7abc86e382930c?s=96&d=mm&r=g","contentUrl":"https:\/\/secure.gravatar.com\/avatar\/ca004e6cba8462b8cb7abc86e382930c?s=96&d=mm&r=g","caption":"admin"}}]}},"_links":{"self":[{"href":"https:\/\/volcanes.net\/index.php?rest_route=\/wp\/v2\/posts\/6438"}],"collection":[{"href":"https:\/\/volcanes.net\/index.php?rest_route=\/wp\/v2\/posts"}],"about":[{"href":"https:\/\/volcanes.net\/index.php?rest_route=\/wp\/v2\/types\/post"}],"author":[{"embeddable":true,"href":"https:\/\/volcanes.net\/index.php?rest_route=\/wp\/v2\/users\/1"}],"replies":[{"embeddable":true,"href":"https:\/\/volcanes.net\/index.php?rest_route=%2Fwp%2Fv2%2Fcomments&post=6438"}],"version-history":[{"count":1,"href":"https:\/\/volcanes.net\/index.php?rest_route=\/wp\/v2\/posts\/6438\/revisions"}],"predecessor-version":[{"id":6440,"href":"https:\/\/volcanes.net\/index.php?rest_route=\/wp\/v2\/posts\/6438\/revisions\/6440"}],"wp:featuredmedia":[{"embeddable":true,"href":"https:\/\/volcanes.net\/index.php?rest_route=\/wp\/v2\/media\/6439"}],"wp:attachment":[{"href":"https:\/\/volcanes.net\/index.php?rest_route=%2Fwp%2Fv2%2Fmedia&parent=6438"}],"wp:term":[{"taxonomy":"category","embeddable":true,"href":"https:\/\/volcanes.net\/index.php?rest_route=%2Fwp%2Fv2%2Fcategories&post=6438"},{"taxonomy":"post_tag","embeddable":true,"href":"https:\/\/volcanes.net\/index.php?rest_route=%2Fwp%2Fv2%2Ftags&post=6438"}],"curies":[{"name":"wp","href":"https:\/\/api.w.org\/{rel}","templated":true}]}}