{"id":6467,"date":"2020-02-17T17:06:57","date_gmt":"2020-02-17T23:06:57","guid":{"rendered":"http:\/\/volcanes.net\/?p=6467"},"modified":"2020-02-17T17:06:57","modified_gmt":"2020-02-17T23:06:57","slug":"video-rehabilitan-la-cancha-de-fray-martin-de-valencia-en-amemecameca","status":"publish","type":"post","link":"https:\/\/volcanes.net\/?p=6467","title":{"rendered":"VIDEO: Rehabilitan la Cancha de &#8220;Fray Mart\u00edn de Valencia&#8221; en Amemecameca"},"content":{"rendered":"<div style=\"margin-top: 0px; margin-bottom: 0px;\" class=\"sharethis-inline-share-buttons\" ><\/div><p>Amecameca, Estado de M\u00e9xico.- Impresionante encuentro de basquetbol se llev\u00f3 a cabo en el marco de la reinauguraci\u00f3n de la cancha de basquetbol, Fray Mart\u00edn de Valencia, en <span class=\"_5afx\"><span class=\"_58cm\">Amecameca<\/span><\/span>, en donde el selectivo de Amecameca se enfrent\u00f3 al equipo Rapids City de Houston Texas.<\/p>\n<p>Para amenizar el evento tuvo participaci\u00f3n la orquesta sinf\u00f3nica de Texcoco, que interpret\u00f3 varias melod\u00edas ante una m\u00e1s de 800 personas que se dieron cita para para disfrutaron el espect\u00e1culo <span class=\"text_exposed_show\">musical en este 14 de febrero.<\/span><\/p>\n<div class=\"text_exposed_show\">\n<p>El presidente municipal, Miguel \u00c1ngel Salom\u00f3n, en el mensaje inaugural enfatiz\u00f3 que cada peso que pagan los ciudadanos en impuestos, se regresan en acciones a favor de la poblaci\u00f3n, como esta cancha &#8220;Fray Mart\u00edn de Valencia&#8221;, indic\u00f3 que la rehabilitaci\u00f3n tuvo una inversi\u00f3n de m\u00e1s de medio mill\u00f3n de pesos, obra ejecutada con recursos propios.<\/p>\n<p>Los asistentes al evento de rehabilitaci\u00f3n del inmueble disfrutaron de un extraordinario encuentro donde el selectivo local demostr\u00f3 talento a pesar de haber sido superados por el equipo visitante, los deportistas y aficionados al deporte r\u00e1faga agradecieron al alcalde Salom\u00f3n Cort\u00e9s, esta obra que brinda espacios deportivos de calidad al pueblo de Amecameca.<\/p>\n<\/div>\n","protected":false},"excerpt":{"rendered":"<p>Amecameca, Estado de M\u00e9xico.- Impresionante encuentro de basquetbol se llev\u00f3 a cabo en el marco<\/p>\n","protected":false},"author":1,"featured_media":6468,"comment_status":"open","ping_status":"open","sticky":false,"template":"","format":"standard","meta":{"footnotes":""},"categories":[1],"tags":[7],"class_list":["post-6467","post","type-post","status-publish","format-standard","has-post-thumbnail","hentry","category-municipales","tag-amecameca","has-post-video"],"yoast_head":"<!-- This site is optimized with the Yoast SEO plugin v25.3 - https:\/\/yoast.com\/wordpress\/plugins\/seo\/ -->\n<title>VIDEO: Rehabilitan la Cancha de &quot;Fray Mart\u00edn de Valencia&quot; en Amemecameca - Volcanes<\/title>\n<meta name=\"robots\" content=\"index, follow, max-snippet:-1, max-image-preview:large, max-video-preview:-1\" \/>\n<link rel=\"canonical\" href=\"https:\/\/volcanes.net\/?p=6467\" \/>\n<meta property=\"og:locale\" content=\"es_MX\" \/>\n<meta property=\"og:type\" content=\"article\" \/>\n<meta property=\"og:title\" content=\"VIDEO: Rehabilitan la Cancha de &quot;Fray Mart\u00edn de Valencia&quot; en Amemecameca - Volcanes\" \/>\n<meta property=\"og:description\" content=\"Amecameca, Estado de M\u00e9xico.- Impresionante encuentro de basquetbol se llev\u00f3 a cabo en el marco\" \/>\n<meta property=\"og:url\" content=\"https:\/\/volcanes.net\/?p=6467\" \/>\n<meta property=\"og:site_name\" content=\"Volcanes\" \/>\n<meta property=\"article:publisher\" content=\"https:\/\/www.facebook.com\/volcanes.net\/\" \/>\n<meta property=\"article:published_time\" content=\"2020-02-17T23:06:57+00:00\" \/>\n<meta property=\"og:image\" content=\"https:\/\/volcanes.net\/wp-content\/uploads\/2020\/02\/Rehabilitan-la-Cancha-de-Fray-Mart\u00edn-de-Valencia-en-Amemecameca.jpeg\" \/>\n\t<meta property=\"og:image:width\" content=\"1280\" \/>\n\t<meta property=\"og:image:height\" content=\"720\" \/>\n\t<meta property=\"og:image:type\" content=\"image\/jpeg\" \/>\n<meta name=\"author\" content=\"admin\" \/>\n<meta name=\"twitter:card\" content=\"summary_large_image\" \/>\n<meta name=\"twitter:label1\" content=\"Escrito por\" \/>\n\t<meta name=\"twitter:data1\" content=\"admin\" \/>\n\t<meta name=\"twitter:label2\" content=\"Tiempo de lectura\" \/>\n\t<meta name=\"twitter:data2\" content=\"1 minuto\" \/>\n<script type=\"application\/ld+json\" class=\"yoast-schema-graph\">{\"@context\":\"https:\/\/schema.org\",\"@graph\":[{\"@type\":\"Article\",\"@id\":\"https:\/\/volcanes.net\/?p=6467#article\",\"isPartOf\":{\"@id\":\"https:\/\/volcanes.net\/?p=6467\"},\"author\":{\"name\":\"admin\",\"@id\":\"https:\/\/volcanes.net\/#\/schema\/person\/4bf0f383940966a4abd53f5048c0e6b9\"},\"headline\":\"VIDEO: Rehabilitan la Cancha de &#8220;Fray Mart\u00edn de Valencia&#8221; en Amemecameca\",\"datePublished\":\"2020-02-17T23:06:57+00:00\",\"mainEntityOfPage\":{\"@id\":\"https:\/\/volcanes.net\/?p=6467\"},\"wordCount\":218,\"commentCount\":0,\"publisher\":{\"@id\":\"https:\/\/volcanes.net\/#organization\"},\"image\":{\"@id\":\"https:\/\/volcanes.net\/?p=6467#primaryimage\"},\"thumbnailUrl\":\"https:\/\/volcanes.net\/wp-content\/uploads\/2020\/02\/Rehabilitan-la-Cancha-de-Fray-Mart\u00edn-de-Valencia-en-Amemecameca.jpeg\",\"keywords\":[\"Amecameca\"],\"articleSection\":[\"Municipales\"],\"inLanguage\":\"es\",\"potentialAction\":[{\"@type\":\"CommentAction\",\"name\":\"Comment\",\"target\":[\"https:\/\/volcanes.net\/?p=6467#respond\"]}]},{\"@type\":\"WebPage\",\"@id\":\"https:\/\/volcanes.net\/?p=6467\",\"url\":\"https:\/\/volcanes.net\/?p=6467\",\"name\":\"VIDEO: Rehabilitan la Cancha de \\\"Fray Mart\u00edn de Valencia\\\" en Amemecameca - Volcanes\",\"isPartOf\":{\"@id\":\"https:\/\/volcanes.net\/#website\"},\"primaryImageOfPage\":{\"@id\":\"https:\/\/volcanes.net\/?p=6467#primaryimage\"},\"image\":{\"@id\":\"https:\/\/volcanes.net\/?p=6467#primaryimage\"},\"thumbnailUrl\":\"https:\/\/volcanes.net\/wp-content\/uploads\/2020\/02\/Rehabilitan-la-Cancha-de-Fray-Mart\u00edn-de-Valencia-en-Amemecameca.jpeg\",\"datePublished\":\"2020-02-17T23:06:57+00:00\",\"breadcrumb\":{\"@id\":\"https:\/\/volcanes.net\/?p=6467#breadcrumb\"},\"inLanguage\":\"es\",\"potentialAction\":[{\"@type\":\"ReadAction\",\"target\":[\"https:\/\/volcanes.net\/?p=6467\"]}]},{\"@type\":\"ImageObject\",\"inLanguage\":\"es\",\"@id\":\"https:\/\/volcanes.net\/?p=6467#primaryimage\",\"url\":\"https:\/\/volcanes.net\/wp-content\/uploads\/2020\/02\/Rehabilitan-la-Cancha-de-Fray-Mart\u00edn-de-Valencia-en-Amemecameca.jpeg\",\"contentUrl\":\"https:\/\/volcanes.net\/wp-content\/uploads\/2020\/02\/Rehabilitan-la-Cancha-de-Fray-Mart\u00edn-de-Valencia-en-Amemecameca.jpeg\",\"width\":1280,\"height\":720},{\"@type\":\"BreadcrumbList\",\"@id\":\"https:\/\/volcanes.net\/?p=6467#breadcrumb\",\"itemListElement\":[{\"@type\":\"ListItem\",\"position\":1,\"name\":\"Portada\",\"item\":\"https:\/\/volcanes.net\/\"},{\"@type\":\"ListItem\",\"position\":2,\"name\":\"VIDEO: Rehabilitan la Cancha de &#8220;Fray Mart\u00edn de Valencia&#8221; en Amemecameca\"}]},{\"@type\":\"WebSite\",\"@id\":\"https:\/\/volcanes.net\/#website\",\"url\":\"https:\/\/volcanes.net\/\",\"name\":\"Volcanes.Net\",\"description\":\"Periodismo Profesional\",\"publisher\":{\"@id\":\"https:\/\/volcanes.net\/#organization\"},\"potentialAction\":[{\"@type\":\"SearchAction\",\"target\":{\"@type\":\"EntryPoint\",\"urlTemplate\":\"https:\/\/volcanes.net\/?s={search_term_string}\"},\"query-input\":{\"@type\":\"PropertyValueSpecification\",\"valueRequired\":true,\"valueName\":\"search_term_string\"}}],\"inLanguage\":\"es\"},{\"@type\":\"Organization\",\"@id\":\"https:\/\/volcanes.net\/#organization\",\"name\":\"Grupo Volcanes\",\"url\":\"https:\/\/volcanes.net\/\",\"logo\":{\"@type\":\"ImageObject\",\"inLanguage\":\"es\",\"@id\":\"https:\/\/volcanes.net\/#\/schema\/logo\/image\/\",\"url\":\"http:\/\/volcanes.net\/wp-content\/uploads\/2017\/12\/Avatar2.jpg\",\"contentUrl\":\"http:\/\/volcanes.net\/wp-content\/uploads\/2017\/12\/Avatar2.jpg\",\"width\":378,\"height\":378,\"caption\":\"Grupo Volcanes\"},\"image\":{\"@id\":\"https:\/\/volcanes.net\/#\/schema\/logo\/image\/\"},\"sameAs\":[\"https:\/\/www.facebook.com\/volcanes.net\/\"]},{\"@type\":\"Person\",\"@id\":\"https:\/\/volcanes.net\/#\/schema\/person\/4bf0f383940966a4abd53f5048c0e6b9\",\"name\":\"admin\",\"image\":{\"@type\":\"ImageObject\",\"inLanguage\":\"es\",\"@id\":\"https:\/\/volcanes.net\/#\/schema\/person\/image\/\",\"url\":\"https:\/\/secure.gravatar.com\/avatar\/ca004e6cba8462b8cb7abc86e382930c?s=96&d=mm&r=g\",\"contentUrl\":\"https:\/\/secure.gravatar.com\/avatar\/ca004e6cba8462b8cb7abc86e382930c?s=96&d=mm&r=g\",\"caption\":\"admin\"}}]}<\/script>\n<!-- \/ Yoast SEO plugin. -->","yoast_head_json":{"title":"VIDEO: Rehabilitan la Cancha de \"Fray Mart\u00edn de Valencia\" en Amemecameca - Volcanes","robots":{"index":"index","follow":"follow","max-snippet":"max-snippet:-1","max-image-preview":"max-image-preview:large","max-video-preview":"max-video-preview:-1"},"canonical":"https:\/\/volcanes.net\/?p=6467","og_locale":"es_MX","og_type":"article","og_title":"VIDEO: Rehabilitan la Cancha de \"Fray Mart\u00edn de Valencia\" en Amemecameca - Volcanes","og_description":"Amecameca, Estado de M\u00e9xico.- Impresionante encuentro de basquetbol se llev\u00f3 a cabo en el marco","og_url":"https:\/\/volcanes.net\/?p=6467","og_site_name":"Volcanes","article_publisher":"https:\/\/www.facebook.com\/volcanes.net\/","article_published_time":"2020-02-17T23:06:57+00:00","og_image":[{"width":1280,"height":720,"url":"https:\/\/volcanes.net\/wp-content\/uploads\/2020\/02\/Rehabilitan-la-Cancha-de-Fray-Mart\u00edn-de-Valencia-en-Amemecameca.jpeg","type":"image\/jpeg"}],"author":"admin","twitter_card":"summary_large_image","twitter_misc":{"Escrito por":"admin","Tiempo de lectura":"1 minuto"},"schema":{"@context":"https:\/\/schema.org","@graph":[{"@type":"Article","@id":"https:\/\/volcanes.net\/?p=6467#article","isPartOf":{"@id":"https:\/\/volcanes.net\/?p=6467"},"author":{"name":"admin","@id":"https:\/\/volcanes.net\/#\/schema\/person\/4bf0f383940966a4abd53f5048c0e6b9"},"headline":"VIDEO: Rehabilitan la Cancha de &#8220;Fray Mart\u00edn de Valencia&#8221; en Amemecameca","datePublished":"2020-02-17T23:06:57+00:00","mainEntityOfPage":{"@id":"https:\/\/volcanes.net\/?p=6467"},"wordCount":218,"commentCount":0,"publisher":{"@id":"https:\/\/volcanes.net\/#organization"},"image":{"@id":"https:\/\/volcanes.net\/?p=6467#primaryimage"},"thumbnailUrl":"https:\/\/volcanes.net\/wp-content\/uploads\/2020\/02\/Rehabilitan-la-Cancha-de-Fray-Mart\u00edn-de-Valencia-en-Amemecameca.jpeg","keywords":["Amecameca"],"articleSection":["Municipales"],"inLanguage":"es","potentialAction":[{"@type":"CommentAction","name":"Comment","target":["https:\/\/volcanes.net\/?p=6467#respond"]}]},{"@type":"WebPage","@id":"https:\/\/volcanes.net\/?p=6467","url":"https:\/\/volcanes.net\/?p=6467","name":"VIDEO: Rehabilitan la Cancha de \"Fray Mart\u00edn de Valencia\" en Amemecameca - Volcanes","isPartOf":{"@id":"https:\/\/volcanes.net\/#website"},"primaryImageOfPage":{"@id":"https:\/\/volcanes.net\/?p=6467#primaryimage"},"image":{"@id":"https:\/\/volcanes.net\/?p=6467#primaryimage"},"thumbnailUrl":"https:\/\/volcanes.net\/wp-content\/uploads\/2020\/02\/Rehabilitan-la-Cancha-de-Fray-Mart\u00edn-de-Valencia-en-Amemecameca.jpeg","datePublished":"2020-02-17T23:06:57+00:00","breadcrumb":{"@id":"https:\/\/volcanes.net\/?p=6467#breadcrumb"},"inLanguage":"es","potentialAction":[{"@type":"ReadAction","target":["https:\/\/volcanes.net\/?p=6467"]}]},{"@type":"ImageObject","inLanguage":"es","@id":"https:\/\/volcanes.net\/?p=6467#primaryimage","url":"https:\/\/volcanes.net\/wp-content\/uploads\/2020\/02\/Rehabilitan-la-Cancha-de-Fray-Mart\u00edn-de-Valencia-en-Amemecameca.jpeg","contentUrl":"https:\/\/volcanes.net\/wp-content\/uploads\/2020\/02\/Rehabilitan-la-Cancha-de-Fray-Mart\u00edn-de-Valencia-en-Amemecameca.jpeg","width":1280,"height":720},{"@type":"BreadcrumbList","@id":"https:\/\/volcanes.net\/?p=6467#breadcrumb","itemListElement":[{"@type":"ListItem","position":1,"name":"Portada","item":"https:\/\/volcanes.net\/"},{"@type":"ListItem","position":2,"name":"VIDEO: Rehabilitan la Cancha de &#8220;Fray Mart\u00edn de Valencia&#8221; en Amemecameca"}]},{"@type":"WebSite","@id":"https:\/\/volcanes.net\/#website","url":"https:\/\/volcanes.net\/","name":"Volcanes.Net","description":"Periodismo Profesional","publisher":{"@id":"https:\/\/volcanes.net\/#organization"},"potentialAction":[{"@type":"SearchAction","target":{"@type":"EntryPoint","urlTemplate":"https:\/\/volcanes.net\/?s={search_term_string}"},"query-input":{"@type":"PropertyValueSpecification","valueRequired":true,"valueName":"search_term_string"}}],"inLanguage":"es"},{"@type":"Organization","@id":"https:\/\/volcanes.net\/#organization","name":"Grupo Volcanes","url":"https:\/\/volcanes.net\/","logo":{"@type":"ImageObject","inLanguage":"es","@id":"https:\/\/volcanes.net\/#\/schema\/logo\/image\/","url":"http:\/\/volcanes.net\/wp-content\/uploads\/2017\/12\/Avatar2.jpg","contentUrl":"http:\/\/volcanes.net\/wp-content\/uploads\/2017\/12\/Avatar2.jpg","width":378,"height":378,"caption":"Grupo Volcanes"},"image":{"@id":"https:\/\/volcanes.net\/#\/schema\/logo\/image\/"},"sameAs":["https:\/\/www.facebook.com\/volcanes.net\/"]},{"@type":"Person","@id":"https:\/\/volcanes.net\/#\/schema\/person\/4bf0f383940966a4abd53f5048c0e6b9","name":"admin","image":{"@type":"ImageObject","inLanguage":"es","@id":"https:\/\/volcanes.net\/#\/schema\/person\/image\/","url":"https:\/\/secure.gravatar.com\/avatar\/ca004e6cba8462b8cb7abc86e382930c?s=96&d=mm&r=g","contentUrl":"https:\/\/secure.gravatar.com\/avatar\/ca004e6cba8462b8cb7abc86e382930c?s=96&d=mm&r=g","caption":"admin"}}]}},"_links":{"self":[{"href":"https:\/\/volcanes.net\/index.php?rest_route=\/wp\/v2\/posts\/6467"}],"collection":[{"href":"https:\/\/volcanes.net\/index.php?rest_route=\/wp\/v2\/posts"}],"about":[{"href":"https:\/\/volcanes.net\/index.php?rest_route=\/wp\/v2\/types\/post"}],"author":[{"embeddable":true,"href":"https:\/\/volcanes.net\/index.php?rest_route=\/wp\/v2\/users\/1"}],"replies":[{"embeddable":true,"href":"https:\/\/volcanes.net\/index.php?rest_route=%2Fwp%2Fv2%2Fcomments&post=6467"}],"version-history":[{"count":1,"href":"https:\/\/volcanes.net\/index.php?rest_route=\/wp\/v2\/posts\/6467\/revisions"}],"predecessor-version":[{"id":6469,"href":"https:\/\/volcanes.net\/index.php?rest_route=\/wp\/v2\/posts\/6467\/revisions\/6469"}],"wp:featuredmedia":[{"embeddable":true,"href":"https:\/\/volcanes.net\/index.php?rest_route=\/wp\/v2\/media\/6468"}],"wp:attachment":[{"href":"https:\/\/volcanes.net\/index.php?rest_route=%2Fwp%2Fv2%2Fmedia&parent=6467"}],"wp:term":[{"taxonomy":"category","embeddable":true,"href":"https:\/\/volcanes.net\/index.php?rest_route=%2Fwp%2Fv2%2Fcategories&post=6467"},{"taxonomy":"post_tag","embeddable":true,"href":"https:\/\/volcanes.net\/index.php?rest_route=%2Fwp%2Fv2%2Ftags&post=6467"}],"curies":[{"name":"wp","href":"https:\/\/api.w.org\/{rel}","templated":true}]}}