{"id":6470,"date":"2020-02-17T21:31:44","date_gmt":"2020-02-18T03:31:44","guid":{"rendered":"http:\/\/volcanes.net\/?p=6470"},"modified":"2020-02-17T21:31:44","modified_gmt":"2020-02-18T03:31:44","slug":"inauguran-en-amecameca-obras-por-mas-de-3-millones-de-pesos","status":"publish","type":"post","link":"https:\/\/volcanes.net\/?p=6470","title":{"rendered":"Inauguran en Amecameca obras por m\u00e1s de 3 millones de pesos"},"content":{"rendered":"<div style=\"margin-top: 0px; margin-bottom: 0px;\" class=\"sharethis-inline-share-buttons\" ><\/div><p class=\"p1\">\n<ul class=\"ul1\">\n<li class=\"li1\">Refrenda Alcalde Miguel \u00c1ngel Salom\u00f3n Cort\u00e9s compromiso de trabajo Hombro con Hombro con la poblaci\u00f3n.<\/li>\n<li class=\"li1\">Tres primarias fueron beneficiadas.<\/li>\n<li class=\"li1\">Rehabilitan tambi\u00e9n cancha \u201cFray Mart\u00edn de Valencia\u201d.<\/li>\n<\/ul>\n<p class=\"p2\">Amecameca de Ju\u00e1rez, Estado de M\u00e9xico a 14 de febrero de 2020.- Con una inversi\u00f3n superior a los 3 millones de pesos, el Presidente Municipal Miguel \u00c1ngel Salom\u00f3n Cort\u00e9s realiz\u00f3 la inauguraci\u00f3n de una techumbre, de un comedor escolar, de una barda perimetral y de la cancha \u201cFray Mart\u00edn de Valencia\u201d.<\/p>\n<p class=\"p2\">Acompa\u00f1ado de los Integrantes de Ayuntamiento y del Representante de la Direcci\u00f3n de Gobierno, Jorge Yaqui Medina, el Alcalde refrend\u00f3 su compromiso de trabajar a favor de la educaci\u00f3n frente a los directivos, docentes y padres de familia de las escuelas primarias \u201cMiguel Hidalgo\u201d, \u201cCuauht\u00e9moc\u201d e \u201cInsurgentes\u201d, de las delegaciones de San Antonio Zoyatzingo, de San Diego Huehuecalco y de San Francisco Zentlalpan, respectivamente.<\/p>\n<p class=\"p2\">Durante la reinauguraci\u00f3n de la cancha de \u201cFray Mart\u00edn de Valencia\u201d, en la cabecera municipal, el Mun\u00edcipe agradeci\u00f3 a todos los basquetbolistas su entrega y pasi\u00f3n en la pr\u00e1ctica de este deporte.<\/p>\n<p class=\"p2\">Cabe mencionar que en este evento toc\u00f3 la Orquesta Sinf\u00f3nica de Texcoco, adem\u00e1s se invit\u00f3 al equipo de Rapids City, de Houston Texas, quien jug\u00f3 contra un selectivo de Amecameca, haciendo las delicias de los m\u00e1s de 800 asistentes al evento.<\/p>\n","protected":false},"excerpt":{"rendered":"<p>Refrenda Alcalde Miguel \u00c1ngel Salom\u00f3n Cort\u00e9s compromiso de trabajo Hombro con Hombro con la poblaci\u00f3n.<\/p>\n","protected":false},"author":1,"featured_media":6471,"comment_status":"open","ping_status":"open","sticky":false,"template":"","format":"standard","meta":{"footnotes":""},"categories":[1],"tags":[7],"class_list":["post-6470","post","type-post","status-publish","format-standard","has-post-thumbnail","hentry","category-municipales","tag-amecameca"],"yoast_head":"<!-- This site is optimized with the Yoast SEO plugin v25.3 - https:\/\/yoast.com\/wordpress\/plugins\/seo\/ -->\n<title>Inauguran en Amecameca obras por m\u00e1s de 3 millones de pesos - Volcanes<\/title>\n<meta name=\"robots\" content=\"index, follow, max-snippet:-1, max-image-preview:large, max-video-preview:-1\" \/>\n<link rel=\"canonical\" href=\"https:\/\/volcanes.net\/?p=6470\" \/>\n<meta property=\"og:locale\" content=\"es_MX\" \/>\n<meta property=\"og:type\" content=\"article\" \/>\n<meta property=\"og:title\" content=\"Inauguran en Amecameca obras por m\u00e1s de 3 millones de pesos - Volcanes\" \/>\n<meta property=\"og:description\" content=\"Refrenda Alcalde Miguel \u00c1ngel Salom\u00f3n Cort\u00e9s compromiso de trabajo Hombro con Hombro con la poblaci\u00f3n.\" \/>\n<meta property=\"og:url\" content=\"https:\/\/volcanes.net\/?p=6470\" \/>\n<meta property=\"og:site_name\" content=\"Volcanes\" \/>\n<meta property=\"article:publisher\" content=\"https:\/\/www.facebook.com\/volcanes.net\/\" \/>\n<meta property=\"article:published_time\" content=\"2020-02-18T03:31:44+00:00\" \/>\n<meta property=\"og:image\" content=\"https:\/\/volcanes.net\/wp-content\/uploads\/2020\/02\/WhatsApp-Image-2020-02-17-at-4.45.46-PM-1.jpeg\" \/>\n\t<meta property=\"og:image:width\" content=\"1280\" \/>\n\t<meta property=\"og:image:height\" content=\"801\" \/>\n\t<meta property=\"og:image:type\" content=\"image\/jpeg\" \/>\n<meta name=\"author\" content=\"admin\" \/>\n<meta name=\"twitter:card\" content=\"summary_large_image\" \/>\n<meta name=\"twitter:label1\" content=\"Escrito por\" \/>\n\t<meta name=\"twitter:data1\" content=\"admin\" \/>\n\t<meta name=\"twitter:label2\" content=\"Tiempo de lectura\" \/>\n\t<meta name=\"twitter:data2\" content=\"1 minuto\" \/>\n<script type=\"application\/ld+json\" class=\"yoast-schema-graph\">{\"@context\":\"https:\/\/schema.org\",\"@graph\":[{\"@type\":\"Article\",\"@id\":\"https:\/\/volcanes.net\/?p=6470#article\",\"isPartOf\":{\"@id\":\"https:\/\/volcanes.net\/?p=6470\"},\"author\":{\"name\":\"admin\",\"@id\":\"https:\/\/volcanes.net\/#\/schema\/person\/4bf0f383940966a4abd53f5048c0e6b9\"},\"headline\":\"Inauguran en Amecameca obras por m\u00e1s de 3 millones de pesos\",\"datePublished\":\"2020-02-18T03:31:44+00:00\",\"mainEntityOfPage\":{\"@id\":\"https:\/\/volcanes.net\/?p=6470\"},\"wordCount\":246,\"commentCount\":0,\"publisher\":{\"@id\":\"https:\/\/volcanes.net\/#organization\"},\"image\":{\"@id\":\"https:\/\/volcanes.net\/?p=6470#primaryimage\"},\"thumbnailUrl\":\"https:\/\/volcanes.net\/wp-content\/uploads\/2020\/02\/WhatsApp-Image-2020-02-17-at-4.45.46-PM-1.jpeg\",\"keywords\":[\"Amecameca\"],\"articleSection\":[\"Municipales\"],\"inLanguage\":\"es\",\"potentialAction\":[{\"@type\":\"CommentAction\",\"name\":\"Comment\",\"target\":[\"https:\/\/volcanes.net\/?p=6470#respond\"]}]},{\"@type\":\"WebPage\",\"@id\":\"https:\/\/volcanes.net\/?p=6470\",\"url\":\"https:\/\/volcanes.net\/?p=6470\",\"name\":\"Inauguran en Amecameca obras por m\u00e1s de 3 millones de pesos - Volcanes\",\"isPartOf\":{\"@id\":\"https:\/\/volcanes.net\/#website\"},\"primaryImageOfPage\":{\"@id\":\"https:\/\/volcanes.net\/?p=6470#primaryimage\"},\"image\":{\"@id\":\"https:\/\/volcanes.net\/?p=6470#primaryimage\"},\"thumbnailUrl\":\"https:\/\/volcanes.net\/wp-content\/uploads\/2020\/02\/WhatsApp-Image-2020-02-17-at-4.45.46-PM-1.jpeg\",\"datePublished\":\"2020-02-18T03:31:44+00:00\",\"breadcrumb\":{\"@id\":\"https:\/\/volcanes.net\/?p=6470#breadcrumb\"},\"inLanguage\":\"es\",\"potentialAction\":[{\"@type\":\"ReadAction\",\"target\":[\"https:\/\/volcanes.net\/?p=6470\"]}]},{\"@type\":\"ImageObject\",\"inLanguage\":\"es\",\"@id\":\"https:\/\/volcanes.net\/?p=6470#primaryimage\",\"url\":\"https:\/\/volcanes.net\/wp-content\/uploads\/2020\/02\/WhatsApp-Image-2020-02-17-at-4.45.46-PM-1.jpeg\",\"contentUrl\":\"https:\/\/volcanes.net\/wp-content\/uploads\/2020\/02\/WhatsApp-Image-2020-02-17-at-4.45.46-PM-1.jpeg\",\"width\":1280,\"height\":801},{\"@type\":\"BreadcrumbList\",\"@id\":\"https:\/\/volcanes.net\/?p=6470#breadcrumb\",\"itemListElement\":[{\"@type\":\"ListItem\",\"position\":1,\"name\":\"Portada\",\"item\":\"https:\/\/volcanes.net\/\"},{\"@type\":\"ListItem\",\"position\":2,\"name\":\"Inauguran en Amecameca obras por m\u00e1s de 3 millones de pesos\"}]},{\"@type\":\"WebSite\",\"@id\":\"https:\/\/volcanes.net\/#website\",\"url\":\"https:\/\/volcanes.net\/\",\"name\":\"Volcanes.Net\",\"description\":\"Periodismo Profesional\",\"publisher\":{\"@id\":\"https:\/\/volcanes.net\/#organization\"},\"potentialAction\":[{\"@type\":\"SearchAction\",\"target\":{\"@type\":\"EntryPoint\",\"urlTemplate\":\"https:\/\/volcanes.net\/?s={search_term_string}\"},\"query-input\":{\"@type\":\"PropertyValueSpecification\",\"valueRequired\":true,\"valueName\":\"search_term_string\"}}],\"inLanguage\":\"es\"},{\"@type\":\"Organization\",\"@id\":\"https:\/\/volcanes.net\/#organization\",\"name\":\"Grupo Volcanes\",\"url\":\"https:\/\/volcanes.net\/\",\"logo\":{\"@type\":\"ImageObject\",\"inLanguage\":\"es\",\"@id\":\"https:\/\/volcanes.net\/#\/schema\/logo\/image\/\",\"url\":\"http:\/\/volcanes.net\/wp-content\/uploads\/2017\/12\/Avatar2.jpg\",\"contentUrl\":\"http:\/\/volcanes.net\/wp-content\/uploads\/2017\/12\/Avatar2.jpg\",\"width\":378,\"height\":378,\"caption\":\"Grupo Volcanes\"},\"image\":{\"@id\":\"https:\/\/volcanes.net\/#\/schema\/logo\/image\/\"},\"sameAs\":[\"https:\/\/www.facebook.com\/volcanes.net\/\"]},{\"@type\":\"Person\",\"@id\":\"https:\/\/volcanes.net\/#\/schema\/person\/4bf0f383940966a4abd53f5048c0e6b9\",\"name\":\"admin\",\"image\":{\"@type\":\"ImageObject\",\"inLanguage\":\"es\",\"@id\":\"https:\/\/volcanes.net\/#\/schema\/person\/image\/\",\"url\":\"https:\/\/secure.gravatar.com\/avatar\/ca004e6cba8462b8cb7abc86e382930c?s=96&d=mm&r=g\",\"contentUrl\":\"https:\/\/secure.gravatar.com\/avatar\/ca004e6cba8462b8cb7abc86e382930c?s=96&d=mm&r=g\",\"caption\":\"admin\"}}]}<\/script>\n<!-- \/ Yoast SEO plugin. -->","yoast_head_json":{"title":"Inauguran en Amecameca obras por m\u00e1s de 3 millones de pesos - Volcanes","robots":{"index":"index","follow":"follow","max-snippet":"max-snippet:-1","max-image-preview":"max-image-preview:large","max-video-preview":"max-video-preview:-1"},"canonical":"https:\/\/volcanes.net\/?p=6470","og_locale":"es_MX","og_type":"article","og_title":"Inauguran en Amecameca obras por m\u00e1s de 3 millones de pesos - Volcanes","og_description":"Refrenda Alcalde Miguel \u00c1ngel Salom\u00f3n Cort\u00e9s compromiso de trabajo Hombro con Hombro con la poblaci\u00f3n.","og_url":"https:\/\/volcanes.net\/?p=6470","og_site_name":"Volcanes","article_publisher":"https:\/\/www.facebook.com\/volcanes.net\/","article_published_time":"2020-02-18T03:31:44+00:00","og_image":[{"width":1280,"height":801,"url":"https:\/\/volcanes.net\/wp-content\/uploads\/2020\/02\/WhatsApp-Image-2020-02-17-at-4.45.46-PM-1.jpeg","type":"image\/jpeg"}],"author":"admin","twitter_card":"summary_large_image","twitter_misc":{"Escrito por":"admin","Tiempo de lectura":"1 minuto"},"schema":{"@context":"https:\/\/schema.org","@graph":[{"@type":"Article","@id":"https:\/\/volcanes.net\/?p=6470#article","isPartOf":{"@id":"https:\/\/volcanes.net\/?p=6470"},"author":{"name":"admin","@id":"https:\/\/volcanes.net\/#\/schema\/person\/4bf0f383940966a4abd53f5048c0e6b9"},"headline":"Inauguran en Amecameca obras por m\u00e1s de 3 millones de pesos","datePublished":"2020-02-18T03:31:44+00:00","mainEntityOfPage":{"@id":"https:\/\/volcanes.net\/?p=6470"},"wordCount":246,"commentCount":0,"publisher":{"@id":"https:\/\/volcanes.net\/#organization"},"image":{"@id":"https:\/\/volcanes.net\/?p=6470#primaryimage"},"thumbnailUrl":"https:\/\/volcanes.net\/wp-content\/uploads\/2020\/02\/WhatsApp-Image-2020-02-17-at-4.45.46-PM-1.jpeg","keywords":["Amecameca"],"articleSection":["Municipales"],"inLanguage":"es","potentialAction":[{"@type":"CommentAction","name":"Comment","target":["https:\/\/volcanes.net\/?p=6470#respond"]}]},{"@type":"WebPage","@id":"https:\/\/volcanes.net\/?p=6470","url":"https:\/\/volcanes.net\/?p=6470","name":"Inauguran en Amecameca obras por m\u00e1s de 3 millones de pesos - Volcanes","isPartOf":{"@id":"https:\/\/volcanes.net\/#website"},"primaryImageOfPage":{"@id":"https:\/\/volcanes.net\/?p=6470#primaryimage"},"image":{"@id":"https:\/\/volcanes.net\/?p=6470#primaryimage"},"thumbnailUrl":"https:\/\/volcanes.net\/wp-content\/uploads\/2020\/02\/WhatsApp-Image-2020-02-17-at-4.45.46-PM-1.jpeg","datePublished":"2020-02-18T03:31:44+00:00","breadcrumb":{"@id":"https:\/\/volcanes.net\/?p=6470#breadcrumb"},"inLanguage":"es","potentialAction":[{"@type":"ReadAction","target":["https:\/\/volcanes.net\/?p=6470"]}]},{"@type":"ImageObject","inLanguage":"es","@id":"https:\/\/volcanes.net\/?p=6470#primaryimage","url":"https:\/\/volcanes.net\/wp-content\/uploads\/2020\/02\/WhatsApp-Image-2020-02-17-at-4.45.46-PM-1.jpeg","contentUrl":"https:\/\/volcanes.net\/wp-content\/uploads\/2020\/02\/WhatsApp-Image-2020-02-17-at-4.45.46-PM-1.jpeg","width":1280,"height":801},{"@type":"BreadcrumbList","@id":"https:\/\/volcanes.net\/?p=6470#breadcrumb","itemListElement":[{"@type":"ListItem","position":1,"name":"Portada","item":"https:\/\/volcanes.net\/"},{"@type":"ListItem","position":2,"name":"Inauguran en Amecameca obras por m\u00e1s de 3 millones de pesos"}]},{"@type":"WebSite","@id":"https:\/\/volcanes.net\/#website","url":"https:\/\/volcanes.net\/","name":"Volcanes.Net","description":"Periodismo Profesional","publisher":{"@id":"https:\/\/volcanes.net\/#organization"},"potentialAction":[{"@type":"SearchAction","target":{"@type":"EntryPoint","urlTemplate":"https:\/\/volcanes.net\/?s={search_term_string}"},"query-input":{"@type":"PropertyValueSpecification","valueRequired":true,"valueName":"search_term_string"}}],"inLanguage":"es"},{"@type":"Organization","@id":"https:\/\/volcanes.net\/#organization","name":"Grupo Volcanes","url":"https:\/\/volcanes.net\/","logo":{"@type":"ImageObject","inLanguage":"es","@id":"https:\/\/volcanes.net\/#\/schema\/logo\/image\/","url":"http:\/\/volcanes.net\/wp-content\/uploads\/2017\/12\/Avatar2.jpg","contentUrl":"http:\/\/volcanes.net\/wp-content\/uploads\/2017\/12\/Avatar2.jpg","width":378,"height":378,"caption":"Grupo Volcanes"},"image":{"@id":"https:\/\/volcanes.net\/#\/schema\/logo\/image\/"},"sameAs":["https:\/\/www.facebook.com\/volcanes.net\/"]},{"@type":"Person","@id":"https:\/\/volcanes.net\/#\/schema\/person\/4bf0f383940966a4abd53f5048c0e6b9","name":"admin","image":{"@type":"ImageObject","inLanguage":"es","@id":"https:\/\/volcanes.net\/#\/schema\/person\/image\/","url":"https:\/\/secure.gravatar.com\/avatar\/ca004e6cba8462b8cb7abc86e382930c?s=96&d=mm&r=g","contentUrl":"https:\/\/secure.gravatar.com\/avatar\/ca004e6cba8462b8cb7abc86e382930c?s=96&d=mm&r=g","caption":"admin"}}]}},"_links":{"self":[{"href":"https:\/\/volcanes.net\/index.php?rest_route=\/wp\/v2\/posts\/6470"}],"collection":[{"href":"https:\/\/volcanes.net\/index.php?rest_route=\/wp\/v2\/posts"}],"about":[{"href":"https:\/\/volcanes.net\/index.php?rest_route=\/wp\/v2\/types\/post"}],"author":[{"embeddable":true,"href":"https:\/\/volcanes.net\/index.php?rest_route=\/wp\/v2\/users\/1"}],"replies":[{"embeddable":true,"href":"https:\/\/volcanes.net\/index.php?rest_route=%2Fwp%2Fv2%2Fcomments&post=6470"}],"version-history":[{"count":1,"href":"https:\/\/volcanes.net\/index.php?rest_route=\/wp\/v2\/posts\/6470\/revisions"}],"predecessor-version":[{"id":6472,"href":"https:\/\/volcanes.net\/index.php?rest_route=\/wp\/v2\/posts\/6470\/revisions\/6472"}],"wp:featuredmedia":[{"embeddable":true,"href":"https:\/\/volcanes.net\/index.php?rest_route=\/wp\/v2\/media\/6471"}],"wp:attachment":[{"href":"https:\/\/volcanes.net\/index.php?rest_route=%2Fwp%2Fv2%2Fmedia&parent=6470"}],"wp:term":[{"taxonomy":"category","embeddable":true,"href":"https:\/\/volcanes.net\/index.php?rest_route=%2Fwp%2Fv2%2Fcategories&post=6470"},{"taxonomy":"post_tag","embeddable":true,"href":"https:\/\/volcanes.net\/index.php?rest_route=%2Fwp%2Fv2%2Ftags&post=6470"}],"curies":[{"name":"wp","href":"https:\/\/api.w.org\/{rel}","templated":true}]}}