{"id":6511,"date":"2020-02-24T16:58:21","date_gmt":"2020-02-24T22:58:21","guid":{"rendered":"http:\/\/volcanes.net\/?p=6511"},"modified":"2020-02-24T16:58:21","modified_gmt":"2020-02-24T22:58:21","slug":"se-inauguran-cisternas-drenajes-sanitarios-y-oficinas","status":"publish","type":"post","link":"https:\/\/volcanes.net\/?p=6511","title":{"rendered":"Se inauguran cisternas, drenajes sanitarios y oficinas"},"content":{"rendered":"<div style=\"margin-top: 0px; margin-bottom: 0px;\" class=\"sharethis-inline-share-buttons\" ><\/div><p>En Amecameca inauguran obras por casi 11 millones de pesos<\/p>\n<p>Amecameca de Ju\u00e1rez a 21 de febrero de 2020.-\u00a0 Con la entrega de cisternas, drenajes sanitarios y las oficinales municipales el Presidente Municipal Miguel \u00c1ngel Salom\u00f3n Cort\u00e9s, acompa\u00f1ado de los Integrantes del Ayuntamiento y del Representante de la Direcci\u00f3n de Gobierno, inaugur\u00f3 obras por un monto cercano a los 11 millones de pesos.<\/p>\n<p>Durante la entrega simb\u00f3lica de las 150 cisternas, que se realizaron en San Pedro Nexapa, San Francisco Zentlalpan y en la Cabecera Municipal, el Alcalde agradeci\u00f3 p\u00fablicamente el apoyo de la S\u00edndico, las Regidoras y los Regidores por su compromiso en la aprobaci\u00f3n y supervisi\u00f3n de la aplicaci\u00f3n de los recursos.<\/p>\n<p>Ah\u00ed mismo inform\u00f3 que los casi 8 millones de pesos que se invirtieron en las cisternas, permitir\u00e1n que las 150 familias beneficiadas puedan almacenar el vital l\u00edquido de forma\u00a0 saludable.<\/p>\n<p>Durante la inauguraci\u00f3n del drenaje sanitario de la calle Prolongaci\u00f3n Madero, en la cabecera municipal, que tuvo una inversi\u00f3n superior a los 2 millones de pesos, el Presidente Municipal, agradeci\u00f3 la confianza de los vecinos y les refrend\u00f3 su compromiso de continuar sumando esfuerzos hombro con hombro por el bien de los amecamequenses.<\/p>\n<p>Al cortar el list\u00f3n de inauguraci\u00f3n de las oficinas municipales que fueron rehabilitadas, entre ellas las de la Presidencia Municipal, Comunicaci\u00f3n Social y Archivo y Bienes Patrimoniales, cuya inversi\u00f3n fue de poco m\u00e1s de 400 mil pesos, el Edil inform\u00f3 que es importante dignificar el lugar donde los trabajadores realizan sus actividades y en donde tambi\u00e9n atienden al p\u00fablico.<\/p>\n","protected":false},"excerpt":{"rendered":"<p>En Amecameca inauguran obras por casi 11 millones de pesos Amecameca de Ju\u00e1rez a 21<\/p>\n","protected":false},"author":1,"featured_media":6512,"comment_status":"open","ping_status":"open","sticky":false,"template":"","format":"image","meta":{"footnotes":""},"categories":[1],"tags":[7,265,286],"class_list":["post-6511","post","type-post","status-publish","format-image","has-post-thumbnail","hentry","category-municipales","tag-amecameca","tag-grupovolcanes","tag-miguel-angel-salomon-cortes","post_format-post-format-image"],"yoast_head":"<!-- This site is optimized with the Yoast SEO plugin v25.3 - https:\/\/yoast.com\/wordpress\/plugins\/seo\/ -->\n<title>Se inauguran cisternas, drenajes sanitarios y oficinas - Volcanes<\/title>\n<meta name=\"robots\" content=\"index, follow, max-snippet:-1, max-image-preview:large, max-video-preview:-1\" \/>\n<link rel=\"canonical\" href=\"https:\/\/volcanes.net\/?p=6511\" \/>\n<meta property=\"og:locale\" content=\"es_MX\" \/>\n<meta property=\"og:type\" content=\"article\" \/>\n<meta property=\"og:title\" content=\"Se inauguran cisternas, drenajes sanitarios y oficinas - Volcanes\" \/>\n<meta property=\"og:description\" content=\"En Amecameca inauguran obras por casi 11 millones de pesos Amecameca de Ju\u00e1rez a 21\" \/>\n<meta property=\"og:url\" content=\"https:\/\/volcanes.net\/?p=6511\" \/>\n<meta property=\"og:site_name\" content=\"Volcanes\" \/>\n<meta property=\"article:publisher\" content=\"https:\/\/www.facebook.com\/volcanes.net\/\" \/>\n<meta property=\"article:published_time\" content=\"2020-02-24T22:58:21+00:00\" \/>\n<meta property=\"og:image\" content=\"https:\/\/volcanes.net\/wp-content\/uploads\/2020\/02\/WhatsApp-Image-2020-02-24-at-4.33.45-PM.jpeg\" \/>\n\t<meta property=\"og:image:width\" content=\"1280\" \/>\n\t<meta property=\"og:image:height\" content=\"770\" \/>\n\t<meta property=\"og:image:type\" content=\"image\/jpeg\" \/>\n<meta name=\"author\" content=\"admin\" \/>\n<meta name=\"twitter:card\" content=\"summary_large_image\" \/>\n<meta name=\"twitter:label1\" content=\"Escrito por\" \/>\n\t<meta name=\"twitter:data1\" content=\"admin\" \/>\n\t<meta name=\"twitter:label2\" content=\"Tiempo de lectura\" \/>\n\t<meta name=\"twitter:data2\" content=\"1 minuto\" \/>\n<script type=\"application\/ld+json\" class=\"yoast-schema-graph\">{\"@context\":\"https:\/\/schema.org\",\"@graph\":[{\"@type\":\"Article\",\"@id\":\"https:\/\/volcanes.net\/?p=6511#article\",\"isPartOf\":{\"@id\":\"https:\/\/volcanes.net\/?p=6511\"},\"author\":{\"name\":\"admin\",\"@id\":\"https:\/\/volcanes.net\/#\/schema\/person\/4bf0f383940966a4abd53f5048c0e6b9\"},\"headline\":\"Se inauguran cisternas, drenajes sanitarios y oficinas\",\"datePublished\":\"2020-02-24T22:58:21+00:00\",\"mainEntityOfPage\":{\"@id\":\"https:\/\/volcanes.net\/?p=6511\"},\"wordCount\":278,\"commentCount\":0,\"publisher\":{\"@id\":\"https:\/\/volcanes.net\/#organization\"},\"image\":{\"@id\":\"https:\/\/volcanes.net\/?p=6511#primaryimage\"},\"thumbnailUrl\":\"https:\/\/volcanes.net\/wp-content\/uploads\/2020\/02\/WhatsApp-Image-2020-02-24-at-4.33.45-PM.jpeg\",\"keywords\":[\"Amecameca\",\"GrupoVolcanes\",\"Miguel \u00c1ngel Salom\u00f3n Cort\u00e9s\"],\"articleSection\":[\"Municipales\"],\"inLanguage\":\"es\",\"potentialAction\":[{\"@type\":\"CommentAction\",\"name\":\"Comment\",\"target\":[\"https:\/\/volcanes.net\/?p=6511#respond\"]}]},{\"@type\":\"WebPage\",\"@id\":\"https:\/\/volcanes.net\/?p=6511\",\"url\":\"https:\/\/volcanes.net\/?p=6511\",\"name\":\"Se inauguran cisternas, drenajes sanitarios y oficinas - Volcanes\",\"isPartOf\":{\"@id\":\"https:\/\/volcanes.net\/#website\"},\"primaryImageOfPage\":{\"@id\":\"https:\/\/volcanes.net\/?p=6511#primaryimage\"},\"image\":{\"@id\":\"https:\/\/volcanes.net\/?p=6511#primaryimage\"},\"thumbnailUrl\":\"https:\/\/volcanes.net\/wp-content\/uploads\/2020\/02\/WhatsApp-Image-2020-02-24-at-4.33.45-PM.jpeg\",\"datePublished\":\"2020-02-24T22:58:21+00:00\",\"breadcrumb\":{\"@id\":\"https:\/\/volcanes.net\/?p=6511#breadcrumb\"},\"inLanguage\":\"es\",\"potentialAction\":[{\"@type\":\"ReadAction\",\"target\":[\"https:\/\/volcanes.net\/?p=6511\"]}]},{\"@type\":\"ImageObject\",\"inLanguage\":\"es\",\"@id\":\"https:\/\/volcanes.net\/?p=6511#primaryimage\",\"url\":\"https:\/\/volcanes.net\/wp-content\/uploads\/2020\/02\/WhatsApp-Image-2020-02-24-at-4.33.45-PM.jpeg\",\"contentUrl\":\"https:\/\/volcanes.net\/wp-content\/uploads\/2020\/02\/WhatsApp-Image-2020-02-24-at-4.33.45-PM.jpeg\",\"width\":1280,\"height\":770},{\"@type\":\"BreadcrumbList\",\"@id\":\"https:\/\/volcanes.net\/?p=6511#breadcrumb\",\"itemListElement\":[{\"@type\":\"ListItem\",\"position\":1,\"name\":\"Portada\",\"item\":\"https:\/\/volcanes.net\/\"},{\"@type\":\"ListItem\",\"position\":2,\"name\":\"Se inauguran cisternas, drenajes sanitarios y oficinas\"}]},{\"@type\":\"WebSite\",\"@id\":\"https:\/\/volcanes.net\/#website\",\"url\":\"https:\/\/volcanes.net\/\",\"name\":\"Volcanes.Net\",\"description\":\"Periodismo Profesional\",\"publisher\":{\"@id\":\"https:\/\/volcanes.net\/#organization\"},\"potentialAction\":[{\"@type\":\"SearchAction\",\"target\":{\"@type\":\"EntryPoint\",\"urlTemplate\":\"https:\/\/volcanes.net\/?s={search_term_string}\"},\"query-input\":{\"@type\":\"PropertyValueSpecification\",\"valueRequired\":true,\"valueName\":\"search_term_string\"}}],\"inLanguage\":\"es\"},{\"@type\":\"Organization\",\"@id\":\"https:\/\/volcanes.net\/#organization\",\"name\":\"Grupo Volcanes\",\"url\":\"https:\/\/volcanes.net\/\",\"logo\":{\"@type\":\"ImageObject\",\"inLanguage\":\"es\",\"@id\":\"https:\/\/volcanes.net\/#\/schema\/logo\/image\/\",\"url\":\"http:\/\/volcanes.net\/wp-content\/uploads\/2017\/12\/Avatar2.jpg\",\"contentUrl\":\"http:\/\/volcanes.net\/wp-content\/uploads\/2017\/12\/Avatar2.jpg\",\"width\":378,\"height\":378,\"caption\":\"Grupo Volcanes\"},\"image\":{\"@id\":\"https:\/\/volcanes.net\/#\/schema\/logo\/image\/\"},\"sameAs\":[\"https:\/\/www.facebook.com\/volcanes.net\/\"]},{\"@type\":\"Person\",\"@id\":\"https:\/\/volcanes.net\/#\/schema\/person\/4bf0f383940966a4abd53f5048c0e6b9\",\"name\":\"admin\",\"image\":{\"@type\":\"ImageObject\",\"inLanguage\":\"es\",\"@id\":\"https:\/\/volcanes.net\/#\/schema\/person\/image\/\",\"url\":\"https:\/\/secure.gravatar.com\/avatar\/ca004e6cba8462b8cb7abc86e382930c?s=96&d=mm&r=g\",\"contentUrl\":\"https:\/\/secure.gravatar.com\/avatar\/ca004e6cba8462b8cb7abc86e382930c?s=96&d=mm&r=g\",\"caption\":\"admin\"}}]}<\/script>\n<!-- \/ Yoast SEO plugin. -->","yoast_head_json":{"title":"Se inauguran cisternas, drenajes sanitarios y oficinas - Volcanes","robots":{"index":"index","follow":"follow","max-snippet":"max-snippet:-1","max-image-preview":"max-image-preview:large","max-video-preview":"max-video-preview:-1"},"canonical":"https:\/\/volcanes.net\/?p=6511","og_locale":"es_MX","og_type":"article","og_title":"Se inauguran cisternas, drenajes sanitarios y oficinas - Volcanes","og_description":"En Amecameca inauguran obras por casi 11 millones de pesos Amecameca de Ju\u00e1rez a 21","og_url":"https:\/\/volcanes.net\/?p=6511","og_site_name":"Volcanes","article_publisher":"https:\/\/www.facebook.com\/volcanes.net\/","article_published_time":"2020-02-24T22:58:21+00:00","og_image":[{"width":1280,"height":770,"url":"https:\/\/volcanes.net\/wp-content\/uploads\/2020\/02\/WhatsApp-Image-2020-02-24-at-4.33.45-PM.jpeg","type":"image\/jpeg"}],"author":"admin","twitter_card":"summary_large_image","twitter_misc":{"Escrito por":"admin","Tiempo de lectura":"1 minuto"},"schema":{"@context":"https:\/\/schema.org","@graph":[{"@type":"Article","@id":"https:\/\/volcanes.net\/?p=6511#article","isPartOf":{"@id":"https:\/\/volcanes.net\/?p=6511"},"author":{"name":"admin","@id":"https:\/\/volcanes.net\/#\/schema\/person\/4bf0f383940966a4abd53f5048c0e6b9"},"headline":"Se inauguran cisternas, drenajes sanitarios y oficinas","datePublished":"2020-02-24T22:58:21+00:00","mainEntityOfPage":{"@id":"https:\/\/volcanes.net\/?p=6511"},"wordCount":278,"commentCount":0,"publisher":{"@id":"https:\/\/volcanes.net\/#organization"},"image":{"@id":"https:\/\/volcanes.net\/?p=6511#primaryimage"},"thumbnailUrl":"https:\/\/volcanes.net\/wp-content\/uploads\/2020\/02\/WhatsApp-Image-2020-02-24-at-4.33.45-PM.jpeg","keywords":["Amecameca","GrupoVolcanes","Miguel \u00c1ngel Salom\u00f3n Cort\u00e9s"],"articleSection":["Municipales"],"inLanguage":"es","potentialAction":[{"@type":"CommentAction","name":"Comment","target":["https:\/\/volcanes.net\/?p=6511#respond"]}]},{"@type":"WebPage","@id":"https:\/\/volcanes.net\/?p=6511","url":"https:\/\/volcanes.net\/?p=6511","name":"Se inauguran cisternas, drenajes sanitarios y oficinas - Volcanes","isPartOf":{"@id":"https:\/\/volcanes.net\/#website"},"primaryImageOfPage":{"@id":"https:\/\/volcanes.net\/?p=6511#primaryimage"},"image":{"@id":"https:\/\/volcanes.net\/?p=6511#primaryimage"},"thumbnailUrl":"https:\/\/volcanes.net\/wp-content\/uploads\/2020\/02\/WhatsApp-Image-2020-02-24-at-4.33.45-PM.jpeg","datePublished":"2020-02-24T22:58:21+00:00","breadcrumb":{"@id":"https:\/\/volcanes.net\/?p=6511#breadcrumb"},"inLanguage":"es","potentialAction":[{"@type":"ReadAction","target":["https:\/\/volcanes.net\/?p=6511"]}]},{"@type":"ImageObject","inLanguage":"es","@id":"https:\/\/volcanes.net\/?p=6511#primaryimage","url":"https:\/\/volcanes.net\/wp-content\/uploads\/2020\/02\/WhatsApp-Image-2020-02-24-at-4.33.45-PM.jpeg","contentUrl":"https:\/\/volcanes.net\/wp-content\/uploads\/2020\/02\/WhatsApp-Image-2020-02-24-at-4.33.45-PM.jpeg","width":1280,"height":770},{"@type":"BreadcrumbList","@id":"https:\/\/volcanes.net\/?p=6511#breadcrumb","itemListElement":[{"@type":"ListItem","position":1,"name":"Portada","item":"https:\/\/volcanes.net\/"},{"@type":"ListItem","position":2,"name":"Se inauguran cisternas, drenajes sanitarios y oficinas"}]},{"@type":"WebSite","@id":"https:\/\/volcanes.net\/#website","url":"https:\/\/volcanes.net\/","name":"Volcanes.Net","description":"Periodismo Profesional","publisher":{"@id":"https:\/\/volcanes.net\/#organization"},"potentialAction":[{"@type":"SearchAction","target":{"@type":"EntryPoint","urlTemplate":"https:\/\/volcanes.net\/?s={search_term_string}"},"query-input":{"@type":"PropertyValueSpecification","valueRequired":true,"valueName":"search_term_string"}}],"inLanguage":"es"},{"@type":"Organization","@id":"https:\/\/volcanes.net\/#organization","name":"Grupo Volcanes","url":"https:\/\/volcanes.net\/","logo":{"@type":"ImageObject","inLanguage":"es","@id":"https:\/\/volcanes.net\/#\/schema\/logo\/image\/","url":"http:\/\/volcanes.net\/wp-content\/uploads\/2017\/12\/Avatar2.jpg","contentUrl":"http:\/\/volcanes.net\/wp-content\/uploads\/2017\/12\/Avatar2.jpg","width":378,"height":378,"caption":"Grupo Volcanes"},"image":{"@id":"https:\/\/volcanes.net\/#\/schema\/logo\/image\/"},"sameAs":["https:\/\/www.facebook.com\/volcanes.net\/"]},{"@type":"Person","@id":"https:\/\/volcanes.net\/#\/schema\/person\/4bf0f383940966a4abd53f5048c0e6b9","name":"admin","image":{"@type":"ImageObject","inLanguage":"es","@id":"https:\/\/volcanes.net\/#\/schema\/person\/image\/","url":"https:\/\/secure.gravatar.com\/avatar\/ca004e6cba8462b8cb7abc86e382930c?s=96&d=mm&r=g","contentUrl":"https:\/\/secure.gravatar.com\/avatar\/ca004e6cba8462b8cb7abc86e382930c?s=96&d=mm&r=g","caption":"admin"}}]}},"_links":{"self":[{"href":"https:\/\/volcanes.net\/index.php?rest_route=\/wp\/v2\/posts\/6511"}],"collection":[{"href":"https:\/\/volcanes.net\/index.php?rest_route=\/wp\/v2\/posts"}],"about":[{"href":"https:\/\/volcanes.net\/index.php?rest_route=\/wp\/v2\/types\/post"}],"author":[{"embeddable":true,"href":"https:\/\/volcanes.net\/index.php?rest_route=\/wp\/v2\/users\/1"}],"replies":[{"embeddable":true,"href":"https:\/\/volcanes.net\/index.php?rest_route=%2Fwp%2Fv2%2Fcomments&post=6511"}],"version-history":[{"count":1,"href":"https:\/\/volcanes.net\/index.php?rest_route=\/wp\/v2\/posts\/6511\/revisions"}],"predecessor-version":[{"id":6513,"href":"https:\/\/volcanes.net\/index.php?rest_route=\/wp\/v2\/posts\/6511\/revisions\/6513"}],"wp:featuredmedia":[{"embeddable":true,"href":"https:\/\/volcanes.net\/index.php?rest_route=\/wp\/v2\/media\/6512"}],"wp:attachment":[{"href":"https:\/\/volcanes.net\/index.php?rest_route=%2Fwp%2Fv2%2Fmedia&parent=6511"}],"wp:term":[{"taxonomy":"category","embeddable":true,"href":"https:\/\/volcanes.net\/index.php?rest_route=%2Fwp%2Fv2%2Fcategories&post=6511"},{"taxonomy":"post_tag","embeddable":true,"href":"https:\/\/volcanes.net\/index.php?rest_route=%2Fwp%2Fv2%2Ftags&post=6511"}],"curies":[{"name":"wp","href":"https:\/\/api.w.org\/{rel}","templated":true}]}}