{"id":6527,"date":"2020-02-28T10:54:30","date_gmt":"2020-02-28T16:54:30","guid":{"rendered":"http:\/\/volcanes.net\/?p=6527"},"modified":"2020-02-28T10:54:30","modified_gmt":"2020-02-28T16:54:30","slug":"lerdo-gobierno-de-cocotitlan-atenta-contra-la-libertad-de-expresion","status":"publish","type":"post","link":"https:\/\/volcanes.net\/?p=6527","title":{"rendered":"Lerdo gobierno de #Cocotitl\u00e1n atenta contra la libertad de expresi\u00f3n"},"content":{"rendered":"<div style=\"margin-top: 0px; margin-bottom: 0px;\" class=\"sharethis-inline-share-buttons\" ><\/div><p>Cocotitl\u00e1n, Estado de M\u00e9xico.- El gobierno municipal de Cocotitl\u00e1n no permiti\u00f3 el acceso a la prensa esta ma\u00f1ana a un cabildo abierto que se realizar\u00eda para tratar el asunto del cierre de la mina Santa Mar\u00eda Atoyac.<\/p>\n<p>Ayer a trav\u00e9s de un escueto bolet\u00edn de prensa\u00a0 el gobierno municipal que encabeza, Tom\u00e1s Su\u00e1rez Ju\u00e1rez informaba que ha solicitado el cierre desde el a\u00f1o 2016\u00a0 sin embargo aclara que hasta &#8220;hoy fue posible la entrega de documentaci\u00f3n tangible&#8221;.<\/p>\n<p>Dicho de otro modo, desde el 2016 el alcalde solamente ha hecho politiquer\u00eda barata con este asunto, pues luego de 4 a\u00f1os, apenas entreg\u00f3 la documentaci\u00f3n para solicitar el Cierre definitivo de la mina &#8220;Santa Mar\u00eda Atoyac&#8221;<\/p>\n<p>A pesar de ser un cabildo abierto y que el tema principal ser\u00eda de inter\u00e9s p\u00fablico, el alcalde pidi\u00f3 la intervenci\u00f3n de la fuerza p\u00fablica para desalojar a la prensa que se daba cita para obtener informaci\u00f3n sobre este asunto que aqueja la poblaci\u00f3n.<\/p>\n<p>Vecinos de este municipio, denunciaron que el alcalde, Tom\u00e1s Su\u00e1rez, solamente alza la voz en este tema, cuando deja de recibir d\u00e1divas por parte de la empresa, que opera la mina.<\/p>\n","protected":false},"excerpt":{"rendered":"<p>Cocotitl\u00e1n, Estado de M\u00e9xico.- El gobierno municipal de Cocotitl\u00e1n no permiti\u00f3 el acceso a la<\/p>\n","protected":false},"author":1,"featured_media":6528,"comment_status":"open","ping_status":"open","sticky":false,"template":"","format":"standard","meta":{"footnotes":""},"categories":[1],"tags":[13,265,290],"class_list":["post-6527","post","type-post","status-publish","format-standard","has-post-thumbnail","hentry","category-municipales","tag-cocotitlan","tag-grupovolcanes","tag-tomas-suarez-juarez"],"yoast_head":"<!-- This site is optimized with the Yoast SEO plugin v25.3 - https:\/\/yoast.com\/wordpress\/plugins\/seo\/ -->\n<title>Lerdo gobierno de #Cocotitl\u00e1n atenta contra la libertad de expresi\u00f3n - Volcanes<\/title>\n<meta name=\"robots\" content=\"index, follow, max-snippet:-1, max-image-preview:large, max-video-preview:-1\" \/>\n<link rel=\"canonical\" href=\"https:\/\/volcanes.net\/?p=6527\" \/>\n<meta property=\"og:locale\" content=\"es_MX\" \/>\n<meta property=\"og:type\" content=\"article\" \/>\n<meta property=\"og:title\" content=\"Lerdo gobierno de #Cocotitl\u00e1n atenta contra la libertad de expresi\u00f3n - Volcanes\" \/>\n<meta property=\"og:description\" content=\"Cocotitl\u00e1n, Estado de M\u00e9xico.- El gobierno municipal de Cocotitl\u00e1n no permiti\u00f3 el acceso a la\" \/>\n<meta property=\"og:url\" content=\"https:\/\/volcanes.net\/?p=6527\" \/>\n<meta property=\"og:site_name\" content=\"Volcanes\" \/>\n<meta property=\"article:publisher\" content=\"https:\/\/www.facebook.com\/volcanes.net\/\" \/>\n<meta property=\"article:published_time\" content=\"2020-02-28T16:54:30+00:00\" \/>\n<meta property=\"og:image\" content=\"https:\/\/volcanes.net\/wp-content\/uploads\/2020\/02\/WhatsApp-Image-2020-02-28-at-10.17.29-AM.jpeg\" \/>\n\t<meta property=\"og:image:width\" content=\"482\" \/>\n\t<meta property=\"og:image:height\" content=\"352\" \/>\n\t<meta property=\"og:image:type\" content=\"image\/jpeg\" \/>\n<meta name=\"author\" content=\"admin\" \/>\n<meta name=\"twitter:card\" content=\"summary_large_image\" \/>\n<meta name=\"twitter:label1\" content=\"Escrito por\" \/>\n\t<meta name=\"twitter:data1\" content=\"admin\" \/>\n\t<meta name=\"twitter:label2\" content=\"Tiempo de lectura\" \/>\n\t<meta name=\"twitter:data2\" content=\"1 minuto\" \/>\n<script type=\"application\/ld+json\" class=\"yoast-schema-graph\">{\"@context\":\"https:\/\/schema.org\",\"@graph\":[{\"@type\":\"Article\",\"@id\":\"https:\/\/volcanes.net\/?p=6527#article\",\"isPartOf\":{\"@id\":\"https:\/\/volcanes.net\/?p=6527\"},\"author\":{\"name\":\"admin\",\"@id\":\"https:\/\/volcanes.net\/#\/schema\/person\/4bf0f383940966a4abd53f5048c0e6b9\"},\"headline\":\"Lerdo gobierno de #Cocotitl\u00e1n atenta contra la libertad de expresi\u00f3n\",\"datePublished\":\"2020-02-28T16:54:30+00:00\",\"mainEntityOfPage\":{\"@id\":\"https:\/\/volcanes.net\/?p=6527\"},\"wordCount\":226,\"commentCount\":0,\"publisher\":{\"@id\":\"https:\/\/volcanes.net\/#organization\"},\"image\":{\"@id\":\"https:\/\/volcanes.net\/?p=6527#primaryimage\"},\"thumbnailUrl\":\"https:\/\/volcanes.net\/wp-content\/uploads\/2020\/02\/WhatsApp-Image-2020-02-28-at-10.17.29-AM.jpeg\",\"keywords\":[\"Cocotitl\u00e1n\",\"GrupoVolcanes\",\"Tom\u00e1s Su\u00e1rez Ju\u00e1rez\"],\"articleSection\":[\"Municipales\"],\"inLanguage\":\"es\",\"potentialAction\":[{\"@type\":\"CommentAction\",\"name\":\"Comment\",\"target\":[\"https:\/\/volcanes.net\/?p=6527#respond\"]}]},{\"@type\":\"WebPage\",\"@id\":\"https:\/\/volcanes.net\/?p=6527\",\"url\":\"https:\/\/volcanes.net\/?p=6527\",\"name\":\"Lerdo gobierno de #Cocotitl\u00e1n atenta contra la libertad de expresi\u00f3n - Volcanes\",\"isPartOf\":{\"@id\":\"https:\/\/volcanes.net\/#website\"},\"primaryImageOfPage\":{\"@id\":\"https:\/\/volcanes.net\/?p=6527#primaryimage\"},\"image\":{\"@id\":\"https:\/\/volcanes.net\/?p=6527#primaryimage\"},\"thumbnailUrl\":\"https:\/\/volcanes.net\/wp-content\/uploads\/2020\/02\/WhatsApp-Image-2020-02-28-at-10.17.29-AM.jpeg\",\"datePublished\":\"2020-02-28T16:54:30+00:00\",\"breadcrumb\":{\"@id\":\"https:\/\/volcanes.net\/?p=6527#breadcrumb\"},\"inLanguage\":\"es\",\"potentialAction\":[{\"@type\":\"ReadAction\",\"target\":[\"https:\/\/volcanes.net\/?p=6527\"]}]},{\"@type\":\"ImageObject\",\"inLanguage\":\"es\",\"@id\":\"https:\/\/volcanes.net\/?p=6527#primaryimage\",\"url\":\"https:\/\/volcanes.net\/wp-content\/uploads\/2020\/02\/WhatsApp-Image-2020-02-28-at-10.17.29-AM.jpeg\",\"contentUrl\":\"https:\/\/volcanes.net\/wp-content\/uploads\/2020\/02\/WhatsApp-Image-2020-02-28-at-10.17.29-AM.jpeg\",\"width\":482,\"height\":352},{\"@type\":\"BreadcrumbList\",\"@id\":\"https:\/\/volcanes.net\/?p=6527#breadcrumb\",\"itemListElement\":[{\"@type\":\"ListItem\",\"position\":1,\"name\":\"Portada\",\"item\":\"https:\/\/volcanes.net\/\"},{\"@type\":\"ListItem\",\"position\":2,\"name\":\"Lerdo gobierno de #Cocotitl\u00e1n atenta contra la libertad de expresi\u00f3n\"}]},{\"@type\":\"WebSite\",\"@id\":\"https:\/\/volcanes.net\/#website\",\"url\":\"https:\/\/volcanes.net\/\",\"name\":\"Volcanes.Net\",\"description\":\"Periodismo Profesional\",\"publisher\":{\"@id\":\"https:\/\/volcanes.net\/#organization\"},\"potentialAction\":[{\"@type\":\"SearchAction\",\"target\":{\"@type\":\"EntryPoint\",\"urlTemplate\":\"https:\/\/volcanes.net\/?s={search_term_string}\"},\"query-input\":{\"@type\":\"PropertyValueSpecification\",\"valueRequired\":true,\"valueName\":\"search_term_string\"}}],\"inLanguage\":\"es\"},{\"@type\":\"Organization\",\"@id\":\"https:\/\/volcanes.net\/#organization\",\"name\":\"Grupo Volcanes\",\"url\":\"https:\/\/volcanes.net\/\",\"logo\":{\"@type\":\"ImageObject\",\"inLanguage\":\"es\",\"@id\":\"https:\/\/volcanes.net\/#\/schema\/logo\/image\/\",\"url\":\"http:\/\/volcanes.net\/wp-content\/uploads\/2017\/12\/Avatar2.jpg\",\"contentUrl\":\"http:\/\/volcanes.net\/wp-content\/uploads\/2017\/12\/Avatar2.jpg\",\"width\":378,\"height\":378,\"caption\":\"Grupo Volcanes\"},\"image\":{\"@id\":\"https:\/\/volcanes.net\/#\/schema\/logo\/image\/\"},\"sameAs\":[\"https:\/\/www.facebook.com\/volcanes.net\/\"]},{\"@type\":\"Person\",\"@id\":\"https:\/\/volcanes.net\/#\/schema\/person\/4bf0f383940966a4abd53f5048c0e6b9\",\"name\":\"admin\",\"image\":{\"@type\":\"ImageObject\",\"inLanguage\":\"es\",\"@id\":\"https:\/\/volcanes.net\/#\/schema\/person\/image\/\",\"url\":\"https:\/\/secure.gravatar.com\/avatar\/ca004e6cba8462b8cb7abc86e382930c?s=96&d=mm&r=g\",\"contentUrl\":\"https:\/\/secure.gravatar.com\/avatar\/ca004e6cba8462b8cb7abc86e382930c?s=96&d=mm&r=g\",\"caption\":\"admin\"}}]}<\/script>\n<!-- \/ Yoast SEO plugin. -->","yoast_head_json":{"title":"Lerdo gobierno de #Cocotitl\u00e1n atenta contra la libertad de expresi\u00f3n - Volcanes","robots":{"index":"index","follow":"follow","max-snippet":"max-snippet:-1","max-image-preview":"max-image-preview:large","max-video-preview":"max-video-preview:-1"},"canonical":"https:\/\/volcanes.net\/?p=6527","og_locale":"es_MX","og_type":"article","og_title":"Lerdo gobierno de #Cocotitl\u00e1n atenta contra la libertad de expresi\u00f3n - Volcanes","og_description":"Cocotitl\u00e1n, Estado de M\u00e9xico.- El gobierno municipal de Cocotitl\u00e1n no permiti\u00f3 el acceso a la","og_url":"https:\/\/volcanes.net\/?p=6527","og_site_name":"Volcanes","article_publisher":"https:\/\/www.facebook.com\/volcanes.net\/","article_published_time":"2020-02-28T16:54:30+00:00","og_image":[{"width":482,"height":352,"url":"https:\/\/volcanes.net\/wp-content\/uploads\/2020\/02\/WhatsApp-Image-2020-02-28-at-10.17.29-AM.jpeg","type":"image\/jpeg"}],"author":"admin","twitter_card":"summary_large_image","twitter_misc":{"Escrito por":"admin","Tiempo de lectura":"1 minuto"},"schema":{"@context":"https:\/\/schema.org","@graph":[{"@type":"Article","@id":"https:\/\/volcanes.net\/?p=6527#article","isPartOf":{"@id":"https:\/\/volcanes.net\/?p=6527"},"author":{"name":"admin","@id":"https:\/\/volcanes.net\/#\/schema\/person\/4bf0f383940966a4abd53f5048c0e6b9"},"headline":"Lerdo gobierno de #Cocotitl\u00e1n atenta contra la libertad de expresi\u00f3n","datePublished":"2020-02-28T16:54:30+00:00","mainEntityOfPage":{"@id":"https:\/\/volcanes.net\/?p=6527"},"wordCount":226,"commentCount":0,"publisher":{"@id":"https:\/\/volcanes.net\/#organization"},"image":{"@id":"https:\/\/volcanes.net\/?p=6527#primaryimage"},"thumbnailUrl":"https:\/\/volcanes.net\/wp-content\/uploads\/2020\/02\/WhatsApp-Image-2020-02-28-at-10.17.29-AM.jpeg","keywords":["Cocotitl\u00e1n","GrupoVolcanes","Tom\u00e1s Su\u00e1rez Ju\u00e1rez"],"articleSection":["Municipales"],"inLanguage":"es","potentialAction":[{"@type":"CommentAction","name":"Comment","target":["https:\/\/volcanes.net\/?p=6527#respond"]}]},{"@type":"WebPage","@id":"https:\/\/volcanes.net\/?p=6527","url":"https:\/\/volcanes.net\/?p=6527","name":"Lerdo gobierno de #Cocotitl\u00e1n atenta contra la libertad de expresi\u00f3n - Volcanes","isPartOf":{"@id":"https:\/\/volcanes.net\/#website"},"primaryImageOfPage":{"@id":"https:\/\/volcanes.net\/?p=6527#primaryimage"},"image":{"@id":"https:\/\/volcanes.net\/?p=6527#primaryimage"},"thumbnailUrl":"https:\/\/volcanes.net\/wp-content\/uploads\/2020\/02\/WhatsApp-Image-2020-02-28-at-10.17.29-AM.jpeg","datePublished":"2020-02-28T16:54:30+00:00","breadcrumb":{"@id":"https:\/\/volcanes.net\/?p=6527#breadcrumb"},"inLanguage":"es","potentialAction":[{"@type":"ReadAction","target":["https:\/\/volcanes.net\/?p=6527"]}]},{"@type":"ImageObject","inLanguage":"es","@id":"https:\/\/volcanes.net\/?p=6527#primaryimage","url":"https:\/\/volcanes.net\/wp-content\/uploads\/2020\/02\/WhatsApp-Image-2020-02-28-at-10.17.29-AM.jpeg","contentUrl":"https:\/\/volcanes.net\/wp-content\/uploads\/2020\/02\/WhatsApp-Image-2020-02-28-at-10.17.29-AM.jpeg","width":482,"height":352},{"@type":"BreadcrumbList","@id":"https:\/\/volcanes.net\/?p=6527#breadcrumb","itemListElement":[{"@type":"ListItem","position":1,"name":"Portada","item":"https:\/\/volcanes.net\/"},{"@type":"ListItem","position":2,"name":"Lerdo gobierno de #Cocotitl\u00e1n atenta contra la libertad de expresi\u00f3n"}]},{"@type":"WebSite","@id":"https:\/\/volcanes.net\/#website","url":"https:\/\/volcanes.net\/","name":"Volcanes.Net","description":"Periodismo Profesional","publisher":{"@id":"https:\/\/volcanes.net\/#organization"},"potentialAction":[{"@type":"SearchAction","target":{"@type":"EntryPoint","urlTemplate":"https:\/\/volcanes.net\/?s={search_term_string}"},"query-input":{"@type":"PropertyValueSpecification","valueRequired":true,"valueName":"search_term_string"}}],"inLanguage":"es"},{"@type":"Organization","@id":"https:\/\/volcanes.net\/#organization","name":"Grupo Volcanes","url":"https:\/\/volcanes.net\/","logo":{"@type":"ImageObject","inLanguage":"es","@id":"https:\/\/volcanes.net\/#\/schema\/logo\/image\/","url":"http:\/\/volcanes.net\/wp-content\/uploads\/2017\/12\/Avatar2.jpg","contentUrl":"http:\/\/volcanes.net\/wp-content\/uploads\/2017\/12\/Avatar2.jpg","width":378,"height":378,"caption":"Grupo Volcanes"},"image":{"@id":"https:\/\/volcanes.net\/#\/schema\/logo\/image\/"},"sameAs":["https:\/\/www.facebook.com\/volcanes.net\/"]},{"@type":"Person","@id":"https:\/\/volcanes.net\/#\/schema\/person\/4bf0f383940966a4abd53f5048c0e6b9","name":"admin","image":{"@type":"ImageObject","inLanguage":"es","@id":"https:\/\/volcanes.net\/#\/schema\/person\/image\/","url":"https:\/\/secure.gravatar.com\/avatar\/ca004e6cba8462b8cb7abc86e382930c?s=96&d=mm&r=g","contentUrl":"https:\/\/secure.gravatar.com\/avatar\/ca004e6cba8462b8cb7abc86e382930c?s=96&d=mm&r=g","caption":"admin"}}]}},"_links":{"self":[{"href":"https:\/\/volcanes.net\/index.php?rest_route=\/wp\/v2\/posts\/6527"}],"collection":[{"href":"https:\/\/volcanes.net\/index.php?rest_route=\/wp\/v2\/posts"}],"about":[{"href":"https:\/\/volcanes.net\/index.php?rest_route=\/wp\/v2\/types\/post"}],"author":[{"embeddable":true,"href":"https:\/\/volcanes.net\/index.php?rest_route=\/wp\/v2\/users\/1"}],"replies":[{"embeddable":true,"href":"https:\/\/volcanes.net\/index.php?rest_route=%2Fwp%2Fv2%2Fcomments&post=6527"}],"version-history":[{"count":1,"href":"https:\/\/volcanes.net\/index.php?rest_route=\/wp\/v2\/posts\/6527\/revisions"}],"predecessor-version":[{"id":6529,"href":"https:\/\/volcanes.net\/index.php?rest_route=\/wp\/v2\/posts\/6527\/revisions\/6529"}],"wp:featuredmedia":[{"embeddable":true,"href":"https:\/\/volcanes.net\/index.php?rest_route=\/wp\/v2\/media\/6528"}],"wp:attachment":[{"href":"https:\/\/volcanes.net\/index.php?rest_route=%2Fwp%2Fv2%2Fmedia&parent=6527"}],"wp:term":[{"taxonomy":"category","embeddable":true,"href":"https:\/\/volcanes.net\/index.php?rest_route=%2Fwp%2Fv2%2Fcategories&post=6527"},{"taxonomy":"post_tag","embeddable":true,"href":"https:\/\/volcanes.net\/index.php?rest_route=%2Fwp%2Fv2%2Ftags&post=6527"}],"curies":[{"name":"wp","href":"https:\/\/api.w.org\/{rel}","templated":true}]}}