{"id":6554,"date":"2020-03-07T23:01:10","date_gmt":"2020-03-08T05:01:10","guid":{"rendered":"http:\/\/volcanes.net\/?p=6554"},"modified":"2020-03-07T23:01:10","modified_gmt":"2020-03-08T05:01:10","slug":"en-el-tema-de-ecologia-la-clave-es-concientizar-a-la-ciudadania-armando-reyes-regalado","status":"publish","type":"post","link":"https:\/\/volcanes.net\/?p=6554","title":{"rendered":"En el tema de ecolog\u00eda la clave es concientizar a la ciudadan\u00eda: Armando Reyes Regalado"},"content":{"rendered":"<div style=\"margin-top: 0px; margin-bottom: 0px;\" class=\"sharethis-inline-share-buttons\" ><\/div><p>\u25aaSe Requieren Jornadas De Reforestaci\u00f3n D\u00e9 Calidad Y No De Cantidad<br \/>\n\u25aaInvita A Que Participen Los Habitantes En Los Proyectos Ecol\u00f3gicos Que Ser\u00e1n Permanentes<\/p>\n<p>Durante la entrevista concedida a este medio de comunicaci\u00f3n, el 13avo regidor Armando Reyes Regalado del municipio de Valle de Chalco Solidaridad, con la Comisi\u00f3n de Ecolog\u00eda, revel\u00f3 que fue todo un \u00e9xito la campa\u00f1a de captaci\u00f3n de \u00e1rboles de Navidad que s\u00e9 implement\u00f3 a principios de a\u00f1o, dijo que afortunadamente las personas cada d\u00eda est\u00e1n tomando conciencia que el tema de Ecolog\u00eda no es una moda, sino una necesidad en nuestros d\u00edas.<br \/>\nLlevamos a varias personas directamente al vivero municipal para que vieran el procedimiento para hacer de su arbolito de Navidad, en composta que nuevamente ser\u00e1 ocupada para abonar diferentes tipos de \u00e1rboles y plantas de ornato.<br \/>\nDe igual manera dijo en el interior de su oficina ubicada en el Palacio Municipal, que los planes, programas y proyectos encaminados en la cuesti\u00f3n Ecol\u00f3gica, ser\u00e1n permanentes, afirm\u00f3 que es much\u00edsimo mejor unas jornadas de reforestaci\u00f3n de calidad y no de cantidad, porque de esa forma se le da un seguimiento a cada \u00e1rbol sembrado y afortunadamente de los que sembraron el a\u00f1o pasado aproximadamente un 85% se logr\u00f3, pes\u00e9 al clima y algunos otros factores.<\/p>\n<p>Indic\u00f3 que seguir\u00e1n dando pl\u00e1ticas y asesor\u00edas en las escuelas; Es muy gratificante ver c\u00f3mo muchos ni\u00f1os preocupados por el medio ambiente, ponen mucho de su parte y nos consta que incluso no tiran nada de basura, al contrario llevan bolsitas o morralitos donde juntan botellas de PET.<br \/>\nFinalmente pide a toda la poblaci\u00f3n en general que todos podemos poner de nuestra parte para ayudar a nuestro deteriorado medio ambiente, ya que al salir de casa no nos cuesta nada desconectar los aparatos electrodom\u00e9sticos, televisores, computadoras y lo que no se ocup\u00e9, asimismo muy importante cuidar el agua, porque el vital l\u00edquido cada vez s\u00e9 est\u00e1 escaseando m\u00e1s y que futuro les espera a nuestros hijos y a las pr\u00f3ximas generaciones.<\/p>\n<p>&nbsp;<\/p>\n<p>&nbsp;<\/p>\n","protected":false},"excerpt":{"rendered":"<p>\u25aaSe Requieren Jornadas De Reforestaci\u00f3n D\u00e9 Calidad Y No De Cantidad \u25aaInvita A Que Participen<\/p>\n","protected":false},"author":1,"featured_media":6555,"comment_status":"open","ping_status":"open","sticky":false,"template":"","format":"standard","meta":{"footnotes":""},"categories":[1],"tags":[5],"class_list":["post-6554","post","type-post","status-publish","format-standard","has-post-thumbnail","hentry","category-municipales","tag-valle-de-chalco","has-post-video"],"yoast_head":"<!-- This site is optimized with the Yoast SEO plugin v25.3 - https:\/\/yoast.com\/wordpress\/plugins\/seo\/ -->\n<title>En el tema de ecolog\u00eda la clave es concientizar a la ciudadan\u00eda: Armando Reyes Regalado - Volcanes<\/title>\n<meta name=\"robots\" content=\"index, follow, max-snippet:-1, max-image-preview:large, max-video-preview:-1\" \/>\n<link rel=\"canonical\" href=\"https:\/\/volcanes.net\/?p=6554\" \/>\n<meta property=\"og:locale\" content=\"es_MX\" \/>\n<meta property=\"og:type\" content=\"article\" \/>\n<meta property=\"og:title\" content=\"En el tema de ecolog\u00eda la clave es concientizar a la ciudadan\u00eda: Armando Reyes Regalado - Volcanes\" \/>\n<meta property=\"og:description\" content=\"\u25aaSe Requieren Jornadas De Reforestaci\u00f3n D\u00e9 Calidad Y No De Cantidad \u25aaInvita A Que Participen\" \/>\n<meta property=\"og:url\" content=\"https:\/\/volcanes.net\/?p=6554\" \/>\n<meta property=\"og:site_name\" content=\"Volcanes\" \/>\n<meta property=\"article:publisher\" content=\"https:\/\/www.facebook.com\/volcanes.net\/\" \/>\n<meta property=\"article:published_time\" content=\"2020-03-08T05:01:10+00:00\" \/>\n<meta property=\"og:image\" content=\"https:\/\/volcanes.net\/wp-content\/uploads\/2020\/03\/WhatsApp-Image-2020-03-07-at-10.03.09-PM.jpeg\" \/>\n\t<meta property=\"og:image:width\" content=\"1216\" \/>\n\t<meta property=\"og:image:height\" content=\"684\" \/>\n\t<meta property=\"og:image:type\" content=\"image\/jpeg\" \/>\n<meta name=\"author\" content=\"admin\" \/>\n<meta name=\"twitter:card\" content=\"summary_large_image\" \/>\n<meta name=\"twitter:label1\" content=\"Escrito por\" \/>\n\t<meta name=\"twitter:data1\" content=\"admin\" \/>\n\t<meta name=\"twitter:label2\" content=\"Tiempo de lectura\" \/>\n\t<meta name=\"twitter:data2\" content=\"2 minutos\" \/>\n<script type=\"application\/ld+json\" class=\"yoast-schema-graph\">{\"@context\":\"https:\/\/schema.org\",\"@graph\":[{\"@type\":\"Article\",\"@id\":\"https:\/\/volcanes.net\/?p=6554#article\",\"isPartOf\":{\"@id\":\"https:\/\/volcanes.net\/?p=6554\"},\"author\":{\"name\":\"admin\",\"@id\":\"https:\/\/volcanes.net\/#\/schema\/person\/4bf0f383940966a4abd53f5048c0e6b9\"},\"headline\":\"En el tema de ecolog\u00eda la clave es concientizar a la ciudadan\u00eda: Armando Reyes Regalado\",\"datePublished\":\"2020-03-08T05:01:10+00:00\",\"mainEntityOfPage\":{\"@id\":\"https:\/\/volcanes.net\/?p=6554\"},\"wordCount\":378,\"commentCount\":0,\"publisher\":{\"@id\":\"https:\/\/volcanes.net\/#organization\"},\"image\":{\"@id\":\"https:\/\/volcanes.net\/?p=6554#primaryimage\"},\"thumbnailUrl\":\"https:\/\/volcanes.net\/wp-content\/uploads\/2020\/03\/WhatsApp-Image-2020-03-07-at-10.03.09-PM.jpeg\",\"keywords\":[\"Valle de Chalco\"],\"articleSection\":[\"Municipales\"],\"inLanguage\":\"es\",\"potentialAction\":[{\"@type\":\"CommentAction\",\"name\":\"Comment\",\"target\":[\"https:\/\/volcanes.net\/?p=6554#respond\"]}]},{\"@type\":\"WebPage\",\"@id\":\"https:\/\/volcanes.net\/?p=6554\",\"url\":\"https:\/\/volcanes.net\/?p=6554\",\"name\":\"En el tema de ecolog\u00eda la clave es concientizar a la ciudadan\u00eda: Armando Reyes Regalado - Volcanes\",\"isPartOf\":{\"@id\":\"https:\/\/volcanes.net\/#website\"},\"primaryImageOfPage\":{\"@id\":\"https:\/\/volcanes.net\/?p=6554#primaryimage\"},\"image\":{\"@id\":\"https:\/\/volcanes.net\/?p=6554#primaryimage\"},\"thumbnailUrl\":\"https:\/\/volcanes.net\/wp-content\/uploads\/2020\/03\/WhatsApp-Image-2020-03-07-at-10.03.09-PM.jpeg\",\"datePublished\":\"2020-03-08T05:01:10+00:00\",\"breadcrumb\":{\"@id\":\"https:\/\/volcanes.net\/?p=6554#breadcrumb\"},\"inLanguage\":\"es\",\"potentialAction\":[{\"@type\":\"ReadAction\",\"target\":[\"https:\/\/volcanes.net\/?p=6554\"]}]},{\"@type\":\"ImageObject\",\"inLanguage\":\"es\",\"@id\":\"https:\/\/volcanes.net\/?p=6554#primaryimage\",\"url\":\"https:\/\/volcanes.net\/wp-content\/uploads\/2020\/03\/WhatsApp-Image-2020-03-07-at-10.03.09-PM.jpeg\",\"contentUrl\":\"https:\/\/volcanes.net\/wp-content\/uploads\/2020\/03\/WhatsApp-Image-2020-03-07-at-10.03.09-PM.jpeg\",\"width\":1216,\"height\":684},{\"@type\":\"BreadcrumbList\",\"@id\":\"https:\/\/volcanes.net\/?p=6554#breadcrumb\",\"itemListElement\":[{\"@type\":\"ListItem\",\"position\":1,\"name\":\"Portada\",\"item\":\"https:\/\/volcanes.net\/\"},{\"@type\":\"ListItem\",\"position\":2,\"name\":\"En el tema de ecolog\u00eda la clave es concientizar a la ciudadan\u00eda: Armando Reyes Regalado\"}]},{\"@type\":\"WebSite\",\"@id\":\"https:\/\/volcanes.net\/#website\",\"url\":\"https:\/\/volcanes.net\/\",\"name\":\"Volcanes.Net\",\"description\":\"Periodismo Profesional\",\"publisher\":{\"@id\":\"https:\/\/volcanes.net\/#organization\"},\"potentialAction\":[{\"@type\":\"SearchAction\",\"target\":{\"@type\":\"EntryPoint\",\"urlTemplate\":\"https:\/\/volcanes.net\/?s={search_term_string}\"},\"query-input\":{\"@type\":\"PropertyValueSpecification\",\"valueRequired\":true,\"valueName\":\"search_term_string\"}}],\"inLanguage\":\"es\"},{\"@type\":\"Organization\",\"@id\":\"https:\/\/volcanes.net\/#organization\",\"name\":\"Grupo Volcanes\",\"url\":\"https:\/\/volcanes.net\/\",\"logo\":{\"@type\":\"ImageObject\",\"inLanguage\":\"es\",\"@id\":\"https:\/\/volcanes.net\/#\/schema\/logo\/image\/\",\"url\":\"http:\/\/volcanes.net\/wp-content\/uploads\/2017\/12\/Avatar2.jpg\",\"contentUrl\":\"http:\/\/volcanes.net\/wp-content\/uploads\/2017\/12\/Avatar2.jpg\",\"width\":378,\"height\":378,\"caption\":\"Grupo Volcanes\"},\"image\":{\"@id\":\"https:\/\/volcanes.net\/#\/schema\/logo\/image\/\"},\"sameAs\":[\"https:\/\/www.facebook.com\/volcanes.net\/\"]},{\"@type\":\"Person\",\"@id\":\"https:\/\/volcanes.net\/#\/schema\/person\/4bf0f383940966a4abd53f5048c0e6b9\",\"name\":\"admin\",\"image\":{\"@type\":\"ImageObject\",\"inLanguage\":\"es\",\"@id\":\"https:\/\/volcanes.net\/#\/schema\/person\/image\/\",\"url\":\"https:\/\/secure.gravatar.com\/avatar\/ca004e6cba8462b8cb7abc86e382930c?s=96&d=mm&r=g\",\"contentUrl\":\"https:\/\/secure.gravatar.com\/avatar\/ca004e6cba8462b8cb7abc86e382930c?s=96&d=mm&r=g\",\"caption\":\"admin\"}}]}<\/script>\n<!-- \/ Yoast SEO plugin. -->","yoast_head_json":{"title":"En el tema de ecolog\u00eda la clave es concientizar a la ciudadan\u00eda: Armando Reyes Regalado - Volcanes","robots":{"index":"index","follow":"follow","max-snippet":"max-snippet:-1","max-image-preview":"max-image-preview:large","max-video-preview":"max-video-preview:-1"},"canonical":"https:\/\/volcanes.net\/?p=6554","og_locale":"es_MX","og_type":"article","og_title":"En el tema de ecolog\u00eda la clave es concientizar a la ciudadan\u00eda: Armando Reyes Regalado - Volcanes","og_description":"\u25aaSe Requieren Jornadas De Reforestaci\u00f3n D\u00e9 Calidad Y No De Cantidad \u25aaInvita A Que Participen","og_url":"https:\/\/volcanes.net\/?p=6554","og_site_name":"Volcanes","article_publisher":"https:\/\/www.facebook.com\/volcanes.net\/","article_published_time":"2020-03-08T05:01:10+00:00","og_image":[{"width":1216,"height":684,"url":"https:\/\/volcanes.net\/wp-content\/uploads\/2020\/03\/WhatsApp-Image-2020-03-07-at-10.03.09-PM.jpeg","type":"image\/jpeg"}],"author":"admin","twitter_card":"summary_large_image","twitter_misc":{"Escrito por":"admin","Tiempo de lectura":"2 minutos"},"schema":{"@context":"https:\/\/schema.org","@graph":[{"@type":"Article","@id":"https:\/\/volcanes.net\/?p=6554#article","isPartOf":{"@id":"https:\/\/volcanes.net\/?p=6554"},"author":{"name":"admin","@id":"https:\/\/volcanes.net\/#\/schema\/person\/4bf0f383940966a4abd53f5048c0e6b9"},"headline":"En el tema de ecolog\u00eda la clave es concientizar a la ciudadan\u00eda: Armando Reyes Regalado","datePublished":"2020-03-08T05:01:10+00:00","mainEntityOfPage":{"@id":"https:\/\/volcanes.net\/?p=6554"},"wordCount":378,"commentCount":0,"publisher":{"@id":"https:\/\/volcanes.net\/#organization"},"image":{"@id":"https:\/\/volcanes.net\/?p=6554#primaryimage"},"thumbnailUrl":"https:\/\/volcanes.net\/wp-content\/uploads\/2020\/03\/WhatsApp-Image-2020-03-07-at-10.03.09-PM.jpeg","keywords":["Valle de Chalco"],"articleSection":["Municipales"],"inLanguage":"es","potentialAction":[{"@type":"CommentAction","name":"Comment","target":["https:\/\/volcanes.net\/?p=6554#respond"]}]},{"@type":"WebPage","@id":"https:\/\/volcanes.net\/?p=6554","url":"https:\/\/volcanes.net\/?p=6554","name":"En el tema de ecolog\u00eda la clave es concientizar a la ciudadan\u00eda: Armando Reyes Regalado - Volcanes","isPartOf":{"@id":"https:\/\/volcanes.net\/#website"},"primaryImageOfPage":{"@id":"https:\/\/volcanes.net\/?p=6554#primaryimage"},"image":{"@id":"https:\/\/volcanes.net\/?p=6554#primaryimage"},"thumbnailUrl":"https:\/\/volcanes.net\/wp-content\/uploads\/2020\/03\/WhatsApp-Image-2020-03-07-at-10.03.09-PM.jpeg","datePublished":"2020-03-08T05:01:10+00:00","breadcrumb":{"@id":"https:\/\/volcanes.net\/?p=6554#breadcrumb"},"inLanguage":"es","potentialAction":[{"@type":"ReadAction","target":["https:\/\/volcanes.net\/?p=6554"]}]},{"@type":"ImageObject","inLanguage":"es","@id":"https:\/\/volcanes.net\/?p=6554#primaryimage","url":"https:\/\/volcanes.net\/wp-content\/uploads\/2020\/03\/WhatsApp-Image-2020-03-07-at-10.03.09-PM.jpeg","contentUrl":"https:\/\/volcanes.net\/wp-content\/uploads\/2020\/03\/WhatsApp-Image-2020-03-07-at-10.03.09-PM.jpeg","width":1216,"height":684},{"@type":"BreadcrumbList","@id":"https:\/\/volcanes.net\/?p=6554#breadcrumb","itemListElement":[{"@type":"ListItem","position":1,"name":"Portada","item":"https:\/\/volcanes.net\/"},{"@type":"ListItem","position":2,"name":"En el tema de ecolog\u00eda la clave es concientizar a la ciudadan\u00eda: Armando Reyes Regalado"}]},{"@type":"WebSite","@id":"https:\/\/volcanes.net\/#website","url":"https:\/\/volcanes.net\/","name":"Volcanes.Net","description":"Periodismo Profesional","publisher":{"@id":"https:\/\/volcanes.net\/#organization"},"potentialAction":[{"@type":"SearchAction","target":{"@type":"EntryPoint","urlTemplate":"https:\/\/volcanes.net\/?s={search_term_string}"},"query-input":{"@type":"PropertyValueSpecification","valueRequired":true,"valueName":"search_term_string"}}],"inLanguage":"es"},{"@type":"Organization","@id":"https:\/\/volcanes.net\/#organization","name":"Grupo Volcanes","url":"https:\/\/volcanes.net\/","logo":{"@type":"ImageObject","inLanguage":"es","@id":"https:\/\/volcanes.net\/#\/schema\/logo\/image\/","url":"http:\/\/volcanes.net\/wp-content\/uploads\/2017\/12\/Avatar2.jpg","contentUrl":"http:\/\/volcanes.net\/wp-content\/uploads\/2017\/12\/Avatar2.jpg","width":378,"height":378,"caption":"Grupo Volcanes"},"image":{"@id":"https:\/\/volcanes.net\/#\/schema\/logo\/image\/"},"sameAs":["https:\/\/www.facebook.com\/volcanes.net\/"]},{"@type":"Person","@id":"https:\/\/volcanes.net\/#\/schema\/person\/4bf0f383940966a4abd53f5048c0e6b9","name":"admin","image":{"@type":"ImageObject","inLanguage":"es","@id":"https:\/\/volcanes.net\/#\/schema\/person\/image\/","url":"https:\/\/secure.gravatar.com\/avatar\/ca004e6cba8462b8cb7abc86e382930c?s=96&d=mm&r=g","contentUrl":"https:\/\/secure.gravatar.com\/avatar\/ca004e6cba8462b8cb7abc86e382930c?s=96&d=mm&r=g","caption":"admin"}}]}},"_links":{"self":[{"href":"https:\/\/volcanes.net\/index.php?rest_route=\/wp\/v2\/posts\/6554"}],"collection":[{"href":"https:\/\/volcanes.net\/index.php?rest_route=\/wp\/v2\/posts"}],"about":[{"href":"https:\/\/volcanes.net\/index.php?rest_route=\/wp\/v2\/types\/post"}],"author":[{"embeddable":true,"href":"https:\/\/volcanes.net\/index.php?rest_route=\/wp\/v2\/users\/1"}],"replies":[{"embeddable":true,"href":"https:\/\/volcanes.net\/index.php?rest_route=%2Fwp%2Fv2%2Fcomments&post=6554"}],"version-history":[{"count":1,"href":"https:\/\/volcanes.net\/index.php?rest_route=\/wp\/v2\/posts\/6554\/revisions"}],"predecessor-version":[{"id":6557,"href":"https:\/\/volcanes.net\/index.php?rest_route=\/wp\/v2\/posts\/6554\/revisions\/6557"}],"wp:featuredmedia":[{"embeddable":true,"href":"https:\/\/volcanes.net\/index.php?rest_route=\/wp\/v2\/media\/6555"}],"wp:attachment":[{"href":"https:\/\/volcanes.net\/index.php?rest_route=%2Fwp%2Fv2%2Fmedia&parent=6554"}],"wp:term":[{"taxonomy":"category","embeddable":true,"href":"https:\/\/volcanes.net\/index.php?rest_route=%2Fwp%2Fv2%2Fcategories&post=6554"},{"taxonomy":"post_tag","embeddable":true,"href":"https:\/\/volcanes.net\/index.php?rest_route=%2Fwp%2Fv2%2Ftags&post=6554"}],"curies":[{"name":"wp","href":"https:\/\/api.w.org\/{rel}","templated":true}]}}